{"id":389247,"date":"2026-02-26T11:19:08","date_gmt":"2026-02-26T14:19:08","guid":{"rendered":"https:\/\/portaltela.pt\/noticias\/2026\/02\/26\/pedro-sousa-e-prestianni-comentam-publicacao-contra-lopes-cabral\/"},"modified":"2026-02-26T11:19:08","modified_gmt":"2026-02-26T14:19:08","slug":"pedro-sousa-e-prestianni-comentam-publicacao-contra-lopes-cabral","status":"publish","type":"post","link":"https:\/\/portaltela.pt\/desporto\/futebol\/2026\/02\/26\/pedro-sousa-e-prestianni-comentam-publicacao-contra-lopes-cabral\/","title":{"rendered":"Pedro Sousa e Prestianni comentam publica\u00e7\u00e3o contra Lopes Cabral"},"content":{"rendered":"<p>Pedro Sousa, diretor executivo da CM R\u00e1dio, comentou no programa NOW a pol\u00e9mica envolvendo a rea\u00e7\u00e3o de Prestianni a uma publica\u00e7\u00e3o que visava duramente Lopes Cabral. O espa\u00e7o analisou as consequ\u00eancias desse epis\u00f3dio para o funcionamento do setor e para a rela\u00e7\u00e3o entre as partes.<\/p>\n<p>A publica\u00e7\u00e3o em quest\u00e3o dirigia cr\u00edticas a Lopes Cabral e gerou rea\u00e7\u00e3o entre f\u00e3s e comentadores. Prestianni reagiu publicamente \u00e0 publica\u00e7\u00e3o, num movimento que desencadeou diversas interpreta\u00e7\u00f5es e debates.<\/p>\n<p>Pedro Sousa afirmou que este tipo de intera\u00e7\u00e3o revela tens\u00e3o entre as respetivas institui\u00e7\u00f5es e que \u00e9 necess\u00e1rio interpretar as mensagens com cautela. O dirigente sublinhou a import\u00e2ncia de manter o foco em conte\u00fados informativos, evitando escalada de confrontos.<\/p>\n<h3>Contexto da pol\u00e9mica<\/h3>\n<p>O comentarista e ex-jogador tem sido tema de debates p\u00fablicos desde a publica\u00e7\u00e3o que gerou a rea\u00e7\u00e3o de Prestianni. O epis\u00f3dio envolve entidades ligadas ao Benfica e a rela\u00e7\u00e3o com Lopes Cabral, segundo a leitura de especialistas presentes no programa.<\/p>\n<p>Em conclus\u00e3o, o programa destacou que a situa\u00e7\u00e3o exige apuramento de factos e responsabilidade na comunica\u00e7\u00e3o p\u00fablica, sem emitir julgamentos sobre as partes envolvidas. A cobertura foi orientada pela exig\u00eancia de neutralidade e veracidade.<\/p>\n","protected":false},"excerpt":{"rendered":"<ul>\n<li>Pedro Sousa, diretor executivo da CM R\u00e1dio, comentou a pol\u00e9mica no programa NOW.<\/li>\n<li>A pol\u00e9mica envolve a rea\u00e7\u00e3o de Prestianni numa publica\u00e7\u00e3o que visava Lopes Cabral.<\/li>\n<li>A publica\u00e7\u00e3o em quest\u00e3o foi interpretada como dura em rela\u00e7\u00e3o a Lopes Cabral.<\/li>\n<li>O t\u00edtulo da not\u00edcia faz refer\u00eancia a uma posi\u00e7\u00e3o do Benfica sobre o tema: \u201cBenfica n\u00e3o tem m\u00e3o nele\u201d.<\/li>\n<li>O coment\u00e1rio de Sousa centra-se no contexto da rea\u00e7\u00e3o e no debate gerado.<\/li>\n<\/ul>\n","protected":false},"author":2,"featured_media":389258,"comment_status":"closed","ping_status":"closed","sticky":false,"template":"","format":"standard","meta":{"footnotes":""},"categories":[21,24],"tags":[1946,5534,32,195,2401,3817],"class_list":["post-389247","post","type-post","status-publish","format-standard","has-post-thumbnail","hentry","category-desporto","category-futebol","tag-benfica","tag-comunicacao-publica","tag-futebol","tag-informacao","tag-lopes-cabral","tag-prestianni"],"yoast_head":"<!-- This site is optimized with the Yoast SEO plugin v27.2 - https:\/\/yoast.com\/product\/yoast-seo-wordpress\/ -->\n<title>Pedro Sousa e Prestianni comentam publica\u00e7\u00e3o contra Lopes Cabral - Portal Tela Portugal<\/title>\n<meta name=\"robots\" content=\"index, follow, max-snippet:-1, max-image-preview:large, max-video-preview:-1\" \/>\n<meta property=\"og:locale\" content=\"pt_PT\" \/>\n<meta property=\"og:type\" content=\"article\" \/>\n<meta property=\"og:title\" content=\"Pedro Sousa e Prestianni comentam publica\u00e7\u00e3o contra Lopes Cabral - Portal Tela Portugal\" \/>\n<meta property=\"og:description\" content=\"Pedro Sousa, diretor executivo da CM R\u00e1dio, comentou a pol\u00e9mica no programa NOW. A pol\u00e9mica envolve a rea\u00e7\u00e3o de Prestianni numa publica\u00e7\u00e3o que visava Lopes Cabral. A publica\u00e7\u00e3o em quest\u00e3o foi interpretada como dura em rela\u00e7\u00e3o a Lopes Cabral. O t\u00edtulo da not\u00edcia faz refer\u00eancia a uma posi\u00e7\u00e3o do Benfica sobre o tema: \u201cBenfica n\u00e3o tem m\u00e3o nele\u201d. O coment\u00e1rio de Sousa centra-se no contexto da rea\u00e7\u00e3o e no debate gerado.\" \/>\n<meta property=\"og:url\" content=\"https:\/\/portaltela.pt\/noticias\/2026\/02\/26\/pedro-sousa-e-prestianni-comentam-publicacao-contra-lopes-cabral\/\" \/>\n<meta property=\"og:site_name\" content=\"Portal Tela Portugal\" \/>\n<meta property=\"article:published_time\" content=\"2026-02-26T14:19:08+00:00\" \/>\n<meta name=\"author\" content=\"Telinha\" \/>\n<meta name=\"twitter:card\" content=\"summary_large_image\" \/>\n<meta name=\"twitter:label1\" content=\"Escrito por\" \/>\n\t<meta name=\"twitter:data1\" content=\"Telinha\" \/>\n\t<meta name=\"twitter:label2\" content=\"Tempo estimado de leitura\" \/>\n\t<meta name=\"twitter:data2\" content=\"1 minuto\" \/>\n<script type=\"application\/ld+json\" class=\"yoast-schema-graph\">{\"@context\":\"https:\/\/schema.org\",\"@graph\":[{\"@type\":\"Article\",\"@id\":\"https:\/\/portaltela.pt\/noticias\/2026\/02\/26\/pedro-sousa-e-prestianni-comentam-publicacao-contra-lopes-cabral\/#article\",\"isPartOf\":{\"@id\":\"https:\/\/portaltela.pt\/noticias\/2026\/02\/26\/pedro-sousa-e-prestianni-comentam-publicacao-contra-lopes-cabral\/\"},\"author\":{\"name\":\"Telinha\",\"@id\":\"https:\/\/portaltela.pt\/#\/schema\/person\/c4278d4a6028830caff9ee44b42d32ed\"},\"headline\":\"Pedro Sousa e Prestianni comentam publica\u00e7\u00e3o contra Lopes Cabral\",\"datePublished\":\"2026-02-26T14:19:08+00:00\",\"mainEntityOfPage\":{\"@id\":\"https:\/\/portaltela.pt\/noticias\/2026\/02\/26\/pedro-sousa-e-prestianni-comentam-publicacao-contra-lopes-cabral\/\"},\"wordCount\":230,\"image\":{\"@id\":\"https:\/\/portaltela.pt\/noticias\/2026\/02\/26\/pedro-sousa-e-prestianni-comentam-publicacao-contra-lopes-cabral\/#primaryimage\"},\"thumbnailUrl\":\"https:\/\/portaltela.pt\/s.01k8rhncp4jt1\/2026\/02\/img_1200x721uu2026-02-26-14-09-18-2423799.jpg\",\"keywords\":[\"Benfica\",\"comunica\u00e7\u00e3o p\u00fablica\",\"futebol\",\"informa\u00e7\u00e3o\",\"Lopes Cabral\",\"Prestianni\"],\"articleSection\":[\"Desporto\",\"Futebol\"],\"inLanguage\":\"pt-PT\"},{\"@type\":\"WebPage\",\"@id\":\"https:\/\/portaltela.pt\/noticias\/2026\/02\/26\/pedro-sousa-e-prestianni-comentam-publicacao-contra-lopes-cabral\/\",\"url\":\"https:\/\/portaltela.pt\/noticias\/2026\/02\/26\/pedro-sousa-e-prestianni-comentam-publicacao-contra-lopes-cabral\/\",\"name\":\"Pedro Sousa e Prestianni comentam publica\u00e7\u00e3o contra Lopes Cabral - Portal Tela Portugal\",\"isPartOf\":{\"@id\":\"https:\/\/portaltela.pt\/#website\"},\"primaryImageOfPage\":{\"@id\":\"https:\/\/portaltela.pt\/noticias\/2026\/02\/26\/pedro-sousa-e-prestianni-comentam-publicacao-contra-lopes-cabral\/#primaryimage\"},\"image\":{\"@id\":\"https:\/\/portaltela.pt\/noticias\/2026\/02\/26\/pedro-sousa-e-prestianni-comentam-publicacao-contra-lopes-cabral\/#primaryimage\"},\"thumbnailUrl\":\"https:\/\/portaltela.pt\/s.01k8rhncp4jt1\/2026\/02\/img_1200x721uu2026-02-26-14-09-18-2423799.jpg\",\"datePublished\":\"2026-02-26T14:19:08+00:00\",\"author\":{\"@id\":\"https:\/\/portaltela.pt\/#\/schema\/person\/c4278d4a6028830caff9ee44b42d32ed\"},\"breadcrumb\":{\"@id\":\"https:\/\/portaltela.pt\/noticias\/2026\/02\/26\/pedro-sousa-e-prestianni-comentam-publicacao-contra-lopes-cabral\/#breadcrumb\"},\"inLanguage\":\"pt-PT\",\"potentialAction\":[{\"@type\":\"ReadAction\",\"target\":[\"https:\/\/portaltela.pt\/noticias\/2026\/02\/26\/pedro-sousa-e-prestianni-comentam-publicacao-contra-lopes-cabral\/\"]}]},{\"@type\":\"ImageObject\",\"inLanguage\":\"pt-PT\",\"@id\":\"https:\/\/portaltela.pt\/noticias\/2026\/02\/26\/pedro-sousa-e-prestianni-comentam-publicacao-contra-lopes-cabral\/#primaryimage\",\"url\":\"https:\/\/portaltela.pt\/s.01k8rhncp4jt1\/2026\/02\/img_1200x721uu2026-02-26-14-09-18-2423799.jpg\",\"contentUrl\":\"https:\/\/portaltela.pt\/s.01k8rhncp4jt1\/2026\/02\/img_1200x721uu2026-02-26-14-09-18-2423799.jpg\",\"width\":796,\"height\":448,\"caption\":\"Pedro Sousa e o 'like' de Prestianni em publica\u00e7\u00e3o contra Lopes Cabral: \u00abBenfica n\u00e3o tem m\u00e3o nele\u00bb\"},{\"@type\":\"BreadcrumbList\",\"@id\":\"https:\/\/portaltela.pt\/noticias\/2026\/02\/26\/pedro-sousa-e-prestianni-comentam-publicacao-contra-lopes-cabral\/#breadcrumb\",\"itemListElement\":[{\"@type\":\"ListItem\",\"position\":1,\"name\":\"In\u00edcio\",\"item\":\"https:\/\/portaltela.pt\/\"},{\"@type\":\"ListItem\",\"position\":2,\"name\":\"Pedro Sousa e Prestianni comentam publica\u00e7\u00e3o contra Lopes Cabral\"}]},{\"@type\":\"WebSite\",\"@id\":\"https:\/\/portaltela.pt\/#website\",\"url\":\"https:\/\/portaltela.pt\/\",\"name\":\"Portal Tela Portugal\",\"description\":\"\",\"potentialAction\":[{\"@type\":\"SearchAction\",\"target\":{\"@type\":\"EntryPoint\",\"urlTemplate\":\"https:\/\/portaltela.pt\/?s={search_term_string}\"},\"query-input\":{\"@type\":\"PropertyValueSpecification\",\"valueRequired\":true,\"valueName\":\"search_term_string\"}}],\"inLanguage\":\"pt-PT\"},{\"@type\":\"Person\",\"@id\":\"https:\/\/portaltela.pt\/#\/schema\/person\/c4278d4a6028830caff9ee44b42d32ed\",\"name\":\"Telinha\",\"image\":{\"@type\":\"ImageObject\",\"inLanguage\":\"pt-PT\",\"@id\":\"https:\/\/portaltela.pt\/s.01k8rhncp4jt1\/2025\/11\/talking-bot-125x125.png\",\"url\":\"https:\/\/portaltela.pt\/s.01k8rhncp4jt1\/2025\/11\/talking-bot-125x125.png\",\"contentUrl\":\"https:\/\/portaltela.pt\/s.01k8rhncp4jt1\/2025\/11\/talking-bot-125x125.png\",\"caption\":\"Telinha\"},\"sameAs\":[\"https:\/\/portaltela.pt\/\"],\"url\":\"https:\/\/portaltela.pt\/por\/367410592786\/\"}]}<\/script>\n<!-- \/ Yoast SEO plugin. -->","yoast_head_json":{"title":"Pedro Sousa e Prestianni comentam publica\u00e7\u00e3o contra Lopes Cabral - Portal Tela Portugal","robots":{"index":"index","follow":"follow","max-snippet":"max-snippet:-1","max-image-preview":"max-image-preview:large","max-video-preview":"max-video-preview:-1"},"og_locale":"pt_PT","og_type":"article","og_title":"Pedro Sousa e Prestianni comentam publica\u00e7\u00e3o contra Lopes Cabral - Portal Tela Portugal","og_description":"Pedro Sousa, diretor executivo da CM R\u00e1dio, comentou a pol\u00e9mica no programa NOW. A pol\u00e9mica envolve a rea\u00e7\u00e3o de Prestianni numa publica\u00e7\u00e3o que visava Lopes Cabral. A publica\u00e7\u00e3o em quest\u00e3o foi interpretada como dura em rela\u00e7\u00e3o a Lopes Cabral. O t\u00edtulo da not\u00edcia faz refer\u00eancia a uma posi\u00e7\u00e3o do Benfica sobre o tema: \u201cBenfica n\u00e3o tem m\u00e3o nele\u201d. O coment\u00e1rio de Sousa centra-se no contexto da rea\u00e7\u00e3o e no debate gerado.","og_url":"https:\/\/portaltela.pt\/noticias\/2026\/02\/26\/pedro-sousa-e-prestianni-comentam-publicacao-contra-lopes-cabral\/","og_site_name":"Portal Tela Portugal","article_published_time":"2026-02-26T14:19:08+00:00","author":"Telinha","twitter_card":"summary_large_image","twitter_misc":{"Escrito por":"Telinha","Tempo estimado de leitura":"1 minuto"},"schema":{"@context":"https:\/\/schema.org","@graph":[{"@type":"Article","@id":"https:\/\/portaltela.pt\/noticias\/2026\/02\/26\/pedro-sousa-e-prestianni-comentam-publicacao-contra-lopes-cabral\/#article","isPartOf":{"@id":"https:\/\/portaltela.pt\/noticias\/2026\/02\/26\/pedro-sousa-e-prestianni-comentam-publicacao-contra-lopes-cabral\/"},"author":{"name":"Telinha","@id":"https:\/\/portaltela.pt\/#\/schema\/person\/c4278d4a6028830caff9ee44b42d32ed"},"headline":"Pedro Sousa e Prestianni comentam publica\u00e7\u00e3o contra Lopes Cabral","datePublished":"2026-02-26T14:19:08+00:00","mainEntityOfPage":{"@id":"https:\/\/portaltela.pt\/noticias\/2026\/02\/26\/pedro-sousa-e-prestianni-comentam-publicacao-contra-lopes-cabral\/"},"wordCount":230,"image":{"@id":"https:\/\/portaltela.pt\/noticias\/2026\/02\/26\/pedro-sousa-e-prestianni-comentam-publicacao-contra-lopes-cabral\/#primaryimage"},"thumbnailUrl":"https:\/\/portaltela.pt\/s.01k8rhncp4jt1\/2026\/02\/img_1200x721uu2026-02-26-14-09-18-2423799.jpg","keywords":["Benfica","comunica\u00e7\u00e3o p\u00fablica","futebol","informa\u00e7\u00e3o","Lopes Cabral","Prestianni"],"articleSection":["Desporto","Futebol"],"inLanguage":"pt-PT"},{"@type":"WebPage","@id":"https:\/\/portaltela.pt\/noticias\/2026\/02\/26\/pedro-sousa-e-prestianni-comentam-publicacao-contra-lopes-cabral\/","url":"https:\/\/portaltela.pt\/noticias\/2026\/02\/26\/pedro-sousa-e-prestianni-comentam-publicacao-contra-lopes-cabral\/","name":"Pedro Sousa e Prestianni comentam publica\u00e7\u00e3o contra Lopes Cabral - Portal Tela Portugal","isPartOf":{"@id":"https:\/\/portaltela.pt\/#website"},"primaryImageOfPage":{"@id":"https:\/\/portaltela.pt\/noticias\/2026\/02\/26\/pedro-sousa-e-prestianni-comentam-publicacao-contra-lopes-cabral\/#primaryimage"},"image":{"@id":"https:\/\/portaltela.pt\/noticias\/2026\/02\/26\/pedro-sousa-e-prestianni-comentam-publicacao-contra-lopes-cabral\/#primaryimage"},"thumbnailUrl":"https:\/\/portaltela.pt\/s.01k8rhncp4jt1\/2026\/02\/img_1200x721uu2026-02-26-14-09-18-2423799.jpg","datePublished":"2026-02-26T14:19:08+00:00","author":{"@id":"https:\/\/portaltela.pt\/#\/schema\/person\/c4278d4a6028830caff9ee44b42d32ed"},"breadcrumb":{"@id":"https:\/\/portaltela.pt\/noticias\/2026\/02\/26\/pedro-sousa-e-prestianni-comentam-publicacao-contra-lopes-cabral\/#breadcrumb"},"inLanguage":"pt-PT","potentialAction":[{"@type":"ReadAction","target":["https:\/\/portaltela.pt\/noticias\/2026\/02\/26\/pedro-sousa-e-prestianni-comentam-publicacao-contra-lopes-cabral\/"]}]},{"@type":"ImageObject","inLanguage":"pt-PT","@id":"https:\/\/portaltela.pt\/noticias\/2026\/02\/26\/pedro-sousa-e-prestianni-comentam-publicacao-contra-lopes-cabral\/#primaryimage","url":"https:\/\/portaltela.pt\/s.01k8rhncp4jt1\/2026\/02\/img_1200x721uu2026-02-26-14-09-18-2423799.jpg","contentUrl":"https:\/\/portaltela.pt\/s.01k8rhncp4jt1\/2026\/02\/img_1200x721uu2026-02-26-14-09-18-2423799.jpg","width":796,"height":448,"caption":"Pedro Sousa e o 'like' de Prestianni em publica\u00e7\u00e3o contra Lopes Cabral: \u00abBenfica n\u00e3o tem m\u00e3o nele\u00bb"},{"@type":"BreadcrumbList","@id":"https:\/\/portaltela.pt\/noticias\/2026\/02\/26\/pedro-sousa-e-prestianni-comentam-publicacao-contra-lopes-cabral\/#breadcrumb","itemListElement":[{"@type":"ListItem","position":1,"name":"In\u00edcio","item":"https:\/\/portaltela.pt\/"},{"@type":"ListItem","position":2,"name":"Pedro Sousa e Prestianni comentam publica\u00e7\u00e3o contra Lopes Cabral"}]},{"@type":"WebSite","@id":"https:\/\/portaltela.pt\/#website","url":"https:\/\/portaltela.pt\/","name":"Portal Tela Portugal","description":"","potentialAction":[{"@type":"SearchAction","target":{"@type":"EntryPoint","urlTemplate":"https:\/\/portaltela.pt\/?s={search_term_string}"},"query-input":{"@type":"PropertyValueSpecification","valueRequired":true,"valueName":"search_term_string"}}],"inLanguage":"pt-PT"},{"@type":"Person","@id":"https:\/\/portaltela.pt\/#\/schema\/person\/c4278d4a6028830caff9ee44b42d32ed","name":"Telinha","image":{"@type":"ImageObject","inLanguage":"pt-PT","@id":"https:\/\/portaltela.pt\/s.01k8rhncp4jt1\/2025\/11\/talking-bot-125x125.png","url":"https:\/\/portaltela.pt\/s.01k8rhncp4jt1\/2025\/11\/talking-bot-125x125.png","contentUrl":"https:\/\/portaltela.pt\/s.01k8rhncp4jt1\/2025\/11\/talking-bot-125x125.png","caption":"Telinha"},"sameAs":["https:\/\/portaltela.pt\/"],"url":"https:\/\/portaltela.pt\/por\/367410592786\/"}]}},"_links":{"self":[{"href":"https:\/\/portaltela.pt\/api\/wp\/v2\/posts\/389247","targetHints":{"allow":["GET"]}}],"collection":[{"href":"https:\/\/portaltela.pt\/api\/wp\/v2\/posts"}],"about":[{"href":"https:\/\/portaltela.pt\/api\/wp\/v2\/types\/post"}],"author":[{"embeddable":true,"href":"https:\/\/portaltela.pt\/api\/wp\/v2\/users\/2"}],"replies":[{"embeddable":true,"href":"https:\/\/portaltela.pt\/api\/wp\/v2\/comments?post=389247"}],"version-history":[{"count":0,"href":"https:\/\/portaltela.pt\/api\/wp\/v2\/posts\/389247\/revisions"}],"wp:featuredmedia":[{"embeddable":true,"href":"https:\/\/portaltela.pt\/api\/wp\/v2\/media\/389258"}],"wp:attachment":[{"href":"https:\/\/portaltela.pt\/api\/wp\/v2\/media?parent=389247"}],"wp:term":[{"taxonomy":"category","embeddable":true,"href":"https:\/\/portaltela.pt\/api\/wp\/v2\/categories?post=389247"},{"taxonomy":"post_tag","embeddable":true,"href":"https:\/\/portaltela.pt\/api\/wp\/v2\/tags?post=389247"}],"curies":[{"name":"wp","href":"https:\/\/api.w.org\/{rel}","templated":true}]}}