{"id":389147,"date":"2026-02-26T10:55:00","date_gmt":"2026-02-26T13:55:00","guid":{"rendered":"https:\/\/portaltela.pt\/noticias\/2026\/02\/26\/feira-da-alheira-de-mirandela-espera-milhares-de-visitantes-em-quatro-dias\/"},"modified":"2026-02-26T10:55:00","modified_gmt":"2026-02-26T13:55:00","slug":"feira-da-alheira-de-mirandela-espera-milhares-de-visitantes-em-quatro-dias","status":"publish","type":"post","link":"https:\/\/portaltela.pt\/noticias\/2026\/02\/26\/feira-da-alheira-de-mirandela-espera-milhares-de-visitantes-em-quatro-dias\/","title":{"rendered":"Feira da alheira de Mirandela espera milhares de visitantes em quatro dias"},"content":{"rendered":"<p>Mirandela recebe, de quinta-feira a domingo, a 26.\u00aa Feira da Alheira, festival que celebra o enchido e a identidade local. O certame decorre durante quatro dias na zona central da cidade, num recinto de cerca de 11.500 metros quadrados entre o Parque do Imp\u00e9rio e a Rua da Rep\u00fablica. A Alheira de Mirandela IGP \u00e9 a pe\u00e7a central, acompanhada por outros produtos regionais.<\/p>\n<p>Organizada pela C\u00e2mara Municipal, em parceria com a Associa\u00e7\u00e3o Comercial e Industrial, a mostra apresenta mais de uma centena de expositores. O evento visa promover a desvendada tradi\u00e7\u00e3o gastron\u00f3mica, a qualidade dos produtos e a cultura associada ao concelho. O or\u00e7amento previsto para a edi\u00e7\u00e3o \u00e9 de cerca de 250 mil euros.<\/p>\n<h3>Programa e atividades<\/h3>\n<p>O arranque ocorre com o III Encontro Cineg\u00e9tico do Munic\u00edpio e, \u00e0 noite, realiza-se o concerto da Banda Sinf\u00f3nica da PSP, integrado nas comemora\u00e7\u00f5es dos 150 anos do Comando Distrital da PSP de Bragan\u00e7a.<\/p>\n<p>Entre as atividades destacam-se o semin\u00e1rio t\u00e9cnico-cient\u00edfico &#8220;Alheira de Mirandela: Tradi\u00e7\u00e3o, Qualidade, Seguran\u00e7a e Inova\u00e7\u00e3o&#8221;, o f\u00f3rum regional da Associa\u00e7\u00e3o de Munic\u00edpios Portugueses do Vinho e v\u00e1rias degusta\u00e7\u00f5es.<\/p>\n<p>Realizam-se ainda showcookings, o curso de inicia\u00e7\u00e3o \u00e0 Prova de Azeite, o Passeio TT da Feira da Alheira, o BTT Rota da Alheira e o VI Cap\u00edtulo da Confraria da Alheira de Mirandela. Uma escultura evocativa das gentes fica na Esta\u00e7\u00e3o das Artes para lembrar a hist\u00f3ria da alheira na regi\u00e3o.<\/p>\n<p>A anima\u00e7\u00e3o musical segue na sexta-feira com a atua\u00e7\u00e3o de Micaela e, no s\u00e1bado, de Augusto Can\u00e1rio. O presidente da C\u00e2mara sublinha que o evento atrai milhares de visitantes nos quatro dias, dependendo sobretudo das condi\u00e7\u00f5es meteorol\u00f3gicas, j\u00e1 que a feira \u00e9 realizada ao ar livre.<\/p>\n","protected":false},"excerpt":{"rendered":"<ul>\n<li>Mirandela recebe a 26.\u00aa edi\u00e7\u00e3o da Feira da Alheira, de quinta-feira a domingo, num certame ao ar livre com mais de uma centena de expositores.<\/li>\n<li>A feira ocupa 11.500 metros quadrados entre o Parque do Imp\u00e9rio e a Zona Pedonal da Rua da Rep\u00fablica e tem como estrela a Alheira de Mirandela IGP.<\/li>\n<li>Al\u00e9m da alheira, o evento destaca outros produtos end\u00f3genos, como mel, am\u00eandoa, azeite e vinhos, promovendo tamb\u00e9m a cultura local.<\/li>\n<li>O autarca refere que o evento pode atrair milhares de visitantes, dependendo das condi\u00e7\u00f5es atmosf\u00e9ricas, mantendo a feira ao ar livre para preservar a paisagem junto ao rio Tua.<\/li>\n<li>O or\u00e7amento da edi\u00e7\u00e3o \u00e9 de cerca de 250 mil euros e o programa inclui concertos, semin\u00e1rios, showcookings, provas de azeite e atividades como BTT e passeios.<\/li>\n<\/ul>\n","protected":false},"author":2,"featured_media":389163,"comment_status":"closed","ping_status":"closed","sticky":false,"template":"","format":"standard","meta":{"footnotes":""},"categories":[1],"tags":[906,4919,3674,219,1315,169],"class_list":["post-389147","post","type-post","status-publish","format-standard","has-post-thumbnail","hentry","category-noticias","tag-braganca","tag-festas","tag-festival","tag-gastronomia","tag-mirandela","tag-turismo"],"yoast_head":"<!-- This site is optimized with the Yoast SEO plugin v27.2 - https:\/\/yoast.com\/product\/yoast-seo-wordpress\/ -->\n<title>Feira da alheira de Mirandela espera milhares de visitantes em quatro dias - Portal Tela Portugal<\/title>\n<meta name=\"robots\" content=\"index, follow, max-snippet:-1, max-image-preview:large, max-video-preview:-1\" \/>\n<meta property=\"og:locale\" content=\"pt_PT\" \/>\n<meta property=\"og:type\" content=\"article\" \/>\n<meta property=\"og:title\" content=\"Feira da alheira de Mirandela espera milhares de visitantes em quatro dias - Portal Tela Portugal\" \/>\n<meta property=\"og:description\" content=\"Mirandela recebe a 26.\u00aa edi\u00e7\u00e3o da Feira da Alheira, de quinta-feira a domingo, num certame ao ar livre com mais de uma centena de expositores. A feira ocupa 11.500 metros quadrados entre o Parque do Imp\u00e9rio e a Zona Pedonal da Rua da Rep\u00fablica e tem como estrela a Alheira de Mirandela IGP. Al\u00e9m da alheira, o evento destaca outros produtos end\u00f3genos, como mel, am\u00eandoa, azeite e vinhos, promovendo tamb\u00e9m a cultura local. O autarca refere que o evento pode atrair milhares de visitantes, dependendo das condi\u00e7\u00f5es atmosf\u00e9ricas, mantendo a feira ao ar livre para preservar a paisagem junto ao rio Tua. O or\u00e7amento da edi\u00e7\u00e3o \u00e9 de cerca de 250 mil euros e o programa inclui concertos, semin\u00e1rios, showcookings, provas de azeite e atividades como BTT e passeios.\" \/>\n<meta property=\"og:url\" content=\"https:\/\/portaltela.pt\/noticias\/2026\/02\/26\/feira-da-alheira-de-mirandela-espera-milhares-de-visitantes-em-quatro-dias\/\" \/>\n<meta property=\"og:site_name\" content=\"Portal Tela Portugal\" \/>\n<meta property=\"article:published_time\" content=\"2026-02-26T13:55:00+00:00\" \/>\n<meta name=\"author\" content=\"Telinha\" \/>\n<meta name=\"twitter:card\" content=\"summary_large_image\" \/>\n<meta name=\"twitter:label1\" content=\"Escrito por\" \/>\n\t<meta name=\"twitter:data1\" content=\"Telinha\" \/>\n\t<meta name=\"twitter:label2\" content=\"Tempo estimado de leitura\" \/>\n\t<meta name=\"twitter:data2\" content=\"2 minutos\" \/>\n<script type=\"application\/ld+json\" class=\"yoast-schema-graph\">{\"@context\":\"https:\/\/schema.org\",\"@graph\":[{\"@type\":\"Article\",\"@id\":\"https:\/\/portaltela.pt\/noticias\/2026\/02\/26\/feira-da-alheira-de-mirandela-espera-milhares-de-visitantes-em-quatro-dias\/#article\",\"isPartOf\":{\"@id\":\"https:\/\/portaltela.pt\/noticias\/2026\/02\/26\/feira-da-alheira-de-mirandela-espera-milhares-de-visitantes-em-quatro-dias\/\"},\"author\":{\"name\":\"Telinha\",\"@id\":\"https:\/\/portaltela.pt\/#\/schema\/person\/c4278d4a6028830caff9ee44b42d32ed\"},\"headline\":\"Feira da alheira de Mirandela espera milhares de visitantes em quatro dias\",\"datePublished\":\"2026-02-26T13:55:00+00:00\",\"mainEntityOfPage\":{\"@id\":\"https:\/\/portaltela.pt\/noticias\/2026\/02\/26\/feira-da-alheira-de-mirandela-espera-milhares-de-visitantes-em-quatro-dias\/\"},\"wordCount\":317,\"image\":{\"@id\":\"https:\/\/portaltela.pt\/noticias\/2026\/02\/26\/feira-da-alheira-de-mirandela-espera-milhares-de-visitantes-em-quatro-dias\/#primaryimage\"},\"thumbnailUrl\":\"https:\/\/portaltela.pt\/s.01k8rhncp4jt1\/2026\/02\/image-1923.jpg\",\"keywords\":[\"Bragan\u00e7a\",\"festas\",\"festival\",\"gastronomia\",\"Mirandela\",\"turismo\"],\"articleSection\":[\"Not\u00edcias\"],\"inLanguage\":\"pt-PT\"},{\"@type\":\"WebPage\",\"@id\":\"https:\/\/portaltela.pt\/noticias\/2026\/02\/26\/feira-da-alheira-de-mirandela-espera-milhares-de-visitantes-em-quatro-dias\/\",\"url\":\"https:\/\/portaltela.pt\/noticias\/2026\/02\/26\/feira-da-alheira-de-mirandela-espera-milhares-de-visitantes-em-quatro-dias\/\",\"name\":\"Feira da alheira de Mirandela espera milhares de visitantes em quatro dias - Portal Tela Portugal\",\"isPartOf\":{\"@id\":\"https:\/\/portaltela.pt\/#website\"},\"primaryImageOfPage\":{\"@id\":\"https:\/\/portaltela.pt\/noticias\/2026\/02\/26\/feira-da-alheira-de-mirandela-espera-milhares-de-visitantes-em-quatro-dias\/#primaryimage\"},\"image\":{\"@id\":\"https:\/\/portaltela.pt\/noticias\/2026\/02\/26\/feira-da-alheira-de-mirandela-espera-milhares-de-visitantes-em-quatro-dias\/#primaryimage\"},\"thumbnailUrl\":\"https:\/\/portaltela.pt\/s.01k8rhncp4jt1\/2026\/02\/image-1923.jpg\",\"datePublished\":\"2026-02-26T13:55:00+00:00\",\"author\":{\"@id\":\"https:\/\/portaltela.pt\/#\/schema\/person\/c4278d4a6028830caff9ee44b42d32ed\"},\"breadcrumb\":{\"@id\":\"https:\/\/portaltela.pt\/noticias\/2026\/02\/26\/feira-da-alheira-de-mirandela-espera-milhares-de-visitantes-em-quatro-dias\/#breadcrumb\"},\"inLanguage\":\"pt-PT\",\"potentialAction\":[{\"@type\":\"ReadAction\",\"target\":[\"https:\/\/portaltela.pt\/noticias\/2026\/02\/26\/feira-da-alheira-de-mirandela-espera-milhares-de-visitantes-em-quatro-dias\/\"]}]},{\"@type\":\"ImageObject\",\"inLanguage\":\"pt-PT\",\"@id\":\"https:\/\/portaltela.pt\/noticias\/2026\/02\/26\/feira-da-alheira-de-mirandela-espera-milhares-de-visitantes-em-quatro-dias\/#primaryimage\",\"url\":\"https:\/\/portaltela.pt\/s.01k8rhncp4jt1\/2026\/02\/image-1923.jpg\",\"contentUrl\":\"https:\/\/portaltela.pt\/s.01k8rhncp4jt1\/2026\/02\/image-1923.jpg\",\"width\":796,\"height\":448,\"caption\":\"A 26.\u00aa edi\u00e7\u00e3o da Feira da Alheira decorre durante quatro dias\"},{\"@type\":\"BreadcrumbList\",\"@id\":\"https:\/\/portaltela.pt\/noticias\/2026\/02\/26\/feira-da-alheira-de-mirandela-espera-milhares-de-visitantes-em-quatro-dias\/#breadcrumb\",\"itemListElement\":[{\"@type\":\"ListItem\",\"position\":1,\"name\":\"In\u00edcio\",\"item\":\"https:\/\/portaltela.pt\/\"},{\"@type\":\"ListItem\",\"position\":2,\"name\":\"Feira da alheira de Mirandela espera milhares de visitantes em quatro dias\"}]},{\"@type\":\"WebSite\",\"@id\":\"https:\/\/portaltela.pt\/#website\",\"url\":\"https:\/\/portaltela.pt\/\",\"name\":\"Portal Tela Portugal\",\"description\":\"\",\"potentialAction\":[{\"@type\":\"SearchAction\",\"target\":{\"@type\":\"EntryPoint\",\"urlTemplate\":\"https:\/\/portaltela.pt\/?s={search_term_string}\"},\"query-input\":{\"@type\":\"PropertyValueSpecification\",\"valueRequired\":true,\"valueName\":\"search_term_string\"}}],\"inLanguage\":\"pt-PT\"},{\"@type\":\"Person\",\"@id\":\"https:\/\/portaltela.pt\/#\/schema\/person\/c4278d4a6028830caff9ee44b42d32ed\",\"name\":\"Telinha\",\"image\":{\"@type\":\"ImageObject\",\"inLanguage\":\"pt-PT\",\"@id\":\"https:\/\/portaltela.pt\/s.01k8rhncp4jt1\/2025\/11\/talking-bot-125x125.png\",\"url\":\"https:\/\/portaltela.pt\/s.01k8rhncp4jt1\/2025\/11\/talking-bot-125x125.png\",\"contentUrl\":\"https:\/\/portaltela.pt\/s.01k8rhncp4jt1\/2025\/11\/talking-bot-125x125.png\",\"caption\":\"Telinha\"},\"sameAs\":[\"https:\/\/portaltela.pt\/\"],\"url\":\"https:\/\/portaltela.pt\/por\/367410592786\/\"}]}<\/script>\n<!-- \/ Yoast SEO plugin. -->","yoast_head_json":{"title":"Feira da alheira de Mirandela espera milhares de visitantes em quatro dias - Portal Tela Portugal","robots":{"index":"index","follow":"follow","max-snippet":"max-snippet:-1","max-image-preview":"max-image-preview:large","max-video-preview":"max-video-preview:-1"},"og_locale":"pt_PT","og_type":"article","og_title":"Feira da alheira de Mirandela espera milhares de visitantes em quatro dias - Portal Tela Portugal","og_description":"Mirandela recebe a 26.\u00aa edi\u00e7\u00e3o da Feira da Alheira, de quinta-feira a domingo, num certame ao ar livre com mais de uma centena de expositores. A feira ocupa 11.500 metros quadrados entre o Parque do Imp\u00e9rio e a Zona Pedonal da Rua da Rep\u00fablica e tem como estrela a Alheira de Mirandela IGP. Al\u00e9m da alheira, o evento destaca outros produtos end\u00f3genos, como mel, am\u00eandoa, azeite e vinhos, promovendo tamb\u00e9m a cultura local. O autarca refere que o evento pode atrair milhares de visitantes, dependendo das condi\u00e7\u00f5es atmosf\u00e9ricas, mantendo a feira ao ar livre para preservar a paisagem junto ao rio Tua. O or\u00e7amento da edi\u00e7\u00e3o \u00e9 de cerca de 250 mil euros e o programa inclui concertos, semin\u00e1rios, showcookings, provas de azeite e atividades como BTT e passeios.","og_url":"https:\/\/portaltela.pt\/noticias\/2026\/02\/26\/feira-da-alheira-de-mirandela-espera-milhares-de-visitantes-em-quatro-dias\/","og_site_name":"Portal Tela Portugal","article_published_time":"2026-02-26T13:55:00+00:00","author":"Telinha","twitter_card":"summary_large_image","twitter_misc":{"Escrito por":"Telinha","Tempo estimado de leitura":"2 minutos"},"schema":{"@context":"https:\/\/schema.org","@graph":[{"@type":"Article","@id":"https:\/\/portaltela.pt\/noticias\/2026\/02\/26\/feira-da-alheira-de-mirandela-espera-milhares-de-visitantes-em-quatro-dias\/#article","isPartOf":{"@id":"https:\/\/portaltela.pt\/noticias\/2026\/02\/26\/feira-da-alheira-de-mirandela-espera-milhares-de-visitantes-em-quatro-dias\/"},"author":{"name":"Telinha","@id":"https:\/\/portaltela.pt\/#\/schema\/person\/c4278d4a6028830caff9ee44b42d32ed"},"headline":"Feira da alheira de Mirandela espera milhares de visitantes em quatro dias","datePublished":"2026-02-26T13:55:00+00:00","mainEntityOfPage":{"@id":"https:\/\/portaltela.pt\/noticias\/2026\/02\/26\/feira-da-alheira-de-mirandela-espera-milhares-de-visitantes-em-quatro-dias\/"},"wordCount":317,"image":{"@id":"https:\/\/portaltela.pt\/noticias\/2026\/02\/26\/feira-da-alheira-de-mirandela-espera-milhares-de-visitantes-em-quatro-dias\/#primaryimage"},"thumbnailUrl":"https:\/\/portaltela.pt\/s.01k8rhncp4jt1\/2026\/02\/image-1923.jpg","keywords":["Bragan\u00e7a","festas","festival","gastronomia","Mirandela","turismo"],"articleSection":["Not\u00edcias"],"inLanguage":"pt-PT"},{"@type":"WebPage","@id":"https:\/\/portaltela.pt\/noticias\/2026\/02\/26\/feira-da-alheira-de-mirandela-espera-milhares-de-visitantes-em-quatro-dias\/","url":"https:\/\/portaltela.pt\/noticias\/2026\/02\/26\/feira-da-alheira-de-mirandela-espera-milhares-de-visitantes-em-quatro-dias\/","name":"Feira da alheira de Mirandela espera milhares de visitantes em quatro dias - Portal Tela Portugal","isPartOf":{"@id":"https:\/\/portaltela.pt\/#website"},"primaryImageOfPage":{"@id":"https:\/\/portaltela.pt\/noticias\/2026\/02\/26\/feira-da-alheira-de-mirandela-espera-milhares-de-visitantes-em-quatro-dias\/#primaryimage"},"image":{"@id":"https:\/\/portaltela.pt\/noticias\/2026\/02\/26\/feira-da-alheira-de-mirandela-espera-milhares-de-visitantes-em-quatro-dias\/#primaryimage"},"thumbnailUrl":"https:\/\/portaltela.pt\/s.01k8rhncp4jt1\/2026\/02\/image-1923.jpg","datePublished":"2026-02-26T13:55:00+00:00","author":{"@id":"https:\/\/portaltela.pt\/#\/schema\/person\/c4278d4a6028830caff9ee44b42d32ed"},"breadcrumb":{"@id":"https:\/\/portaltela.pt\/noticias\/2026\/02\/26\/feira-da-alheira-de-mirandela-espera-milhares-de-visitantes-em-quatro-dias\/#breadcrumb"},"inLanguage":"pt-PT","potentialAction":[{"@type":"ReadAction","target":["https:\/\/portaltela.pt\/noticias\/2026\/02\/26\/feira-da-alheira-de-mirandela-espera-milhares-de-visitantes-em-quatro-dias\/"]}]},{"@type":"ImageObject","inLanguage":"pt-PT","@id":"https:\/\/portaltela.pt\/noticias\/2026\/02\/26\/feira-da-alheira-de-mirandela-espera-milhares-de-visitantes-em-quatro-dias\/#primaryimage","url":"https:\/\/portaltela.pt\/s.01k8rhncp4jt1\/2026\/02\/image-1923.jpg","contentUrl":"https:\/\/portaltela.pt\/s.01k8rhncp4jt1\/2026\/02\/image-1923.jpg","width":796,"height":448,"caption":"A 26.\u00aa edi\u00e7\u00e3o da Feira da Alheira decorre durante quatro dias"},{"@type":"BreadcrumbList","@id":"https:\/\/portaltela.pt\/noticias\/2026\/02\/26\/feira-da-alheira-de-mirandela-espera-milhares-de-visitantes-em-quatro-dias\/#breadcrumb","itemListElement":[{"@type":"ListItem","position":1,"name":"In\u00edcio","item":"https:\/\/portaltela.pt\/"},{"@type":"ListItem","position":2,"name":"Feira da alheira de Mirandela espera milhares de visitantes em quatro dias"}]},{"@type":"WebSite","@id":"https:\/\/portaltela.pt\/#website","url":"https:\/\/portaltela.pt\/","name":"Portal Tela Portugal","description":"","potentialAction":[{"@type":"SearchAction","target":{"@type":"EntryPoint","urlTemplate":"https:\/\/portaltela.pt\/?s={search_term_string}"},"query-input":{"@type":"PropertyValueSpecification","valueRequired":true,"valueName":"search_term_string"}}],"inLanguage":"pt-PT"},{"@type":"Person","@id":"https:\/\/portaltela.pt\/#\/schema\/person\/c4278d4a6028830caff9ee44b42d32ed","name":"Telinha","image":{"@type":"ImageObject","inLanguage":"pt-PT","@id":"https:\/\/portaltela.pt\/s.01k8rhncp4jt1\/2025\/11\/talking-bot-125x125.png","url":"https:\/\/portaltela.pt\/s.01k8rhncp4jt1\/2025\/11\/talking-bot-125x125.png","contentUrl":"https:\/\/portaltela.pt\/s.01k8rhncp4jt1\/2025\/11\/talking-bot-125x125.png","caption":"Telinha"},"sameAs":["https:\/\/portaltela.pt\/"],"url":"https:\/\/portaltela.pt\/por\/367410592786\/"}]}},"_links":{"self":[{"href":"https:\/\/portaltela.pt\/api\/wp\/v2\/posts\/389147","targetHints":{"allow":["GET"]}}],"collection":[{"href":"https:\/\/portaltela.pt\/api\/wp\/v2\/posts"}],"about":[{"href":"https:\/\/portaltela.pt\/api\/wp\/v2\/types\/post"}],"author":[{"embeddable":true,"href":"https:\/\/portaltela.pt\/api\/wp\/v2\/users\/2"}],"replies":[{"embeddable":true,"href":"https:\/\/portaltela.pt\/api\/wp\/v2\/comments?post=389147"}],"version-history":[{"count":0,"href":"https:\/\/portaltela.pt\/api\/wp\/v2\/posts\/389147\/revisions"}],"wp:featuredmedia":[{"embeddable":true,"href":"https:\/\/portaltela.pt\/api\/wp\/v2\/media\/389163"}],"wp:attachment":[{"href":"https:\/\/portaltela.pt\/api\/wp\/v2\/media?parent=389147"}],"wp:term":[{"taxonomy":"category","embeddable":true,"href":"https:\/\/portaltela.pt\/api\/wp\/v2\/categories?post=389147"},{"taxonomy":"post_tag","embeddable":true,"href":"https:\/\/portaltela.pt\/api\/wp\/v2\/tags?post=389147"}],"curies":[{"name":"wp","href":"https:\/\/api.w.org\/{rel}","templated":true}]}}