{"id":389137,"date":"2026-02-26T10:56:00","date_gmt":"2026-02-26T13:56:00","guid":{"rendered":"https:\/\/portaltela.pt\/noticias\/2026\/02\/26\/civis-mortos-no-sudao-duplicam-em-2025-diz-a-onu\/"},"modified":"2026-02-26T10:56:00","modified_gmt":"2026-02-26T13:56:00","slug":"civis-mortos-no-sudao-duplicam-em-2025-diz-a-onu","status":"publish","type":"post","link":"https:\/\/portaltela.pt\/noticias\/2026\/02\/26\/civis-mortos-no-sudao-duplicam-em-2025-diz-a-onu\/","title":{"rendered":"Civis mortos no Sud\u00e3o duplicam em 2025, diz a ONU"},"content":{"rendered":"<p>O n\u00famero de civis mortos no Sud\u00e3o mais do que duplicou em 2025, segundo a ONU. O aviso foi feito em meio ao agravamento do conflito interno no pa\u00eds e aos confrontos entre grupos armados e for\u00e7as de seguran\u00e7a.<\/p>\n<p>A organiza\u00e7\u00e3o internacional aponta que a viol\u00eancia e a indisponibilidade de servi\u00e7os b\u00e1sicos continuam a colocar civis em risco, com aumentos significativos registados ao longo do ano. Os detalhes completos, incluindo n\u00fameros precisos, ainda n\u00e3o est\u00e3o dispon\u00edveis neste texto.<\/p>\n<ul>\n<li>Organiza\u00e7\u00e3o das Na\u00e7\u00f5es Unidas (ONU) \u2013 Sud\u00e3o \u2013 2025<\/li>\n<li>Contexto: viol\u00eancia persistente e impacto humano sobre civis<\/li>\n<li>Observa\u00e7\u00e3o: informa\u00e7\u00e3o detalhada est\u00e1 disponibilizada apenas para subscritores<\/li>\n<\/ul>\n","protected":false},"excerpt":{"rendered":"<ul>\n<li>O n\u00famero de civis mortos no Sud\u00e3o mais do que duplicou em 2025, segundo a ONU.<\/li>\n<li>A detec\u00e7\u00e3o e divulga\u00e7\u00e3o deste dado s\u00e3o feitas pela Organiza\u00e7\u00e3o das Na\u00e7\u00f5es Unidas.<\/li>\n<li>O conte\u00fado completo da not\u00edcia est\u00e1 dispon\u00edvel apenas para subscritores.<\/li>\n<li>O resumo n\u00e3o inclui detalhes adicionais no texto dispon\u00edvel.<\/li>\n<\/ul>\n","protected":false},"author":2,"featured_media":389155,"comment_status":"closed","ping_status":"closed","sticky":false,"template":"","format":"standard","meta":{"footnotes":""},"categories":[1],"tags":[254,2358,2633,5123,5252,939],"class_list":["post-389137","post","type-post","status-publish","format-standard","has-post-thumbnail","hentry","category-noticias","tag-conflito","tag-crises-internacionais","tag-direitos-humanos","tag-onu","tag-sudao","tag-violencia"],"yoast_head":"<!-- This site is optimized with the Yoast SEO plugin v27.2 - https:\/\/yoast.com\/product\/yoast-seo-wordpress\/ -->\n<title>Civis mortos no Sud\u00e3o duplicam em 2025, diz a ONU - Portal Tela Portugal<\/title>\n<meta name=\"robots\" content=\"index, follow, max-snippet:-1, max-image-preview:large, max-video-preview:-1\" \/>\n<meta property=\"og:locale\" content=\"pt_PT\" \/>\n<meta property=\"og:type\" content=\"article\" \/>\n<meta property=\"og:title\" content=\"Civis mortos no Sud\u00e3o duplicam em 2025, diz a ONU - Portal Tela Portugal\" \/>\n<meta property=\"og:description\" content=\"O n\u00famero de civis mortos no Sud\u00e3o mais do que duplicou em 2025, segundo a ONU. A detec\u00e7\u00e3o e divulga\u00e7\u00e3o deste dado s\u00e3o feitas pela Organiza\u00e7\u00e3o das Na\u00e7\u00f5es Unidas. O conte\u00fado completo da not\u00edcia est\u00e1 dispon\u00edvel apenas para subscritores. O resumo n\u00e3o inclui detalhes adicionais no texto dispon\u00edvel.\" \/>\n<meta property=\"og:url\" content=\"https:\/\/portaltela.pt\/noticias\/2026\/02\/26\/civis-mortos-no-sudao-duplicam-em-2025-diz-a-onu\/\" \/>\n<meta property=\"og:site_name\" content=\"Portal Tela Portugal\" \/>\n<meta property=\"article:published_time\" content=\"2026-02-26T13:56:00+00:00\" \/>\n<meta name=\"author\" content=\"Telinha\" \/>\n<meta name=\"twitter:card\" content=\"summary_large_image\" \/>\n<meta name=\"twitter:label1\" content=\"Escrito por\" \/>\n\t<meta name=\"twitter:data1\" content=\"Telinha\" \/>\n\t<meta name=\"twitter:label2\" content=\"Tempo estimado de leitura\" \/>\n\t<meta name=\"twitter:data2\" content=\"1 minuto\" \/>\n<script type=\"application\/ld+json\" class=\"yoast-schema-graph\">{\"@context\":\"https:\/\/schema.org\",\"@graph\":[{\"@type\":\"Article\",\"@id\":\"https:\/\/portaltela.pt\/noticias\/2026\/02\/26\/civis-mortos-no-sudao-duplicam-em-2025-diz-a-onu\/#article\",\"isPartOf\":{\"@id\":\"https:\/\/portaltela.pt\/noticias\/2026\/02\/26\/civis-mortos-no-sudao-duplicam-em-2025-diz-a-onu\/\"},\"author\":{\"name\":\"Telinha\",\"@id\":\"https:\/\/portaltela.pt\/#\/schema\/person\/c4278d4a6028830caff9ee44b42d32ed\"},\"headline\":\"Civis mortos no Sud\u00e3o duplicam em 2025, diz a ONU\",\"datePublished\":\"2026-02-26T13:56:00+00:00\",\"mainEntityOfPage\":{\"@id\":\"https:\/\/portaltela.pt\/noticias\/2026\/02\/26\/civis-mortos-no-sudao-duplicam-em-2025-diz-a-onu\/\"},\"wordCount\":128,\"image\":{\"@id\":\"https:\/\/portaltela.pt\/noticias\/2026\/02\/26\/civis-mortos-no-sudao-duplicam-em-2025-diz-a-onu\/#primaryimage\"},\"thumbnailUrl\":\"https:\/\/portaltela.pt\/s.01k8rhncp4jt1\/2026\/02\/CACHE_780X1200_ANALOG_WATERMARKED_46623993_504637323974082.jpg\",\"keywords\":[\"conflito\",\"crises internacionais\",\"direitos humanos\",\"ONU\",\"Sud\u00e3o\",\"viol\u00eancia\"],\"articleSection\":[\"Not\u00edcias\"],\"inLanguage\":\"pt-PT\"},{\"@type\":\"WebPage\",\"@id\":\"https:\/\/portaltela.pt\/noticias\/2026\/02\/26\/civis-mortos-no-sudao-duplicam-em-2025-diz-a-onu\/\",\"url\":\"https:\/\/portaltela.pt\/noticias\/2026\/02\/26\/civis-mortos-no-sudao-duplicam-em-2025-diz-a-onu\/\",\"name\":\"Civis mortos no Sud\u00e3o duplicam em 2025, diz a ONU - Portal Tela Portugal\",\"isPartOf\":{\"@id\":\"https:\/\/portaltela.pt\/#website\"},\"primaryImageOfPage\":{\"@id\":\"https:\/\/portaltela.pt\/noticias\/2026\/02\/26\/civis-mortos-no-sudao-duplicam-em-2025-diz-a-onu\/#primaryimage\"},\"image\":{\"@id\":\"https:\/\/portaltela.pt\/noticias\/2026\/02\/26\/civis-mortos-no-sudao-duplicam-em-2025-diz-a-onu\/#primaryimage\"},\"thumbnailUrl\":\"https:\/\/portaltela.pt\/s.01k8rhncp4jt1\/2026\/02\/CACHE_780X1200_ANALOG_WATERMARKED_46623993_504637323974082.jpg\",\"datePublished\":\"2026-02-26T13:56:00+00:00\",\"author\":{\"@id\":\"https:\/\/portaltela.pt\/#\/schema\/person\/c4278d4a6028830caff9ee44b42d32ed\"},\"breadcrumb\":{\"@id\":\"https:\/\/portaltela.pt\/noticias\/2026\/02\/26\/civis-mortos-no-sudao-duplicam-em-2025-diz-a-onu\/#breadcrumb\"},\"inLanguage\":\"pt-PT\",\"potentialAction\":[{\"@type\":\"ReadAction\",\"target\":[\"https:\/\/portaltela.pt\/noticias\/2026\/02\/26\/civis-mortos-no-sudao-duplicam-em-2025-diz-a-onu\/\"]}]},{\"@type\":\"ImageObject\",\"inLanguage\":\"pt-PT\",\"@id\":\"https:\/\/portaltela.pt\/noticias\/2026\/02\/26\/civis-mortos-no-sudao-duplicam-em-2025-diz-a-onu\/#primaryimage\",\"url\":\"https:\/\/portaltela.pt\/s.01k8rhncp4jt1\/2026\/02\/CACHE_780X1200_ANALOG_WATERMARKED_46623993_504637323974082.jpg\",\"contentUrl\":\"https:\/\/portaltela.pt\/s.01k8rhncp4jt1\/2026\/02\/CACHE_780X1200_ANALOG_WATERMARKED_46623993_504637323974082.jpg\",\"width\":796,\"height\":448,\"caption\":\"N\u00famero de civis mortos no Sud\u00e3o mais do que duplicou em 2025 - ONU\"},{\"@type\":\"BreadcrumbList\",\"@id\":\"https:\/\/portaltela.pt\/noticias\/2026\/02\/26\/civis-mortos-no-sudao-duplicam-em-2025-diz-a-onu\/#breadcrumb\",\"itemListElement\":[{\"@type\":\"ListItem\",\"position\":1,\"name\":\"In\u00edcio\",\"item\":\"https:\/\/portaltela.pt\/\"},{\"@type\":\"ListItem\",\"position\":2,\"name\":\"Civis mortos no Sud\u00e3o duplicam em 2025, diz a ONU\"}]},{\"@type\":\"WebSite\",\"@id\":\"https:\/\/portaltela.pt\/#website\",\"url\":\"https:\/\/portaltela.pt\/\",\"name\":\"Portal Tela Portugal\",\"description\":\"\",\"potentialAction\":[{\"@type\":\"SearchAction\",\"target\":{\"@type\":\"EntryPoint\",\"urlTemplate\":\"https:\/\/portaltela.pt\/?s={search_term_string}\"},\"query-input\":{\"@type\":\"PropertyValueSpecification\",\"valueRequired\":true,\"valueName\":\"search_term_string\"}}],\"inLanguage\":\"pt-PT\"},{\"@type\":\"Person\",\"@id\":\"https:\/\/portaltela.pt\/#\/schema\/person\/c4278d4a6028830caff9ee44b42d32ed\",\"name\":\"Telinha\",\"image\":{\"@type\":\"ImageObject\",\"inLanguage\":\"pt-PT\",\"@id\":\"https:\/\/portaltela.pt\/s.01k8rhncp4jt1\/2025\/11\/talking-bot-125x125.png\",\"url\":\"https:\/\/portaltela.pt\/s.01k8rhncp4jt1\/2025\/11\/talking-bot-125x125.png\",\"contentUrl\":\"https:\/\/portaltela.pt\/s.01k8rhncp4jt1\/2025\/11\/talking-bot-125x125.png\",\"caption\":\"Telinha\"},\"sameAs\":[\"https:\/\/portaltela.pt\/\"],\"url\":\"https:\/\/portaltela.pt\/por\/367410592786\/\"}]}<\/script>\n<!-- \/ Yoast SEO plugin. -->","yoast_head_json":{"title":"Civis mortos no Sud\u00e3o duplicam em 2025, diz a ONU - Portal Tela Portugal","robots":{"index":"index","follow":"follow","max-snippet":"max-snippet:-1","max-image-preview":"max-image-preview:large","max-video-preview":"max-video-preview:-1"},"og_locale":"pt_PT","og_type":"article","og_title":"Civis mortos no Sud\u00e3o duplicam em 2025, diz a ONU - Portal Tela Portugal","og_description":"O n\u00famero de civis mortos no Sud\u00e3o mais do que duplicou em 2025, segundo a ONU. A detec\u00e7\u00e3o e divulga\u00e7\u00e3o deste dado s\u00e3o feitas pela Organiza\u00e7\u00e3o das Na\u00e7\u00f5es Unidas. O conte\u00fado completo da not\u00edcia est\u00e1 dispon\u00edvel apenas para subscritores. O resumo n\u00e3o inclui detalhes adicionais no texto dispon\u00edvel.","og_url":"https:\/\/portaltela.pt\/noticias\/2026\/02\/26\/civis-mortos-no-sudao-duplicam-em-2025-diz-a-onu\/","og_site_name":"Portal Tela Portugal","article_published_time":"2026-02-26T13:56:00+00:00","author":"Telinha","twitter_card":"summary_large_image","twitter_misc":{"Escrito por":"Telinha","Tempo estimado de leitura":"1 minuto"},"schema":{"@context":"https:\/\/schema.org","@graph":[{"@type":"Article","@id":"https:\/\/portaltela.pt\/noticias\/2026\/02\/26\/civis-mortos-no-sudao-duplicam-em-2025-diz-a-onu\/#article","isPartOf":{"@id":"https:\/\/portaltela.pt\/noticias\/2026\/02\/26\/civis-mortos-no-sudao-duplicam-em-2025-diz-a-onu\/"},"author":{"name":"Telinha","@id":"https:\/\/portaltela.pt\/#\/schema\/person\/c4278d4a6028830caff9ee44b42d32ed"},"headline":"Civis mortos no Sud\u00e3o duplicam em 2025, diz a ONU","datePublished":"2026-02-26T13:56:00+00:00","mainEntityOfPage":{"@id":"https:\/\/portaltela.pt\/noticias\/2026\/02\/26\/civis-mortos-no-sudao-duplicam-em-2025-diz-a-onu\/"},"wordCount":128,"image":{"@id":"https:\/\/portaltela.pt\/noticias\/2026\/02\/26\/civis-mortos-no-sudao-duplicam-em-2025-diz-a-onu\/#primaryimage"},"thumbnailUrl":"https:\/\/portaltela.pt\/s.01k8rhncp4jt1\/2026\/02\/CACHE_780X1200_ANALOG_WATERMARKED_46623993_504637323974082.jpg","keywords":["conflito","crises internacionais","direitos humanos","ONU","Sud\u00e3o","viol\u00eancia"],"articleSection":["Not\u00edcias"],"inLanguage":"pt-PT"},{"@type":"WebPage","@id":"https:\/\/portaltela.pt\/noticias\/2026\/02\/26\/civis-mortos-no-sudao-duplicam-em-2025-diz-a-onu\/","url":"https:\/\/portaltela.pt\/noticias\/2026\/02\/26\/civis-mortos-no-sudao-duplicam-em-2025-diz-a-onu\/","name":"Civis mortos no Sud\u00e3o duplicam em 2025, diz a ONU - Portal Tela Portugal","isPartOf":{"@id":"https:\/\/portaltela.pt\/#website"},"primaryImageOfPage":{"@id":"https:\/\/portaltela.pt\/noticias\/2026\/02\/26\/civis-mortos-no-sudao-duplicam-em-2025-diz-a-onu\/#primaryimage"},"image":{"@id":"https:\/\/portaltela.pt\/noticias\/2026\/02\/26\/civis-mortos-no-sudao-duplicam-em-2025-diz-a-onu\/#primaryimage"},"thumbnailUrl":"https:\/\/portaltela.pt\/s.01k8rhncp4jt1\/2026\/02\/CACHE_780X1200_ANALOG_WATERMARKED_46623993_504637323974082.jpg","datePublished":"2026-02-26T13:56:00+00:00","author":{"@id":"https:\/\/portaltela.pt\/#\/schema\/person\/c4278d4a6028830caff9ee44b42d32ed"},"breadcrumb":{"@id":"https:\/\/portaltela.pt\/noticias\/2026\/02\/26\/civis-mortos-no-sudao-duplicam-em-2025-diz-a-onu\/#breadcrumb"},"inLanguage":"pt-PT","potentialAction":[{"@type":"ReadAction","target":["https:\/\/portaltela.pt\/noticias\/2026\/02\/26\/civis-mortos-no-sudao-duplicam-em-2025-diz-a-onu\/"]}]},{"@type":"ImageObject","inLanguage":"pt-PT","@id":"https:\/\/portaltela.pt\/noticias\/2026\/02\/26\/civis-mortos-no-sudao-duplicam-em-2025-diz-a-onu\/#primaryimage","url":"https:\/\/portaltela.pt\/s.01k8rhncp4jt1\/2026\/02\/CACHE_780X1200_ANALOG_WATERMARKED_46623993_504637323974082.jpg","contentUrl":"https:\/\/portaltela.pt\/s.01k8rhncp4jt1\/2026\/02\/CACHE_780X1200_ANALOG_WATERMARKED_46623993_504637323974082.jpg","width":796,"height":448,"caption":"N\u00famero de civis mortos no Sud\u00e3o mais do que duplicou em 2025 - ONU"},{"@type":"BreadcrumbList","@id":"https:\/\/portaltela.pt\/noticias\/2026\/02\/26\/civis-mortos-no-sudao-duplicam-em-2025-diz-a-onu\/#breadcrumb","itemListElement":[{"@type":"ListItem","position":1,"name":"In\u00edcio","item":"https:\/\/portaltela.pt\/"},{"@type":"ListItem","position":2,"name":"Civis mortos no Sud\u00e3o duplicam em 2025, diz a ONU"}]},{"@type":"WebSite","@id":"https:\/\/portaltela.pt\/#website","url":"https:\/\/portaltela.pt\/","name":"Portal Tela Portugal","description":"","potentialAction":[{"@type":"SearchAction","target":{"@type":"EntryPoint","urlTemplate":"https:\/\/portaltela.pt\/?s={search_term_string}"},"query-input":{"@type":"PropertyValueSpecification","valueRequired":true,"valueName":"search_term_string"}}],"inLanguage":"pt-PT"},{"@type":"Person","@id":"https:\/\/portaltela.pt\/#\/schema\/person\/c4278d4a6028830caff9ee44b42d32ed","name":"Telinha","image":{"@type":"ImageObject","inLanguage":"pt-PT","@id":"https:\/\/portaltela.pt\/s.01k8rhncp4jt1\/2025\/11\/talking-bot-125x125.png","url":"https:\/\/portaltela.pt\/s.01k8rhncp4jt1\/2025\/11\/talking-bot-125x125.png","contentUrl":"https:\/\/portaltela.pt\/s.01k8rhncp4jt1\/2025\/11\/talking-bot-125x125.png","caption":"Telinha"},"sameAs":["https:\/\/portaltela.pt\/"],"url":"https:\/\/portaltela.pt\/por\/367410592786\/"}]}},"_links":{"self":[{"href":"https:\/\/portaltela.pt\/api\/wp\/v2\/posts\/389137","targetHints":{"allow":["GET"]}}],"collection":[{"href":"https:\/\/portaltela.pt\/api\/wp\/v2\/posts"}],"about":[{"href":"https:\/\/portaltela.pt\/api\/wp\/v2\/types\/post"}],"author":[{"embeddable":true,"href":"https:\/\/portaltela.pt\/api\/wp\/v2\/users\/2"}],"replies":[{"embeddable":true,"href":"https:\/\/portaltela.pt\/api\/wp\/v2\/comments?post=389137"}],"version-history":[{"count":0,"href":"https:\/\/portaltela.pt\/api\/wp\/v2\/posts\/389137\/revisions"}],"wp:featuredmedia":[{"embeddable":true,"href":"https:\/\/portaltela.pt\/api\/wp\/v2\/media\/389155"}],"wp:attachment":[{"href":"https:\/\/portaltela.pt\/api\/wp\/v2\/media?parent=389137"}],"wp:term":[{"taxonomy":"category","embeddable":true,"href":"https:\/\/portaltela.pt\/api\/wp\/v2\/categories?post=389137"},{"taxonomy":"post_tag","embeddable":true,"href":"https:\/\/portaltela.pt\/api\/wp\/v2\/tags?post=389137"}],"curies":[{"name":"wp","href":"https:\/\/api.w.org\/{rel}","templated":true}]}}