{"id":389104,"date":"2026-02-26T10:31:46","date_gmt":"2026-02-26T13:31:46","guid":{"rendered":"https:\/\/portaltela.pt\/noticias\/2026\/02\/26\/mais-de-200-clientes-ficaram-sem-eletricidade-em-leiria\/"},"modified":"2026-02-26T10:31:46","modified_gmt":"2026-02-26T13:31:46","slug":"mais-de-200-clientes-ficaram-sem-eletricidade-em-leiria","status":"publish","type":"post","link":"https:\/\/portaltela.pt\/noticias\/2026\/02\/26\/mais-de-200-clientes-ficaram-sem-eletricidade-em-leiria\/","title":{"rendered":"Mais de 200 clientes ficaram sem eletricidade em Leiria"},"content":{"rendered":"<p>Mais de 200 clientes continuam sem eletricidade no concelho de Leiria, quase um m\u00eas depois de as tempestades atingirem a regi\u00e3o, segundo o presidente da C\u00e2mara, Gon\u00e7alo Lopes. O epis\u00f3dio envolve o grupo EDP e a E-Redes, respons\u00e1vel pela distribui\u00e7\u00e3o.<\/p>\n<p>O l\u00edder municipal diz que h\u00e1 informa\u00e7\u00f5es contradit\u00f3rias. Enquanto a EDP afirma ter restabelecido 100% dos clientes, o autarca cita n\u00fameros que apontam para 218 contadores sem energia ainda.<\/p>\n<p>A Administra\u00e7\u00e3o da EDP, na confer\u00eancia com analistas, indicou ter recuperado a energia a todos os clientes afetados, com exce\u00e7\u00f5es pontuais por resolver em breve. O pior, dizem, j\u00e1 passou.<\/p>\n<p>Gon\u00e7alo Lopes revelou ter estado em contacto com Jos\u00e9 Ferrari Careto e pediu uma reuni\u00e3o para acelerar o restabelecimento. Prop\u00f4s um plano de a\u00e7\u00e3o para melhorar a gest\u00e3o de geradores e a comunica\u00e7\u00e3o no concelho.<\/p>\n<h3>Plano da A\u00e7\u00e3o Norte do Concelho<\/h3>\n<p>O autarca descreveu que o objetivo era tornar r\u00e1pidas as decis\u00f5es na \u00e1rea mais afetada. Referiu ainda linhas de comunica\u00e7\u00e3o para evitar diferen\u00e7as de tratamento entre vias com energia e as que ainda n\u00e3o tinham.<\/p>\n<p>O presidente da C\u00e2mara indicou que o encontro com a E-Redes acabou por terminar sem que o presidente da empresa permanecesse na sess\u00e3o. A conversa seguiu com outros dirigentes presentes.<\/p>\n<p>Gon\u00e7alo Lopes lembrou que a atividade da E-Redes \u00e9 regulada pela ERSE, destacando a necessidade de a\u00e7\u00f5es que protejam clientes e empresas. A autarquia pediu \u00e0 entidade reguladora que atue para esclarecer o que aconteceu.<\/p>\n<h3>Situa\u00e7\u00e3o de telecomunica\u00e7\u00f5es e contexto nacional<\/h3>\n<p>Relativamente \u00e0s telecomunica\u00e7\u00f5es, o autarca assinalou queda de capacidade em todo o territ\u00f3rio, com v\u00e1rias linhas fixas sem funcionar. Um operador apontou, na altura, cerca de 6000 pessoas sem rede m\u00f3vel.<\/p>\n<p>No conjunto do pa\u00eds, 18 pessoas perderam a vida na sequ\u00eancia das depress\u00f5es Kristin, Leonardo e Marta. As regi\u00f5es Centro, Lisboa e Vale do Tejo e Alentejo foram as mais afetadas.<\/p>\n<p>A ocorr\u00eancia de calamidade terminou em 15 de fevereiro, abrangendo os 68 concelhos mais afetados. A situa\u00e7\u00e3o incluiu danos materiais amplos, com quedas de \u00e1rvores, estradas e servi\u00e7os afetados.<\/p>\n","protected":false},"excerpt":{"rendered":"<ul>\n<li>Mais de 200 clientes continuam sem eletricidade no concelho de Leiria, quase um m\u00eas ap\u00f3s a depress\u00e3o Kristin afetar a regi\u00e3o.<\/li>\n<li>O presidente da C\u00e2mara, Gon\u00e7alo Lopes, disse que h\u00e1 informa\u00e7\u00f5es contradit\u00f3rias na EDP: h\u00e1 quem diga que j\u00e1 est\u00e1 tudo reposto, mas outros apontam 218 contadores sem energia.<\/li>\n<li>O presidente executivo da EDP afirmou que j\u00e1 restabeleceu a energia a 100% dos clientes afetados, com apenas algumas situa\u00e7\u00f5es espec\u00edficas a resolver brevemente.<\/li>\n<li>A autarquia pediu \u00e0 Entidade Reguladora dos Servi\u00e7os Energ\u00e9ticos (ERSE) para agir e esclarecer o que aconteceu, de modo a defender os interesses dos clientes e evitar lit\u00edgios.<\/li>\n<li>Em Telecomunica\u00e7\u00f5es, o territ\u00f3rio regista redu\u00e7\u00e3o de capacidade de comunica\u00e7\u00e3o, com v\u00e1rias linhas fixas ainda fora de servi\u00e7o; uma das operadoras indicou cerca de seis mil pessoas sem rede m\u00f3vel.<\/li>\n<\/ul>\n","protected":false},"author":2,"featured_media":389118,"comment_status":"closed","ping_status":"closed","sticky":false,"template":"","format":"standard","meta":{"footnotes":""},"categories":[1],"tags":[4729,174,4549,5307,1385,2171],"class_list":["post-389104","post","type-post","status-publish","format-standard","has-post-thumbnail","hentry","category-noticias","tag-abastecimento-de-energia","tag-energia","tag-energia-eletrica","tag-erse","tag-leiria","tag-telecomunicacoes"],"yoast_head":"<!-- This site is optimized with the Yoast SEO plugin v27.2 - https:\/\/yoast.com\/product\/yoast-seo-wordpress\/ -->\n<title>Mais de 200 clientes ficaram sem eletricidade em Leiria - Portal Tela Portugal<\/title>\n<meta name=\"robots\" content=\"index, follow, max-snippet:-1, max-image-preview:large, max-video-preview:-1\" \/>\n<meta property=\"og:locale\" content=\"pt_PT\" \/>\n<meta property=\"og:type\" content=\"article\" \/>\n<meta property=\"og:title\" content=\"Mais de 200 clientes ficaram sem eletricidade em Leiria - Portal Tela Portugal\" \/>\n<meta property=\"og:description\" content=\"Mais de 200 clientes continuam sem eletricidade no concelho de Leiria, quase um m\u00eas ap\u00f3s a depress\u00e3o Kristin afetar a regi\u00e3o. O presidente da C\u00e2mara, Gon\u00e7alo Lopes, disse que h\u00e1 informa\u00e7\u00f5es contradit\u00f3rias na EDP: h\u00e1 quem diga que j\u00e1 est\u00e1 tudo reposto, mas outros apontam 218 contadores sem energia. O presidente executivo da EDP afirmou que j\u00e1 restabeleceu a energia a 100% dos clientes afetados, com apenas algumas situa\u00e7\u00f5es espec\u00edficas a resolver brevemente. A autarquia pediu \u00e0 Entidade Reguladora dos Servi\u00e7os Energ\u00e9ticos (ERSE) para agir e esclarecer o que aconteceu, de modo a defender os interesses dos clientes e evitar lit\u00edgios. Em Telecomunica\u00e7\u00f5es, o territ\u00f3rio regista redu\u00e7\u00e3o de capacidade de comunica\u00e7\u00e3o, com v\u00e1rias linhas fixas ainda fora de servi\u00e7o; uma das operadoras indicou cerca de seis mil pessoas sem rede m\u00f3vel.\" \/>\n<meta property=\"og:url\" content=\"https:\/\/portaltela.pt\/noticias\/2026\/02\/26\/mais-de-200-clientes-ficaram-sem-eletricidade-em-leiria\/\" \/>\n<meta property=\"og:site_name\" content=\"Portal Tela Portugal\" \/>\n<meta property=\"article:published_time\" content=\"2026-02-26T13:31:46+00:00\" \/>\n<meta name=\"author\" content=\"Telinha\" \/>\n<meta name=\"twitter:card\" content=\"summary_large_image\" \/>\n<meta name=\"twitter:label1\" content=\"Escrito por\" \/>\n\t<meta name=\"twitter:data1\" content=\"Telinha\" \/>\n\t<meta name=\"twitter:label2\" content=\"Tempo estimado de leitura\" \/>\n\t<meta name=\"twitter:data2\" content=\"2 minutos\" \/>\n<script type=\"application\/ld+json\" class=\"yoast-schema-graph\">{\"@context\":\"https:\/\/schema.org\",\"@graph\":[{\"@type\":\"Article\",\"@id\":\"https:\/\/portaltela.pt\/noticias\/2026\/02\/26\/mais-de-200-clientes-ficaram-sem-eletricidade-em-leiria\/#article\",\"isPartOf\":{\"@id\":\"https:\/\/portaltela.pt\/noticias\/2026\/02\/26\/mais-de-200-clientes-ficaram-sem-eletricidade-em-leiria\/\"},\"author\":{\"name\":\"Telinha\",\"@id\":\"https:\/\/portaltela.pt\/#\/schema\/person\/c4278d4a6028830caff9ee44b42d32ed\"},\"headline\":\"Mais de 200 clientes ficaram sem eletricidade em Leiria\",\"datePublished\":\"2026-02-26T13:31:46+00:00\",\"mainEntityOfPage\":{\"@id\":\"https:\/\/portaltela.pt\/noticias\/2026\/02\/26\/mais-de-200-clientes-ficaram-sem-eletricidade-em-leiria\/\"},\"wordCount\":379,\"image\":{\"@id\":\"https:\/\/portaltela.pt\/noticias\/2026\/02\/26\/mais-de-200-clientes-ficaram-sem-eletricidade-em-leiria\/#primaryimage\"},\"thumbnailUrl\":\"https:\/\/portaltela.pt\/s.01k8rhncp4jt1\/2026\/02\/img_1500x1000uu2026-02-26-13-29-48-2269132.jpg\",\"keywords\":[\"abastecimento de energia\",\"energia\",\"energia el\u00e9trica\",\"ERSE\",\"Leiria\",\"telecomunica\u00e7\u00f5es\"],\"articleSection\":[\"Not\u00edcias\"],\"inLanguage\":\"pt-PT\"},{\"@type\":\"WebPage\",\"@id\":\"https:\/\/portaltela.pt\/noticias\/2026\/02\/26\/mais-de-200-clientes-ficaram-sem-eletricidade-em-leiria\/\",\"url\":\"https:\/\/portaltela.pt\/noticias\/2026\/02\/26\/mais-de-200-clientes-ficaram-sem-eletricidade-em-leiria\/\",\"name\":\"Mais de 200 clientes ficaram sem eletricidade em Leiria - Portal Tela Portugal\",\"isPartOf\":{\"@id\":\"https:\/\/portaltela.pt\/#website\"},\"primaryImageOfPage\":{\"@id\":\"https:\/\/portaltela.pt\/noticias\/2026\/02\/26\/mais-de-200-clientes-ficaram-sem-eletricidade-em-leiria\/#primaryimage\"},\"image\":{\"@id\":\"https:\/\/portaltela.pt\/noticias\/2026\/02\/26\/mais-de-200-clientes-ficaram-sem-eletricidade-em-leiria\/#primaryimage\"},\"thumbnailUrl\":\"https:\/\/portaltela.pt\/s.01k8rhncp4jt1\/2026\/02\/img_1500x1000uu2026-02-26-13-29-48-2269132.jpg\",\"datePublished\":\"2026-02-26T13:31:46+00:00\",\"author\":{\"@id\":\"https:\/\/portaltela.pt\/#\/schema\/person\/c4278d4a6028830caff9ee44b42d32ed\"},\"breadcrumb\":{\"@id\":\"https:\/\/portaltela.pt\/noticias\/2026\/02\/26\/mais-de-200-clientes-ficaram-sem-eletricidade-em-leiria\/#breadcrumb\"},\"inLanguage\":\"pt-PT\",\"potentialAction\":[{\"@type\":\"ReadAction\",\"target\":[\"https:\/\/portaltela.pt\/noticias\/2026\/02\/26\/mais-de-200-clientes-ficaram-sem-eletricidade-em-leiria\/\"]}]},{\"@type\":\"ImageObject\",\"inLanguage\":\"pt-PT\",\"@id\":\"https:\/\/portaltela.pt\/noticias\/2026\/02\/26\/mais-de-200-clientes-ficaram-sem-eletricidade-em-leiria\/#primaryimage\",\"url\":\"https:\/\/portaltela.pt\/s.01k8rhncp4jt1\/2026\/02\/img_1500x1000uu2026-02-26-13-29-48-2269132.jpg\",\"contentUrl\":\"https:\/\/portaltela.pt\/s.01k8rhncp4jt1\/2026\/02\/img_1500x1000uu2026-02-26-13-29-48-2269132.jpg\",\"width\":796,\"height\":448,\"caption\":\"Silvino Ferreira dos Santos, com 80 anos, residente em Ch\u00e3s, Regueira de Pontes, est\u00e1 sem eletricidade desde 28 de fevereiro em consequ\u00eancia da passagem da tempestade Kristin\"},{\"@type\":\"BreadcrumbList\",\"@id\":\"https:\/\/portaltela.pt\/noticias\/2026\/02\/26\/mais-de-200-clientes-ficaram-sem-eletricidade-em-leiria\/#breadcrumb\",\"itemListElement\":[{\"@type\":\"ListItem\",\"position\":1,\"name\":\"In\u00edcio\",\"item\":\"https:\/\/portaltela.pt\/\"},{\"@type\":\"ListItem\",\"position\":2,\"name\":\"Mais de 200 clientes ficaram sem eletricidade em Leiria\"}]},{\"@type\":\"WebSite\",\"@id\":\"https:\/\/portaltela.pt\/#website\",\"url\":\"https:\/\/portaltela.pt\/\",\"name\":\"Portal Tela Portugal\",\"description\":\"\",\"potentialAction\":[{\"@type\":\"SearchAction\",\"target\":{\"@type\":\"EntryPoint\",\"urlTemplate\":\"https:\/\/portaltela.pt\/?s={search_term_string}\"},\"query-input\":{\"@type\":\"PropertyValueSpecification\",\"valueRequired\":true,\"valueName\":\"search_term_string\"}}],\"inLanguage\":\"pt-PT\"},{\"@type\":\"Person\",\"@id\":\"https:\/\/portaltela.pt\/#\/schema\/person\/c4278d4a6028830caff9ee44b42d32ed\",\"name\":\"Telinha\",\"image\":{\"@type\":\"ImageObject\",\"inLanguage\":\"pt-PT\",\"@id\":\"https:\/\/portaltela.pt\/s.01k8rhncp4jt1\/2025\/11\/talking-bot-125x125.png\",\"url\":\"https:\/\/portaltela.pt\/s.01k8rhncp4jt1\/2025\/11\/talking-bot-125x125.png\",\"contentUrl\":\"https:\/\/portaltela.pt\/s.01k8rhncp4jt1\/2025\/11\/talking-bot-125x125.png\",\"caption\":\"Telinha\"},\"sameAs\":[\"https:\/\/portaltela.pt\/\"],\"url\":\"https:\/\/portaltela.pt\/por\/367410592786\/\"}]}<\/script>\n<!-- \/ Yoast SEO plugin. -->","yoast_head_json":{"title":"Mais de 200 clientes ficaram sem eletricidade em Leiria - Portal Tela Portugal","robots":{"index":"index","follow":"follow","max-snippet":"max-snippet:-1","max-image-preview":"max-image-preview:large","max-video-preview":"max-video-preview:-1"},"og_locale":"pt_PT","og_type":"article","og_title":"Mais de 200 clientes ficaram sem eletricidade em Leiria - Portal Tela Portugal","og_description":"Mais de 200 clientes continuam sem eletricidade no concelho de Leiria, quase um m\u00eas ap\u00f3s a depress\u00e3o Kristin afetar a regi\u00e3o. O presidente da C\u00e2mara, Gon\u00e7alo Lopes, disse que h\u00e1 informa\u00e7\u00f5es contradit\u00f3rias na EDP: h\u00e1 quem diga que j\u00e1 est\u00e1 tudo reposto, mas outros apontam 218 contadores sem energia. O presidente executivo da EDP afirmou que j\u00e1 restabeleceu a energia a 100% dos clientes afetados, com apenas algumas situa\u00e7\u00f5es espec\u00edficas a resolver brevemente. A autarquia pediu \u00e0 Entidade Reguladora dos Servi\u00e7os Energ\u00e9ticos (ERSE) para agir e esclarecer o que aconteceu, de modo a defender os interesses dos clientes e evitar lit\u00edgios. Em Telecomunica\u00e7\u00f5es, o territ\u00f3rio regista redu\u00e7\u00e3o de capacidade de comunica\u00e7\u00e3o, com v\u00e1rias linhas fixas ainda fora de servi\u00e7o; uma das operadoras indicou cerca de seis mil pessoas sem rede m\u00f3vel.","og_url":"https:\/\/portaltela.pt\/noticias\/2026\/02\/26\/mais-de-200-clientes-ficaram-sem-eletricidade-em-leiria\/","og_site_name":"Portal Tela Portugal","article_published_time":"2026-02-26T13:31:46+00:00","author":"Telinha","twitter_card":"summary_large_image","twitter_misc":{"Escrito por":"Telinha","Tempo estimado de leitura":"2 minutos"},"schema":{"@context":"https:\/\/schema.org","@graph":[{"@type":"Article","@id":"https:\/\/portaltela.pt\/noticias\/2026\/02\/26\/mais-de-200-clientes-ficaram-sem-eletricidade-em-leiria\/#article","isPartOf":{"@id":"https:\/\/portaltela.pt\/noticias\/2026\/02\/26\/mais-de-200-clientes-ficaram-sem-eletricidade-em-leiria\/"},"author":{"name":"Telinha","@id":"https:\/\/portaltela.pt\/#\/schema\/person\/c4278d4a6028830caff9ee44b42d32ed"},"headline":"Mais de 200 clientes ficaram sem eletricidade em Leiria","datePublished":"2026-02-26T13:31:46+00:00","mainEntityOfPage":{"@id":"https:\/\/portaltela.pt\/noticias\/2026\/02\/26\/mais-de-200-clientes-ficaram-sem-eletricidade-em-leiria\/"},"wordCount":379,"image":{"@id":"https:\/\/portaltela.pt\/noticias\/2026\/02\/26\/mais-de-200-clientes-ficaram-sem-eletricidade-em-leiria\/#primaryimage"},"thumbnailUrl":"https:\/\/portaltela.pt\/s.01k8rhncp4jt1\/2026\/02\/img_1500x1000uu2026-02-26-13-29-48-2269132.jpg","keywords":["abastecimento de energia","energia","energia el\u00e9trica","ERSE","Leiria","telecomunica\u00e7\u00f5es"],"articleSection":["Not\u00edcias"],"inLanguage":"pt-PT"},{"@type":"WebPage","@id":"https:\/\/portaltela.pt\/noticias\/2026\/02\/26\/mais-de-200-clientes-ficaram-sem-eletricidade-em-leiria\/","url":"https:\/\/portaltela.pt\/noticias\/2026\/02\/26\/mais-de-200-clientes-ficaram-sem-eletricidade-em-leiria\/","name":"Mais de 200 clientes ficaram sem eletricidade em Leiria - Portal Tela Portugal","isPartOf":{"@id":"https:\/\/portaltela.pt\/#website"},"primaryImageOfPage":{"@id":"https:\/\/portaltela.pt\/noticias\/2026\/02\/26\/mais-de-200-clientes-ficaram-sem-eletricidade-em-leiria\/#primaryimage"},"image":{"@id":"https:\/\/portaltela.pt\/noticias\/2026\/02\/26\/mais-de-200-clientes-ficaram-sem-eletricidade-em-leiria\/#primaryimage"},"thumbnailUrl":"https:\/\/portaltela.pt\/s.01k8rhncp4jt1\/2026\/02\/img_1500x1000uu2026-02-26-13-29-48-2269132.jpg","datePublished":"2026-02-26T13:31:46+00:00","author":{"@id":"https:\/\/portaltela.pt\/#\/schema\/person\/c4278d4a6028830caff9ee44b42d32ed"},"breadcrumb":{"@id":"https:\/\/portaltela.pt\/noticias\/2026\/02\/26\/mais-de-200-clientes-ficaram-sem-eletricidade-em-leiria\/#breadcrumb"},"inLanguage":"pt-PT","potentialAction":[{"@type":"ReadAction","target":["https:\/\/portaltela.pt\/noticias\/2026\/02\/26\/mais-de-200-clientes-ficaram-sem-eletricidade-em-leiria\/"]}]},{"@type":"ImageObject","inLanguage":"pt-PT","@id":"https:\/\/portaltela.pt\/noticias\/2026\/02\/26\/mais-de-200-clientes-ficaram-sem-eletricidade-em-leiria\/#primaryimage","url":"https:\/\/portaltela.pt\/s.01k8rhncp4jt1\/2026\/02\/img_1500x1000uu2026-02-26-13-29-48-2269132.jpg","contentUrl":"https:\/\/portaltela.pt\/s.01k8rhncp4jt1\/2026\/02\/img_1500x1000uu2026-02-26-13-29-48-2269132.jpg","width":796,"height":448,"caption":"Silvino Ferreira dos Santos, com 80 anos, residente em Ch\u00e3s, Regueira de Pontes, est\u00e1 sem eletricidade desde 28 de fevereiro em consequ\u00eancia da passagem da tempestade Kristin"},{"@type":"BreadcrumbList","@id":"https:\/\/portaltela.pt\/noticias\/2026\/02\/26\/mais-de-200-clientes-ficaram-sem-eletricidade-em-leiria\/#breadcrumb","itemListElement":[{"@type":"ListItem","position":1,"name":"In\u00edcio","item":"https:\/\/portaltela.pt\/"},{"@type":"ListItem","position":2,"name":"Mais de 200 clientes ficaram sem eletricidade em Leiria"}]},{"@type":"WebSite","@id":"https:\/\/portaltela.pt\/#website","url":"https:\/\/portaltela.pt\/","name":"Portal Tela Portugal","description":"","potentialAction":[{"@type":"SearchAction","target":{"@type":"EntryPoint","urlTemplate":"https:\/\/portaltela.pt\/?s={search_term_string}"},"query-input":{"@type":"PropertyValueSpecification","valueRequired":true,"valueName":"search_term_string"}}],"inLanguage":"pt-PT"},{"@type":"Person","@id":"https:\/\/portaltela.pt\/#\/schema\/person\/c4278d4a6028830caff9ee44b42d32ed","name":"Telinha","image":{"@type":"ImageObject","inLanguage":"pt-PT","@id":"https:\/\/portaltela.pt\/s.01k8rhncp4jt1\/2025\/11\/talking-bot-125x125.png","url":"https:\/\/portaltela.pt\/s.01k8rhncp4jt1\/2025\/11\/talking-bot-125x125.png","contentUrl":"https:\/\/portaltela.pt\/s.01k8rhncp4jt1\/2025\/11\/talking-bot-125x125.png","caption":"Telinha"},"sameAs":["https:\/\/portaltela.pt\/"],"url":"https:\/\/portaltela.pt\/por\/367410592786\/"}]}},"_links":{"self":[{"href":"https:\/\/portaltela.pt\/api\/wp\/v2\/posts\/389104","targetHints":{"allow":["GET"]}}],"collection":[{"href":"https:\/\/portaltela.pt\/api\/wp\/v2\/posts"}],"about":[{"href":"https:\/\/portaltela.pt\/api\/wp\/v2\/types\/post"}],"author":[{"embeddable":true,"href":"https:\/\/portaltela.pt\/api\/wp\/v2\/users\/2"}],"replies":[{"embeddable":true,"href":"https:\/\/portaltela.pt\/api\/wp\/v2\/comments?post=389104"}],"version-history":[{"count":0,"href":"https:\/\/portaltela.pt\/api\/wp\/v2\/posts\/389104\/revisions"}],"wp:featuredmedia":[{"embeddable":true,"href":"https:\/\/portaltela.pt\/api\/wp\/v2\/media\/389118"}],"wp:attachment":[{"href":"https:\/\/portaltela.pt\/api\/wp\/v2\/media?parent=389104"}],"wp:term":[{"taxonomy":"category","embeddable":true,"href":"https:\/\/portaltela.pt\/api\/wp\/v2\/categories?post=389104"},{"taxonomy":"post_tag","embeddable":true,"href":"https:\/\/portaltela.pt\/api\/wp\/v2\/tags?post=389104"}],"curies":[{"name":"wp","href":"https:\/\/api.w.org\/{rel}","templated":true}]}}