{"id":389098,"date":"2026-02-26T10:37:00","date_gmt":"2026-02-26T13:37:00","guid":{"rendered":"https:\/\/portaltela.pt\/noticias\/2026\/02\/26\/primeira-ministra-dinamarquesa-convoca-eleicoes-para-24-de-marco\/"},"modified":"2026-02-26T10:37:00","modified_gmt":"2026-02-26T13:37:00","slug":"primeira-ministra-dinamarquesa-convoca-eleicoes-para-24-de-marco","status":"publish","type":"post","link":"https:\/\/portaltela.pt\/noticias\/politica\/2026\/02\/26\/primeira-ministra-dinamarquesa-convoca-eleicoes-para-24-de-marco\/","title":{"rendered":"Primeira-ministra dinamarquesa convoca elei\u00e7\u00f5es para 24 de mar\u00e7o"},"content":{"rendered":"<p>A primeira-ministra dinamarquesa, Mette Frederiksen, anunciou hoje a convoca\u00e7\u00e3o de elei\u00e7\u00f5es legislativas para 24 de mar\u00e7o na Dinamarca. A decis\u00e3o foi comunicada aos cidad\u00e3os num contexto pol\u00edtico interno e em meio a preocupa\u00e7\u00f5es com a estabilidade governamental.<\/p>\n<p>Frederiksen indicou que a antecipa\u00e7\u00e3o do escrut\u00ednio eleitoral visa clarificar o apoio p\u00fablico ao governo e aos seus planos para o mandato. A medida inclui o acompanhamento do calend\u00e1rio parlamentar e das prioridades pol\u00edticas anunciadas pelo Executivo.<\/p>\n<p>A data marcada surge numa altura de tens\u00f5es entre a Dinamarca e os Estados Unidos, relacionadas com o interesse norte-americano pela Gronel\u00e2ndia, territ\u00f3rio aut\u00f3nomo dinamarqu\u00eas. O governo dinamarqu\u00eas n\u00e3o detalha implica\u00e7\u00f5es diretas para o processo eleitoral, mantendo o foco na legislatura em curso.<\/p>\n<h3>Contexto geopol\u00edtico<\/h3>\n<p>A Gronel\u00e2ndia tem estado no centro de debates internacionais devido a potenciais recursos naturais e estrat\u00e9gicos. O tema tem sido feito acompanhar por discuss\u00f5es entre Copenhaga e Washington sobre coopera\u00e7\u00e3o, soberania e seguran\u00e7a regional.<\/p>\n<p>O an\u00fancio de elei\u00e7\u00f5es antecipadas n\u00e3o implica imediato ajustamento de alian\u00e7as ou de pol\u00edticas externas, segundo o governo. A an\u00e1lise pol\u00edtica local aponta para um escrut\u00ednio sobre a gest\u00e3o econ\u00f3mica, social e de pol\u00edticas externas do Executivo.<\/p>\n","protected":false},"excerpt":{"rendered":"<ul>\n<li>A primeira-ministra da Dinamarca, Mette Frederiksen, anunciou elei\u00e7\u00f5es legislativas antecipadas para 24 de mar\u00e7o.<\/li>\n<li>A decis\u00e3o surge numa fase de tens\u00e3o entre Dinamarca e Estados Unidos devido \u00e0s pretens\u00f5es sobre a Gronel\u00e2ndia.<\/li>\n<li>A Gronel\u00e2ndia \u00e9 territ\u00f3rio aut\u00f3nomo sob a Dinamarca.<\/li>\n<li>O an\u00fancio ocorre em contexto de rela\u00e7\u00e3o entre Dinamarca e Estados Unidos.<\/li>\n<\/ul>\n","protected":false},"author":2,"featured_media":389116,"comment_status":"closed","ping_status":"closed","sticky":false,"template":"","format":"standard","meta":{"footnotes":""},"categories":[1,5],"tags":[2503,68,66,3783,5698,5542],"class_list":["post-389098","post","type-post","status-publish","format-standard","has-post-thumbnail","hentry","category-noticias","category-politica","tag-dinamarca","tag-eleicoes","tag-geopolitica","tag-groenlandia","tag-politica-internacional","tag-territorios"],"yoast_head":"<!-- This site is optimized with the Yoast SEO plugin v27.2 - https:\/\/yoast.com\/product\/yoast-seo-wordpress\/ -->\n<title>Primeira-ministra dinamarquesa convoca elei\u00e7\u00f5es para 24 de mar\u00e7o - Portal Tela Portugal<\/title>\n<meta name=\"robots\" content=\"index, follow, max-snippet:-1, max-image-preview:large, max-video-preview:-1\" \/>\n<meta property=\"og:locale\" content=\"pt_PT\" \/>\n<meta property=\"og:type\" content=\"article\" \/>\n<meta property=\"og:title\" content=\"Primeira-ministra dinamarquesa convoca elei\u00e7\u00f5es para 24 de mar\u00e7o - Portal Tela Portugal\" \/>\n<meta property=\"og:description\" content=\"A primeira-ministra da Dinamarca, Mette Frederiksen, anunciou elei\u00e7\u00f5es legislativas antecipadas para 24 de mar\u00e7o. A decis\u00e3o surge numa fase de tens\u00e3o entre Dinamarca e Estados Unidos devido \u00e0s pretens\u00f5es sobre a Gronel\u00e2ndia. A Gronel\u00e2ndia \u00e9 territ\u00f3rio aut\u00f3nomo sob a Dinamarca. O an\u00fancio ocorre em contexto de rela\u00e7\u00e3o entre Dinamarca e Estados Unidos.\" \/>\n<meta property=\"og:url\" content=\"https:\/\/portaltela.pt\/noticias\/2026\/02\/26\/primeira-ministra-dinamarquesa-convoca-eleicoes-para-24-de-marco\/\" \/>\n<meta property=\"og:site_name\" content=\"Portal Tela Portugal\" \/>\n<meta property=\"article:published_time\" content=\"2026-02-26T13:37:00+00:00\" \/>\n<meta name=\"author\" content=\"Telinha\" \/>\n<meta name=\"twitter:card\" content=\"summary_large_image\" \/>\n<meta name=\"twitter:label1\" content=\"Escrito por\" \/>\n\t<meta name=\"twitter:data1\" content=\"Telinha\" \/>\n\t<meta name=\"twitter:label2\" content=\"Tempo estimado de leitura\" \/>\n\t<meta name=\"twitter:data2\" content=\"1 minuto\" \/>\n<script type=\"application\/ld+json\" class=\"yoast-schema-graph\">{\"@context\":\"https:\/\/schema.org\",\"@graph\":[{\"@type\":\"Article\",\"@id\":\"https:\/\/portaltela.pt\/noticias\/2026\/02\/26\/primeira-ministra-dinamarquesa-convoca-eleicoes-para-24-de-marco\/#article\",\"isPartOf\":{\"@id\":\"https:\/\/portaltela.pt\/noticias\/2026\/02\/26\/primeira-ministra-dinamarquesa-convoca-eleicoes-para-24-de-marco\/\"},\"author\":{\"name\":\"Telinha\",\"@id\":\"https:\/\/portaltela.pt\/#\/schema\/person\/c4278d4a6028830caff9ee44b42d32ed\"},\"headline\":\"Primeira-ministra dinamarquesa convoca elei\u00e7\u00f5es para 24 de mar\u00e7o\",\"datePublished\":\"2026-02-26T13:37:00+00:00\",\"mainEntityOfPage\":{\"@id\":\"https:\/\/portaltela.pt\/noticias\/2026\/02\/26\/primeira-ministra-dinamarquesa-convoca-eleicoes-para-24-de-marco\/\"},\"wordCount\":235,\"image\":{\"@id\":\"https:\/\/portaltela.pt\/noticias\/2026\/02\/26\/primeira-ministra-dinamarquesa-convoca-eleicoes-para-24-de-marco\/#primaryimage\"},\"thumbnailUrl\":\"https:\/\/portaltela.pt\/s.01k8rhncp4jt1\/2026\/02\/CACHE_780X1200_ANALOG_WATERMARKED_46644010_645736317353677.jpg\",\"keywords\":[\"Dinamarca\",\"elei\u00e7\u00f5es\",\"geopol\u00edtica\",\"Groenl\u00e2ndia\",\"pol\u00edtica internacional\",\"Territ\u00f3rios\"],\"articleSection\":[\"Not\u00edcias\",\"Pol\u00edtica\"],\"inLanguage\":\"pt-PT\"},{\"@type\":\"WebPage\",\"@id\":\"https:\/\/portaltela.pt\/noticias\/2026\/02\/26\/primeira-ministra-dinamarquesa-convoca-eleicoes-para-24-de-marco\/\",\"url\":\"https:\/\/portaltela.pt\/noticias\/2026\/02\/26\/primeira-ministra-dinamarquesa-convoca-eleicoes-para-24-de-marco\/\",\"name\":\"Primeira-ministra dinamarquesa convoca elei\u00e7\u00f5es para 24 de mar\u00e7o - Portal Tela Portugal\",\"isPartOf\":{\"@id\":\"https:\/\/portaltela.pt\/#website\"},\"primaryImageOfPage\":{\"@id\":\"https:\/\/portaltela.pt\/noticias\/2026\/02\/26\/primeira-ministra-dinamarquesa-convoca-eleicoes-para-24-de-marco\/#primaryimage\"},\"image\":{\"@id\":\"https:\/\/portaltela.pt\/noticias\/2026\/02\/26\/primeira-ministra-dinamarquesa-convoca-eleicoes-para-24-de-marco\/#primaryimage\"},\"thumbnailUrl\":\"https:\/\/portaltela.pt\/s.01k8rhncp4jt1\/2026\/02\/CACHE_780X1200_ANALOG_WATERMARKED_46644010_645736317353677.jpg\",\"datePublished\":\"2026-02-26T13:37:00+00:00\",\"author\":{\"@id\":\"https:\/\/portaltela.pt\/#\/schema\/person\/c4278d4a6028830caff9ee44b42d32ed\"},\"breadcrumb\":{\"@id\":\"https:\/\/portaltela.pt\/noticias\/2026\/02\/26\/primeira-ministra-dinamarquesa-convoca-eleicoes-para-24-de-marco\/#breadcrumb\"},\"inLanguage\":\"pt-PT\",\"potentialAction\":[{\"@type\":\"ReadAction\",\"target\":[\"https:\/\/portaltela.pt\/noticias\/2026\/02\/26\/primeira-ministra-dinamarquesa-convoca-eleicoes-para-24-de-marco\/\"]}]},{\"@type\":\"ImageObject\",\"inLanguage\":\"pt-PT\",\"@id\":\"https:\/\/portaltela.pt\/noticias\/2026\/02\/26\/primeira-ministra-dinamarquesa-convoca-eleicoes-para-24-de-marco\/#primaryimage\",\"url\":\"https:\/\/portaltela.pt\/s.01k8rhncp4jt1\/2026\/02\/CACHE_780X1200_ANALOG_WATERMARKED_46644010_645736317353677.jpg\",\"contentUrl\":\"https:\/\/portaltela.pt\/s.01k8rhncp4jt1\/2026\/02\/CACHE_780X1200_ANALOG_WATERMARKED_46644010_645736317353677.jpg\",\"width\":796,\"height\":448,\"caption\":\"Primeira-ministra dinamarquesa convoca elei\u00e7\u00f5es legislativas para 24 de mar\u00e7o\"},{\"@type\":\"BreadcrumbList\",\"@id\":\"https:\/\/portaltela.pt\/noticias\/2026\/02\/26\/primeira-ministra-dinamarquesa-convoca-eleicoes-para-24-de-marco\/#breadcrumb\",\"itemListElement\":[{\"@type\":\"ListItem\",\"position\":1,\"name\":\"In\u00edcio\",\"item\":\"https:\/\/portaltela.pt\/\"},{\"@type\":\"ListItem\",\"position\":2,\"name\":\"Primeira-ministra dinamarquesa convoca elei\u00e7\u00f5es para 24 de mar\u00e7o\"}]},{\"@type\":\"WebSite\",\"@id\":\"https:\/\/portaltela.pt\/#website\",\"url\":\"https:\/\/portaltela.pt\/\",\"name\":\"Portal Tela Portugal\",\"description\":\"\",\"potentialAction\":[{\"@type\":\"SearchAction\",\"target\":{\"@type\":\"EntryPoint\",\"urlTemplate\":\"https:\/\/portaltela.pt\/?s={search_term_string}\"},\"query-input\":{\"@type\":\"PropertyValueSpecification\",\"valueRequired\":true,\"valueName\":\"search_term_string\"}}],\"inLanguage\":\"pt-PT\"},{\"@type\":\"Person\",\"@id\":\"https:\/\/portaltela.pt\/#\/schema\/person\/c4278d4a6028830caff9ee44b42d32ed\",\"name\":\"Telinha\",\"image\":{\"@type\":\"ImageObject\",\"inLanguage\":\"pt-PT\",\"@id\":\"https:\/\/portaltela.pt\/s.01k8rhncp4jt1\/2025\/11\/talking-bot-125x125.png\",\"url\":\"https:\/\/portaltela.pt\/s.01k8rhncp4jt1\/2025\/11\/talking-bot-125x125.png\",\"contentUrl\":\"https:\/\/portaltela.pt\/s.01k8rhncp4jt1\/2025\/11\/talking-bot-125x125.png\",\"caption\":\"Telinha\"},\"sameAs\":[\"https:\/\/portaltela.pt\/\"],\"url\":\"https:\/\/portaltela.pt\/por\/367410592786\/\"}]}<\/script>\n<!-- \/ Yoast SEO plugin. -->","yoast_head_json":{"title":"Primeira-ministra dinamarquesa convoca elei\u00e7\u00f5es para 24 de mar\u00e7o - Portal Tela Portugal","robots":{"index":"index","follow":"follow","max-snippet":"max-snippet:-1","max-image-preview":"max-image-preview:large","max-video-preview":"max-video-preview:-1"},"og_locale":"pt_PT","og_type":"article","og_title":"Primeira-ministra dinamarquesa convoca elei\u00e7\u00f5es para 24 de mar\u00e7o - Portal Tela Portugal","og_description":"A primeira-ministra da Dinamarca, Mette Frederiksen, anunciou elei\u00e7\u00f5es legislativas antecipadas para 24 de mar\u00e7o. A decis\u00e3o surge numa fase de tens\u00e3o entre Dinamarca e Estados Unidos devido \u00e0s pretens\u00f5es sobre a Gronel\u00e2ndia. A Gronel\u00e2ndia \u00e9 territ\u00f3rio aut\u00f3nomo sob a Dinamarca. O an\u00fancio ocorre em contexto de rela\u00e7\u00e3o entre Dinamarca e Estados Unidos.","og_url":"https:\/\/portaltela.pt\/noticias\/2026\/02\/26\/primeira-ministra-dinamarquesa-convoca-eleicoes-para-24-de-marco\/","og_site_name":"Portal Tela Portugal","article_published_time":"2026-02-26T13:37:00+00:00","author":"Telinha","twitter_card":"summary_large_image","twitter_misc":{"Escrito por":"Telinha","Tempo estimado de leitura":"1 minuto"},"schema":{"@context":"https:\/\/schema.org","@graph":[{"@type":"Article","@id":"https:\/\/portaltela.pt\/noticias\/2026\/02\/26\/primeira-ministra-dinamarquesa-convoca-eleicoes-para-24-de-marco\/#article","isPartOf":{"@id":"https:\/\/portaltela.pt\/noticias\/2026\/02\/26\/primeira-ministra-dinamarquesa-convoca-eleicoes-para-24-de-marco\/"},"author":{"name":"Telinha","@id":"https:\/\/portaltela.pt\/#\/schema\/person\/c4278d4a6028830caff9ee44b42d32ed"},"headline":"Primeira-ministra dinamarquesa convoca elei\u00e7\u00f5es para 24 de mar\u00e7o","datePublished":"2026-02-26T13:37:00+00:00","mainEntityOfPage":{"@id":"https:\/\/portaltela.pt\/noticias\/2026\/02\/26\/primeira-ministra-dinamarquesa-convoca-eleicoes-para-24-de-marco\/"},"wordCount":235,"image":{"@id":"https:\/\/portaltela.pt\/noticias\/2026\/02\/26\/primeira-ministra-dinamarquesa-convoca-eleicoes-para-24-de-marco\/#primaryimage"},"thumbnailUrl":"https:\/\/portaltela.pt\/s.01k8rhncp4jt1\/2026\/02\/CACHE_780X1200_ANALOG_WATERMARKED_46644010_645736317353677.jpg","keywords":["Dinamarca","elei\u00e7\u00f5es","geopol\u00edtica","Groenl\u00e2ndia","pol\u00edtica internacional","Territ\u00f3rios"],"articleSection":["Not\u00edcias","Pol\u00edtica"],"inLanguage":"pt-PT"},{"@type":"WebPage","@id":"https:\/\/portaltela.pt\/noticias\/2026\/02\/26\/primeira-ministra-dinamarquesa-convoca-eleicoes-para-24-de-marco\/","url":"https:\/\/portaltela.pt\/noticias\/2026\/02\/26\/primeira-ministra-dinamarquesa-convoca-eleicoes-para-24-de-marco\/","name":"Primeira-ministra dinamarquesa convoca elei\u00e7\u00f5es para 24 de mar\u00e7o - Portal Tela Portugal","isPartOf":{"@id":"https:\/\/portaltela.pt\/#website"},"primaryImageOfPage":{"@id":"https:\/\/portaltela.pt\/noticias\/2026\/02\/26\/primeira-ministra-dinamarquesa-convoca-eleicoes-para-24-de-marco\/#primaryimage"},"image":{"@id":"https:\/\/portaltela.pt\/noticias\/2026\/02\/26\/primeira-ministra-dinamarquesa-convoca-eleicoes-para-24-de-marco\/#primaryimage"},"thumbnailUrl":"https:\/\/portaltela.pt\/s.01k8rhncp4jt1\/2026\/02\/CACHE_780X1200_ANALOG_WATERMARKED_46644010_645736317353677.jpg","datePublished":"2026-02-26T13:37:00+00:00","author":{"@id":"https:\/\/portaltela.pt\/#\/schema\/person\/c4278d4a6028830caff9ee44b42d32ed"},"breadcrumb":{"@id":"https:\/\/portaltela.pt\/noticias\/2026\/02\/26\/primeira-ministra-dinamarquesa-convoca-eleicoes-para-24-de-marco\/#breadcrumb"},"inLanguage":"pt-PT","potentialAction":[{"@type":"ReadAction","target":["https:\/\/portaltela.pt\/noticias\/2026\/02\/26\/primeira-ministra-dinamarquesa-convoca-eleicoes-para-24-de-marco\/"]}]},{"@type":"ImageObject","inLanguage":"pt-PT","@id":"https:\/\/portaltela.pt\/noticias\/2026\/02\/26\/primeira-ministra-dinamarquesa-convoca-eleicoes-para-24-de-marco\/#primaryimage","url":"https:\/\/portaltela.pt\/s.01k8rhncp4jt1\/2026\/02\/CACHE_780X1200_ANALOG_WATERMARKED_46644010_645736317353677.jpg","contentUrl":"https:\/\/portaltela.pt\/s.01k8rhncp4jt1\/2026\/02\/CACHE_780X1200_ANALOG_WATERMARKED_46644010_645736317353677.jpg","width":796,"height":448,"caption":"Primeira-ministra dinamarquesa convoca elei\u00e7\u00f5es legislativas para 24 de mar\u00e7o"},{"@type":"BreadcrumbList","@id":"https:\/\/portaltela.pt\/noticias\/2026\/02\/26\/primeira-ministra-dinamarquesa-convoca-eleicoes-para-24-de-marco\/#breadcrumb","itemListElement":[{"@type":"ListItem","position":1,"name":"In\u00edcio","item":"https:\/\/portaltela.pt\/"},{"@type":"ListItem","position":2,"name":"Primeira-ministra dinamarquesa convoca elei\u00e7\u00f5es para 24 de mar\u00e7o"}]},{"@type":"WebSite","@id":"https:\/\/portaltela.pt\/#website","url":"https:\/\/portaltela.pt\/","name":"Portal Tela Portugal","description":"","potentialAction":[{"@type":"SearchAction","target":{"@type":"EntryPoint","urlTemplate":"https:\/\/portaltela.pt\/?s={search_term_string}"},"query-input":{"@type":"PropertyValueSpecification","valueRequired":true,"valueName":"search_term_string"}}],"inLanguage":"pt-PT"},{"@type":"Person","@id":"https:\/\/portaltela.pt\/#\/schema\/person\/c4278d4a6028830caff9ee44b42d32ed","name":"Telinha","image":{"@type":"ImageObject","inLanguage":"pt-PT","@id":"https:\/\/portaltela.pt\/s.01k8rhncp4jt1\/2025\/11\/talking-bot-125x125.png","url":"https:\/\/portaltela.pt\/s.01k8rhncp4jt1\/2025\/11\/talking-bot-125x125.png","contentUrl":"https:\/\/portaltela.pt\/s.01k8rhncp4jt1\/2025\/11\/talking-bot-125x125.png","caption":"Telinha"},"sameAs":["https:\/\/portaltela.pt\/"],"url":"https:\/\/portaltela.pt\/por\/367410592786\/"}]}},"_links":{"self":[{"href":"https:\/\/portaltela.pt\/api\/wp\/v2\/posts\/389098","targetHints":{"allow":["GET"]}}],"collection":[{"href":"https:\/\/portaltela.pt\/api\/wp\/v2\/posts"}],"about":[{"href":"https:\/\/portaltela.pt\/api\/wp\/v2\/types\/post"}],"author":[{"embeddable":true,"href":"https:\/\/portaltela.pt\/api\/wp\/v2\/users\/2"}],"replies":[{"embeddable":true,"href":"https:\/\/portaltela.pt\/api\/wp\/v2\/comments?post=389098"}],"version-history":[{"count":0,"href":"https:\/\/portaltela.pt\/api\/wp\/v2\/posts\/389098\/revisions"}],"wp:featuredmedia":[{"embeddable":true,"href":"https:\/\/portaltela.pt\/api\/wp\/v2\/media\/389116"}],"wp:attachment":[{"href":"https:\/\/portaltela.pt\/api\/wp\/v2\/media?parent=389098"}],"wp:term":[{"taxonomy":"category","embeddable":true,"href":"https:\/\/portaltela.pt\/api\/wp\/v2\/categories?post=389098"},{"taxonomy":"post_tag","embeddable":true,"href":"https:\/\/portaltela.pt\/api\/wp\/v2\/tags?post=389098"}],"curies":[{"name":"wp","href":"https:\/\/api.w.org\/{rel}","templated":true}]}}