{"id":389063,"date":"2026-02-25T21:00:00","date_gmt":"2026-02-26T00:00:00","guid":{"rendered":"https:\/\/portaltela.pt\/noticias\/2026\/02\/25\/governo-assegura-que-investimentos-municipais-nao-integram-o-endividamento\/"},"modified":"2026-02-25T21:00:00","modified_gmt":"2026-02-26T00:00:00","slug":"governo-assegura-que-investimentos-municipais-nao-integram-o-endividamento","status":"publish","type":"post","link":"https:\/\/portaltela.pt\/noticias\/2026\/02\/25\/governo-assegura-que-investimentos-municipais-nao-integram-o-endividamento\/","title":{"rendered":"Governo assegura que investimentos municipais n\u00e3o integram o endividamento"},"content":{"rendered":"<p>O ministro das Infraestruturas afirmou aos autarcas da \u00c1rea Metropolitana de Lisboa que os investimentos municipais realizados em resposta ao mau tempo n\u00e3o ser\u00e3o contabilizados no endividamento das c\u00e2maras. A medida pretende aliviar a press\u00e3o financeira e acelerar a resposta a emerg\u00eancias. Carlos Moedas enalteceu o papel do PTRR na recupera\u00e7\u00e3o r\u00e1pida, sem burocracias excessivas.<\/p>\n<p>A declara\u00e7\u00e3o ocorreu na quinta-feira, 26 de fevereiro, em reuni\u00e3o com autarcas da regi\u00e3o. Segundo o Governo, o objetivo \u00e9 permitir uma atua\u00e7\u00e3o mais c\u00e9lere e eficaz em situa\u00e7\u00f5es de crise, sem comprometer o equil\u00edbrio financeiro local a longo prazo.<\/p>\n<p>Autarcas presentes agradeceram a medida e manifestaram esperan\u00e7a de que permane\u00e7a dispon\u00edvel e possa abranger outros tipos de investimento p\u00fablico. O Governo garantiu monitorizar a situa\u00e7\u00e3o e ajustar as pol\u00edticas conforme necess\u00e1rio.<\/p>\n<h3>Investimentos municipais e endividamento<\/h3>\n<p>A decis\u00e3o de n\u00e3o contabilizar estes investimentos no endividamento facilita a atua\u00e7\u00e3o em emerg\u00eancias, promovendo maior flexibilidade financeira para obras de reconstru\u00e7\u00e3o. Moedas explicou que o objetivo \u00e9 permitir resposta r\u00e1pida \u00e0s crises sem receio de impactos or\u00e7amentais.<\/p>\n<p>O Governo v\u00ea a medida como forma de fortalecer a capacidade de resposta local e promover recupera\u00e7\u00e3o mais c\u00e9lere das zonas afetadas. Al\u00e9m disso, incentiva investimentos em infraestruturas que reduzem riscos futuros.<\/p>\n<h3>Programas de apoio e recupera\u00e7\u00e3o<\/h3>\n<p>O PTRR \u00e9 apresentado como pe\u00e7a-chave na estrat\u00e9gia de recupera\u00e7\u00e3o. Atrav\u00e9s dele, os munic\u00edpios podem aceder a fundos para obras de reconstru\u00e7\u00e3o, infraestruturas e gest\u00e3o de riscos.<\/p>\n<p>Moedas sublinhou que o programa tem sido determinante para evitar entraves burocr\u00e1ticos e acelerar os projetos de recupera\u00e7\u00e3o. O Executivo confirma o cont\u00ednuo apoio \u00e0s autarquias na implementa\u00e7\u00e3o de iniciativas de resili\u00eancia.<\/p>\n<h3>Vigil\u00e2ncia e pr\u00f3ximos passos<\/h3>\n<p>O Governo assegurou que continuar\u00e1 a acompanhar a situa\u00e7\u00e3o e ajustar pol\u00edticas de apoio conforme necess\u00e1rio. A prioridade \u00e9 assegurar uma resposta eficiente \u00e0s necessidades das comunidades locais, sem comprometer contas p\u00fablicas.<\/p>\n","protected":false},"excerpt":{"rendered":"<ul>\n<li>O Governo assegurou que os investimentos municipais para enfrentar o mau tempo n\u00e3o v\u00e3o ser contabilizados no endividamento das c\u00e2maras, aliviando a press\u00e3o financeira.<\/li>\n<li>A garantia foi dada durante uma reuni\u00e3o com autarcas da \u00c1rea Metropolitana de Lisboa, em 26 de fevereiro.<\/li>\n<li>O ministro das Infraestruturas, Carlos Moedas, refor\u00e7ou que a medida facilita uma resposta r\u00e1pida a emerg\u00eancias e a recupera\u00e7\u00e3o das \u00e1reas afetadas.<\/li>\n<li>Foi destacado o papel do Programa de Recupera\u00e7\u00e3o e Resili\u00eancia (PTRR) para acelerar reconstru\u00e7\u00e3o e evitar burocracias.<\/li>\n<li>Os autarcas saudaram a medida e esperam que seja mantida e expandida a outros tipos de investimento p\u00fablico.<\/li>\n<\/ul>\n","protected":false},"author":2,"featured_media":389074,"comment_status":"closed","ping_status":"closed","sticky":false,"template":"","format":"standard","meta":{"footnotes":""},"categories":[1],"tags":[168,2706,4357,1615,5529,2093],"class_list":["post-389063","post","type-post","status-publish","format-standard","has-post-thumbnail","hentry","category-noticias","tag-administracao-publica","tag-autarquias","tag-endividamento","tag-infraestrutura","tag-investimentos","tag-municipios"],"yoast_head":"<!-- This site is optimized with the Yoast SEO plugin v27.2 - https:\/\/yoast.com\/product\/yoast-seo-wordpress\/ -->\n<title>Governo assegura que investimentos municipais n\u00e3o integram o endividamento - Portal Tela Portugal<\/title>\n<meta name=\"robots\" content=\"index, follow, max-snippet:-1, max-image-preview:large, max-video-preview:-1\" \/>\n<meta property=\"og:locale\" content=\"pt_PT\" \/>\n<meta property=\"og:type\" content=\"article\" \/>\n<meta property=\"og:title\" content=\"Governo assegura que investimentos municipais n\u00e3o integram o endividamento - Portal Tela Portugal\" \/>\n<meta property=\"og:description\" content=\"O Governo assegurou que os investimentos municipais para enfrentar o mau tempo n\u00e3o v\u00e3o ser contabilizados no endividamento das c\u00e2maras, aliviando a press\u00e3o financeira. A garantia foi dada durante uma reuni\u00e3o com autarcas da \u00c1rea Metropolitana de Lisboa, em 26 de fevereiro. O ministro das Infraestruturas, Carlos Moedas, refor\u00e7ou que a medida facilita uma resposta r\u00e1pida a emerg\u00eancias e a recupera\u00e7\u00e3o das \u00e1reas afetadas. Foi destacado o papel do Programa de Recupera\u00e7\u00e3o e Resili\u00eancia (PTRR) para acelerar reconstru\u00e7\u00e3o e evitar burocracias. Os autarcas saudaram a medida e esperam que seja mantida e expandida a outros tipos de investimento p\u00fablico.\" \/>\n<meta property=\"og:url\" content=\"https:\/\/portaltela.pt\/noticias\/2026\/02\/25\/governo-assegura-que-investimentos-municipais-nao-integram-o-endividamento\/\" \/>\n<meta property=\"og:site_name\" content=\"Portal Tela Portugal\" \/>\n<meta property=\"article:published_time\" content=\"2026-02-26T00:00:00+00:00\" \/>\n<meta name=\"author\" content=\"Telinha\" \/>\n<meta name=\"twitter:card\" content=\"summary_large_image\" \/>\n<meta name=\"twitter:label1\" content=\"Escrito por\" \/>\n\t<meta name=\"twitter:data1\" content=\"Telinha\" \/>\n\t<meta name=\"twitter:label2\" content=\"Tempo estimado de leitura\" \/>\n\t<meta name=\"twitter:data2\" content=\"2 minutos\" \/>\n<script type=\"application\/ld+json\" class=\"yoast-schema-graph\">{\"@context\":\"https:\/\/schema.org\",\"@graph\":[{\"@type\":\"Article\",\"@id\":\"https:\/\/portaltela.pt\/noticias\/2026\/02\/25\/governo-assegura-que-investimentos-municipais-nao-integram-o-endividamento\/#article\",\"isPartOf\":{\"@id\":\"https:\/\/portaltela.pt\/noticias\/2026\/02\/25\/governo-assegura-que-investimentos-municipais-nao-integram-o-endividamento\/\"},\"author\":{\"name\":\"Telinha\",\"@id\":\"https:\/\/portaltela.pt\/#\/schema\/person\/c4278d4a6028830caff9ee44b42d32ed\"},\"headline\":\"Governo assegura que investimentos municipais n\u00e3o integram o endividamento\",\"datePublished\":\"2026-02-26T00:00:00+00:00\",\"mainEntityOfPage\":{\"@id\":\"https:\/\/portaltela.pt\/noticias\/2026\/02\/25\/governo-assegura-que-investimentos-municipais-nao-integram-o-endividamento\/\"},\"wordCount\":356,\"image\":{\"@id\":\"https:\/\/portaltela.pt\/noticias\/2026\/02\/25\/governo-assegura-que-investimentos-municipais-nao-integram-o-endividamento\/#primaryimage\"},\"thumbnailUrl\":\"https:\/\/portaltela.pt\/s.01k8rhncp4jt1\/2026\/02\/dn2F2026-02-262Fqxm6wuy82FDN08022026ReinaldoRodrigues189.jpg\",\"keywords\":[\"administra\u00e7\u00e3o p\u00fablica\",\"autarquias\",\"endividamento\",\"infraestrutura\",\"investimentos\",\"munic\u00edpios\"],\"articleSection\":[\"Not\u00edcias\"],\"inLanguage\":\"pt-PT\"},{\"@type\":\"WebPage\",\"@id\":\"https:\/\/portaltela.pt\/noticias\/2026\/02\/25\/governo-assegura-que-investimentos-municipais-nao-integram-o-endividamento\/\",\"url\":\"https:\/\/portaltela.pt\/noticias\/2026\/02\/25\/governo-assegura-que-investimentos-municipais-nao-integram-o-endividamento\/\",\"name\":\"Governo assegura que investimentos municipais n\u00e3o integram o endividamento - Portal Tela Portugal\",\"isPartOf\":{\"@id\":\"https:\/\/portaltela.pt\/#website\"},\"primaryImageOfPage\":{\"@id\":\"https:\/\/portaltela.pt\/noticias\/2026\/02\/25\/governo-assegura-que-investimentos-municipais-nao-integram-o-endividamento\/#primaryimage\"},\"image\":{\"@id\":\"https:\/\/portaltela.pt\/noticias\/2026\/02\/25\/governo-assegura-que-investimentos-municipais-nao-integram-o-endividamento\/#primaryimage\"},\"thumbnailUrl\":\"https:\/\/portaltela.pt\/s.01k8rhncp4jt1\/2026\/02\/dn2F2026-02-262Fqxm6wuy82FDN08022026ReinaldoRodrigues189.jpg\",\"datePublished\":\"2026-02-26T00:00:00+00:00\",\"author\":{\"@id\":\"https:\/\/portaltela.pt\/#\/schema\/person\/c4278d4a6028830caff9ee44b42d32ed\"},\"breadcrumb\":{\"@id\":\"https:\/\/portaltela.pt\/noticias\/2026\/02\/25\/governo-assegura-que-investimentos-municipais-nao-integram-o-endividamento\/#breadcrumb\"},\"inLanguage\":\"pt-PT\",\"potentialAction\":[{\"@type\":\"ReadAction\",\"target\":[\"https:\/\/portaltela.pt\/noticias\/2026\/02\/25\/governo-assegura-que-investimentos-municipais-nao-integram-o-endividamento\/\"]}]},{\"@type\":\"ImageObject\",\"inLanguage\":\"pt-PT\",\"@id\":\"https:\/\/portaltela.pt\/noticias\/2026\/02\/25\/governo-assegura-que-investimentos-municipais-nao-integram-o-endividamento\/#primaryimage\",\"url\":\"https:\/\/portaltela.pt\/s.01k8rhncp4jt1\/2026\/02\/dn2F2026-02-262Fqxm6wuy82FDN08022026ReinaldoRodrigues189.jpg\",\"contentUrl\":\"https:\/\/portaltela.pt\/s.01k8rhncp4jt1\/2026\/02\/dn2F2026-02-262Fqxm6wuy82FDN08022026ReinaldoRodrigues189.jpg\",\"width\":1200,\"height\":800,\"caption\":\"Reinaldo Rodrigues\"},{\"@type\":\"BreadcrumbList\",\"@id\":\"https:\/\/portaltela.pt\/noticias\/2026\/02\/25\/governo-assegura-que-investimentos-municipais-nao-integram-o-endividamento\/#breadcrumb\",\"itemListElement\":[{\"@type\":\"ListItem\",\"position\":1,\"name\":\"In\u00edcio\",\"item\":\"https:\/\/portaltela.pt\/\"},{\"@type\":\"ListItem\",\"position\":2,\"name\":\"Governo assegura que investimentos municipais n\u00e3o integram o endividamento\"}]},{\"@type\":\"WebSite\",\"@id\":\"https:\/\/portaltela.pt\/#website\",\"url\":\"https:\/\/portaltela.pt\/\",\"name\":\"Portal Tela Portugal\",\"description\":\"\",\"potentialAction\":[{\"@type\":\"SearchAction\",\"target\":{\"@type\":\"EntryPoint\",\"urlTemplate\":\"https:\/\/portaltela.pt\/?s={search_term_string}\"},\"query-input\":{\"@type\":\"PropertyValueSpecification\",\"valueRequired\":true,\"valueName\":\"search_term_string\"}}],\"inLanguage\":\"pt-PT\"},{\"@type\":\"Person\",\"@id\":\"https:\/\/portaltela.pt\/#\/schema\/person\/c4278d4a6028830caff9ee44b42d32ed\",\"name\":\"Telinha\",\"image\":{\"@type\":\"ImageObject\",\"inLanguage\":\"pt-PT\",\"@id\":\"https:\/\/portaltela.pt\/s.01k8rhncp4jt1\/2025\/11\/talking-bot-125x125.png\",\"url\":\"https:\/\/portaltela.pt\/s.01k8rhncp4jt1\/2025\/11\/talking-bot-125x125.png\",\"contentUrl\":\"https:\/\/portaltela.pt\/s.01k8rhncp4jt1\/2025\/11\/talking-bot-125x125.png\",\"caption\":\"Telinha\"},\"sameAs\":[\"https:\/\/portaltela.pt\/\"],\"url\":\"https:\/\/portaltela.pt\/por\/367410592786\/\"}]}<\/script>\n<!-- \/ Yoast SEO plugin. -->","yoast_head_json":{"title":"Governo assegura que investimentos municipais n\u00e3o integram o endividamento - Portal Tela Portugal","robots":{"index":"index","follow":"follow","max-snippet":"max-snippet:-1","max-image-preview":"max-image-preview:large","max-video-preview":"max-video-preview:-1"},"og_locale":"pt_PT","og_type":"article","og_title":"Governo assegura que investimentos municipais n\u00e3o integram o endividamento - Portal Tela Portugal","og_description":"O Governo assegurou que os investimentos municipais para enfrentar o mau tempo n\u00e3o v\u00e3o ser contabilizados no endividamento das c\u00e2maras, aliviando a press\u00e3o financeira. A garantia foi dada durante uma reuni\u00e3o com autarcas da \u00c1rea Metropolitana de Lisboa, em 26 de fevereiro. O ministro das Infraestruturas, Carlos Moedas, refor\u00e7ou que a medida facilita uma resposta r\u00e1pida a emerg\u00eancias e a recupera\u00e7\u00e3o das \u00e1reas afetadas. Foi destacado o papel do Programa de Recupera\u00e7\u00e3o e Resili\u00eancia (PTRR) para acelerar reconstru\u00e7\u00e3o e evitar burocracias. Os autarcas saudaram a medida e esperam que seja mantida e expandida a outros tipos de investimento p\u00fablico.","og_url":"https:\/\/portaltela.pt\/noticias\/2026\/02\/25\/governo-assegura-que-investimentos-municipais-nao-integram-o-endividamento\/","og_site_name":"Portal Tela Portugal","article_published_time":"2026-02-26T00:00:00+00:00","author":"Telinha","twitter_card":"summary_large_image","twitter_misc":{"Escrito por":"Telinha","Tempo estimado de leitura":"2 minutos"},"schema":{"@context":"https:\/\/schema.org","@graph":[{"@type":"Article","@id":"https:\/\/portaltela.pt\/noticias\/2026\/02\/25\/governo-assegura-que-investimentos-municipais-nao-integram-o-endividamento\/#article","isPartOf":{"@id":"https:\/\/portaltela.pt\/noticias\/2026\/02\/25\/governo-assegura-que-investimentos-municipais-nao-integram-o-endividamento\/"},"author":{"name":"Telinha","@id":"https:\/\/portaltela.pt\/#\/schema\/person\/c4278d4a6028830caff9ee44b42d32ed"},"headline":"Governo assegura que investimentos municipais n\u00e3o integram o endividamento","datePublished":"2026-02-26T00:00:00+00:00","mainEntityOfPage":{"@id":"https:\/\/portaltela.pt\/noticias\/2026\/02\/25\/governo-assegura-que-investimentos-municipais-nao-integram-o-endividamento\/"},"wordCount":356,"image":{"@id":"https:\/\/portaltela.pt\/noticias\/2026\/02\/25\/governo-assegura-que-investimentos-municipais-nao-integram-o-endividamento\/#primaryimage"},"thumbnailUrl":"https:\/\/portaltela.pt\/s.01k8rhncp4jt1\/2026\/02\/dn2F2026-02-262Fqxm6wuy82FDN08022026ReinaldoRodrigues189.jpg","keywords":["administra\u00e7\u00e3o p\u00fablica","autarquias","endividamento","infraestrutura","investimentos","munic\u00edpios"],"articleSection":["Not\u00edcias"],"inLanguage":"pt-PT"},{"@type":"WebPage","@id":"https:\/\/portaltela.pt\/noticias\/2026\/02\/25\/governo-assegura-que-investimentos-municipais-nao-integram-o-endividamento\/","url":"https:\/\/portaltela.pt\/noticias\/2026\/02\/25\/governo-assegura-que-investimentos-municipais-nao-integram-o-endividamento\/","name":"Governo assegura que investimentos municipais n\u00e3o integram o endividamento - Portal Tela Portugal","isPartOf":{"@id":"https:\/\/portaltela.pt\/#website"},"primaryImageOfPage":{"@id":"https:\/\/portaltela.pt\/noticias\/2026\/02\/25\/governo-assegura-que-investimentos-municipais-nao-integram-o-endividamento\/#primaryimage"},"image":{"@id":"https:\/\/portaltela.pt\/noticias\/2026\/02\/25\/governo-assegura-que-investimentos-municipais-nao-integram-o-endividamento\/#primaryimage"},"thumbnailUrl":"https:\/\/portaltela.pt\/s.01k8rhncp4jt1\/2026\/02\/dn2F2026-02-262Fqxm6wuy82FDN08022026ReinaldoRodrigues189.jpg","datePublished":"2026-02-26T00:00:00+00:00","author":{"@id":"https:\/\/portaltela.pt\/#\/schema\/person\/c4278d4a6028830caff9ee44b42d32ed"},"breadcrumb":{"@id":"https:\/\/portaltela.pt\/noticias\/2026\/02\/25\/governo-assegura-que-investimentos-municipais-nao-integram-o-endividamento\/#breadcrumb"},"inLanguage":"pt-PT","potentialAction":[{"@type":"ReadAction","target":["https:\/\/portaltela.pt\/noticias\/2026\/02\/25\/governo-assegura-que-investimentos-municipais-nao-integram-o-endividamento\/"]}]},{"@type":"ImageObject","inLanguage":"pt-PT","@id":"https:\/\/portaltela.pt\/noticias\/2026\/02\/25\/governo-assegura-que-investimentos-municipais-nao-integram-o-endividamento\/#primaryimage","url":"https:\/\/portaltela.pt\/s.01k8rhncp4jt1\/2026\/02\/dn2F2026-02-262Fqxm6wuy82FDN08022026ReinaldoRodrigues189.jpg","contentUrl":"https:\/\/portaltela.pt\/s.01k8rhncp4jt1\/2026\/02\/dn2F2026-02-262Fqxm6wuy82FDN08022026ReinaldoRodrigues189.jpg","width":1200,"height":800,"caption":"Reinaldo Rodrigues"},{"@type":"BreadcrumbList","@id":"https:\/\/portaltela.pt\/noticias\/2026\/02\/25\/governo-assegura-que-investimentos-municipais-nao-integram-o-endividamento\/#breadcrumb","itemListElement":[{"@type":"ListItem","position":1,"name":"In\u00edcio","item":"https:\/\/portaltela.pt\/"},{"@type":"ListItem","position":2,"name":"Governo assegura que investimentos municipais n\u00e3o integram o endividamento"}]},{"@type":"WebSite","@id":"https:\/\/portaltela.pt\/#website","url":"https:\/\/portaltela.pt\/","name":"Portal Tela Portugal","description":"","potentialAction":[{"@type":"SearchAction","target":{"@type":"EntryPoint","urlTemplate":"https:\/\/portaltela.pt\/?s={search_term_string}"},"query-input":{"@type":"PropertyValueSpecification","valueRequired":true,"valueName":"search_term_string"}}],"inLanguage":"pt-PT"},{"@type":"Person","@id":"https:\/\/portaltela.pt\/#\/schema\/person\/c4278d4a6028830caff9ee44b42d32ed","name":"Telinha","image":{"@type":"ImageObject","inLanguage":"pt-PT","@id":"https:\/\/portaltela.pt\/s.01k8rhncp4jt1\/2025\/11\/talking-bot-125x125.png","url":"https:\/\/portaltela.pt\/s.01k8rhncp4jt1\/2025\/11\/talking-bot-125x125.png","contentUrl":"https:\/\/portaltela.pt\/s.01k8rhncp4jt1\/2025\/11\/talking-bot-125x125.png","caption":"Telinha"},"sameAs":["https:\/\/portaltela.pt\/"],"url":"https:\/\/portaltela.pt\/por\/367410592786\/"}]}},"_links":{"self":[{"href":"https:\/\/portaltela.pt\/api\/wp\/v2\/posts\/389063","targetHints":{"allow":["GET"]}}],"collection":[{"href":"https:\/\/portaltela.pt\/api\/wp\/v2\/posts"}],"about":[{"href":"https:\/\/portaltela.pt\/api\/wp\/v2\/types\/post"}],"author":[{"embeddable":true,"href":"https:\/\/portaltela.pt\/api\/wp\/v2\/users\/2"}],"replies":[{"embeddable":true,"href":"https:\/\/portaltela.pt\/api\/wp\/v2\/comments?post=389063"}],"version-history":[{"count":0,"href":"https:\/\/portaltela.pt\/api\/wp\/v2\/posts\/389063\/revisions"}],"wp:featuredmedia":[{"embeddable":true,"href":"https:\/\/portaltela.pt\/api\/wp\/v2\/media\/389074"}],"wp:attachment":[{"href":"https:\/\/portaltela.pt\/api\/wp\/v2\/media?parent=389063"}],"wp:term":[{"taxonomy":"category","embeddable":true,"href":"https:\/\/portaltela.pt\/api\/wp\/v2\/categories?post=389063"},{"taxonomy":"post_tag","embeddable":true,"href":"https:\/\/portaltela.pt\/api\/wp\/v2\/tags?post=389063"}],"curies":[{"name":"wp","href":"https:\/\/api.w.org\/{rel}","templated":true}]}}