{"id":389033,"date":"2026-02-26T10:08:00","date_gmt":"2026-02-26T13:08:00","guid":{"rendered":"https:\/\/portaltela.pt\/noticias\/2026\/02\/26\/despesas-municipais-por-mau-tempo-nao-contam-para-endividamento\/"},"modified":"2026-02-26T10:08:00","modified_gmt":"2026-02-26T13:08:00","slug":"despesas-municipais-por-mau-tempo-nao-contam-para-endividamento","status":"publish","type":"post","link":"https:\/\/portaltela.pt\/noticias\/2026\/02\/26\/despesas-municipais-por-mau-tempo-nao-contam-para-endividamento\/","title":{"rendered":"Despesas municipais por mau tempo n\u00e3o contam para endividamento"},"content":{"rendered":"<p>O minist\u00e9rio das Infraestruturas garantiu aos autarcas da \u00c1rea Metropolitana de Lisboa que os investimentos para responder aos preju\u00edzos do mau tempo n\u00e3o v\u00e3o contar para o endividamento municipal. A confirma\u00e7\u00e3o foi feita pelo ministro Miguel Pinto Luz, em Loures, durante uma reuni\u00e3o da AML.<\/p>\n<p>O desenrolar decorreu no \u00e2mbito do programa PTRR, apresentado aos autarcas para fazer face aos impactos provocados pelos fen\u00f3menos clim\u00e1ticos recentes, especialmente entre o final de janeiro e o in\u00edcio de fevereiro.<\/p>\n<p>A reuni\u00e3o ocorreu na cidade de Loures, na regi\u00e3o de Lisboa, e contou com a presen\u00e7a de respons\u00e1veis municipais da AML, bem como de representantes do governo. O objetivo foi esclarecer como o PTRR pode apoiar as c\u00e2maras sem afetar o d\u00e9fice or\u00e7amental.<\/p>\n<p>Segundo o presidente do Conselho Metropolitano de Lisboa, Carlos Moedas, as informa\u00e7\u00f5es passadas indicam que os investimentos do PTRR n\u00e3o contam para o d\u00e9fice de uma c\u00e2mara municipal, entendendo-se que as c\u00e2maras n\u00e3o podem ter d\u00e9fice. A mensagem refor\u00e7a a prioridade de mobilizar recursos para recupera\u00e7\u00e3o sem comprometer as contas locais.<\/p>\n<p>O PTRR visa analisar as perdas causadas pelos temporais, incluindo estragos em infraestruturas e vias, e estabelecer mecanismos de financiamento para reabilita\u00e7\u00e3o e resili\u00eancia. A iniciativa surge como resposta \u00e0s consequ\u00eancias dos epis\u00f3dios clim\u00e1ticos recentes na regi\u00e3o.<\/p>\n<p>A comunica\u00e7\u00e3o sobre o tema foi partilhada durante a sess\u00e3o da AML, que reuniu autarcas de v\u00e1rios concelhos da \u00e1rea metropolitana, com foco na organiza\u00e7\u00e3o de fundos e na aplica\u00e7\u00e3o pr\u00e1tica do programa de recupera\u00e7\u00e3o.<\/p>\n","protected":false},"excerpt":{"rendered":"<ul>\n<li>O ministro das Infraestruturas e Habita\u00e7\u00e3o, Miguel Pinto Luz, garantiu aos autarcas da \u00c1rea Metropolitana de Lisboa que os investimentos para responder aos preju\u00edzos do mau tempo n\u00e3o contam para o endividamento das c\u00e2maras municipais.<\/li>\n<li>A comunica\u00e7\u00e3o foi transmitida por Carlos Moedas, presidente do Conselho Metropolitano de Lisboa, que participou numa reuni\u00e3o da \u00c1rea Metropolitana de Lisboa em Loures.<\/li>\n<li>Pinto Luz apresentou aos autarcas o programa Portugal Transforma\u00e7\u00e3o Recupera\u00e7\u00e3o Resili\u00eancia (PTRR) como resposta aos efeitos dos fen\u00f3menos clim\u00e1ticos recentes, sobretudo no final de janeiro e in\u00edcio de fevereiro.<\/li>\n<li>A reuni\u00e3o ocorreu em Loures, interrompendo a presen\u00e7a na reuni\u00e3o do Conselho de Ministros.<\/li>\n<\/ul>\n","protected":false},"author":2,"featured_media":389041,"comment_status":"closed","ping_status":"closed","sticky":false,"template":"","format":"standard","meta":{"footnotes":""},"categories":[1],"tags":[4846,4132,155,4674,4357,258],"class_list":["post-389033","post","type-post","status-publish","format-standard","has-post-thumbnail","hentry","category-noticias","tag-administracao-local","tag-area-metropolitana-de-lisboa","tag-despesas","tag-divida-publica","tag-endividamento","tag-infraestruturas"],"yoast_head":"<!-- This site is optimized with the Yoast SEO plugin v27.2 - https:\/\/yoast.com\/product\/yoast-seo-wordpress\/ -->\n<title>Despesas municipais por mau tempo n\u00e3o contam para endividamento - Portal Tela Portugal<\/title>\n<meta name=\"robots\" content=\"index, follow, max-snippet:-1, max-image-preview:large, max-video-preview:-1\" \/>\n<meta property=\"og:locale\" content=\"pt_PT\" \/>\n<meta property=\"og:type\" content=\"article\" \/>\n<meta property=\"og:title\" content=\"Despesas municipais por mau tempo n\u00e3o contam para endividamento - Portal Tela Portugal\" \/>\n<meta property=\"og:description\" content=\"O ministro das Infraestruturas e Habita\u00e7\u00e3o, Miguel Pinto Luz, garantiu aos autarcas da \u00c1rea Metropolitana de Lisboa que os investimentos para responder aos preju\u00edzos do mau tempo n\u00e3o contam para o endividamento das c\u00e2maras municipais. A comunica\u00e7\u00e3o foi transmitida por Carlos Moedas, presidente do Conselho Metropolitano de Lisboa, que participou numa reuni\u00e3o da \u00c1rea Metropolitana de Lisboa em Loures. Pinto Luz apresentou aos autarcas o programa Portugal Transforma\u00e7\u00e3o Recupera\u00e7\u00e3o Resili\u00eancia (PTRR) como resposta aos efeitos dos fen\u00f3menos clim\u00e1ticos recentes, sobretudo no final de janeiro e in\u00edcio de fevereiro. A reuni\u00e3o ocorreu em Loures, interrompendo a presen\u00e7a na reuni\u00e3o do Conselho de Ministros.\" \/>\n<meta property=\"og:url\" content=\"https:\/\/portaltela.pt\/noticias\/2026\/02\/26\/despesas-municipais-por-mau-tempo-nao-contam-para-endividamento\/\" \/>\n<meta property=\"og:site_name\" content=\"Portal Tela Portugal\" \/>\n<meta property=\"article:published_time\" content=\"2026-02-26T13:08:00+00:00\" \/>\n<meta name=\"author\" content=\"Telinha\" \/>\n<meta name=\"twitter:card\" content=\"summary_large_image\" \/>\n<meta name=\"twitter:label1\" content=\"Escrito por\" \/>\n\t<meta name=\"twitter:data1\" content=\"Telinha\" \/>\n\t<meta name=\"twitter:label2\" content=\"Tempo estimado de leitura\" \/>\n\t<meta name=\"twitter:data2\" content=\"1 minuto\" \/>\n<script type=\"application\/ld+json\" class=\"yoast-schema-graph\">{\"@context\":\"https:\/\/schema.org\",\"@graph\":[{\"@type\":\"Article\",\"@id\":\"https:\/\/portaltela.pt\/noticias\/2026\/02\/26\/despesas-municipais-por-mau-tempo-nao-contam-para-endividamento\/#article\",\"isPartOf\":{\"@id\":\"https:\/\/portaltela.pt\/noticias\/2026\/02\/26\/despesas-municipais-por-mau-tempo-nao-contam-para-endividamento\/\"},\"author\":{\"name\":\"Telinha\",\"@id\":\"https:\/\/portaltela.pt\/#\/schema\/person\/c4278d4a6028830caff9ee44b42d32ed\"},\"headline\":\"Despesas municipais por mau tempo n\u00e3o contam para endividamento\",\"datePublished\":\"2026-02-26T13:08:00+00:00\",\"mainEntityOfPage\":{\"@id\":\"https:\/\/portaltela.pt\/noticias\/2026\/02\/26\/despesas-municipais-por-mau-tempo-nao-contam-para-endividamento\/\"},\"wordCount\":291,\"image\":{\"@id\":\"https:\/\/portaltela.pt\/noticias\/2026\/02\/26\/despesas-municipais-por-mau-tempo-nao-contam-para-endividamento\/#primaryimage\"},\"thumbnailUrl\":\"https:\/\/portaltela.pt\/s.01k8rhncp4jt1\/2026\/02\/img_1500x1000uu2026-02-15-18-44-14-2267054-1.jpg\",\"keywords\":[\"Administra\u00e7\u00e3o Local\",\"\u00c1rea Metropolitana de Lisboa\",\"despesas\",\"d\u00edvida p\u00fablica\",\"endividamento\",\"infraestruturas\"],\"articleSection\":[\"Not\u00edcias\"],\"inLanguage\":\"pt-PT\"},{\"@type\":\"WebPage\",\"@id\":\"https:\/\/portaltela.pt\/noticias\/2026\/02\/26\/despesas-municipais-por-mau-tempo-nao-contam-para-endividamento\/\",\"url\":\"https:\/\/portaltela.pt\/noticias\/2026\/02\/26\/despesas-municipais-por-mau-tempo-nao-contam-para-endividamento\/\",\"name\":\"Despesas municipais por mau tempo n\u00e3o contam para endividamento - Portal Tela Portugal\",\"isPartOf\":{\"@id\":\"https:\/\/portaltela.pt\/#website\"},\"primaryImageOfPage\":{\"@id\":\"https:\/\/portaltela.pt\/noticias\/2026\/02\/26\/despesas-municipais-por-mau-tempo-nao-contam-para-endividamento\/#primaryimage\"},\"image\":{\"@id\":\"https:\/\/portaltela.pt\/noticias\/2026\/02\/26\/despesas-municipais-por-mau-tempo-nao-contam-para-endividamento\/#primaryimage\"},\"thumbnailUrl\":\"https:\/\/portaltela.pt\/s.01k8rhncp4jt1\/2026\/02\/img_1500x1000uu2026-02-15-18-44-14-2267054-1.jpg\",\"datePublished\":\"2026-02-26T13:08:00+00:00\",\"author\":{\"@id\":\"https:\/\/portaltela.pt\/#\/schema\/person\/c4278d4a6028830caff9ee44b42d32ed\"},\"breadcrumb\":{\"@id\":\"https:\/\/portaltela.pt\/noticias\/2026\/02\/26\/despesas-municipais-por-mau-tempo-nao-contam-para-endividamento\/#breadcrumb\"},\"inLanguage\":\"pt-PT\",\"potentialAction\":[{\"@type\":\"ReadAction\",\"target\":[\"https:\/\/portaltela.pt\/noticias\/2026\/02\/26\/despesas-municipais-por-mau-tempo-nao-contam-para-endividamento\/\"]}]},{\"@type\":\"ImageObject\",\"inLanguage\":\"pt-PT\",\"@id\":\"https:\/\/portaltela.pt\/noticias\/2026\/02\/26\/despesas-municipais-por-mau-tempo-nao-contam-para-endividamento\/#primaryimage\",\"url\":\"https:\/\/portaltela.pt\/s.01k8rhncp4jt1\/2026\/02\/img_1500x1000uu2026-02-15-18-44-14-2267054-1.jpg\",\"contentUrl\":\"https:\/\/portaltela.pt\/s.01k8rhncp4jt1\/2026\/02\/img_1500x1000uu2026-02-15-18-44-14-2267054-1.jpg\",\"width\":796,\"height\":448,\"caption\":\"Efeitos do mau tempo em Portugal: aldeias alagadas e autoestradas danificadas\"},{\"@type\":\"BreadcrumbList\",\"@id\":\"https:\/\/portaltela.pt\/noticias\/2026\/02\/26\/despesas-municipais-por-mau-tempo-nao-contam-para-endividamento\/#breadcrumb\",\"itemListElement\":[{\"@type\":\"ListItem\",\"position\":1,\"name\":\"In\u00edcio\",\"item\":\"https:\/\/portaltela.pt\/\"},{\"@type\":\"ListItem\",\"position\":2,\"name\":\"Despesas municipais por mau tempo n\u00e3o contam para endividamento\"}]},{\"@type\":\"WebSite\",\"@id\":\"https:\/\/portaltela.pt\/#website\",\"url\":\"https:\/\/portaltela.pt\/\",\"name\":\"Portal Tela Portugal\",\"description\":\"\",\"potentialAction\":[{\"@type\":\"SearchAction\",\"target\":{\"@type\":\"EntryPoint\",\"urlTemplate\":\"https:\/\/portaltela.pt\/?s={search_term_string}\"},\"query-input\":{\"@type\":\"PropertyValueSpecification\",\"valueRequired\":true,\"valueName\":\"search_term_string\"}}],\"inLanguage\":\"pt-PT\"},{\"@type\":\"Person\",\"@id\":\"https:\/\/portaltela.pt\/#\/schema\/person\/c4278d4a6028830caff9ee44b42d32ed\",\"name\":\"Telinha\",\"image\":{\"@type\":\"ImageObject\",\"inLanguage\":\"pt-PT\",\"@id\":\"https:\/\/portaltela.pt\/s.01k8rhncp4jt1\/2025\/11\/talking-bot-125x125.png\",\"url\":\"https:\/\/portaltela.pt\/s.01k8rhncp4jt1\/2025\/11\/talking-bot-125x125.png\",\"contentUrl\":\"https:\/\/portaltela.pt\/s.01k8rhncp4jt1\/2025\/11\/talking-bot-125x125.png\",\"caption\":\"Telinha\"},\"sameAs\":[\"https:\/\/portaltela.pt\/\"],\"url\":\"https:\/\/portaltela.pt\/por\/367410592786\/\"}]}<\/script>\n<!-- \/ Yoast SEO plugin. -->","yoast_head_json":{"title":"Despesas municipais por mau tempo n\u00e3o contam para endividamento - Portal Tela Portugal","robots":{"index":"index","follow":"follow","max-snippet":"max-snippet:-1","max-image-preview":"max-image-preview:large","max-video-preview":"max-video-preview:-1"},"og_locale":"pt_PT","og_type":"article","og_title":"Despesas municipais por mau tempo n\u00e3o contam para endividamento - Portal Tela Portugal","og_description":"O ministro das Infraestruturas e Habita\u00e7\u00e3o, Miguel Pinto Luz, garantiu aos autarcas da \u00c1rea Metropolitana de Lisboa que os investimentos para responder aos preju\u00edzos do mau tempo n\u00e3o contam para o endividamento das c\u00e2maras municipais. A comunica\u00e7\u00e3o foi transmitida por Carlos Moedas, presidente do Conselho Metropolitano de Lisboa, que participou numa reuni\u00e3o da \u00c1rea Metropolitana de Lisboa em Loures. Pinto Luz apresentou aos autarcas o programa Portugal Transforma\u00e7\u00e3o Recupera\u00e7\u00e3o Resili\u00eancia (PTRR) como resposta aos efeitos dos fen\u00f3menos clim\u00e1ticos recentes, sobretudo no final de janeiro e in\u00edcio de fevereiro. A reuni\u00e3o ocorreu em Loures, interrompendo a presen\u00e7a na reuni\u00e3o do Conselho de Ministros.","og_url":"https:\/\/portaltela.pt\/noticias\/2026\/02\/26\/despesas-municipais-por-mau-tempo-nao-contam-para-endividamento\/","og_site_name":"Portal Tela Portugal","article_published_time":"2026-02-26T13:08:00+00:00","author":"Telinha","twitter_card":"summary_large_image","twitter_misc":{"Escrito por":"Telinha","Tempo estimado de leitura":"1 minuto"},"schema":{"@context":"https:\/\/schema.org","@graph":[{"@type":"Article","@id":"https:\/\/portaltela.pt\/noticias\/2026\/02\/26\/despesas-municipais-por-mau-tempo-nao-contam-para-endividamento\/#article","isPartOf":{"@id":"https:\/\/portaltela.pt\/noticias\/2026\/02\/26\/despesas-municipais-por-mau-tempo-nao-contam-para-endividamento\/"},"author":{"name":"Telinha","@id":"https:\/\/portaltela.pt\/#\/schema\/person\/c4278d4a6028830caff9ee44b42d32ed"},"headline":"Despesas municipais por mau tempo n\u00e3o contam para endividamento","datePublished":"2026-02-26T13:08:00+00:00","mainEntityOfPage":{"@id":"https:\/\/portaltela.pt\/noticias\/2026\/02\/26\/despesas-municipais-por-mau-tempo-nao-contam-para-endividamento\/"},"wordCount":291,"image":{"@id":"https:\/\/portaltela.pt\/noticias\/2026\/02\/26\/despesas-municipais-por-mau-tempo-nao-contam-para-endividamento\/#primaryimage"},"thumbnailUrl":"https:\/\/portaltela.pt\/s.01k8rhncp4jt1\/2026\/02\/img_1500x1000uu2026-02-15-18-44-14-2267054-1.jpg","keywords":["Administra\u00e7\u00e3o Local","\u00c1rea Metropolitana de Lisboa","despesas","d\u00edvida p\u00fablica","endividamento","infraestruturas"],"articleSection":["Not\u00edcias"],"inLanguage":"pt-PT"},{"@type":"WebPage","@id":"https:\/\/portaltela.pt\/noticias\/2026\/02\/26\/despesas-municipais-por-mau-tempo-nao-contam-para-endividamento\/","url":"https:\/\/portaltela.pt\/noticias\/2026\/02\/26\/despesas-municipais-por-mau-tempo-nao-contam-para-endividamento\/","name":"Despesas municipais por mau tempo n\u00e3o contam para endividamento - Portal Tela Portugal","isPartOf":{"@id":"https:\/\/portaltela.pt\/#website"},"primaryImageOfPage":{"@id":"https:\/\/portaltela.pt\/noticias\/2026\/02\/26\/despesas-municipais-por-mau-tempo-nao-contam-para-endividamento\/#primaryimage"},"image":{"@id":"https:\/\/portaltela.pt\/noticias\/2026\/02\/26\/despesas-municipais-por-mau-tempo-nao-contam-para-endividamento\/#primaryimage"},"thumbnailUrl":"https:\/\/portaltela.pt\/s.01k8rhncp4jt1\/2026\/02\/img_1500x1000uu2026-02-15-18-44-14-2267054-1.jpg","datePublished":"2026-02-26T13:08:00+00:00","author":{"@id":"https:\/\/portaltela.pt\/#\/schema\/person\/c4278d4a6028830caff9ee44b42d32ed"},"breadcrumb":{"@id":"https:\/\/portaltela.pt\/noticias\/2026\/02\/26\/despesas-municipais-por-mau-tempo-nao-contam-para-endividamento\/#breadcrumb"},"inLanguage":"pt-PT","potentialAction":[{"@type":"ReadAction","target":["https:\/\/portaltela.pt\/noticias\/2026\/02\/26\/despesas-municipais-por-mau-tempo-nao-contam-para-endividamento\/"]}]},{"@type":"ImageObject","inLanguage":"pt-PT","@id":"https:\/\/portaltela.pt\/noticias\/2026\/02\/26\/despesas-municipais-por-mau-tempo-nao-contam-para-endividamento\/#primaryimage","url":"https:\/\/portaltela.pt\/s.01k8rhncp4jt1\/2026\/02\/img_1500x1000uu2026-02-15-18-44-14-2267054-1.jpg","contentUrl":"https:\/\/portaltela.pt\/s.01k8rhncp4jt1\/2026\/02\/img_1500x1000uu2026-02-15-18-44-14-2267054-1.jpg","width":796,"height":448,"caption":"Efeitos do mau tempo em Portugal: aldeias alagadas e autoestradas danificadas"},{"@type":"BreadcrumbList","@id":"https:\/\/portaltela.pt\/noticias\/2026\/02\/26\/despesas-municipais-por-mau-tempo-nao-contam-para-endividamento\/#breadcrumb","itemListElement":[{"@type":"ListItem","position":1,"name":"In\u00edcio","item":"https:\/\/portaltela.pt\/"},{"@type":"ListItem","position":2,"name":"Despesas municipais por mau tempo n\u00e3o contam para endividamento"}]},{"@type":"WebSite","@id":"https:\/\/portaltela.pt\/#website","url":"https:\/\/portaltela.pt\/","name":"Portal Tela Portugal","description":"","potentialAction":[{"@type":"SearchAction","target":{"@type":"EntryPoint","urlTemplate":"https:\/\/portaltela.pt\/?s={search_term_string}"},"query-input":{"@type":"PropertyValueSpecification","valueRequired":true,"valueName":"search_term_string"}}],"inLanguage":"pt-PT"},{"@type":"Person","@id":"https:\/\/portaltela.pt\/#\/schema\/person\/c4278d4a6028830caff9ee44b42d32ed","name":"Telinha","image":{"@type":"ImageObject","inLanguage":"pt-PT","@id":"https:\/\/portaltela.pt\/s.01k8rhncp4jt1\/2025\/11\/talking-bot-125x125.png","url":"https:\/\/portaltela.pt\/s.01k8rhncp4jt1\/2025\/11\/talking-bot-125x125.png","contentUrl":"https:\/\/portaltela.pt\/s.01k8rhncp4jt1\/2025\/11\/talking-bot-125x125.png","caption":"Telinha"},"sameAs":["https:\/\/portaltela.pt\/"],"url":"https:\/\/portaltela.pt\/por\/367410592786\/"}]}},"_links":{"self":[{"href":"https:\/\/portaltela.pt\/api\/wp\/v2\/posts\/389033","targetHints":{"allow":["GET"]}}],"collection":[{"href":"https:\/\/portaltela.pt\/api\/wp\/v2\/posts"}],"about":[{"href":"https:\/\/portaltela.pt\/api\/wp\/v2\/types\/post"}],"author":[{"embeddable":true,"href":"https:\/\/portaltela.pt\/api\/wp\/v2\/users\/2"}],"replies":[{"embeddable":true,"href":"https:\/\/portaltela.pt\/api\/wp\/v2\/comments?post=389033"}],"version-history":[{"count":0,"href":"https:\/\/portaltela.pt\/api\/wp\/v2\/posts\/389033\/revisions"}],"wp:featuredmedia":[{"embeddable":true,"href":"https:\/\/portaltela.pt\/api\/wp\/v2\/media\/389041"}],"wp:attachment":[{"href":"https:\/\/portaltela.pt\/api\/wp\/v2\/media?parent=389033"}],"wp:term":[{"taxonomy":"category","embeddable":true,"href":"https:\/\/portaltela.pt\/api\/wp\/v2\/categories?post=389033"},{"taxonomy":"post_tag","embeddable":true,"href":"https:\/\/portaltela.pt\/api\/wp\/v2\/tags?post=389033"}],"curies":[{"name":"wp","href":"https:\/\/api.w.org\/{rel}","templated":true}]}}