{"id":389012,"date":"2026-02-26T10:04:00","date_gmt":"2026-02-26T13:04:00","guid":{"rendered":"https:\/\/portaltela.pt\/noticias\/2026\/02\/26\/mais-da-metade-dos-utentes-em-cuidados-paliativos-morreram-a-espera-de-vaga\/"},"modified":"2026-02-26T10:04:00","modified_gmt":"2026-02-26T13:04:00","slug":"mais-da-metade-dos-utentes-em-cuidados-paliativos-morreram-a-espera-de-vaga","status":"publish","type":"post","link":"https:\/\/portaltela.pt\/noticias\/2026\/02\/26\/mais-da-metade-dos-utentes-em-cuidados-paliativos-morreram-a-espera-de-vaga\/","title":{"rendered":"Mais da metade dos utentes em cuidados paliativos morreram \u00e0 espera de vaga"},"content":{"rendered":"<p>A Entidade Reguladora da Sa\u00fade (ERS) divulgou um estudo relativo a 2024, que revela constrangimentos no acesso a cuidados paliativos em Portugal. Mais da metade dos utentes referenciados para a Rede Nacional de Cuidados Continuados Integrados (UCP-RNCCI) morreram antes da admiss\u00e3o.<\/p>\n<p>A percentagem de admitidos diminuiu em rela\u00e7\u00e3o aos dois anos anteriores, enquanto o estudo aponta um aumento do n\u00famero de \u00f3bitos na espera por uma vaga. O panorama geral indica dificuldades de acesso aos servi\u00e7os.<\/p>\n<p>Segundo a ERS, apesar de a rede estar formalmente estruturada, persistem limita\u00e7\u00f5es de acesso. Este diagn\u00f3stico aponta para insufici\u00eancia e desigualdade na distribui\u00e7\u00e3o de unidades e camas de cuidados paliativos.<\/p>\n<p>O relat\u00f3rio detalha ainda que os constrangimentos afetam a experi\u00eancia de doentes e familiares, refletindo desequil\u00edbrios regionais na oferta de camas e de servi\u00e7os de suporte. A ERS sublinha a necessidade de clarificar apertos no acesso.<\/p>\n","protected":false},"excerpt":{"rendered":"<ul>\n<li>Em 2024 mais de metade dos utentes referenciados para uma unidade de cuidados paliativos da Rede Nacional de Cuidados Continuados Integrados (UCP-RNCCI) faleceram antes da admiss\u00e3o.<\/li>\n<li>O relat\u00f3rio da Entidade Reguladora da Sa\u00fade indica um aumento deste fen\u00f3meno em rela\u00e7\u00e3o aos dois anos anteriores.<\/li>\n<li>A percentagem de admitidos reduziu-se no mesmo per\u00edodo.<\/li>\n<li>A avalia\u00e7\u00e3o aponta constrangimentos no acesso, com insufici\u00eancia e desigualdade na distribui\u00e7\u00e3o de unidades e camas.<\/li>\n<li>O estudo refor\u00e7a que, apesar de a rede estar estruturada, persistem car\u00eancias que impactam o acesso aos cuidados paliativos.<\/li>\n<\/ul>\n","protected":false},"author":2,"featured_media":389014,"comment_status":"closed","ping_status":"closed","sticky":false,"template":"","format":"standard","meta":{"footnotes":""},"categories":[1],"tags":[5371,1275,5437,1615,3691,1014],"class_list":["post-389012","post","type-post","status-publish","format-standard","has-post-thumbnail","hentry","category-noticias","tag-cuidados-de-saude","tag-descentralizacao-territorial","tag-desigualdades-sociais","tag-infraestrutura","tag-paliativos","tag-portugal"],"yoast_head":"<!-- This site is optimized with the Yoast SEO plugin v27.2 - https:\/\/yoast.com\/product\/yoast-seo-wordpress\/ -->\n<title>Mais da metade dos utentes em cuidados paliativos morreram \u00e0 espera de vaga - Portal Tela Portugal<\/title>\n<meta name=\"robots\" content=\"index, follow, max-snippet:-1, max-image-preview:large, max-video-preview:-1\" \/>\n<meta property=\"og:locale\" content=\"pt_PT\" \/>\n<meta property=\"og:type\" content=\"article\" \/>\n<meta property=\"og:title\" content=\"Mais da metade dos utentes em cuidados paliativos morreram \u00e0 espera de vaga - Portal Tela Portugal\" \/>\n<meta property=\"og:description\" content=\"Em 2024 mais de metade dos utentes referenciados para uma unidade de cuidados paliativos da Rede Nacional de Cuidados Continuados Integrados (UCP-RNCCI) faleceram antes da admiss\u00e3o. O relat\u00f3rio da Entidade Reguladora da Sa\u00fade indica um aumento deste fen\u00f3meno em rela\u00e7\u00e3o aos dois anos anteriores. A percentagem de admitidos reduziu-se no mesmo per\u00edodo. A avalia\u00e7\u00e3o aponta constrangimentos no acesso, com insufici\u00eancia e desigualdade na distribui\u00e7\u00e3o de unidades e camas. O estudo refor\u00e7a que, apesar de a rede estar estruturada, persistem car\u00eancias que impactam o acesso aos cuidados paliativos.\" \/>\n<meta property=\"og:url\" content=\"https:\/\/portaltela.pt\/noticias\/2026\/02\/26\/mais-da-metade-dos-utentes-em-cuidados-paliativos-morreram-a-espera-de-vaga\/\" \/>\n<meta property=\"og:site_name\" content=\"Portal Tela Portugal\" \/>\n<meta property=\"article:published_time\" content=\"2026-02-26T13:04:00+00:00\" \/>\n<meta name=\"author\" content=\"Telinha\" \/>\n<meta name=\"twitter:card\" content=\"summary_large_image\" \/>\n<meta name=\"twitter:label1\" content=\"Escrito por\" \/>\n\t<meta name=\"twitter:data1\" content=\"Telinha\" \/>\n\t<meta name=\"twitter:label2\" content=\"Tempo estimado de leitura\" \/>\n\t<meta name=\"twitter:data2\" content=\"1 minuto\" \/>\n<script type=\"application\/ld+json\" class=\"yoast-schema-graph\">{\"@context\":\"https:\/\/schema.org\",\"@graph\":[{\"@type\":\"Article\",\"@id\":\"https:\/\/portaltela.pt\/noticias\/2026\/02\/26\/mais-da-metade-dos-utentes-em-cuidados-paliativos-morreram-a-espera-de-vaga\/#article\",\"isPartOf\":{\"@id\":\"https:\/\/portaltela.pt\/noticias\/2026\/02\/26\/mais-da-metade-dos-utentes-em-cuidados-paliativos-morreram-a-espera-de-vaga\/\"},\"author\":{\"name\":\"Telinha\",\"@id\":\"https:\/\/portaltela.pt\/#\/schema\/person\/c4278d4a6028830caff9ee44b42d32ed\"},\"headline\":\"Mais da metade dos utentes em cuidados paliativos morreram \u00e0 espera de vaga\",\"datePublished\":\"2026-02-26T13:04:00+00:00\",\"mainEntityOfPage\":{\"@id\":\"https:\/\/portaltela.pt\/noticias\/2026\/02\/26\/mais-da-metade-dos-utentes-em-cuidados-paliativos-morreram-a-espera-de-vaga\/\"},\"wordCount\":166,\"image\":{\"@id\":\"https:\/\/portaltela.pt\/noticias\/2026\/02\/26\/mais-da-metade-dos-utentes-em-cuidados-paliativos-morreram-a-espera-de-vaga\/#primaryimage\"},\"thumbnailUrl\":\"https:\/\/portaltela.pt\/s.01k8rhncp4jt1\/2026\/02\/2069936.jpg\",\"keywords\":[\"cuidados de sa\u00fade\",\"descentraliza\u00e7\u00e3o territorial\",\"desigualdades sociais\",\"infraestrutura\",\"paliativos\",\"Portugal\"],\"articleSection\":[\"Not\u00edcias\"],\"inLanguage\":\"pt-PT\"},{\"@type\":\"WebPage\",\"@id\":\"https:\/\/portaltela.pt\/noticias\/2026\/02\/26\/mais-da-metade-dos-utentes-em-cuidados-paliativos-morreram-a-espera-de-vaga\/\",\"url\":\"https:\/\/portaltela.pt\/noticias\/2026\/02\/26\/mais-da-metade-dos-utentes-em-cuidados-paliativos-morreram-a-espera-de-vaga\/\",\"name\":\"Mais da metade dos utentes em cuidados paliativos morreram \u00e0 espera de vaga - Portal Tela Portugal\",\"isPartOf\":{\"@id\":\"https:\/\/portaltela.pt\/#website\"},\"primaryImageOfPage\":{\"@id\":\"https:\/\/portaltela.pt\/noticias\/2026\/02\/26\/mais-da-metade-dos-utentes-em-cuidados-paliativos-morreram-a-espera-de-vaga\/#primaryimage\"},\"image\":{\"@id\":\"https:\/\/portaltela.pt\/noticias\/2026\/02\/26\/mais-da-metade-dos-utentes-em-cuidados-paliativos-morreram-a-espera-de-vaga\/#primaryimage\"},\"thumbnailUrl\":\"https:\/\/portaltela.pt\/s.01k8rhncp4jt1\/2026\/02\/2069936.jpg\",\"datePublished\":\"2026-02-26T13:04:00+00:00\",\"author\":{\"@id\":\"https:\/\/portaltela.pt\/#\/schema\/person\/c4278d4a6028830caff9ee44b42d32ed\"},\"breadcrumb\":{\"@id\":\"https:\/\/portaltela.pt\/noticias\/2026\/02\/26\/mais-da-metade-dos-utentes-em-cuidados-paliativos-morreram-a-espera-de-vaga\/#breadcrumb\"},\"inLanguage\":\"pt-PT\",\"potentialAction\":[{\"@type\":\"ReadAction\",\"target\":[\"https:\/\/portaltela.pt\/noticias\/2026\/02\/26\/mais-da-metade-dos-utentes-em-cuidados-paliativos-morreram-a-espera-de-vaga\/\"]}]},{\"@type\":\"ImageObject\",\"inLanguage\":\"pt-PT\",\"@id\":\"https:\/\/portaltela.pt\/noticias\/2026\/02\/26\/mais-da-metade-dos-utentes-em-cuidados-paliativos-morreram-a-espera-de-vaga\/#primaryimage\",\"url\":\"https:\/\/portaltela.pt\/s.01k8rhncp4jt1\/2026\/02\/2069936.jpg\",\"contentUrl\":\"https:\/\/portaltela.pt\/s.01k8rhncp4jt1\/2026\/02\/2069936.jpg\",\"width\":796,\"height\":448,\"caption\":\"Mediana do tempo de espera dos utentes com referencia\u00e7\u00e3o para resposta paliativa na rede de cuidados continuados foi de 16 dias\"},{\"@type\":\"BreadcrumbList\",\"@id\":\"https:\/\/portaltela.pt\/noticias\/2026\/02\/26\/mais-da-metade-dos-utentes-em-cuidados-paliativos-morreram-a-espera-de-vaga\/#breadcrumb\",\"itemListElement\":[{\"@type\":\"ListItem\",\"position\":1,\"name\":\"In\u00edcio\",\"item\":\"https:\/\/portaltela.pt\/\"},{\"@type\":\"ListItem\",\"position\":2,\"name\":\"Mais da metade dos utentes em cuidados paliativos morreram \u00e0 espera de vaga\"}]},{\"@type\":\"WebSite\",\"@id\":\"https:\/\/portaltela.pt\/#website\",\"url\":\"https:\/\/portaltela.pt\/\",\"name\":\"Portal Tela Portugal\",\"description\":\"\",\"potentialAction\":[{\"@type\":\"SearchAction\",\"target\":{\"@type\":\"EntryPoint\",\"urlTemplate\":\"https:\/\/portaltela.pt\/?s={search_term_string}\"},\"query-input\":{\"@type\":\"PropertyValueSpecification\",\"valueRequired\":true,\"valueName\":\"search_term_string\"}}],\"inLanguage\":\"pt-PT\"},{\"@type\":\"Person\",\"@id\":\"https:\/\/portaltela.pt\/#\/schema\/person\/c4278d4a6028830caff9ee44b42d32ed\",\"name\":\"Telinha\",\"image\":{\"@type\":\"ImageObject\",\"inLanguage\":\"pt-PT\",\"@id\":\"https:\/\/portaltela.pt\/s.01k8rhncp4jt1\/2025\/11\/talking-bot-125x125.png\",\"url\":\"https:\/\/portaltela.pt\/s.01k8rhncp4jt1\/2025\/11\/talking-bot-125x125.png\",\"contentUrl\":\"https:\/\/portaltela.pt\/s.01k8rhncp4jt1\/2025\/11\/talking-bot-125x125.png\",\"caption\":\"Telinha\"},\"sameAs\":[\"https:\/\/portaltela.pt\/\"],\"url\":\"https:\/\/portaltela.pt\/por\/367410592786\/\"}]}<\/script>\n<!-- \/ Yoast SEO plugin. -->","yoast_head_json":{"title":"Mais da metade dos utentes em cuidados paliativos morreram \u00e0 espera de vaga - Portal Tela Portugal","robots":{"index":"index","follow":"follow","max-snippet":"max-snippet:-1","max-image-preview":"max-image-preview:large","max-video-preview":"max-video-preview:-1"},"og_locale":"pt_PT","og_type":"article","og_title":"Mais da metade dos utentes em cuidados paliativos morreram \u00e0 espera de vaga - Portal Tela Portugal","og_description":"Em 2024 mais de metade dos utentes referenciados para uma unidade de cuidados paliativos da Rede Nacional de Cuidados Continuados Integrados (UCP-RNCCI) faleceram antes da admiss\u00e3o. O relat\u00f3rio da Entidade Reguladora da Sa\u00fade indica um aumento deste fen\u00f3meno em rela\u00e7\u00e3o aos dois anos anteriores. A percentagem de admitidos reduziu-se no mesmo per\u00edodo. A avalia\u00e7\u00e3o aponta constrangimentos no acesso, com insufici\u00eancia e desigualdade na distribui\u00e7\u00e3o de unidades e camas. O estudo refor\u00e7a que, apesar de a rede estar estruturada, persistem car\u00eancias que impactam o acesso aos cuidados paliativos.","og_url":"https:\/\/portaltela.pt\/noticias\/2026\/02\/26\/mais-da-metade-dos-utentes-em-cuidados-paliativos-morreram-a-espera-de-vaga\/","og_site_name":"Portal Tela Portugal","article_published_time":"2026-02-26T13:04:00+00:00","author":"Telinha","twitter_card":"summary_large_image","twitter_misc":{"Escrito por":"Telinha","Tempo estimado de leitura":"1 minuto"},"schema":{"@context":"https:\/\/schema.org","@graph":[{"@type":"Article","@id":"https:\/\/portaltela.pt\/noticias\/2026\/02\/26\/mais-da-metade-dos-utentes-em-cuidados-paliativos-morreram-a-espera-de-vaga\/#article","isPartOf":{"@id":"https:\/\/portaltela.pt\/noticias\/2026\/02\/26\/mais-da-metade-dos-utentes-em-cuidados-paliativos-morreram-a-espera-de-vaga\/"},"author":{"name":"Telinha","@id":"https:\/\/portaltela.pt\/#\/schema\/person\/c4278d4a6028830caff9ee44b42d32ed"},"headline":"Mais da metade dos utentes em cuidados paliativos morreram \u00e0 espera de vaga","datePublished":"2026-02-26T13:04:00+00:00","mainEntityOfPage":{"@id":"https:\/\/portaltela.pt\/noticias\/2026\/02\/26\/mais-da-metade-dos-utentes-em-cuidados-paliativos-morreram-a-espera-de-vaga\/"},"wordCount":166,"image":{"@id":"https:\/\/portaltela.pt\/noticias\/2026\/02\/26\/mais-da-metade-dos-utentes-em-cuidados-paliativos-morreram-a-espera-de-vaga\/#primaryimage"},"thumbnailUrl":"https:\/\/portaltela.pt\/s.01k8rhncp4jt1\/2026\/02\/2069936.jpg","keywords":["cuidados de sa\u00fade","descentraliza\u00e7\u00e3o territorial","desigualdades sociais","infraestrutura","paliativos","Portugal"],"articleSection":["Not\u00edcias"],"inLanguage":"pt-PT"},{"@type":"WebPage","@id":"https:\/\/portaltela.pt\/noticias\/2026\/02\/26\/mais-da-metade-dos-utentes-em-cuidados-paliativos-morreram-a-espera-de-vaga\/","url":"https:\/\/portaltela.pt\/noticias\/2026\/02\/26\/mais-da-metade-dos-utentes-em-cuidados-paliativos-morreram-a-espera-de-vaga\/","name":"Mais da metade dos utentes em cuidados paliativos morreram \u00e0 espera de vaga - Portal Tela Portugal","isPartOf":{"@id":"https:\/\/portaltela.pt\/#website"},"primaryImageOfPage":{"@id":"https:\/\/portaltela.pt\/noticias\/2026\/02\/26\/mais-da-metade-dos-utentes-em-cuidados-paliativos-morreram-a-espera-de-vaga\/#primaryimage"},"image":{"@id":"https:\/\/portaltela.pt\/noticias\/2026\/02\/26\/mais-da-metade-dos-utentes-em-cuidados-paliativos-morreram-a-espera-de-vaga\/#primaryimage"},"thumbnailUrl":"https:\/\/portaltela.pt\/s.01k8rhncp4jt1\/2026\/02\/2069936.jpg","datePublished":"2026-02-26T13:04:00+00:00","author":{"@id":"https:\/\/portaltela.pt\/#\/schema\/person\/c4278d4a6028830caff9ee44b42d32ed"},"breadcrumb":{"@id":"https:\/\/portaltela.pt\/noticias\/2026\/02\/26\/mais-da-metade-dos-utentes-em-cuidados-paliativos-morreram-a-espera-de-vaga\/#breadcrumb"},"inLanguage":"pt-PT","potentialAction":[{"@type":"ReadAction","target":["https:\/\/portaltela.pt\/noticias\/2026\/02\/26\/mais-da-metade-dos-utentes-em-cuidados-paliativos-morreram-a-espera-de-vaga\/"]}]},{"@type":"ImageObject","inLanguage":"pt-PT","@id":"https:\/\/portaltela.pt\/noticias\/2026\/02\/26\/mais-da-metade-dos-utentes-em-cuidados-paliativos-morreram-a-espera-de-vaga\/#primaryimage","url":"https:\/\/portaltela.pt\/s.01k8rhncp4jt1\/2026\/02\/2069936.jpg","contentUrl":"https:\/\/portaltela.pt\/s.01k8rhncp4jt1\/2026\/02\/2069936.jpg","width":796,"height":448,"caption":"Mediana do tempo de espera dos utentes com referencia\u00e7\u00e3o para resposta paliativa na rede de cuidados continuados foi de 16 dias"},{"@type":"BreadcrumbList","@id":"https:\/\/portaltela.pt\/noticias\/2026\/02\/26\/mais-da-metade-dos-utentes-em-cuidados-paliativos-morreram-a-espera-de-vaga\/#breadcrumb","itemListElement":[{"@type":"ListItem","position":1,"name":"In\u00edcio","item":"https:\/\/portaltela.pt\/"},{"@type":"ListItem","position":2,"name":"Mais da metade dos utentes em cuidados paliativos morreram \u00e0 espera de vaga"}]},{"@type":"WebSite","@id":"https:\/\/portaltela.pt\/#website","url":"https:\/\/portaltela.pt\/","name":"Portal Tela Portugal","description":"","potentialAction":[{"@type":"SearchAction","target":{"@type":"EntryPoint","urlTemplate":"https:\/\/portaltela.pt\/?s={search_term_string}"},"query-input":{"@type":"PropertyValueSpecification","valueRequired":true,"valueName":"search_term_string"}}],"inLanguage":"pt-PT"},{"@type":"Person","@id":"https:\/\/portaltela.pt\/#\/schema\/person\/c4278d4a6028830caff9ee44b42d32ed","name":"Telinha","image":{"@type":"ImageObject","inLanguage":"pt-PT","@id":"https:\/\/portaltela.pt\/s.01k8rhncp4jt1\/2025\/11\/talking-bot-125x125.png","url":"https:\/\/portaltela.pt\/s.01k8rhncp4jt1\/2025\/11\/talking-bot-125x125.png","contentUrl":"https:\/\/portaltela.pt\/s.01k8rhncp4jt1\/2025\/11\/talking-bot-125x125.png","caption":"Telinha"},"sameAs":["https:\/\/portaltela.pt\/"],"url":"https:\/\/portaltela.pt\/por\/367410592786\/"}]}},"_links":{"self":[{"href":"https:\/\/portaltela.pt\/api\/wp\/v2\/posts\/389012","targetHints":{"allow":["GET"]}}],"collection":[{"href":"https:\/\/portaltela.pt\/api\/wp\/v2\/posts"}],"about":[{"href":"https:\/\/portaltela.pt\/api\/wp\/v2\/types\/post"}],"author":[{"embeddable":true,"href":"https:\/\/portaltela.pt\/api\/wp\/v2\/users\/2"}],"replies":[{"embeddable":true,"href":"https:\/\/portaltela.pt\/api\/wp\/v2\/comments?post=389012"}],"version-history":[{"count":0,"href":"https:\/\/portaltela.pt\/api\/wp\/v2\/posts\/389012\/revisions"}],"wp:featuredmedia":[{"embeddable":true,"href":"https:\/\/portaltela.pt\/api\/wp\/v2\/media\/389014"}],"wp:attachment":[{"href":"https:\/\/portaltela.pt\/api\/wp\/v2\/media?parent=389012"}],"wp:term":[{"taxonomy":"category","embeddable":true,"href":"https:\/\/portaltela.pt\/api\/wp\/v2\/categories?post=389012"},{"taxonomy":"post_tag","embeddable":true,"href":"https:\/\/portaltela.pt\/api\/wp\/v2\/tags?post=389012"}],"curies":[{"name":"wp","href":"https:\/\/api.w.org\/{rel}","templated":true}]}}