{"id":388997,"date":"2026-02-26T10:01:43","date_gmt":"2026-02-26T13:01:43","guid":{"rendered":"https:\/\/portaltela.pt\/noticias\/2026\/02\/26\/transparencia-internacional-exige-debate-sobre-mudancas-no-tribunal-de-contas\/"},"modified":"2026-02-26T10:01:43","modified_gmt":"2026-02-26T13:01:43","slug":"transparencia-internacional-exige-debate-sobre-mudancas-no-tribunal-de-contas","status":"publish","type":"post","link":"https:\/\/portaltela.pt\/noticias\/2026\/02\/26\/transparencia-internacional-exige-debate-sobre-mudancas-no-tribunal-de-contas\/","title":{"rendered":"Transpar\u00eancia Internacional exige debate sobre mudan\u00e7as no Tribunal de Contas"},"content":{"rendered":"<p>Transpar\u00eancia Internacional pediu hoje um debate p\u00fablico sobre as mudan\u00e7as propostas ao Tribunal de Contas, institui\u00e7\u00e3o com fun\u00e7\u00f5es constitucionalmente protegidas. A organiza\u00e7\u00e3o alega que qualquer altera\u00e7\u00e3o \u00e0 lei do Tribunal de Contas deve nascer de um debate amplo no parlamento.<\/p>\n<p>Afirma que esse debate \u00e9 essencial para preservar o Estado de direito e prevenir a corrup\u00e7\u00e3o. A organiza\u00e7\u00e3o sustenta que decis\u00f5es tomadas sem discuss\u00e3o p\u00fablica podem fragilizar a fiscaliza\u00e7\u00e3o financeira.<\/p>\n<p>Em comunicado, a Transpar\u00eancia Internacional real\u00e7a o papel do Tribunal de Contas na fiscaliza\u00e7\u00e3o da gest\u00e3o p\u00fablica e na promo\u00e7\u00e3o da transpar\u00eancia. O \u00f3rg\u00e3o funciona como controlo externo que merece fortalecimento.<\/p>\n<h3>Riscos e participa\u00e7\u00e3o<\/h3>\n<p>A ONG alerta para riscos que altera\u00e7\u00f5es possam trazer \u00e0 independ\u00eancia e \u00e0 autonomia do Tribunal. Mudan\u00e7as unilaterais, sem consulta ampla, podem reduzir a credibilidade da institui\u00e7\u00e3o.<\/p>\n<p>A proposta de debate surge num momento de discuss\u00e3o sobre reformas no sistema de fiscaliza\u00e7\u00e3o externa. O objetivo \u00e9 melhorar efici\u00eancia e transpar\u00eancia, mantendo princ\u00edpios constitucionais e autonomia do Tribunal.<\/p>\n<p>A Transpar\u00eancia Internacional sublinha que o debate deve envolver parlamentares, especialistas, sociedade civil e \u00f3rg\u00e3os de fiscaliza\u00e7\u00e3o. O objetivo \u00e9 assegurar que as mudan\u00e7as respondam ao interesse p\u00fablico.<\/p>\n<p>A organiza\u00e7\u00e3o acrescenta que a transpar\u00eancia e o di\u00e1logo aberto s\u00e3o essenciais para reformas leg\u00edtimas, eficazes e alinhadas com democracia e Estado de Direito. O comunicado foi tornada p\u00fablico pela institui\u00e7\u00e3o.<\/p>\n","protected":false},"excerpt":{"rendered":"<ul>\n<li>Transpar\u00eancia Internacional solicita debate p\u00fablico sobre mudan\u00e7as propostas ao Tribunal de Contas, institui\u00e7\u00e3o com fun\u00e7\u00f5es constitucionalmente protegidas, para assegurar o Estado de direito e a preven\u00e7\u00e3o de corrup\u00e7\u00e3o.<\/li>\n<li>Defende que qualquer altera\u00e7\u00e3o \u00e0 lei do Tribunal de Contas tenha um debate parlamentar amplo e transparente.<\/li>\n<li>Refor\u00e7a o papel do Tribunal de Contas na fiscaliza\u00e7\u00e3o financeira e na transpar\u00eancia da gest\u00e3o p\u00fablica como garantia de controlo externo.<\/li>\n<li>Alerta para riscos de altera\u00e7\u00f5es que possam comprometer a independ\u00eancia e autonomia da institui\u00e7\u00e3o, afectando a credibilidade e a confian\u00e7a da sociedade.<\/li>\n<li>Prop\u00f5e envolver todos os atores relevantes, incluindo parlamentares, especialistas, sociedade civil e \u00f3rg\u00e3os de fiscaliza\u00e7\u00e3o, para assegurar mudan\u00e7as que atendam ao interesse p\u00fablico e fortale\u00e7am a democracia.<\/li>\n<\/ul>\n","protected":false},"author":2,"featured_media":388998,"comment_status":"closed","ping_status":"closed","sticky":false,"template":"","format":"standard","meta":{"footnotes":""},"categories":[1],"tags":[83,1428,695,34,332,6170],"class_list":["post-388997","post","type-post","status-publish","format-standard","has-post-thumbnail","hentry","category-noticias","tag-corrupcao","tag-direitos-publicos","tag-fiscalizacao","tag-governo","tag-transparencia","tag-tribunal-administrativo-e-fiscal"],"yoast_head":"<!-- This site is optimized with the Yoast SEO plugin v27.2 - https:\/\/yoast.com\/product\/yoast-seo-wordpress\/ -->\n<title>Transpar\u00eancia Internacional exige debate sobre mudan\u00e7as no Tribunal de Contas - Portal Tela Portugal<\/title>\n<meta name=\"robots\" content=\"index, follow, max-snippet:-1, max-image-preview:large, max-video-preview:-1\" \/>\n<meta property=\"og:locale\" content=\"pt_PT\" \/>\n<meta property=\"og:type\" content=\"article\" \/>\n<meta property=\"og:title\" content=\"Transpar\u00eancia Internacional exige debate sobre mudan\u00e7as no Tribunal de Contas - Portal Tela Portugal\" \/>\n<meta property=\"og:description\" content=\"Transpar\u00eancia Internacional solicita debate p\u00fablico sobre mudan\u00e7as propostas ao Tribunal de Contas, institui\u00e7\u00e3o com fun\u00e7\u00f5es constitucionalmente protegidas, para assegurar o Estado de direito e a preven\u00e7\u00e3o de corrup\u00e7\u00e3o. Defende que qualquer altera\u00e7\u00e3o \u00e0 lei do Tribunal de Contas tenha um debate parlamentar amplo e transparente. Refor\u00e7a o papel do Tribunal de Contas na fiscaliza\u00e7\u00e3o financeira e na transpar\u00eancia da gest\u00e3o p\u00fablica como garantia de controlo externo. Alerta para riscos de altera\u00e7\u00f5es que possam comprometer a independ\u00eancia e autonomia da institui\u00e7\u00e3o, afectando a credibilidade e a confian\u00e7a da sociedade. Prop\u00f5e envolver todos os atores relevantes, incluindo parlamentares, especialistas, sociedade civil e \u00f3rg\u00e3os de fiscaliza\u00e7\u00e3o, para assegurar mudan\u00e7as que atendam ao interesse p\u00fablico e fortale\u00e7am a democracia.\" \/>\n<meta property=\"og:url\" content=\"https:\/\/portaltela.pt\/noticias\/2026\/02\/26\/transparencia-internacional-exige-debate-sobre-mudancas-no-tribunal-de-contas\/\" \/>\n<meta property=\"og:site_name\" content=\"Portal Tela Portugal\" \/>\n<meta property=\"article:published_time\" content=\"2026-02-26T13:01:43+00:00\" \/>\n<meta name=\"author\" content=\"Telinha\" \/>\n<meta name=\"twitter:card\" content=\"summary_large_image\" \/>\n<meta name=\"twitter:label1\" content=\"Escrito por\" \/>\n\t<meta name=\"twitter:data1\" content=\"Telinha\" \/>\n\t<meta name=\"twitter:label2\" content=\"Tempo estimado de leitura\" \/>\n\t<meta name=\"twitter:data2\" content=\"1 minuto\" \/>\n<script type=\"application\/ld+json\" class=\"yoast-schema-graph\">{\"@context\":\"https:\/\/schema.org\",\"@graph\":[{\"@type\":\"Article\",\"@id\":\"https:\/\/portaltela.pt\/noticias\/2026\/02\/26\/transparencia-internacional-exige-debate-sobre-mudancas-no-tribunal-de-contas\/#article\",\"isPartOf\":{\"@id\":\"https:\/\/portaltela.pt\/noticias\/2026\/02\/26\/transparencia-internacional-exige-debate-sobre-mudancas-no-tribunal-de-contas\/\"},\"author\":{\"name\":\"Telinha\",\"@id\":\"https:\/\/portaltela.pt\/#\/schema\/person\/c4278d4a6028830caff9ee44b42d32ed\"},\"headline\":\"Transpar\u00eancia Internacional exige debate sobre mudan\u00e7as no Tribunal de Contas\",\"datePublished\":\"2026-02-26T13:01:43+00:00\",\"mainEntityOfPage\":{\"@id\":\"https:\/\/portaltela.pt\/noticias\/2026\/02\/26\/transparencia-internacional-exige-debate-sobre-mudancas-no-tribunal-de-contas\/\"},\"wordCount\":269,\"image\":{\"@id\":\"https:\/\/portaltela.pt\/noticias\/2026\/02\/26\/transparencia-internacional-exige-debate-sobre-mudancas-no-tribunal-de-contas\/#primaryimage\"},\"thumbnailUrl\":\"https:\/\/portaltela.pt\/s.01k8rhncp4jt1\/2026\/02\/dn2Fimport2Fdncxpgxxypnfpero2Fr1r7agzicntw.jpg\",\"keywords\":[\"corrup\u00e7\u00e3o\",\"direitos p\u00fablicos\",\"fiscaliza\u00e7\u00e3o\",\"governo\",\"transpar\u00eancia\",\"Tribunal Administrativo e Fiscal\"],\"articleSection\":[\"Not\u00edcias\"],\"inLanguage\":\"pt-PT\"},{\"@type\":\"WebPage\",\"@id\":\"https:\/\/portaltela.pt\/noticias\/2026\/02\/26\/transparencia-internacional-exige-debate-sobre-mudancas-no-tribunal-de-contas\/\",\"url\":\"https:\/\/portaltela.pt\/noticias\/2026\/02\/26\/transparencia-internacional-exige-debate-sobre-mudancas-no-tribunal-de-contas\/\",\"name\":\"Transpar\u00eancia Internacional exige debate sobre mudan\u00e7as no Tribunal de Contas - Portal Tela Portugal\",\"isPartOf\":{\"@id\":\"https:\/\/portaltela.pt\/#website\"},\"primaryImageOfPage\":{\"@id\":\"https:\/\/portaltela.pt\/noticias\/2026\/02\/26\/transparencia-internacional-exige-debate-sobre-mudancas-no-tribunal-de-contas\/#primaryimage\"},\"image\":{\"@id\":\"https:\/\/portaltela.pt\/noticias\/2026\/02\/26\/transparencia-internacional-exige-debate-sobre-mudancas-no-tribunal-de-contas\/#primaryimage\"},\"thumbnailUrl\":\"https:\/\/portaltela.pt\/s.01k8rhncp4jt1\/2026\/02\/dn2Fimport2Fdncxpgxxypnfpero2Fr1r7agzicntw.jpg\",\"datePublished\":\"2026-02-26T13:01:43+00:00\",\"author\":{\"@id\":\"https:\/\/portaltela.pt\/#\/schema\/person\/c4278d4a6028830caff9ee44b42d32ed\"},\"breadcrumb\":{\"@id\":\"https:\/\/portaltela.pt\/noticias\/2026\/02\/26\/transparencia-internacional-exige-debate-sobre-mudancas-no-tribunal-de-contas\/#breadcrumb\"},\"inLanguage\":\"pt-PT\",\"potentialAction\":[{\"@type\":\"ReadAction\",\"target\":[\"https:\/\/portaltela.pt\/noticias\/2026\/02\/26\/transparencia-internacional-exige-debate-sobre-mudancas-no-tribunal-de-contas\/\"]}]},{\"@type\":\"ImageObject\",\"inLanguage\":\"pt-PT\",\"@id\":\"https:\/\/portaltela.pt\/noticias\/2026\/02\/26\/transparencia-internacional-exige-debate-sobre-mudancas-no-tribunal-de-contas\/#primaryimage\",\"url\":\"https:\/\/portaltela.pt\/s.01k8rhncp4jt1\/2026\/02\/dn2Fimport2Fdncxpgxxypnfpero2Fr1r7agzicntw.jpg\",\"contentUrl\":\"https:\/\/portaltela.pt\/s.01k8rhncp4jt1\/2026\/02\/dn2Fimport2Fdncxpgxxypnfpero2Fr1r7agzicntw.jpg\",\"width\":1200,\"height\":630,\"caption\":\"Nuno Fox\/Digital\"},{\"@type\":\"BreadcrumbList\",\"@id\":\"https:\/\/portaltela.pt\/noticias\/2026\/02\/26\/transparencia-internacional-exige-debate-sobre-mudancas-no-tribunal-de-contas\/#breadcrumb\",\"itemListElement\":[{\"@type\":\"ListItem\",\"position\":1,\"name\":\"In\u00edcio\",\"item\":\"https:\/\/portaltela.pt\/\"},{\"@type\":\"ListItem\",\"position\":2,\"name\":\"Transpar\u00eancia Internacional exige debate sobre mudan\u00e7as no Tribunal de Contas\"}]},{\"@type\":\"WebSite\",\"@id\":\"https:\/\/portaltela.pt\/#website\",\"url\":\"https:\/\/portaltela.pt\/\",\"name\":\"Portal Tela Portugal\",\"description\":\"\",\"potentialAction\":[{\"@type\":\"SearchAction\",\"target\":{\"@type\":\"EntryPoint\",\"urlTemplate\":\"https:\/\/portaltela.pt\/?s={search_term_string}\"},\"query-input\":{\"@type\":\"PropertyValueSpecification\",\"valueRequired\":true,\"valueName\":\"search_term_string\"}}],\"inLanguage\":\"pt-PT\"},{\"@type\":\"Person\",\"@id\":\"https:\/\/portaltela.pt\/#\/schema\/person\/c4278d4a6028830caff9ee44b42d32ed\",\"name\":\"Telinha\",\"image\":{\"@type\":\"ImageObject\",\"inLanguage\":\"pt-PT\",\"@id\":\"https:\/\/portaltela.pt\/s.01k8rhncp4jt1\/2025\/11\/talking-bot-125x125.png\",\"url\":\"https:\/\/portaltela.pt\/s.01k8rhncp4jt1\/2025\/11\/talking-bot-125x125.png\",\"contentUrl\":\"https:\/\/portaltela.pt\/s.01k8rhncp4jt1\/2025\/11\/talking-bot-125x125.png\",\"caption\":\"Telinha\"},\"sameAs\":[\"https:\/\/portaltela.pt\/\"],\"url\":\"https:\/\/portaltela.pt\/por\/367410592786\/\"}]}<\/script>\n<!-- \/ Yoast SEO plugin. -->","yoast_head_json":{"title":"Transpar\u00eancia Internacional exige debate sobre mudan\u00e7as no Tribunal de Contas - Portal Tela Portugal","robots":{"index":"index","follow":"follow","max-snippet":"max-snippet:-1","max-image-preview":"max-image-preview:large","max-video-preview":"max-video-preview:-1"},"og_locale":"pt_PT","og_type":"article","og_title":"Transpar\u00eancia Internacional exige debate sobre mudan\u00e7as no Tribunal de Contas - Portal Tela Portugal","og_description":"Transpar\u00eancia Internacional solicita debate p\u00fablico sobre mudan\u00e7as propostas ao Tribunal de Contas, institui\u00e7\u00e3o com fun\u00e7\u00f5es constitucionalmente protegidas, para assegurar o Estado de direito e a preven\u00e7\u00e3o de corrup\u00e7\u00e3o. Defende que qualquer altera\u00e7\u00e3o \u00e0 lei do Tribunal de Contas tenha um debate parlamentar amplo e transparente. Refor\u00e7a o papel do Tribunal de Contas na fiscaliza\u00e7\u00e3o financeira e na transpar\u00eancia da gest\u00e3o p\u00fablica como garantia de controlo externo. Alerta para riscos de altera\u00e7\u00f5es que possam comprometer a independ\u00eancia e autonomia da institui\u00e7\u00e3o, afectando a credibilidade e a confian\u00e7a da sociedade. Prop\u00f5e envolver todos os atores relevantes, incluindo parlamentares, especialistas, sociedade civil e \u00f3rg\u00e3os de fiscaliza\u00e7\u00e3o, para assegurar mudan\u00e7as que atendam ao interesse p\u00fablico e fortale\u00e7am a democracia.","og_url":"https:\/\/portaltela.pt\/noticias\/2026\/02\/26\/transparencia-internacional-exige-debate-sobre-mudancas-no-tribunal-de-contas\/","og_site_name":"Portal Tela Portugal","article_published_time":"2026-02-26T13:01:43+00:00","author":"Telinha","twitter_card":"summary_large_image","twitter_misc":{"Escrito por":"Telinha","Tempo estimado de leitura":"1 minuto"},"schema":{"@context":"https:\/\/schema.org","@graph":[{"@type":"Article","@id":"https:\/\/portaltela.pt\/noticias\/2026\/02\/26\/transparencia-internacional-exige-debate-sobre-mudancas-no-tribunal-de-contas\/#article","isPartOf":{"@id":"https:\/\/portaltela.pt\/noticias\/2026\/02\/26\/transparencia-internacional-exige-debate-sobre-mudancas-no-tribunal-de-contas\/"},"author":{"name":"Telinha","@id":"https:\/\/portaltela.pt\/#\/schema\/person\/c4278d4a6028830caff9ee44b42d32ed"},"headline":"Transpar\u00eancia Internacional exige debate sobre mudan\u00e7as no Tribunal de Contas","datePublished":"2026-02-26T13:01:43+00:00","mainEntityOfPage":{"@id":"https:\/\/portaltela.pt\/noticias\/2026\/02\/26\/transparencia-internacional-exige-debate-sobre-mudancas-no-tribunal-de-contas\/"},"wordCount":269,"image":{"@id":"https:\/\/portaltela.pt\/noticias\/2026\/02\/26\/transparencia-internacional-exige-debate-sobre-mudancas-no-tribunal-de-contas\/#primaryimage"},"thumbnailUrl":"https:\/\/portaltela.pt\/s.01k8rhncp4jt1\/2026\/02\/dn2Fimport2Fdncxpgxxypnfpero2Fr1r7agzicntw.jpg","keywords":["corrup\u00e7\u00e3o","direitos p\u00fablicos","fiscaliza\u00e7\u00e3o","governo","transpar\u00eancia","Tribunal Administrativo e Fiscal"],"articleSection":["Not\u00edcias"],"inLanguage":"pt-PT"},{"@type":"WebPage","@id":"https:\/\/portaltela.pt\/noticias\/2026\/02\/26\/transparencia-internacional-exige-debate-sobre-mudancas-no-tribunal-de-contas\/","url":"https:\/\/portaltela.pt\/noticias\/2026\/02\/26\/transparencia-internacional-exige-debate-sobre-mudancas-no-tribunal-de-contas\/","name":"Transpar\u00eancia Internacional exige debate sobre mudan\u00e7as no Tribunal de Contas - Portal Tela Portugal","isPartOf":{"@id":"https:\/\/portaltela.pt\/#website"},"primaryImageOfPage":{"@id":"https:\/\/portaltela.pt\/noticias\/2026\/02\/26\/transparencia-internacional-exige-debate-sobre-mudancas-no-tribunal-de-contas\/#primaryimage"},"image":{"@id":"https:\/\/portaltela.pt\/noticias\/2026\/02\/26\/transparencia-internacional-exige-debate-sobre-mudancas-no-tribunal-de-contas\/#primaryimage"},"thumbnailUrl":"https:\/\/portaltela.pt\/s.01k8rhncp4jt1\/2026\/02\/dn2Fimport2Fdncxpgxxypnfpero2Fr1r7agzicntw.jpg","datePublished":"2026-02-26T13:01:43+00:00","author":{"@id":"https:\/\/portaltela.pt\/#\/schema\/person\/c4278d4a6028830caff9ee44b42d32ed"},"breadcrumb":{"@id":"https:\/\/portaltela.pt\/noticias\/2026\/02\/26\/transparencia-internacional-exige-debate-sobre-mudancas-no-tribunal-de-contas\/#breadcrumb"},"inLanguage":"pt-PT","potentialAction":[{"@type":"ReadAction","target":["https:\/\/portaltela.pt\/noticias\/2026\/02\/26\/transparencia-internacional-exige-debate-sobre-mudancas-no-tribunal-de-contas\/"]}]},{"@type":"ImageObject","inLanguage":"pt-PT","@id":"https:\/\/portaltela.pt\/noticias\/2026\/02\/26\/transparencia-internacional-exige-debate-sobre-mudancas-no-tribunal-de-contas\/#primaryimage","url":"https:\/\/portaltela.pt\/s.01k8rhncp4jt1\/2026\/02\/dn2Fimport2Fdncxpgxxypnfpero2Fr1r7agzicntw.jpg","contentUrl":"https:\/\/portaltela.pt\/s.01k8rhncp4jt1\/2026\/02\/dn2Fimport2Fdncxpgxxypnfpero2Fr1r7agzicntw.jpg","width":1200,"height":630,"caption":"Nuno Fox\/Digital"},{"@type":"BreadcrumbList","@id":"https:\/\/portaltela.pt\/noticias\/2026\/02\/26\/transparencia-internacional-exige-debate-sobre-mudancas-no-tribunal-de-contas\/#breadcrumb","itemListElement":[{"@type":"ListItem","position":1,"name":"In\u00edcio","item":"https:\/\/portaltela.pt\/"},{"@type":"ListItem","position":2,"name":"Transpar\u00eancia Internacional exige debate sobre mudan\u00e7as no Tribunal de Contas"}]},{"@type":"WebSite","@id":"https:\/\/portaltela.pt\/#website","url":"https:\/\/portaltela.pt\/","name":"Portal Tela Portugal","description":"","potentialAction":[{"@type":"SearchAction","target":{"@type":"EntryPoint","urlTemplate":"https:\/\/portaltela.pt\/?s={search_term_string}"},"query-input":{"@type":"PropertyValueSpecification","valueRequired":true,"valueName":"search_term_string"}}],"inLanguage":"pt-PT"},{"@type":"Person","@id":"https:\/\/portaltela.pt\/#\/schema\/person\/c4278d4a6028830caff9ee44b42d32ed","name":"Telinha","image":{"@type":"ImageObject","inLanguage":"pt-PT","@id":"https:\/\/portaltela.pt\/s.01k8rhncp4jt1\/2025\/11\/talking-bot-125x125.png","url":"https:\/\/portaltela.pt\/s.01k8rhncp4jt1\/2025\/11\/talking-bot-125x125.png","contentUrl":"https:\/\/portaltela.pt\/s.01k8rhncp4jt1\/2025\/11\/talking-bot-125x125.png","caption":"Telinha"},"sameAs":["https:\/\/portaltela.pt\/"],"url":"https:\/\/portaltela.pt\/por\/367410592786\/"}]}},"_links":{"self":[{"href":"https:\/\/portaltela.pt\/api\/wp\/v2\/posts\/388997","targetHints":{"allow":["GET"]}}],"collection":[{"href":"https:\/\/portaltela.pt\/api\/wp\/v2\/posts"}],"about":[{"href":"https:\/\/portaltela.pt\/api\/wp\/v2\/types\/post"}],"author":[{"embeddable":true,"href":"https:\/\/portaltela.pt\/api\/wp\/v2\/users\/2"}],"replies":[{"embeddable":true,"href":"https:\/\/portaltela.pt\/api\/wp\/v2\/comments?post=388997"}],"version-history":[{"count":0,"href":"https:\/\/portaltela.pt\/api\/wp\/v2\/posts\/388997\/revisions"}],"wp:featuredmedia":[{"embeddable":true,"href":"https:\/\/portaltela.pt\/api\/wp\/v2\/media\/388998"}],"wp:attachment":[{"href":"https:\/\/portaltela.pt\/api\/wp\/v2\/media?parent=388997"}],"wp:term":[{"taxonomy":"category","embeddable":true,"href":"https:\/\/portaltela.pt\/api\/wp\/v2\/categories?post=388997"},{"taxonomy":"post_tag","embeddable":true,"href":"https:\/\/portaltela.pt\/api\/wp\/v2\/tags?post=388997"}],"curies":[{"name":"wp","href":"https:\/\/api.w.org\/{rel}","templated":true}]}}