{"id":388966,"date":"2026-02-26T09:39:00","date_gmt":"2026-02-26T12:39:00","guid":{"rendered":"https:\/\/portaltela.pt\/noticias\/2026\/02\/26\/professor-absolvido-de-abusos-contra-duas-alunas-no-porto\/"},"modified":"2026-02-26T09:39:00","modified_gmt":"2026-02-26T12:39:00","slug":"professor-absolvido-de-abusos-contra-duas-alunas-no-porto","status":"publish","type":"post","link":"https:\/\/portaltela.pt\/noticias\/2026\/02\/26\/professor-absolvido-de-abusos-contra-duas-alunas-no-porto\/","title":{"rendered":"Professor absolvido de abusos contra duas alunas no Porto"},"content":{"rendered":"<p>Um professor do Porto foi declarado inocente pelo Supremo Tribunal de Justi\u00e7a (STJ) em rela\u00e7\u00e3o a acusa\u00e7\u00f5es de abusos sobre duas alunas. A condena\u00e7\u00e3o anterior, de um ano e meio de pena suspensa, foi anulada pelos ju\u00edzes conselheiros, que entenderam que, embora houvesse conduta inadequada, n\u00e3o ficou provado o crime. O docente lecionava Tecnologias de Informa\u00e7\u00e3o e Comunica\u00e7\u00e3o numa escola da cidade.<\/p>\n<p>O veredito do STJ baseia-se na avalia\u00e7\u00e3o de que os atos descritos n\u00e3o tinham carga sexual inequ\u00edvoca. Os magistrados consideraram que as a\u00e7\u00f5es, ocorridas em 2019, ocorreram em contexto aberto, sem persist\u00eancia, sem verbaliza\u00e7\u00f5es libidinosas e sem incid\u00eancia sobre zonas primariamente er\u00f3genas. Assim, entenderam que o comportamento poderia ter sido \u00e9ticamente censur\u00e1vel, mas n\u00e3o criminal.<\/p>\n<p>Segundo o processo, o docente acariciou a m\u00e3o de uma aluna de 13 anos enquanto esta usava o rato do computador e, noutra ocasi\u00e3o, aproximou-se pelas costas para fazer c\u00f3cegas na barriga, chegando perto da zona do suti\u00e3. Em rela\u00e7\u00e3o a uma segunda aluna, tamb\u00e9m de 13, o relat\u00f3rio descreve entrela\u00e7amento de dedos durante o uso do rato, al\u00e9m de puxar o queixo da menor e manter contato visual pr\u00f3ximo por um palmo de dist\u00e2ncia, com mais c\u00f3cegas na regi\u00e3o abdominal at\u00e9 \u00e0 linha do peito.<\/p>\n<h3>Decis\u00e3o e hist\u00f3rico processual<\/h3>\n<p>O professor tinha sido ilibado pelo Tribunal de S\u00e3o Jo\u00e3o Novo, no Porto. Em abril do ano passado, a Rela\u00e7\u00e3o do Porto reconheceu a responsabilidade e aplicou-lhe uma pena suspensa, al\u00e9m de conden\u00e1-lo a pagar cinco mil euros a cada uma das estudantes e a um impedimento de exercer fun\u00e7\u00f5es docentes por cinco anos. O STJ agora reverte a decis\u00e3o da Rela\u00e7\u00e3o de Porto, anulando a condena\u00e7\u00e3o e restabelecendo a inoc\u00eancia anunciada na 1\u00aa inst\u00e2ncia.<\/p>\n","protected":false},"excerpt":{"rendered":"<ul>\n<li>O Supremo Tribunal de Justi\u00e7a ilibou um professor do Porto de crimes de abusos a duas alunas, contrariando a condena\u00e7\u00e3o anterior da Rela\u00e7\u00e3o do Porto.<\/li>\n<li>Em 2019, o docente, que lecionava Tecnologias de Informa\u00e7\u00e3o e Comunica\u00e7\u00e3o, foi considerado culpado pela pr\u00e1tica de toques nas m\u00e3os e c\u00f3cegas a duas alunas, ambas com 13 anos.<\/li>\n<li>O tribunal concluiu que, apesar de a conduta ter sido inadequada \u00e9tica, n\u00e3o ficou demonstrado que o docente a tivesse visto como sexualmente relevante, enquadrando-a como intera\u00e7\u00e3o informal, n\u00e3o como crime.<\/li>\n<li>Anteriormente, o professor havia sido ilibado pelo Tribunal de S\u00e3o Jo\u00e3o Novo, mas a Rela\u00e7\u00e3o do Porto, em abril do ano passado, o anfou uma pena suspensa e o proibiu de exercer fun\u00e7\u00f5es docentes por cinco anos, com distinctos valores de indemniza\u00e7\u00e3o \u00e0s alunas.<\/li>\n<li>O Supremo d\u00e1 agora raz\u00e3o \u00e0 senten\u00e7a de primeira inst\u00e2ncia, eliminando a condena\u00e7\u00e3o por abusos cometidos contra as duas alunas.<\/li>\n<\/ul>\n","protected":false},"author":2,"featured_media":388976,"comment_status":"closed","ping_status":"closed","sticky":false,"template":"","format":"standard","meta":{"footnotes":""},"categories":[1],"tags":[1455,5866,147,6210,803,982],"class_list":["post-388966","post","type-post","status-publish","format-standard","has-post-thumbnail","hentry","category-noticias","tag-abuso-de-menor-dependente","tag-abusos","tag-crime","tag-crimes-contra-menores","tag-justica","tag-porto"],"yoast_head":"<!-- This site is optimized with the Yoast SEO plugin v27.2 - https:\/\/yoast.com\/product\/yoast-seo-wordpress\/ -->\n<title>Professor absolvido de abusos contra duas alunas no Porto - Portal Tela Portugal<\/title>\n<meta name=\"robots\" content=\"index, follow, max-snippet:-1, max-image-preview:large, max-video-preview:-1\" \/>\n<meta property=\"og:locale\" content=\"pt_PT\" \/>\n<meta property=\"og:type\" content=\"article\" \/>\n<meta property=\"og:title\" content=\"Professor absolvido de abusos contra duas alunas no Porto - Portal Tela Portugal\" \/>\n<meta property=\"og:description\" content=\"O Supremo Tribunal de Justi\u00e7a ilibou um professor do Porto de crimes de abusos a duas alunas, contrariando a condena\u00e7\u00e3o anterior da Rela\u00e7\u00e3o do Porto. Em 2019, o docente, que lecionava Tecnologias de Informa\u00e7\u00e3o e Comunica\u00e7\u00e3o, foi considerado culpado pela pr\u00e1tica de toques nas m\u00e3os e c\u00f3cegas a duas alunas, ambas com 13 anos. O tribunal concluiu que, apesar de a conduta ter sido inadequada \u00e9tica, n\u00e3o ficou demonstrado que o docente a tivesse visto como sexualmente relevante, enquadrando-a como intera\u00e7\u00e3o informal, n\u00e3o como crime. Anteriormente, o professor havia sido ilibado pelo Tribunal de S\u00e3o Jo\u00e3o Novo, mas a Rela\u00e7\u00e3o do Porto, em abril do ano passado, o anfou uma pena suspensa e o proibiu de exercer fun\u00e7\u00f5es docentes por cinco anos, com distinctos valores de indemniza\u00e7\u00e3o \u00e0s alunas. O Supremo d\u00e1 agora raz\u00e3o \u00e0 senten\u00e7a de primeira inst\u00e2ncia, eliminando a condena\u00e7\u00e3o por abusos cometidos contra as duas alunas.\" \/>\n<meta property=\"og:url\" content=\"https:\/\/portaltela.pt\/noticias\/2026\/02\/26\/professor-absolvido-de-abusos-contra-duas-alunas-no-porto\/\" \/>\n<meta property=\"og:site_name\" content=\"Portal Tela Portugal\" \/>\n<meta property=\"article:published_time\" content=\"2026-02-26T12:39:00+00:00\" \/>\n<meta name=\"author\" content=\"Telinha\" \/>\n<meta name=\"twitter:card\" content=\"summary_large_image\" \/>\n<meta name=\"twitter:label1\" content=\"Escrito por\" \/>\n\t<meta name=\"twitter:data1\" content=\"Telinha\" \/>\n\t<meta name=\"twitter:label2\" content=\"Tempo estimado de leitura\" \/>\n\t<meta name=\"twitter:data2\" content=\"2 minutos\" \/>\n<script type=\"application\/ld+json\" class=\"yoast-schema-graph\">{\"@context\":\"https:\/\/schema.org\",\"@graph\":[{\"@type\":\"Article\",\"@id\":\"https:\/\/portaltela.pt\/noticias\/2026\/02\/26\/professor-absolvido-de-abusos-contra-duas-alunas-no-porto\/#article\",\"isPartOf\":{\"@id\":\"https:\/\/portaltela.pt\/noticias\/2026\/02\/26\/professor-absolvido-de-abusos-contra-duas-alunas-no-porto\/\"},\"author\":{\"name\":\"Telinha\",\"@id\":\"https:\/\/portaltela.pt\/#\/schema\/person\/c4278d4a6028830caff9ee44b42d32ed\"},\"headline\":\"Professor absolvido de abusos contra duas alunas no Porto\",\"datePublished\":\"2026-02-26T12:39:00+00:00\",\"mainEntityOfPage\":{\"@id\":\"https:\/\/portaltela.pt\/noticias\/2026\/02\/26\/professor-absolvido-de-abusos-contra-duas-alunas-no-porto\/\"},\"wordCount\":329,\"image\":{\"@id\":\"https:\/\/portaltela.pt\/noticias\/2026\/02\/26\/professor-absolvido-de-abusos-contra-duas-alunas-no-porto\/#primaryimage\"},\"thumbnailUrl\":\"https:\/\/portaltela.pt\/s.01k8rhncp4jt1\/2026\/02\/img_1500x1000uu2019-07-29-00-42-42-873348.jpg\",\"keywords\":[\"abuso de menor dependente\",\"abusos\",\"crime\",\"crimes contra menores\",\"justi\u00e7a\",\"Porto\"],\"articleSection\":[\"Not\u00edcias\"],\"inLanguage\":\"pt-PT\"},{\"@type\":\"WebPage\",\"@id\":\"https:\/\/portaltela.pt\/noticias\/2026\/02\/26\/professor-absolvido-de-abusos-contra-duas-alunas-no-porto\/\",\"url\":\"https:\/\/portaltela.pt\/noticias\/2026\/02\/26\/professor-absolvido-de-abusos-contra-duas-alunas-no-porto\/\",\"name\":\"Professor absolvido de abusos contra duas alunas no Porto - Portal Tela Portugal\",\"isPartOf\":{\"@id\":\"https:\/\/portaltela.pt\/#website\"},\"primaryImageOfPage\":{\"@id\":\"https:\/\/portaltela.pt\/noticias\/2026\/02\/26\/professor-absolvido-de-abusos-contra-duas-alunas-no-porto\/#primaryimage\"},\"image\":{\"@id\":\"https:\/\/portaltela.pt\/noticias\/2026\/02\/26\/professor-absolvido-de-abusos-contra-duas-alunas-no-porto\/#primaryimage\"},\"thumbnailUrl\":\"https:\/\/portaltela.pt\/s.01k8rhncp4jt1\/2026\/02\/img_1500x1000uu2019-07-29-00-42-42-873348.jpg\",\"datePublished\":\"2026-02-26T12:39:00+00:00\",\"author\":{\"@id\":\"https:\/\/portaltela.pt\/#\/schema\/person\/c4278d4a6028830caff9ee44b42d32ed\"},\"breadcrumb\":{\"@id\":\"https:\/\/portaltela.pt\/noticias\/2026\/02\/26\/professor-absolvido-de-abusos-contra-duas-alunas-no-porto\/#breadcrumb\"},\"inLanguage\":\"pt-PT\",\"potentialAction\":[{\"@type\":\"ReadAction\",\"target\":[\"https:\/\/portaltela.pt\/noticias\/2026\/02\/26\/professor-absolvido-de-abusos-contra-duas-alunas-no-porto\/\"]}]},{\"@type\":\"ImageObject\",\"inLanguage\":\"pt-PT\",\"@id\":\"https:\/\/portaltela.pt\/noticias\/2026\/02\/26\/professor-absolvido-de-abusos-contra-duas-alunas-no-porto\/#primaryimage\",\"url\":\"https:\/\/portaltela.pt\/s.01k8rhncp4jt1\/2026\/02\/img_1500x1000uu2019-07-29-00-42-42-873348.jpg\",\"contentUrl\":\"https:\/\/portaltela.pt\/s.01k8rhncp4jt1\/2026\/02\/img_1500x1000uu2019-07-29-00-42-42-873348.jpg\",\"width\":796,\"height\":448,\"caption\":\"Supremo Tribunal de Justi\u00e7a anulou decis\u00e3o da Rela\u00e7\u00e3o\"},{\"@type\":\"BreadcrumbList\",\"@id\":\"https:\/\/portaltela.pt\/noticias\/2026\/02\/26\/professor-absolvido-de-abusos-contra-duas-alunas-no-porto\/#breadcrumb\",\"itemListElement\":[{\"@type\":\"ListItem\",\"position\":1,\"name\":\"In\u00edcio\",\"item\":\"https:\/\/portaltela.pt\/\"},{\"@type\":\"ListItem\",\"position\":2,\"name\":\"Professor absolvido de abusos contra duas alunas no Porto\"}]},{\"@type\":\"WebSite\",\"@id\":\"https:\/\/portaltela.pt\/#website\",\"url\":\"https:\/\/portaltela.pt\/\",\"name\":\"Portal Tela Portugal\",\"description\":\"\",\"potentialAction\":[{\"@type\":\"SearchAction\",\"target\":{\"@type\":\"EntryPoint\",\"urlTemplate\":\"https:\/\/portaltela.pt\/?s={search_term_string}\"},\"query-input\":{\"@type\":\"PropertyValueSpecification\",\"valueRequired\":true,\"valueName\":\"search_term_string\"}}],\"inLanguage\":\"pt-PT\"},{\"@type\":\"Person\",\"@id\":\"https:\/\/portaltela.pt\/#\/schema\/person\/c4278d4a6028830caff9ee44b42d32ed\",\"name\":\"Telinha\",\"image\":{\"@type\":\"ImageObject\",\"inLanguage\":\"pt-PT\",\"@id\":\"https:\/\/portaltela.pt\/s.01k8rhncp4jt1\/2025\/11\/talking-bot-125x125.png\",\"url\":\"https:\/\/portaltela.pt\/s.01k8rhncp4jt1\/2025\/11\/talking-bot-125x125.png\",\"contentUrl\":\"https:\/\/portaltela.pt\/s.01k8rhncp4jt1\/2025\/11\/talking-bot-125x125.png\",\"caption\":\"Telinha\"},\"sameAs\":[\"https:\/\/portaltela.pt\/\"],\"url\":\"https:\/\/portaltela.pt\/por\/367410592786\/\"}]}<\/script>\n<!-- \/ Yoast SEO plugin. -->","yoast_head_json":{"title":"Professor absolvido de abusos contra duas alunas no Porto - Portal Tela Portugal","robots":{"index":"index","follow":"follow","max-snippet":"max-snippet:-1","max-image-preview":"max-image-preview:large","max-video-preview":"max-video-preview:-1"},"og_locale":"pt_PT","og_type":"article","og_title":"Professor absolvido de abusos contra duas alunas no Porto - Portal Tela Portugal","og_description":"O Supremo Tribunal de Justi\u00e7a ilibou um professor do Porto de crimes de abusos a duas alunas, contrariando a condena\u00e7\u00e3o anterior da Rela\u00e7\u00e3o do Porto. Em 2019, o docente, que lecionava Tecnologias de Informa\u00e7\u00e3o e Comunica\u00e7\u00e3o, foi considerado culpado pela pr\u00e1tica de toques nas m\u00e3os e c\u00f3cegas a duas alunas, ambas com 13 anos. O tribunal concluiu que, apesar de a conduta ter sido inadequada \u00e9tica, n\u00e3o ficou demonstrado que o docente a tivesse visto como sexualmente relevante, enquadrando-a como intera\u00e7\u00e3o informal, n\u00e3o como crime. Anteriormente, o professor havia sido ilibado pelo Tribunal de S\u00e3o Jo\u00e3o Novo, mas a Rela\u00e7\u00e3o do Porto, em abril do ano passado, o anfou uma pena suspensa e o proibiu de exercer fun\u00e7\u00f5es docentes por cinco anos, com distinctos valores de indemniza\u00e7\u00e3o \u00e0s alunas. O Supremo d\u00e1 agora raz\u00e3o \u00e0 senten\u00e7a de primeira inst\u00e2ncia, eliminando a condena\u00e7\u00e3o por abusos cometidos contra as duas alunas.","og_url":"https:\/\/portaltela.pt\/noticias\/2026\/02\/26\/professor-absolvido-de-abusos-contra-duas-alunas-no-porto\/","og_site_name":"Portal Tela Portugal","article_published_time":"2026-02-26T12:39:00+00:00","author":"Telinha","twitter_card":"summary_large_image","twitter_misc":{"Escrito por":"Telinha","Tempo estimado de leitura":"2 minutos"},"schema":{"@context":"https:\/\/schema.org","@graph":[{"@type":"Article","@id":"https:\/\/portaltela.pt\/noticias\/2026\/02\/26\/professor-absolvido-de-abusos-contra-duas-alunas-no-porto\/#article","isPartOf":{"@id":"https:\/\/portaltela.pt\/noticias\/2026\/02\/26\/professor-absolvido-de-abusos-contra-duas-alunas-no-porto\/"},"author":{"name":"Telinha","@id":"https:\/\/portaltela.pt\/#\/schema\/person\/c4278d4a6028830caff9ee44b42d32ed"},"headline":"Professor absolvido de abusos contra duas alunas no Porto","datePublished":"2026-02-26T12:39:00+00:00","mainEntityOfPage":{"@id":"https:\/\/portaltela.pt\/noticias\/2026\/02\/26\/professor-absolvido-de-abusos-contra-duas-alunas-no-porto\/"},"wordCount":329,"image":{"@id":"https:\/\/portaltela.pt\/noticias\/2026\/02\/26\/professor-absolvido-de-abusos-contra-duas-alunas-no-porto\/#primaryimage"},"thumbnailUrl":"https:\/\/portaltela.pt\/s.01k8rhncp4jt1\/2026\/02\/img_1500x1000uu2019-07-29-00-42-42-873348.jpg","keywords":["abuso de menor dependente","abusos","crime","crimes contra menores","justi\u00e7a","Porto"],"articleSection":["Not\u00edcias"],"inLanguage":"pt-PT"},{"@type":"WebPage","@id":"https:\/\/portaltela.pt\/noticias\/2026\/02\/26\/professor-absolvido-de-abusos-contra-duas-alunas-no-porto\/","url":"https:\/\/portaltela.pt\/noticias\/2026\/02\/26\/professor-absolvido-de-abusos-contra-duas-alunas-no-porto\/","name":"Professor absolvido de abusos contra duas alunas no Porto - Portal Tela Portugal","isPartOf":{"@id":"https:\/\/portaltela.pt\/#website"},"primaryImageOfPage":{"@id":"https:\/\/portaltela.pt\/noticias\/2026\/02\/26\/professor-absolvido-de-abusos-contra-duas-alunas-no-porto\/#primaryimage"},"image":{"@id":"https:\/\/portaltela.pt\/noticias\/2026\/02\/26\/professor-absolvido-de-abusos-contra-duas-alunas-no-porto\/#primaryimage"},"thumbnailUrl":"https:\/\/portaltela.pt\/s.01k8rhncp4jt1\/2026\/02\/img_1500x1000uu2019-07-29-00-42-42-873348.jpg","datePublished":"2026-02-26T12:39:00+00:00","author":{"@id":"https:\/\/portaltela.pt\/#\/schema\/person\/c4278d4a6028830caff9ee44b42d32ed"},"breadcrumb":{"@id":"https:\/\/portaltela.pt\/noticias\/2026\/02\/26\/professor-absolvido-de-abusos-contra-duas-alunas-no-porto\/#breadcrumb"},"inLanguage":"pt-PT","potentialAction":[{"@type":"ReadAction","target":["https:\/\/portaltela.pt\/noticias\/2026\/02\/26\/professor-absolvido-de-abusos-contra-duas-alunas-no-porto\/"]}]},{"@type":"ImageObject","inLanguage":"pt-PT","@id":"https:\/\/portaltela.pt\/noticias\/2026\/02\/26\/professor-absolvido-de-abusos-contra-duas-alunas-no-porto\/#primaryimage","url":"https:\/\/portaltela.pt\/s.01k8rhncp4jt1\/2026\/02\/img_1500x1000uu2019-07-29-00-42-42-873348.jpg","contentUrl":"https:\/\/portaltela.pt\/s.01k8rhncp4jt1\/2026\/02\/img_1500x1000uu2019-07-29-00-42-42-873348.jpg","width":796,"height":448,"caption":"Supremo Tribunal de Justi\u00e7a anulou decis\u00e3o da Rela\u00e7\u00e3o"},{"@type":"BreadcrumbList","@id":"https:\/\/portaltela.pt\/noticias\/2026\/02\/26\/professor-absolvido-de-abusos-contra-duas-alunas-no-porto\/#breadcrumb","itemListElement":[{"@type":"ListItem","position":1,"name":"In\u00edcio","item":"https:\/\/portaltela.pt\/"},{"@type":"ListItem","position":2,"name":"Professor absolvido de abusos contra duas alunas no Porto"}]},{"@type":"WebSite","@id":"https:\/\/portaltela.pt\/#website","url":"https:\/\/portaltela.pt\/","name":"Portal Tela Portugal","description":"","potentialAction":[{"@type":"SearchAction","target":{"@type":"EntryPoint","urlTemplate":"https:\/\/portaltela.pt\/?s={search_term_string}"},"query-input":{"@type":"PropertyValueSpecification","valueRequired":true,"valueName":"search_term_string"}}],"inLanguage":"pt-PT"},{"@type":"Person","@id":"https:\/\/portaltela.pt\/#\/schema\/person\/c4278d4a6028830caff9ee44b42d32ed","name":"Telinha","image":{"@type":"ImageObject","inLanguage":"pt-PT","@id":"https:\/\/portaltela.pt\/s.01k8rhncp4jt1\/2025\/11\/talking-bot-125x125.png","url":"https:\/\/portaltela.pt\/s.01k8rhncp4jt1\/2025\/11\/talking-bot-125x125.png","contentUrl":"https:\/\/portaltela.pt\/s.01k8rhncp4jt1\/2025\/11\/talking-bot-125x125.png","caption":"Telinha"},"sameAs":["https:\/\/portaltela.pt\/"],"url":"https:\/\/portaltela.pt\/por\/367410592786\/"}]}},"_links":{"self":[{"href":"https:\/\/portaltela.pt\/api\/wp\/v2\/posts\/388966","targetHints":{"allow":["GET"]}}],"collection":[{"href":"https:\/\/portaltela.pt\/api\/wp\/v2\/posts"}],"about":[{"href":"https:\/\/portaltela.pt\/api\/wp\/v2\/types\/post"}],"author":[{"embeddable":true,"href":"https:\/\/portaltela.pt\/api\/wp\/v2\/users\/2"}],"replies":[{"embeddable":true,"href":"https:\/\/portaltela.pt\/api\/wp\/v2\/comments?post=388966"}],"version-history":[{"count":0,"href":"https:\/\/portaltela.pt\/api\/wp\/v2\/posts\/388966\/revisions"}],"wp:featuredmedia":[{"embeddable":true,"href":"https:\/\/portaltela.pt\/api\/wp\/v2\/media\/388976"}],"wp:attachment":[{"href":"https:\/\/portaltela.pt\/api\/wp\/v2\/media?parent=388966"}],"wp:term":[{"taxonomy":"category","embeddable":true,"href":"https:\/\/portaltela.pt\/api\/wp\/v2\/categories?post=388966"},{"taxonomy":"post_tag","embeddable":true,"href":"https:\/\/portaltela.pt\/api\/wp\/v2\/tags?post=388966"}],"curies":[{"name":"wp","href":"https:\/\/api.w.org\/{rel}","templated":true}]}}