{"id":388929,"date":"2026-02-26T09:21:00","date_gmt":"2026-02-26T12:21:00","guid":{"rendered":"https:\/\/portaltela.pt\/noticias\/2026\/02\/26\/mais-de-metade-dos-utentes-morreram-a-espera-de-vaga-em-cuidados-paliativos\/"},"modified":"2026-02-26T09:21:00","modified_gmt":"2026-02-26T12:21:00","slug":"mais-de-metade-dos-utentes-morreram-a-espera-de-vaga-em-cuidados-paliativos","status":"publish","type":"post","link":"https:\/\/portaltela.pt\/noticias\/2026\/02\/26\/mais-de-metade-dos-utentes-morreram-a-espera-de-vaga-em-cuidados-paliativos\/","title":{"rendered":"Mais de metade dos utentes morreram \u00e0 espera de vaga em cuidados paliativos"},"content":{"rendered":"<p>Em 2024, mais da metade dos utentes referenciados para cuidados paliativos no SNS morreram \u00e0 espera de vaga, segundo um estudo da Entidade Reguladora da Sa\u00fade (ERS). O relat\u00f3rio analisa o acesso \u00e0 Rede Nacional de Cuidados Paliativos (RNCP) e a adequa\u00e7\u00e3o da oferta \u00e0s necessidades.<\/p>\n<p>Dos utentes admitidos, 33,0% foi encaminhado para unidades de cuidados paliativos, com uma mediana de tempo de espera de 16 dias. Em 2024, 88,4% desses utentes foram internados em unidades de cuidados paliativos; o restante seguiu para outras unidades da RNCCI. O estudo identificou 21 unidades de internamento hospitalares e 13 UCP-RNCCI contratualizadas com o setor social e privado.<\/p>\n<p>Em 2024, registou-se um r\u00e1cio de 42,1 camas por milh\u00e3o de habitantes, abaixo dos limiares recomendados pela Associa\u00e7\u00e3o Europeia de Cuidados Paliativos. O relat\u00f3rio aponta assimetrias territoriais relevantes na distribui\u00e7\u00e3o de camas e servi\u00e7os.<\/p>\n<h3>Alojamento e vagas<\/h3>\n<p>A regi\u00e3o Norte concentra a maior percentagem de camas, mas o r\u00e1cio ajustado \u00e0 necessidade \u00e9 inferior \u00e0 m\u00e9dia nacional. O Algarve apresenta a menor percentagem e o menor r\u00e1cio de camas. Em termos de acessibilidade geogr\u00e1fica, 71,5% da popula\u00e7\u00e3o continental tinha uma UCP a menos de 30 minutos, aumentando para 92,2% num tempo at\u00e9 60 minutos.<\/p>\n<h3>Recursos humanos<\/h3>\n<p>Entre Portugal Continental, os r\u00e1cios indicam 2,5 enfermeiros e 1,5 m\u00e9dicos com forma\u00e7\u00e3o especializada por 100 mil habitantes. Embora o cumprimento dos requisitos formativos seja alto entre profissionais sem fun\u00e7\u00f5es de coordena\u00e7\u00e3o, \u00e9 menor entre os coordenadores, especialmente em equipas pedi\u00e1tricas.<\/p>\n<h3>Estrutura e atua\u00e7\u00e3o das equipas<\/h3>\n<p>No \u00e2mbito das Equipas Comunit\u00e1rias de Suporte em Cuidados Paliativos, 25 entidades tinham pelo menos uma equipa, com cinco ULS a dispor de mais de uma equipa. Os \u00edndices de forma\u00e7\u00e3o apontam 40% para o enfermeiro respons\u00e1vel e 68,2% para o m\u00e9dico coordenador, com os restantes m\u00e9dicos e enfermeiros em 87,6% e 68,6%, respetivamente. A atividade das Equipas Intra-Hospitalares concentrou-se maioritariamente na regi\u00e3o Norte (44%), Centro (22,3%) e Grande Lisboa (17,7%).<\/p>\n","protected":false},"excerpt":{"rendered":"<ul>\n<li>Em 2024, 53% dos utentes referenciados para cuidados paliativos morreram \u00e0 espera de vagas, aumento face a 2023 e 2022.<\/li>\n<li>A taxa de admiss\u00e3o foi de 33,0% em 2024, com mediana de tempo de espera de 16 dias; 88,4% dos admitidos ficaram em unidades de cuidados paliativos.<\/li>\n<li>Foram identificadas 21 unidades de internamento de cuidados paliativos hospitalares em 2024 e 13 UCP-RNCCI contratualizadas com o setor social e privado.<\/li>\n<li>O r\u00e1cio nacional de camas \u00e9 de 42,1 por milh\u00e3o de habitantes, abaixo dos limiares recomendados; persistem assimetrias territoriais, com Norte (mais camas) e Algarve (menor percentagem e r\u00e1cio).<\/li>\n<li>Acessibilidade geogr\u00e1fica: 71,5% da popula\u00e7\u00e3o continental tem uma UCP a menos de 30 minutos, aumentando para 92,2% em desloca\u00e7\u00e3o at\u00e9 60 minutos; recursos humanos com 2,5 enfermeiros e 1,5 m\u00e9dicos formados por 100 mil habitantes.<\/li>\n<\/ul>\n","protected":false},"author":2,"featured_media":388940,"comment_status":"closed","ping_status":"closed","sticky":false,"template":"","format":"standard","meta":{"footnotes":""},"categories":[1],"tags":[928,5371,911,4023,1014,6261],"class_list":["post-388929","post","type-post","status-publish","format-standard","has-post-thumbnail","hentry","category-noticias","tag-algarve","tag-cuidados-de-saude","tag-cuidados-paliativos","tag-grande-lisboa","tag-portugal","tag-regiao-norte"],"yoast_head":"<!-- This site is optimized with the Yoast SEO plugin v27.2 - https:\/\/yoast.com\/product\/yoast-seo-wordpress\/ -->\n<title>Mais de metade dos utentes morreram \u00e0 espera de vaga em cuidados paliativos - Portal Tela Portugal<\/title>\n<meta name=\"robots\" content=\"index, follow, max-snippet:-1, max-image-preview:large, max-video-preview:-1\" \/>\n<meta property=\"og:locale\" content=\"pt_PT\" \/>\n<meta property=\"og:type\" content=\"article\" \/>\n<meta property=\"og:title\" content=\"Mais de metade dos utentes morreram \u00e0 espera de vaga em cuidados paliativos - Portal Tela Portugal\" \/>\n<meta property=\"og:description\" content=\"Em 2024, 53% dos utentes referenciados para cuidados paliativos morreram \u00e0 espera de vagas, aumento face a 2023 e 2022. A taxa de admiss\u00e3o foi de 33,0% em 2024, com mediana de tempo de espera de 16 dias; 88,4% dos admitidos ficaram em unidades de cuidados paliativos. Foram identificadas 21 unidades de internamento de cuidados paliativos hospitalares em 2024 e 13 UCP-RNCCI contratualizadas com o setor social e privado. O r\u00e1cio nacional de camas \u00e9 de 42,1 por milh\u00e3o de habitantes, abaixo dos limiares recomendados; persistem assimetrias territoriais, com Norte (mais camas) e Algarve (menor percentagem e r\u00e1cio). Acessibilidade geogr\u00e1fica: 71,5% da popula\u00e7\u00e3o continental tem uma UCP a menos de 30 minutos, aumentando para 92,2% em desloca\u00e7\u00e3o at\u00e9 60 minutos; recursos humanos com 2,5 enfermeiros e 1,5 m\u00e9dicos formados por 100 mil habitantes.\" \/>\n<meta property=\"og:url\" content=\"https:\/\/portaltela.pt\/noticias\/2026\/02\/26\/mais-de-metade-dos-utentes-morreram-a-espera-de-vaga-em-cuidados-paliativos\/\" \/>\n<meta property=\"og:site_name\" content=\"Portal Tela Portugal\" \/>\n<meta property=\"article:published_time\" content=\"2026-02-26T12:21:00+00:00\" \/>\n<meta name=\"author\" content=\"Telinha\" \/>\n<meta name=\"twitter:card\" content=\"summary_large_image\" \/>\n<meta name=\"twitter:label1\" content=\"Escrito por\" \/>\n\t<meta name=\"twitter:data1\" content=\"Telinha\" \/>\n\t<meta name=\"twitter:label2\" content=\"Tempo estimado de leitura\" \/>\n\t<meta name=\"twitter:data2\" content=\"2 minutos\" \/>\n<script type=\"application\/ld+json\" class=\"yoast-schema-graph\">{\"@context\":\"https:\/\/schema.org\",\"@graph\":[{\"@type\":\"Article\",\"@id\":\"https:\/\/portaltela.pt\/noticias\/2026\/02\/26\/mais-de-metade-dos-utentes-morreram-a-espera-de-vaga-em-cuidados-paliativos\/#article\",\"isPartOf\":{\"@id\":\"https:\/\/portaltela.pt\/noticias\/2026\/02\/26\/mais-de-metade-dos-utentes-morreram-a-espera-de-vaga-em-cuidados-paliativos\/\"},\"author\":{\"name\":\"Telinha\",\"@id\":\"https:\/\/portaltela.pt\/#\/schema\/person\/c4278d4a6028830caff9ee44b42d32ed\"},\"headline\":\"Mais de metade dos utentes morreram \u00e0 espera de vaga em cuidados paliativos\",\"datePublished\":\"2026-02-26T12:21:00+00:00\",\"mainEntityOfPage\":{\"@id\":\"https:\/\/portaltela.pt\/noticias\/2026\/02\/26\/mais-de-metade-dos-utentes-morreram-a-espera-de-vaga-em-cuidados-paliativos\/\"},\"wordCount\":328,\"image\":{\"@id\":\"https:\/\/portaltela.pt\/noticias\/2026\/02\/26\/mais-de-metade-dos-utentes-morreram-a-espera-de-vaga-em-cuidados-paliativos\/#primaryimage\"},\"thumbnailUrl\":\"https:\/\/portaltela.pt\/s.01k8rhncp4jt1\/2026\/02\/image-1915.jpg\",\"keywords\":[\"Algarve\",\"cuidados de sa\u00fade\",\"cuidados paliativos\",\"Grande Lisboa\",\"Portugal\",\"Regi\u00e3o Norte\"],\"articleSection\":[\"Not\u00edcias\"],\"inLanguage\":\"pt-PT\"},{\"@type\":\"WebPage\",\"@id\":\"https:\/\/portaltela.pt\/noticias\/2026\/02\/26\/mais-de-metade-dos-utentes-morreram-a-espera-de-vaga-em-cuidados-paliativos\/\",\"url\":\"https:\/\/portaltela.pt\/noticias\/2026\/02\/26\/mais-de-metade-dos-utentes-morreram-a-espera-de-vaga-em-cuidados-paliativos\/\",\"name\":\"Mais de metade dos utentes morreram \u00e0 espera de vaga em cuidados paliativos - Portal Tela Portugal\",\"isPartOf\":{\"@id\":\"https:\/\/portaltela.pt\/#website\"},\"primaryImageOfPage\":{\"@id\":\"https:\/\/portaltela.pt\/noticias\/2026\/02\/26\/mais-de-metade-dos-utentes-morreram-a-espera-de-vaga-em-cuidados-paliativos\/#primaryimage\"},\"image\":{\"@id\":\"https:\/\/portaltela.pt\/noticias\/2026\/02\/26\/mais-de-metade-dos-utentes-morreram-a-espera-de-vaga-em-cuidados-paliativos\/#primaryimage\"},\"thumbnailUrl\":\"https:\/\/portaltela.pt\/s.01k8rhncp4jt1\/2026\/02\/image-1915.jpg\",\"datePublished\":\"2026-02-26T12:21:00+00:00\",\"author\":{\"@id\":\"https:\/\/portaltela.pt\/#\/schema\/person\/c4278d4a6028830caff9ee44b42d32ed\"},\"breadcrumb\":{\"@id\":\"https:\/\/portaltela.pt\/noticias\/2026\/02\/26\/mais-de-metade-dos-utentes-morreram-a-espera-de-vaga-em-cuidados-paliativos\/#breadcrumb\"},\"inLanguage\":\"pt-PT\",\"potentialAction\":[{\"@type\":\"ReadAction\",\"target\":[\"https:\/\/portaltela.pt\/noticias\/2026\/02\/26\/mais-de-metade-dos-utentes-morreram-a-espera-de-vaga-em-cuidados-paliativos\/\"]}]},{\"@type\":\"ImageObject\",\"inLanguage\":\"pt-PT\",\"@id\":\"https:\/\/portaltela.pt\/noticias\/2026\/02\/26\/mais-de-metade-dos-utentes-morreram-a-espera-de-vaga-em-cuidados-paliativos\/#primaryimage\",\"url\":\"https:\/\/portaltela.pt\/s.01k8rhncp4jt1\/2026\/02\/image-1915.jpg\",\"contentUrl\":\"https:\/\/portaltela.pt\/s.01k8rhncp4jt1\/2026\/02\/image-1915.jpg\",\"width\":796,\"height\":448,\"caption\":\"Em 2024, foram identificadas 21 unidades de internamento de cuidados paliativos hospitalares\"},{\"@type\":\"BreadcrumbList\",\"@id\":\"https:\/\/portaltela.pt\/noticias\/2026\/02\/26\/mais-de-metade-dos-utentes-morreram-a-espera-de-vaga-em-cuidados-paliativos\/#breadcrumb\",\"itemListElement\":[{\"@type\":\"ListItem\",\"position\":1,\"name\":\"In\u00edcio\",\"item\":\"https:\/\/portaltela.pt\/\"},{\"@type\":\"ListItem\",\"position\":2,\"name\":\"Mais de metade dos utentes morreram \u00e0 espera de vaga em cuidados paliativos\"}]},{\"@type\":\"WebSite\",\"@id\":\"https:\/\/portaltela.pt\/#website\",\"url\":\"https:\/\/portaltela.pt\/\",\"name\":\"Portal Tela Portugal\",\"description\":\"\",\"potentialAction\":[{\"@type\":\"SearchAction\",\"target\":{\"@type\":\"EntryPoint\",\"urlTemplate\":\"https:\/\/portaltela.pt\/?s={search_term_string}\"},\"query-input\":{\"@type\":\"PropertyValueSpecification\",\"valueRequired\":true,\"valueName\":\"search_term_string\"}}],\"inLanguage\":\"pt-PT\"},{\"@type\":\"Person\",\"@id\":\"https:\/\/portaltela.pt\/#\/schema\/person\/c4278d4a6028830caff9ee44b42d32ed\",\"name\":\"Telinha\",\"image\":{\"@type\":\"ImageObject\",\"inLanguage\":\"pt-PT\",\"@id\":\"https:\/\/portaltela.pt\/s.01k8rhncp4jt1\/2025\/11\/talking-bot-125x125.png\",\"url\":\"https:\/\/portaltela.pt\/s.01k8rhncp4jt1\/2025\/11\/talking-bot-125x125.png\",\"contentUrl\":\"https:\/\/portaltela.pt\/s.01k8rhncp4jt1\/2025\/11\/talking-bot-125x125.png\",\"caption\":\"Telinha\"},\"sameAs\":[\"https:\/\/portaltela.pt\/\"],\"url\":\"https:\/\/portaltela.pt\/por\/367410592786\/\"}]}<\/script>\n<!-- \/ Yoast SEO plugin. -->","yoast_head_json":{"title":"Mais de metade dos utentes morreram \u00e0 espera de vaga em cuidados paliativos - Portal Tela Portugal","robots":{"index":"index","follow":"follow","max-snippet":"max-snippet:-1","max-image-preview":"max-image-preview:large","max-video-preview":"max-video-preview:-1"},"og_locale":"pt_PT","og_type":"article","og_title":"Mais de metade dos utentes morreram \u00e0 espera de vaga em cuidados paliativos - Portal Tela Portugal","og_description":"Em 2024, 53% dos utentes referenciados para cuidados paliativos morreram \u00e0 espera de vagas, aumento face a 2023 e 2022. A taxa de admiss\u00e3o foi de 33,0% em 2024, com mediana de tempo de espera de 16 dias; 88,4% dos admitidos ficaram em unidades de cuidados paliativos. Foram identificadas 21 unidades de internamento de cuidados paliativos hospitalares em 2024 e 13 UCP-RNCCI contratualizadas com o setor social e privado. O r\u00e1cio nacional de camas \u00e9 de 42,1 por milh\u00e3o de habitantes, abaixo dos limiares recomendados; persistem assimetrias territoriais, com Norte (mais camas) e Algarve (menor percentagem e r\u00e1cio). Acessibilidade geogr\u00e1fica: 71,5% da popula\u00e7\u00e3o continental tem uma UCP a menos de 30 minutos, aumentando para 92,2% em desloca\u00e7\u00e3o at\u00e9 60 minutos; recursos humanos com 2,5 enfermeiros e 1,5 m\u00e9dicos formados por 100 mil habitantes.","og_url":"https:\/\/portaltela.pt\/noticias\/2026\/02\/26\/mais-de-metade-dos-utentes-morreram-a-espera-de-vaga-em-cuidados-paliativos\/","og_site_name":"Portal Tela Portugal","article_published_time":"2026-02-26T12:21:00+00:00","author":"Telinha","twitter_card":"summary_large_image","twitter_misc":{"Escrito por":"Telinha","Tempo estimado de leitura":"2 minutos"},"schema":{"@context":"https:\/\/schema.org","@graph":[{"@type":"Article","@id":"https:\/\/portaltela.pt\/noticias\/2026\/02\/26\/mais-de-metade-dos-utentes-morreram-a-espera-de-vaga-em-cuidados-paliativos\/#article","isPartOf":{"@id":"https:\/\/portaltela.pt\/noticias\/2026\/02\/26\/mais-de-metade-dos-utentes-morreram-a-espera-de-vaga-em-cuidados-paliativos\/"},"author":{"name":"Telinha","@id":"https:\/\/portaltela.pt\/#\/schema\/person\/c4278d4a6028830caff9ee44b42d32ed"},"headline":"Mais de metade dos utentes morreram \u00e0 espera de vaga em cuidados paliativos","datePublished":"2026-02-26T12:21:00+00:00","mainEntityOfPage":{"@id":"https:\/\/portaltela.pt\/noticias\/2026\/02\/26\/mais-de-metade-dos-utentes-morreram-a-espera-de-vaga-em-cuidados-paliativos\/"},"wordCount":328,"image":{"@id":"https:\/\/portaltela.pt\/noticias\/2026\/02\/26\/mais-de-metade-dos-utentes-morreram-a-espera-de-vaga-em-cuidados-paliativos\/#primaryimage"},"thumbnailUrl":"https:\/\/portaltela.pt\/s.01k8rhncp4jt1\/2026\/02\/image-1915.jpg","keywords":["Algarve","cuidados de sa\u00fade","cuidados paliativos","Grande Lisboa","Portugal","Regi\u00e3o Norte"],"articleSection":["Not\u00edcias"],"inLanguage":"pt-PT"},{"@type":"WebPage","@id":"https:\/\/portaltela.pt\/noticias\/2026\/02\/26\/mais-de-metade-dos-utentes-morreram-a-espera-de-vaga-em-cuidados-paliativos\/","url":"https:\/\/portaltela.pt\/noticias\/2026\/02\/26\/mais-de-metade-dos-utentes-morreram-a-espera-de-vaga-em-cuidados-paliativos\/","name":"Mais de metade dos utentes morreram \u00e0 espera de vaga em cuidados paliativos - Portal Tela Portugal","isPartOf":{"@id":"https:\/\/portaltela.pt\/#website"},"primaryImageOfPage":{"@id":"https:\/\/portaltela.pt\/noticias\/2026\/02\/26\/mais-de-metade-dos-utentes-morreram-a-espera-de-vaga-em-cuidados-paliativos\/#primaryimage"},"image":{"@id":"https:\/\/portaltela.pt\/noticias\/2026\/02\/26\/mais-de-metade-dos-utentes-morreram-a-espera-de-vaga-em-cuidados-paliativos\/#primaryimage"},"thumbnailUrl":"https:\/\/portaltela.pt\/s.01k8rhncp4jt1\/2026\/02\/image-1915.jpg","datePublished":"2026-02-26T12:21:00+00:00","author":{"@id":"https:\/\/portaltela.pt\/#\/schema\/person\/c4278d4a6028830caff9ee44b42d32ed"},"breadcrumb":{"@id":"https:\/\/portaltela.pt\/noticias\/2026\/02\/26\/mais-de-metade-dos-utentes-morreram-a-espera-de-vaga-em-cuidados-paliativos\/#breadcrumb"},"inLanguage":"pt-PT","potentialAction":[{"@type":"ReadAction","target":["https:\/\/portaltela.pt\/noticias\/2026\/02\/26\/mais-de-metade-dos-utentes-morreram-a-espera-de-vaga-em-cuidados-paliativos\/"]}]},{"@type":"ImageObject","inLanguage":"pt-PT","@id":"https:\/\/portaltela.pt\/noticias\/2026\/02\/26\/mais-de-metade-dos-utentes-morreram-a-espera-de-vaga-em-cuidados-paliativos\/#primaryimage","url":"https:\/\/portaltela.pt\/s.01k8rhncp4jt1\/2026\/02\/image-1915.jpg","contentUrl":"https:\/\/portaltela.pt\/s.01k8rhncp4jt1\/2026\/02\/image-1915.jpg","width":796,"height":448,"caption":"Em 2024, foram identificadas 21 unidades de internamento de cuidados paliativos hospitalares"},{"@type":"BreadcrumbList","@id":"https:\/\/portaltela.pt\/noticias\/2026\/02\/26\/mais-de-metade-dos-utentes-morreram-a-espera-de-vaga-em-cuidados-paliativos\/#breadcrumb","itemListElement":[{"@type":"ListItem","position":1,"name":"In\u00edcio","item":"https:\/\/portaltela.pt\/"},{"@type":"ListItem","position":2,"name":"Mais de metade dos utentes morreram \u00e0 espera de vaga em cuidados paliativos"}]},{"@type":"WebSite","@id":"https:\/\/portaltela.pt\/#website","url":"https:\/\/portaltela.pt\/","name":"Portal Tela Portugal","description":"","potentialAction":[{"@type":"SearchAction","target":{"@type":"EntryPoint","urlTemplate":"https:\/\/portaltela.pt\/?s={search_term_string}"},"query-input":{"@type":"PropertyValueSpecification","valueRequired":true,"valueName":"search_term_string"}}],"inLanguage":"pt-PT"},{"@type":"Person","@id":"https:\/\/portaltela.pt\/#\/schema\/person\/c4278d4a6028830caff9ee44b42d32ed","name":"Telinha","image":{"@type":"ImageObject","inLanguage":"pt-PT","@id":"https:\/\/portaltela.pt\/s.01k8rhncp4jt1\/2025\/11\/talking-bot-125x125.png","url":"https:\/\/portaltela.pt\/s.01k8rhncp4jt1\/2025\/11\/talking-bot-125x125.png","contentUrl":"https:\/\/portaltela.pt\/s.01k8rhncp4jt1\/2025\/11\/talking-bot-125x125.png","caption":"Telinha"},"sameAs":["https:\/\/portaltela.pt\/"],"url":"https:\/\/portaltela.pt\/por\/367410592786\/"}]}},"_links":{"self":[{"href":"https:\/\/portaltela.pt\/api\/wp\/v2\/posts\/388929","targetHints":{"allow":["GET"]}}],"collection":[{"href":"https:\/\/portaltela.pt\/api\/wp\/v2\/posts"}],"about":[{"href":"https:\/\/portaltela.pt\/api\/wp\/v2\/types\/post"}],"author":[{"embeddable":true,"href":"https:\/\/portaltela.pt\/api\/wp\/v2\/users\/2"}],"replies":[{"embeddable":true,"href":"https:\/\/portaltela.pt\/api\/wp\/v2\/comments?post=388929"}],"version-history":[{"count":0,"href":"https:\/\/portaltela.pt\/api\/wp\/v2\/posts\/388929\/revisions"}],"wp:featuredmedia":[{"embeddable":true,"href":"https:\/\/portaltela.pt\/api\/wp\/v2\/media\/388940"}],"wp:attachment":[{"href":"https:\/\/portaltela.pt\/api\/wp\/v2\/media?parent=388929"}],"wp:term":[{"taxonomy":"category","embeddable":true,"href":"https:\/\/portaltela.pt\/api\/wp\/v2\/categories?post=388929"},{"taxonomy":"post_tag","embeddable":true,"href":"https:\/\/portaltela.pt\/api\/wp\/v2\/tags?post=388929"}],"curies":[{"name":"wp","href":"https:\/\/api.w.org\/{rel}","templated":true}]}}