{"id":388925,"date":"2026-02-26T09:16:00","date_gmt":"2026-02-26T12:16:00","guid":{"rendered":"https:\/\/portaltela.pt\/noticias\/2026\/02\/26\/like-de-prestianni-em-publicacao-coloca-lopes-cabral-sob-escrutinio\/"},"modified":"2026-02-26T09:16:00","modified_gmt":"2026-02-26T12:16:00","slug":"like-de-prestianni-em-publicacao-coloca-lopes-cabral-sob-escrutinio","status":"publish","type":"post","link":"https:\/\/portaltela.pt\/desporto\/futebol\/2026\/02\/26\/like-de-prestianni-em-publicacao-coloca-lopes-cabral-sob-escrutinio\/","title":{"rendered":"Like de Prestianni em publica\u00e7\u00e3o coloca Lopes Cabral sob escrut\u00ednio"},"content":{"rendered":"<p>Prestianni utilizou a sua conta verificada de Instagram para reagir a uma publica\u00e7\u00e3o que criticava Lopes Cabral. A rea\u00e7\u00e3o ocorreu depois do choque Real Madrid-Benfica, com derrota de 2-1 para o Benfica. Aconteceu num contexto em que o defesa do Benfica tem sido alvo de cr\u00edticas de adeptos nas \u00faltimas horas.<\/p>\n<p>A discuss\u00e3o em torno do epis\u00f3dio envolve ainda Vin\u00edcius J\u00fanior, com o jogador brasileiro no centro de controv\u00e9rsia ap\u00f3s alega\u00e7\u00f5es de que Gianluca Prestianni o teria chamado de mono durante os festejos do golo em Lisboa. O epis\u00f3dio intensificou o escrut\u00ednio p\u00fablico ao longo da \u00faltima semana.<\/p>\n<h3>Rea\u00e7\u00e3o online<\/h3>\n<p>Segundo a publica\u00e7\u00e3o, o coment\u00e1rio de Prestianni aponta para a cobran\u00e7a p\u00fablica sobre o comportamento de Vin\u00edcius J\u00fanior, bem como para a rea\u00e7\u00e3o da comunidade benfiquista. A mensagem sugere que os cr\u00edticos enfrentam cr\u00edticas desde o final do encontro, quando surgiram acusa\u00e7\u00f5es e desentendimentos entre as partes envolvidas.<\/p>\n","protected":false},"excerpt":{"rendered":"<ul>\n<li>o defesa do benfica gianluca prestianni gostou de uma publica\u00e7\u00e3o no instagram que criticava lopes cabral.<\/li>\n<li>a rea\u00e7\u00e3o acontece num contexto de fortes cr\u00edticas de muitos adeptos do benfica, ap\u00f3s o jogo real madrid\u2013benfica, terminado 2-1, ontem.<\/li>\n<li>a pol\u00e9mica envolve o epis\u00f3dio em que vin\u00edcius j\u00fanior ficou no centro da pol\u00e9mica, com alega\u00e7\u00f5es de que prestianni o ter\u00e1 chamado de \u201cmono\u201d durante os festejos do golo em lisboa e depois pediu a camisola ao jogador.<\/li>\n<li>numa das publica\u00e7\u00f5es, l\u00ea-se que \u201csidny no final do jogo pediu a camisola a vin\u00edcius\u201d e que o benfiquista tem sido alvo de cr\u00edticas h\u00e1 uma semana por supostos comportamentos.<\/li>\n<li>a publica\u00e7\u00e3o aponta ainda que a situa\u00e7\u00e3o gerou rea\u00e7\u00e3o negativa global, associada a insultos e acusa\u00e7\u00f5es relacionadas com o epis\u00f3dio anterior.<\/li>\n<\/ul>\n","protected":false},"author":2,"featured_media":388936,"comment_status":"closed","ping_status":"closed","sticky":false,"template":"","format":"standard","meta":{"footnotes":""},"categories":[21,24],"tags":[1946,32,2401,3817,2714,2265],"class_list":["post-388925","post","type-post","status-publish","format-standard","has-post-thumbnail","hentry","category-desporto","category-futebol","tag-benfica","tag-futebol","tag-lopes-cabral","tag-prestianni","tag-real-madrid","tag-vinicius-junior"],"yoast_head":"<!-- This site is optimized with the Yoast SEO plugin v27.2 - https:\/\/yoast.com\/product\/yoast-seo-wordpress\/ -->\n<title>Like de Prestianni em publica\u00e7\u00e3o coloca Lopes Cabral sob escrut\u00ednio - Portal Tela Portugal<\/title>\n<meta name=\"robots\" content=\"index, follow, max-snippet:-1, max-image-preview:large, max-video-preview:-1\" \/>\n<meta property=\"og:locale\" content=\"pt_PT\" \/>\n<meta property=\"og:type\" content=\"article\" \/>\n<meta property=\"og:title\" content=\"Like de Prestianni em publica\u00e7\u00e3o coloca Lopes Cabral sob escrut\u00ednio - Portal Tela Portugal\" \/>\n<meta property=\"og:description\" content=\"o defesa do benfica gianluca prestianni gostou de uma publica\u00e7\u00e3o no instagram que criticava lopes cabral. a rea\u00e7\u00e3o acontece num contexto de fortes cr\u00edticas de muitos adeptos do benfica, ap\u00f3s o jogo real madrid\u2013benfica, terminado 2-1, ontem. a pol\u00e9mica envolve o epis\u00f3dio em que vin\u00edcius j\u00fanior ficou no centro da pol\u00e9mica, com alega\u00e7\u00f5es de que prestianni o ter\u00e1 chamado de \u201cmono\u201d durante os festejos do golo em lisboa e depois pediu a camisola ao jogador. numa das publica\u00e7\u00f5es, l\u00ea-se que \u201csidny no final do jogo pediu a camisola a vin\u00edcius\u201d e que o benfiquista tem sido alvo de cr\u00edticas h\u00e1 uma semana por supostos comportamentos. a publica\u00e7\u00e3o aponta ainda que a situa\u00e7\u00e3o gerou rea\u00e7\u00e3o negativa global, associada a insultos e acusa\u00e7\u00f5es relacionadas com o epis\u00f3dio anterior.\" \/>\n<meta property=\"og:url\" content=\"https:\/\/portaltela.pt\/noticias\/2026\/02\/26\/like-de-prestianni-em-publicacao-coloca-lopes-cabral-sob-escrutinio\/\" \/>\n<meta property=\"og:site_name\" content=\"Portal Tela Portugal\" \/>\n<meta property=\"article:published_time\" content=\"2026-02-26T12:16:00+00:00\" \/>\n<meta name=\"author\" content=\"Telinha\" \/>\n<meta name=\"twitter:card\" content=\"summary_large_image\" \/>\n<meta name=\"twitter:label1\" content=\"Escrito por\" \/>\n\t<meta name=\"twitter:data1\" content=\"Telinha\" \/>\n\t<meta name=\"twitter:label2\" content=\"Tempo estimado de leitura\" \/>\n\t<meta name=\"twitter:data2\" content=\"1 minuto\" \/>\n<script type=\"application\/ld+json\" class=\"yoast-schema-graph\">{\"@context\":\"https:\/\/schema.org\",\"@graph\":[{\"@type\":\"Article\",\"@id\":\"https:\/\/portaltela.pt\/noticias\/2026\/02\/26\/like-de-prestianni-em-publicacao-coloca-lopes-cabral-sob-escrutinio\/#article\",\"isPartOf\":{\"@id\":\"https:\/\/portaltela.pt\/noticias\/2026\/02\/26\/like-de-prestianni-em-publicacao-coloca-lopes-cabral-sob-escrutinio\/\"},\"author\":{\"name\":\"Telinha\",\"@id\":\"https:\/\/portaltela.pt\/#\/schema\/person\/c4278d4a6028830caff9ee44b42d32ed\"},\"headline\":\"Like de Prestianni em publica\u00e7\u00e3o coloca Lopes Cabral sob escrut\u00ednio\",\"datePublished\":\"2026-02-26T12:16:00+00:00\",\"mainEntityOfPage\":{\"@id\":\"https:\/\/portaltela.pt\/noticias\/2026\/02\/26\/like-de-prestianni-em-publicacao-coloca-lopes-cabral-sob-escrutinio\/\"},\"wordCount\":184,\"image\":{\"@id\":\"https:\/\/portaltela.pt\/noticias\/2026\/02\/26\/like-de-prestianni-em-publicacao-coloca-lopes-cabral-sob-escrutinio\/#primaryimage\"},\"thumbnailUrl\":\"https:\/\/portaltela.pt\/s.01k8rhncp4jt1\/2026\/02\/img_920x518uu2026-02-26-12-13-23-2423787-im-639077049997967761.jpg\",\"keywords\":[\"Benfica\",\"futebol\",\"Lopes Cabral\",\"Prestianni\",\"Real Madrid\",\"Vin\u00edcius J\u00fanior\"],\"articleSection\":[\"Desporto\",\"Futebol\"],\"inLanguage\":\"pt-PT\"},{\"@type\":\"WebPage\",\"@id\":\"https:\/\/portaltela.pt\/noticias\/2026\/02\/26\/like-de-prestianni-em-publicacao-coloca-lopes-cabral-sob-escrutinio\/\",\"url\":\"https:\/\/portaltela.pt\/noticias\/2026\/02\/26\/like-de-prestianni-em-publicacao-coloca-lopes-cabral-sob-escrutinio\/\",\"name\":\"Like de Prestianni em publica\u00e7\u00e3o coloca Lopes Cabral sob escrut\u00ednio - Portal Tela Portugal\",\"isPartOf\":{\"@id\":\"https:\/\/portaltela.pt\/#website\"},\"primaryImageOfPage\":{\"@id\":\"https:\/\/portaltela.pt\/noticias\/2026\/02\/26\/like-de-prestianni-em-publicacao-coloca-lopes-cabral-sob-escrutinio\/#primaryimage\"},\"image\":{\"@id\":\"https:\/\/portaltela.pt\/noticias\/2026\/02\/26\/like-de-prestianni-em-publicacao-coloca-lopes-cabral-sob-escrutinio\/#primaryimage\"},\"thumbnailUrl\":\"https:\/\/portaltela.pt\/s.01k8rhncp4jt1\/2026\/02\/img_920x518uu2026-02-26-12-13-23-2423787-im-639077049997967761.jpg\",\"datePublished\":\"2026-02-26T12:16:00+00:00\",\"author\":{\"@id\":\"https:\/\/portaltela.pt\/#\/schema\/person\/c4278d4a6028830caff9ee44b42d32ed\"},\"breadcrumb\":{\"@id\":\"https:\/\/portaltela.pt\/noticias\/2026\/02\/26\/like-de-prestianni-em-publicacao-coloca-lopes-cabral-sob-escrutinio\/#breadcrumb\"},\"inLanguage\":\"pt-PT\",\"potentialAction\":[{\"@type\":\"ReadAction\",\"target\":[\"https:\/\/portaltela.pt\/noticias\/2026\/02\/26\/like-de-prestianni-em-publicacao-coloca-lopes-cabral-sob-escrutinio\/\"]}]},{\"@type\":\"ImageObject\",\"inLanguage\":\"pt-PT\",\"@id\":\"https:\/\/portaltela.pt\/noticias\/2026\/02\/26\/like-de-prestianni-em-publicacao-coloca-lopes-cabral-sob-escrutinio\/#primaryimage\",\"url\":\"https:\/\/portaltela.pt\/s.01k8rhncp4jt1\/2026\/02\/img_920x518uu2026-02-26-12-13-23-2423787-im-639077049997967761.jpg\",\"contentUrl\":\"https:\/\/portaltela.pt\/s.01k8rhncp4jt1\/2026\/02\/img_920x518uu2026-02-26-12-13-23-2423787-im-639077049997967761.jpg\",\"width\":796,\"height\":448,\"caption\":\"Like de Prestianni em publica\u00e7\u00e3o que arrasa o Sidny\"},{\"@type\":\"BreadcrumbList\",\"@id\":\"https:\/\/portaltela.pt\/noticias\/2026\/02\/26\/like-de-prestianni-em-publicacao-coloca-lopes-cabral-sob-escrutinio\/#breadcrumb\",\"itemListElement\":[{\"@type\":\"ListItem\",\"position\":1,\"name\":\"In\u00edcio\",\"item\":\"https:\/\/portaltela.pt\/\"},{\"@type\":\"ListItem\",\"position\":2,\"name\":\"Like de Prestianni em publica\u00e7\u00e3o coloca Lopes Cabral sob escrut\u00ednio\"}]},{\"@type\":\"WebSite\",\"@id\":\"https:\/\/portaltela.pt\/#website\",\"url\":\"https:\/\/portaltela.pt\/\",\"name\":\"Portal Tela Portugal\",\"description\":\"\",\"potentialAction\":[{\"@type\":\"SearchAction\",\"target\":{\"@type\":\"EntryPoint\",\"urlTemplate\":\"https:\/\/portaltela.pt\/?s={search_term_string}\"},\"query-input\":{\"@type\":\"PropertyValueSpecification\",\"valueRequired\":true,\"valueName\":\"search_term_string\"}}],\"inLanguage\":\"pt-PT\"},{\"@type\":\"Person\",\"@id\":\"https:\/\/portaltela.pt\/#\/schema\/person\/c4278d4a6028830caff9ee44b42d32ed\",\"name\":\"Telinha\",\"image\":{\"@type\":\"ImageObject\",\"inLanguage\":\"pt-PT\",\"@id\":\"https:\/\/portaltela.pt\/s.01k8rhncp4jt1\/2025\/11\/talking-bot-125x125.png\",\"url\":\"https:\/\/portaltela.pt\/s.01k8rhncp4jt1\/2025\/11\/talking-bot-125x125.png\",\"contentUrl\":\"https:\/\/portaltela.pt\/s.01k8rhncp4jt1\/2025\/11\/talking-bot-125x125.png\",\"caption\":\"Telinha\"},\"sameAs\":[\"https:\/\/portaltela.pt\/\"],\"url\":\"https:\/\/portaltela.pt\/por\/367410592786\/\"}]}<\/script>\n<!-- \/ Yoast SEO plugin. -->","yoast_head_json":{"title":"Like de Prestianni em publica\u00e7\u00e3o coloca Lopes Cabral sob escrut\u00ednio - Portal Tela Portugal","robots":{"index":"index","follow":"follow","max-snippet":"max-snippet:-1","max-image-preview":"max-image-preview:large","max-video-preview":"max-video-preview:-1"},"og_locale":"pt_PT","og_type":"article","og_title":"Like de Prestianni em publica\u00e7\u00e3o coloca Lopes Cabral sob escrut\u00ednio - Portal Tela Portugal","og_description":"o defesa do benfica gianluca prestianni gostou de uma publica\u00e7\u00e3o no instagram que criticava lopes cabral. a rea\u00e7\u00e3o acontece num contexto de fortes cr\u00edticas de muitos adeptos do benfica, ap\u00f3s o jogo real madrid\u2013benfica, terminado 2-1, ontem. a pol\u00e9mica envolve o epis\u00f3dio em que vin\u00edcius j\u00fanior ficou no centro da pol\u00e9mica, com alega\u00e7\u00f5es de que prestianni o ter\u00e1 chamado de \u201cmono\u201d durante os festejos do golo em lisboa e depois pediu a camisola ao jogador. numa das publica\u00e7\u00f5es, l\u00ea-se que \u201csidny no final do jogo pediu a camisola a vin\u00edcius\u201d e que o benfiquista tem sido alvo de cr\u00edticas h\u00e1 uma semana por supostos comportamentos. a publica\u00e7\u00e3o aponta ainda que a situa\u00e7\u00e3o gerou rea\u00e7\u00e3o negativa global, associada a insultos e acusa\u00e7\u00f5es relacionadas com o epis\u00f3dio anterior.","og_url":"https:\/\/portaltela.pt\/noticias\/2026\/02\/26\/like-de-prestianni-em-publicacao-coloca-lopes-cabral-sob-escrutinio\/","og_site_name":"Portal Tela Portugal","article_published_time":"2026-02-26T12:16:00+00:00","author":"Telinha","twitter_card":"summary_large_image","twitter_misc":{"Escrito por":"Telinha","Tempo estimado de leitura":"1 minuto"},"schema":{"@context":"https:\/\/schema.org","@graph":[{"@type":"Article","@id":"https:\/\/portaltela.pt\/noticias\/2026\/02\/26\/like-de-prestianni-em-publicacao-coloca-lopes-cabral-sob-escrutinio\/#article","isPartOf":{"@id":"https:\/\/portaltela.pt\/noticias\/2026\/02\/26\/like-de-prestianni-em-publicacao-coloca-lopes-cabral-sob-escrutinio\/"},"author":{"name":"Telinha","@id":"https:\/\/portaltela.pt\/#\/schema\/person\/c4278d4a6028830caff9ee44b42d32ed"},"headline":"Like de Prestianni em publica\u00e7\u00e3o coloca Lopes Cabral sob escrut\u00ednio","datePublished":"2026-02-26T12:16:00+00:00","mainEntityOfPage":{"@id":"https:\/\/portaltela.pt\/noticias\/2026\/02\/26\/like-de-prestianni-em-publicacao-coloca-lopes-cabral-sob-escrutinio\/"},"wordCount":184,"image":{"@id":"https:\/\/portaltela.pt\/noticias\/2026\/02\/26\/like-de-prestianni-em-publicacao-coloca-lopes-cabral-sob-escrutinio\/#primaryimage"},"thumbnailUrl":"https:\/\/portaltela.pt\/s.01k8rhncp4jt1\/2026\/02\/img_920x518uu2026-02-26-12-13-23-2423787-im-639077049997967761.jpg","keywords":["Benfica","futebol","Lopes Cabral","Prestianni","Real Madrid","Vin\u00edcius J\u00fanior"],"articleSection":["Desporto","Futebol"],"inLanguage":"pt-PT"},{"@type":"WebPage","@id":"https:\/\/portaltela.pt\/noticias\/2026\/02\/26\/like-de-prestianni-em-publicacao-coloca-lopes-cabral-sob-escrutinio\/","url":"https:\/\/portaltela.pt\/noticias\/2026\/02\/26\/like-de-prestianni-em-publicacao-coloca-lopes-cabral-sob-escrutinio\/","name":"Like de Prestianni em publica\u00e7\u00e3o coloca Lopes Cabral sob escrut\u00ednio - Portal Tela Portugal","isPartOf":{"@id":"https:\/\/portaltela.pt\/#website"},"primaryImageOfPage":{"@id":"https:\/\/portaltela.pt\/noticias\/2026\/02\/26\/like-de-prestianni-em-publicacao-coloca-lopes-cabral-sob-escrutinio\/#primaryimage"},"image":{"@id":"https:\/\/portaltela.pt\/noticias\/2026\/02\/26\/like-de-prestianni-em-publicacao-coloca-lopes-cabral-sob-escrutinio\/#primaryimage"},"thumbnailUrl":"https:\/\/portaltela.pt\/s.01k8rhncp4jt1\/2026\/02\/img_920x518uu2026-02-26-12-13-23-2423787-im-639077049997967761.jpg","datePublished":"2026-02-26T12:16:00+00:00","author":{"@id":"https:\/\/portaltela.pt\/#\/schema\/person\/c4278d4a6028830caff9ee44b42d32ed"},"breadcrumb":{"@id":"https:\/\/portaltela.pt\/noticias\/2026\/02\/26\/like-de-prestianni-em-publicacao-coloca-lopes-cabral-sob-escrutinio\/#breadcrumb"},"inLanguage":"pt-PT","potentialAction":[{"@type":"ReadAction","target":["https:\/\/portaltela.pt\/noticias\/2026\/02\/26\/like-de-prestianni-em-publicacao-coloca-lopes-cabral-sob-escrutinio\/"]}]},{"@type":"ImageObject","inLanguage":"pt-PT","@id":"https:\/\/portaltela.pt\/noticias\/2026\/02\/26\/like-de-prestianni-em-publicacao-coloca-lopes-cabral-sob-escrutinio\/#primaryimage","url":"https:\/\/portaltela.pt\/s.01k8rhncp4jt1\/2026\/02\/img_920x518uu2026-02-26-12-13-23-2423787-im-639077049997967761.jpg","contentUrl":"https:\/\/portaltela.pt\/s.01k8rhncp4jt1\/2026\/02\/img_920x518uu2026-02-26-12-13-23-2423787-im-639077049997967761.jpg","width":796,"height":448,"caption":"Like de Prestianni em publica\u00e7\u00e3o que arrasa o Sidny"},{"@type":"BreadcrumbList","@id":"https:\/\/portaltela.pt\/noticias\/2026\/02\/26\/like-de-prestianni-em-publicacao-coloca-lopes-cabral-sob-escrutinio\/#breadcrumb","itemListElement":[{"@type":"ListItem","position":1,"name":"In\u00edcio","item":"https:\/\/portaltela.pt\/"},{"@type":"ListItem","position":2,"name":"Like de Prestianni em publica\u00e7\u00e3o coloca Lopes Cabral sob escrut\u00ednio"}]},{"@type":"WebSite","@id":"https:\/\/portaltela.pt\/#website","url":"https:\/\/portaltela.pt\/","name":"Portal Tela Portugal","description":"","potentialAction":[{"@type":"SearchAction","target":{"@type":"EntryPoint","urlTemplate":"https:\/\/portaltela.pt\/?s={search_term_string}"},"query-input":{"@type":"PropertyValueSpecification","valueRequired":true,"valueName":"search_term_string"}}],"inLanguage":"pt-PT"},{"@type":"Person","@id":"https:\/\/portaltela.pt\/#\/schema\/person\/c4278d4a6028830caff9ee44b42d32ed","name":"Telinha","image":{"@type":"ImageObject","inLanguage":"pt-PT","@id":"https:\/\/portaltela.pt\/s.01k8rhncp4jt1\/2025\/11\/talking-bot-125x125.png","url":"https:\/\/portaltela.pt\/s.01k8rhncp4jt1\/2025\/11\/talking-bot-125x125.png","contentUrl":"https:\/\/portaltela.pt\/s.01k8rhncp4jt1\/2025\/11\/talking-bot-125x125.png","caption":"Telinha"},"sameAs":["https:\/\/portaltela.pt\/"],"url":"https:\/\/portaltela.pt\/por\/367410592786\/"}]}},"_links":{"self":[{"href":"https:\/\/portaltela.pt\/api\/wp\/v2\/posts\/388925","targetHints":{"allow":["GET"]}}],"collection":[{"href":"https:\/\/portaltela.pt\/api\/wp\/v2\/posts"}],"about":[{"href":"https:\/\/portaltela.pt\/api\/wp\/v2\/types\/post"}],"author":[{"embeddable":true,"href":"https:\/\/portaltela.pt\/api\/wp\/v2\/users\/2"}],"replies":[{"embeddable":true,"href":"https:\/\/portaltela.pt\/api\/wp\/v2\/comments?post=388925"}],"version-history":[{"count":0,"href":"https:\/\/portaltela.pt\/api\/wp\/v2\/posts\/388925\/revisions"}],"wp:featuredmedia":[{"embeddable":true,"href":"https:\/\/portaltela.pt\/api\/wp\/v2\/media\/388936"}],"wp:attachment":[{"href":"https:\/\/portaltela.pt\/api\/wp\/v2\/media?parent=388925"}],"wp:term":[{"taxonomy":"category","embeddable":true,"href":"https:\/\/portaltela.pt\/api\/wp\/v2\/categories?post=388925"},{"taxonomy":"post_tag","embeddable":true,"href":"https:\/\/portaltela.pt\/api\/wp\/v2\/tags?post=388925"}],"curies":[{"name":"wp","href":"https:\/\/api.w.org\/{rel}","templated":true}]}}