{"id":388917,"date":"2026-02-26T09:27:32","date_gmt":"2026-02-26T12:27:32","guid":{"rendered":"https:\/\/portaltela.pt\/noticias\/2026\/02\/26\/a-historia-de-simon-garfunkel-em-digressao-por-portugal\/"},"modified":"2026-02-26T09:27:32","modified_gmt":"2026-02-26T12:27:32","slug":"a-historia-de-simon-garfunkel-em-digressao-por-portugal","status":"publish","type":"post","link":"https:\/\/portaltela.pt\/noticias\/2026\/02\/26\/a-historia-de-simon-garfunkel-em-digressao-por-portugal\/","title":{"rendered":"A Hist\u00f3ria de Simon &amp; Garfunkel em digress\u00e3o por Portugal"},"content":{"rendered":"<p>O espet\u00e1culo The Simon &amp; Garfunkel Story inicia uma digress\u00e3o por Portugal, prevista para junho de 2026. Trata-se de uma produ\u00e7\u00e3o musical que celebra a carreira de Simon &amp; Garfunkel, com foco em execu\u00e7\u00e3o c\u00e9nica e vers\u00f5es dos temas emblem\u00e1ticos.<\/p>\n<p>A digress\u00e3o envolve uma equipa de produ\u00e7\u00e3o portuguesa e internacional, que apresenta uma encena\u00e7\u00e3o com foco em \u00e1udio, ilumina\u00e7\u00e3o e interpreta\u00e7\u00e3o musical. O objetivo \u00e9 oferecer aos f\u00e3s uma experi\u00eancia fiel aos cl\u00e1ssicos sem recorrer a conte\u00fados oficiais n\u00e3o autorizados.<\/p>\n<p>A data e os locais espec\u00edficos ainda n\u00e3o foram anunciados pela produtora, mas o objetivo \u00e9 chegar a v\u00e1rias cidades do pa\u00eds. O formato promete recriar o ambiente dos concertos originais, com cuidado na reprodu\u00e7\u00e3o dos arranjos vocais e instrumentais.<\/p>\n<h3>Detalhes da digress\u00e3o e rece\u00e7\u00e3o do p\u00fablico<\/h3>\n<p>As informa\u00e7\u00f5es dispon\u00edveis indicam que o espet\u00e1culo ter\u00e1 dura\u00e7\u00e3o compat\u00edvel com uma colet\u00e2nea de temas conhecidos, incluindo composi\u00e7\u00f5es de Simon &amp; Garfunkel. O p\u00fablico pode esperar uma apresenta\u00e7\u00e3o centrada nos int\u00e9rpretes e nas can\u00e7\u00f5es que marcaram d\u00e9cadas.<\/p>\n<p>Os promotores confirmam que a produ\u00e7\u00e3o est\u00e1 a adaptar-se ao contexto portugu\u00eas, com oportunidades de apresenta\u00e7\u00e3o em salas de maior kapasidade. A digress\u00e3o refor\u00e7a a presen\u00e7a de bandas de apoio e uma pista de dan\u00e7a para f\u00e3s.<\/p>\n<p>O indicativo \u00e9 de que junho de 2026 trar\u00e1 v\u00e1rias sess\u00f5es, com bilheteira a ser anunciada pelos organizadores. A sete parcelas locais, o show pretende cativar tanto f\u00e3s de longa data como novos p\u00fablicos, sem alterar o esp\u00edrito original das can\u00e7\u00f5es.<\/p>\n","protected":false},"excerpt":{"rendered":"<ul>\n<li>Em junho de 2026, o espet\u00e1culo The Simon &amp; Garfunkel Story faz digress\u00e3o por Portugal.<\/li>\n<li>O evento destaca a reprodu\u00e7\u00e3o da dupla ic\u00f3nica, com foco na vida e na m\u00fasica de Simon &amp; Garfunkel.<\/li>\n<li>O p\u00fablico tem assistido a apresenta\u00e7\u00f5es que t\u00eam recebido aplausos, conforme imagens associadas \u00e0 digress\u00e3o.<\/li>\n<li>As sess\u00f5es em Portugal fazem parte de uma digress\u00e3o europeia do espet\u00e1culo.<\/li>\n<\/ul>\n","protected":false},"author":2,"featured_media":388931,"comment_status":"closed","ping_status":"closed","sticky":false,"template":"","format":"standard","meta":{"footnotes":""},"categories":[12,1],"tags":[593,4886,3731,3039,1014,5022],"class_list":["post-388917","post","type-post","status-publish","format-standard","has-post-thumbnail","hentry","category-entretenimento","category-noticias","tag-concertos","tag-digressoes","tag-eventos","tag-musica-teatro-concertos","tag-portugal","tag-portugal-continental"],"yoast_head":"<!-- This site is optimized with the Yoast SEO plugin v27.2 - https:\/\/yoast.com\/product\/yoast-seo-wordpress\/ -->\n<title>A Hist\u00f3ria de Simon &amp; Garfunkel em digress\u00e3o por Portugal - Portal Tela Portugal<\/title>\n<meta name=\"robots\" content=\"index, follow, max-snippet:-1, max-image-preview:large, max-video-preview:-1\" \/>\n<meta property=\"og:locale\" content=\"pt_PT\" \/>\n<meta property=\"og:type\" content=\"article\" \/>\n<meta property=\"og:title\" content=\"A Hist\u00f3ria de Simon &amp; Garfunkel em digress\u00e3o por Portugal - Portal Tela Portugal\" \/>\n<meta property=\"og:description\" content=\"Em junho de 2026, o espet\u00e1culo The Simon &amp; Garfunkel Story faz digress\u00e3o por Portugal. O evento destaca a reprodu\u00e7\u00e3o da dupla ic\u00f3nica, com foco na vida e na m\u00fasica de Simon &amp; Garfunkel. O p\u00fablico tem assistido a apresenta\u00e7\u00f5es que t\u00eam recebido aplausos, conforme imagens associadas \u00e0 digress\u00e3o. As sess\u00f5es em Portugal fazem parte de uma digress\u00e3o europeia do espet\u00e1culo.\" \/>\n<meta property=\"og:url\" content=\"https:\/\/portaltela.pt\/noticias\/2026\/02\/26\/a-historia-de-simon-garfunkel-em-digressao-por-portugal\/\" \/>\n<meta property=\"og:site_name\" content=\"Portal Tela Portugal\" \/>\n<meta property=\"article:published_time\" content=\"2026-02-26T12:27:32+00:00\" \/>\n<meta name=\"author\" content=\"Telinha\" \/>\n<meta name=\"twitter:card\" content=\"summary_large_image\" \/>\n<meta name=\"twitter:label1\" content=\"Escrito por\" \/>\n\t<meta name=\"twitter:data1\" content=\"Telinha\" \/>\n\t<meta name=\"twitter:label2\" content=\"Tempo estimado de leitura\" \/>\n\t<meta name=\"twitter:data2\" content=\"1 minuto\" \/>\n<script type=\"application\/ld+json\" class=\"yoast-schema-graph\">{\"@context\":\"https:\/\/schema.org\",\"@graph\":[{\"@type\":\"Article\",\"@id\":\"https:\/\/portaltela.pt\/noticias\/2026\/02\/26\/a-historia-de-simon-garfunkel-em-digressao-por-portugal\/#article\",\"isPartOf\":{\"@id\":\"https:\/\/portaltela.pt\/noticias\/2026\/02\/26\/a-historia-de-simon-garfunkel-em-digressao-por-portugal\/\"},\"author\":{\"name\":\"Telinha\",\"@id\":\"https:\/\/portaltela.pt\/#\/schema\/person\/c4278d4a6028830caff9ee44b42d32ed\"},\"headline\":\"A Hist\u00f3ria de Simon &amp; Garfunkel em digress\u00e3o por Portugal\",\"datePublished\":\"2026-02-26T12:27:32+00:00\",\"mainEntityOfPage\":{\"@id\":\"https:\/\/portaltela.pt\/noticias\/2026\/02\/26\/a-historia-de-simon-garfunkel-em-digressao-por-portugal\/\"},\"wordCount\":300,\"image\":{\"@id\":\"https:\/\/portaltela.pt\/noticias\/2026\/02\/26\/a-historia-de-simon-garfunkel-em-digressao-por-portugal\/#primaryimage\"},\"thumbnailUrl\":\"https:\/\/portaltela.pt\/s.01k8rhncp4jt1\/2026\/02\/img_1280x721uu2026-02-26-12-26-10-2269115.jpg\",\"keywords\":[\"concertos\",\"digress\u00f5es\",\"eventos\",\"m\u00fasica\/teatro\/concertos\",\"Portugal\",\"Portugal Continental\"],\"articleSection\":[\"Entretenimento\",\"Not\u00edcias\"],\"inLanguage\":\"pt-PT\"},{\"@type\":\"WebPage\",\"@id\":\"https:\/\/portaltela.pt\/noticias\/2026\/02\/26\/a-historia-de-simon-garfunkel-em-digressao-por-portugal\/\",\"url\":\"https:\/\/portaltela.pt\/noticias\/2026\/02\/26\/a-historia-de-simon-garfunkel-em-digressao-por-portugal\/\",\"name\":\"A Hist\u00f3ria de Simon &amp; Garfunkel em digress\u00e3o por Portugal - Portal Tela Portugal\",\"isPartOf\":{\"@id\":\"https:\/\/portaltela.pt\/#website\"},\"primaryImageOfPage\":{\"@id\":\"https:\/\/portaltela.pt\/noticias\/2026\/02\/26\/a-historia-de-simon-garfunkel-em-digressao-por-portugal\/#primaryimage\"},\"image\":{\"@id\":\"https:\/\/portaltela.pt\/noticias\/2026\/02\/26\/a-historia-de-simon-garfunkel-em-digressao-por-portugal\/#primaryimage\"},\"thumbnailUrl\":\"https:\/\/portaltela.pt\/s.01k8rhncp4jt1\/2026\/02\/img_1280x721uu2026-02-26-12-26-10-2269115.jpg\",\"datePublished\":\"2026-02-26T12:27:32+00:00\",\"author\":{\"@id\":\"https:\/\/portaltela.pt\/#\/schema\/person\/c4278d4a6028830caff9ee44b42d32ed\"},\"breadcrumb\":{\"@id\":\"https:\/\/portaltela.pt\/noticias\/2026\/02\/26\/a-historia-de-simon-garfunkel-em-digressao-por-portugal\/#breadcrumb\"},\"inLanguage\":\"pt-PT\",\"potentialAction\":[{\"@type\":\"ReadAction\",\"target\":[\"https:\/\/portaltela.pt\/noticias\/2026\/02\/26\/a-historia-de-simon-garfunkel-em-digressao-por-portugal\/\"]}]},{\"@type\":\"ImageObject\",\"inLanguage\":\"pt-PT\",\"@id\":\"https:\/\/portaltela.pt\/noticias\/2026\/02\/26\/a-historia-de-simon-garfunkel-em-digressao-por-portugal\/#primaryimage\",\"url\":\"https:\/\/portaltela.pt\/s.01k8rhncp4jt1\/2026\/02\/img_1280x721uu2026-02-26-12-26-10-2269115.jpg\",\"contentUrl\":\"https:\/\/portaltela.pt\/s.01k8rhncp4jt1\/2026\/02\/img_1280x721uu2026-02-26-12-26-10-2269115.jpg\",\"width\":796,\"height\":448,\"caption\":\"\\\"The Simon &amp; Garfunkel Story\\\" em digress\u00e3o por Portugal em junho de 2026\"},{\"@type\":\"BreadcrumbList\",\"@id\":\"https:\/\/portaltela.pt\/noticias\/2026\/02\/26\/a-historia-de-simon-garfunkel-em-digressao-por-portugal\/#breadcrumb\",\"itemListElement\":[{\"@type\":\"ListItem\",\"position\":1,\"name\":\"In\u00edcio\",\"item\":\"https:\/\/portaltela.pt\/\"},{\"@type\":\"ListItem\",\"position\":2,\"name\":\"A Hist\u00f3ria de Simon &amp; Garfunkel em digress\u00e3o por Portugal\"}]},{\"@type\":\"WebSite\",\"@id\":\"https:\/\/portaltela.pt\/#website\",\"url\":\"https:\/\/portaltela.pt\/\",\"name\":\"Portal Tela Portugal\",\"description\":\"\",\"potentialAction\":[{\"@type\":\"SearchAction\",\"target\":{\"@type\":\"EntryPoint\",\"urlTemplate\":\"https:\/\/portaltela.pt\/?s={search_term_string}\"},\"query-input\":{\"@type\":\"PropertyValueSpecification\",\"valueRequired\":true,\"valueName\":\"search_term_string\"}}],\"inLanguage\":\"pt-PT\"},{\"@type\":\"Person\",\"@id\":\"https:\/\/portaltela.pt\/#\/schema\/person\/c4278d4a6028830caff9ee44b42d32ed\",\"name\":\"Telinha\",\"image\":{\"@type\":\"ImageObject\",\"inLanguage\":\"pt-PT\",\"@id\":\"https:\/\/portaltela.pt\/s.01k8rhncp4jt1\/2025\/11\/talking-bot-125x125.png\",\"url\":\"https:\/\/portaltela.pt\/s.01k8rhncp4jt1\/2025\/11\/talking-bot-125x125.png\",\"contentUrl\":\"https:\/\/portaltela.pt\/s.01k8rhncp4jt1\/2025\/11\/talking-bot-125x125.png\",\"caption\":\"Telinha\"},\"sameAs\":[\"https:\/\/portaltela.pt\/\"],\"url\":\"https:\/\/portaltela.pt\/por\/367410592786\/\"}]}<\/script>\n<!-- \/ Yoast SEO plugin. -->","yoast_head_json":{"title":"A Hist\u00f3ria de Simon &amp; Garfunkel em digress\u00e3o por Portugal - Portal Tela Portugal","robots":{"index":"index","follow":"follow","max-snippet":"max-snippet:-1","max-image-preview":"max-image-preview:large","max-video-preview":"max-video-preview:-1"},"og_locale":"pt_PT","og_type":"article","og_title":"A Hist\u00f3ria de Simon &amp; Garfunkel em digress\u00e3o por Portugal - Portal Tela Portugal","og_description":"Em junho de 2026, o espet\u00e1culo The Simon &amp; Garfunkel Story faz digress\u00e3o por Portugal. O evento destaca a reprodu\u00e7\u00e3o da dupla ic\u00f3nica, com foco na vida e na m\u00fasica de Simon &amp; Garfunkel. O p\u00fablico tem assistido a apresenta\u00e7\u00f5es que t\u00eam recebido aplausos, conforme imagens associadas \u00e0 digress\u00e3o. As sess\u00f5es em Portugal fazem parte de uma digress\u00e3o europeia do espet\u00e1culo.","og_url":"https:\/\/portaltela.pt\/noticias\/2026\/02\/26\/a-historia-de-simon-garfunkel-em-digressao-por-portugal\/","og_site_name":"Portal Tela Portugal","article_published_time":"2026-02-26T12:27:32+00:00","author":"Telinha","twitter_card":"summary_large_image","twitter_misc":{"Escrito por":"Telinha","Tempo estimado de leitura":"1 minuto"},"schema":{"@context":"https:\/\/schema.org","@graph":[{"@type":"Article","@id":"https:\/\/portaltela.pt\/noticias\/2026\/02\/26\/a-historia-de-simon-garfunkel-em-digressao-por-portugal\/#article","isPartOf":{"@id":"https:\/\/portaltela.pt\/noticias\/2026\/02\/26\/a-historia-de-simon-garfunkel-em-digressao-por-portugal\/"},"author":{"name":"Telinha","@id":"https:\/\/portaltela.pt\/#\/schema\/person\/c4278d4a6028830caff9ee44b42d32ed"},"headline":"A Hist\u00f3ria de Simon &amp; Garfunkel em digress\u00e3o por Portugal","datePublished":"2026-02-26T12:27:32+00:00","mainEntityOfPage":{"@id":"https:\/\/portaltela.pt\/noticias\/2026\/02\/26\/a-historia-de-simon-garfunkel-em-digressao-por-portugal\/"},"wordCount":300,"image":{"@id":"https:\/\/portaltela.pt\/noticias\/2026\/02\/26\/a-historia-de-simon-garfunkel-em-digressao-por-portugal\/#primaryimage"},"thumbnailUrl":"https:\/\/portaltela.pt\/s.01k8rhncp4jt1\/2026\/02\/img_1280x721uu2026-02-26-12-26-10-2269115.jpg","keywords":["concertos","digress\u00f5es","eventos","m\u00fasica\/teatro\/concertos","Portugal","Portugal Continental"],"articleSection":["Entretenimento","Not\u00edcias"],"inLanguage":"pt-PT"},{"@type":"WebPage","@id":"https:\/\/portaltela.pt\/noticias\/2026\/02\/26\/a-historia-de-simon-garfunkel-em-digressao-por-portugal\/","url":"https:\/\/portaltela.pt\/noticias\/2026\/02\/26\/a-historia-de-simon-garfunkel-em-digressao-por-portugal\/","name":"A Hist\u00f3ria de Simon &amp; Garfunkel em digress\u00e3o por Portugal - Portal Tela Portugal","isPartOf":{"@id":"https:\/\/portaltela.pt\/#website"},"primaryImageOfPage":{"@id":"https:\/\/portaltela.pt\/noticias\/2026\/02\/26\/a-historia-de-simon-garfunkel-em-digressao-por-portugal\/#primaryimage"},"image":{"@id":"https:\/\/portaltela.pt\/noticias\/2026\/02\/26\/a-historia-de-simon-garfunkel-em-digressao-por-portugal\/#primaryimage"},"thumbnailUrl":"https:\/\/portaltela.pt\/s.01k8rhncp4jt1\/2026\/02\/img_1280x721uu2026-02-26-12-26-10-2269115.jpg","datePublished":"2026-02-26T12:27:32+00:00","author":{"@id":"https:\/\/portaltela.pt\/#\/schema\/person\/c4278d4a6028830caff9ee44b42d32ed"},"breadcrumb":{"@id":"https:\/\/portaltela.pt\/noticias\/2026\/02\/26\/a-historia-de-simon-garfunkel-em-digressao-por-portugal\/#breadcrumb"},"inLanguage":"pt-PT","potentialAction":[{"@type":"ReadAction","target":["https:\/\/portaltela.pt\/noticias\/2026\/02\/26\/a-historia-de-simon-garfunkel-em-digressao-por-portugal\/"]}]},{"@type":"ImageObject","inLanguage":"pt-PT","@id":"https:\/\/portaltela.pt\/noticias\/2026\/02\/26\/a-historia-de-simon-garfunkel-em-digressao-por-portugal\/#primaryimage","url":"https:\/\/portaltela.pt\/s.01k8rhncp4jt1\/2026\/02\/img_1280x721uu2026-02-26-12-26-10-2269115.jpg","contentUrl":"https:\/\/portaltela.pt\/s.01k8rhncp4jt1\/2026\/02\/img_1280x721uu2026-02-26-12-26-10-2269115.jpg","width":796,"height":448,"caption":"\"The Simon &amp; Garfunkel Story\" em digress\u00e3o por Portugal em junho de 2026"},{"@type":"BreadcrumbList","@id":"https:\/\/portaltela.pt\/noticias\/2026\/02\/26\/a-historia-de-simon-garfunkel-em-digressao-por-portugal\/#breadcrumb","itemListElement":[{"@type":"ListItem","position":1,"name":"In\u00edcio","item":"https:\/\/portaltela.pt\/"},{"@type":"ListItem","position":2,"name":"A Hist\u00f3ria de Simon &amp; Garfunkel em digress\u00e3o por Portugal"}]},{"@type":"WebSite","@id":"https:\/\/portaltela.pt\/#website","url":"https:\/\/portaltela.pt\/","name":"Portal Tela Portugal","description":"","potentialAction":[{"@type":"SearchAction","target":{"@type":"EntryPoint","urlTemplate":"https:\/\/portaltela.pt\/?s={search_term_string}"},"query-input":{"@type":"PropertyValueSpecification","valueRequired":true,"valueName":"search_term_string"}}],"inLanguage":"pt-PT"},{"@type":"Person","@id":"https:\/\/portaltela.pt\/#\/schema\/person\/c4278d4a6028830caff9ee44b42d32ed","name":"Telinha","image":{"@type":"ImageObject","inLanguage":"pt-PT","@id":"https:\/\/portaltela.pt\/s.01k8rhncp4jt1\/2025\/11\/talking-bot-125x125.png","url":"https:\/\/portaltela.pt\/s.01k8rhncp4jt1\/2025\/11\/talking-bot-125x125.png","contentUrl":"https:\/\/portaltela.pt\/s.01k8rhncp4jt1\/2025\/11\/talking-bot-125x125.png","caption":"Telinha"},"sameAs":["https:\/\/portaltela.pt\/"],"url":"https:\/\/portaltela.pt\/por\/367410592786\/"}]}},"_links":{"self":[{"href":"https:\/\/portaltela.pt\/api\/wp\/v2\/posts\/388917","targetHints":{"allow":["GET"]}}],"collection":[{"href":"https:\/\/portaltela.pt\/api\/wp\/v2\/posts"}],"about":[{"href":"https:\/\/portaltela.pt\/api\/wp\/v2\/types\/post"}],"author":[{"embeddable":true,"href":"https:\/\/portaltela.pt\/api\/wp\/v2\/users\/2"}],"replies":[{"embeddable":true,"href":"https:\/\/portaltela.pt\/api\/wp\/v2\/comments?post=388917"}],"version-history":[{"count":0,"href":"https:\/\/portaltela.pt\/api\/wp\/v2\/posts\/388917\/revisions"}],"wp:featuredmedia":[{"embeddable":true,"href":"https:\/\/portaltela.pt\/api\/wp\/v2\/media\/388931"}],"wp:attachment":[{"href":"https:\/\/portaltela.pt\/api\/wp\/v2\/media?parent=388917"}],"wp:term":[{"taxonomy":"category","embeddable":true,"href":"https:\/\/portaltela.pt\/api\/wp\/v2\/categories?post=388917"},{"taxonomy":"post_tag","embeddable":true,"href":"https:\/\/portaltela.pt\/api\/wp\/v2\/tags?post=388917"}],"curies":[{"name":"wp","href":"https:\/\/api.w.org\/{rel}","templated":true}]}}