{"id":388904,"date":"2026-02-26T09:07:00","date_gmt":"2026-02-26T12:07:00","guid":{"rendered":"https:\/\/portaltela.pt\/noticias\/2026\/02\/26\/regiao-de-leiria-aprova-plano-para-recuperar-territorio\/"},"modified":"2026-02-26T09:07:00","modified_gmt":"2026-02-26T12:07:00","slug":"regiao-de-leiria-aprova-plano-para-recuperar-territorio","status":"publish","type":"post","link":"https:\/\/portaltela.pt\/noticias\/economia\/2026\/02\/26\/regiao-de-leiria-aprova-plano-para-recuperar-territorio\/","title":{"rendered":"Regi\u00e3o de Leiria aprova plano para recuperar territ\u00f3rio"},"content":{"rendered":"<p>A Comunidade Intermunicipal da Regi\u00e3o de Leiria aprovou um Plano Estrat\u00e9gico de Recupera\u00e7\u00e3o e Transforma\u00e7\u00e3o, com um fundo de emerg\u00eancia social, na sequ\u00eancia da depress\u00e3o Kristin que afetou a regi\u00e3o h\u00e1 cerca de um m\u00eas. O objetivo \u00e9 n\u00e3o apenas repor perdas, mas acelerar a recupera\u00e7\u00e3o, refor\u00e7ar a resili\u00eancia e modernizar o territ\u00f3rio.<\/p>\n<p>A CIM integra os munic\u00edpios de Alvai\u00e1zere, Ansi\u00e3o, Batalha, Castanheira de Pera, Figueir\u00f3 dos Vinhos, Leiria, Marinha Grande, Pedr\u00f3g\u00e3o Grande, Pombal e Porto de M\u00f3s. O presidente da CIM enfatiza a necessidade de proteger o emprego, manter a base exportadora industrial e preparar a regi\u00e3o para desafios clim\u00e1ticos e econ\u00f3micos.<\/p>\n<p>A proposta divide-se em tr\u00eas fases, com foco na resposta imediata, na reconstru\u00e7\u00e3o resiliente e na transforma\u00e7\u00e3o estrutural. O plano foi apresentado pela CIM em comunicado enviado \u00e0 ag\u00eancia Lusa.<\/p>\n<h3>Estrutura do Plano e a\u00e7\u00f5es imediatas<\/h3>\n<p>Na fase de resposta urgente, com horizonte de seis meses, o objetivo \u00e9 proteger fam\u00edlias, manter empregos e assegurar mobilidade. Prev\u00ea-se a execu\u00e7\u00e3o r\u00e1pida de 10 mil euros para apoio \u00e0 habita\u00e7\u00e3o pr\u00f3pria e o refor\u00e7o de mecanismos sociais para agregados vulner\u00e1veis.<\/p>\n<p>Cria-se um Fundo Intermunicipal de Emerg\u00eancia Social, um Gabinete Regional de Recupera\u00e7\u00e3o Empresarial e o programa Empresa Aberta, com apoio at\u00e9 30 mil euros para empresas com encerramento tempor\u00e1rio. A CIM solicita ainda a prorroga\u00e7\u00e3o da isen\u00e7\u00e3o de portagens nas autoestradas 8 e 19, enquanto as vias alternativas permanecerem condicionadas.<\/p>\n<h3>Fase de reconstru\u00e7\u00e3o e transforma\u00e7\u00e3o<\/h3>\n<p>Entre seis meses e dois anos, o plano aposta em refor\u00e7o estrutural de infraestruturas, melhoria de drenagem e defesa costeira, apoio \u00e0 agricultura e \u00e0 floresta, e o programa Ind\u00fastria Resiliente Regi\u00e3o de Leiria para promover digitaliza\u00e7\u00e3o, inova\u00e7\u00e3o e redund\u00e2ncia energ\u00e9tica.<\/p>\n<p>Na \u00faltima fase, a transforma\u00e7\u00e3o estrutural, o objetivo \u00e9 consolidar uma regi\u00e3o mais competitiva. Prev\u00ea-se a Estrat\u00e9gia Regional de Adapta\u00e7\u00e3o Clim\u00e1tica, comunidades de energia renov\u00e1vel, refor\u00e7o das comunica\u00e7\u00f5es e da redund\u00e2ncia energ\u00e9tica, e o projeto Universidade de Leiria e Oeste.<\/p>\n<p>A CIM defende a cria\u00e7\u00e3o de um grupo focal permanente com especialistas em gest\u00e3o territorial, ci\u00eancia e tecnologia, empresas e munic\u00edpios. Este grupo apoia tecnicamente a Estrutura de Miss\u00e3o na avalia\u00e7\u00e3o cont\u00ednua das medidas do Governo, com base em evid\u00eancia local.<\/p>\n<p>Jorge Vala, presidente da C\u00e2mara de Porto de M\u00f3s e da CIM, afirma a necessidade de adaptar as medidas nacionais \u00e0 realidade local e sustenta que a recupera\u00e7\u00e3o n\u00e3o pode ser planeada \u00e0 dist\u00e2ncia. O Programa Transforma\u00e7\u00e3o, Recupera\u00e7\u00e3o e Resili\u00eancia deve ser desenhado a partir de Leiria e do seu territ\u00f3rio, segundo o autarca.<\/p>\n<p>A CIM mostra disponibilidade para colaborar com o Governo, com a Comiss\u00e3o de Coordena\u00e7\u00e3o e Desenvolvimento Regional do Centro e com institui\u00e7\u00f5es europeias. A ideia \u00e9 assegurar uma aplica\u00e7\u00e3o eficiente dos recursos e uma articula\u00e7\u00e3o real entre investimento p\u00fablico e necessidades das empresas.<\/p>\n","protected":false},"excerpt":{"rendered":"<ul>\n<li>A Regi\u00e3o de Leiria aprovou um Plano Estrat\u00e9gico de Recupera\u00e7\u00e3o e Transforma\u00e7\u00e3o, na sequ\u00eancia da depress\u00e3o Kristin, com um Fundo Intermunicipal de Emerg\u00eancia Social inclu\u00eddo.<\/li>\n<li>O plano, que envolve os munic\u00edpios de Alvai\u00e1zere, Ansi\u00e3o, Batalha, Castanheira de Pera, Figueir\u00f3 dos Vinhos, Leiria, Marinha Grande, Pedr\u00f3g\u00e3o Grande, Pombal e Porto de M\u00f3s, visa n\u00e3o s\u00f3 reconstruir, mas tamb\u00e9m refor\u00e7ar a resili\u00eancia e modernizar o territ\u00f3rio.<\/li>\n<li>A execu\u00e7\u00e3o est\u00e1 dividida em tr\u00eas fases: resposta urgente (seis meses), reconstru\u00e7\u00e3o com resili\u00eancia (seis meses a dois anos) e transforma\u00e7\u00e3o estrutural (longo prazo).<\/li>\n<li>Medidas da fase de resposta urgente incluem apoio de 10 mil euros \u00e0 habita\u00e7\u00e3o pr\u00f3pria, cria\u00e7\u00e3o de Gabinete Regional de Recupera\u00e7\u00e3o Empresarial, programa \u201cEmpresa Aberta\u201d com apoio at\u00e9 30 mil euros e prorroga\u00e7\u00e3o da isen\u00e7\u00e3o de portagens nas autoestradas 8 e 19, enquanto as vias alternativas estiverem condicionadas.<\/li>\n<li>Na fase de transforma\u00e7\u00e3o, o plano prev\u00ea a Estrat\u00e9gia Regional de Adapta\u00e7\u00e3o Clim\u00e1tica, comunidades de energia renov\u00e1vel, maior redund\u00e2ncia energ\u00e9tica, e o refor\u00e7o do projeto Universidade de Leiria e Oeste, al\u00e9m da cria\u00e7\u00e3o de um grupo focal permanente para orientar a recupera\u00e7\u00e3o com base no conhecimento local.<\/li>\n<\/ul>\n","protected":false},"author":2,"featured_media":388910,"comment_status":"closed","ping_status":"closed","sticky":false,"template":"","format":"standard","meta":{"footnotes":""},"categories":[2,1],"tags":[6115,179,5301,2729,4576,1385],"class_list":["post-388904","post","type-post","status-publish","format-standard","has-post-thumbnail","hentry","category-economia","category-noticias","tag-_economia","tag-agricultura","tag-desenvolvimento-territorial","tag-energia-renovavel","tag-florestal","tag-leiria"],"yoast_head":"<!-- This site is optimized with the Yoast SEO plugin v27.2 - https:\/\/yoast.com\/product\/yoast-seo-wordpress\/ -->\n<title>Regi\u00e3o de Leiria aprova plano para recuperar territ\u00f3rio - Portal Tela Portugal<\/title>\n<meta name=\"robots\" content=\"index, follow, max-snippet:-1, max-image-preview:large, max-video-preview:-1\" \/>\n<meta property=\"og:locale\" content=\"pt_PT\" \/>\n<meta property=\"og:type\" content=\"article\" \/>\n<meta property=\"og:title\" content=\"Regi\u00e3o de Leiria aprova plano para recuperar territ\u00f3rio - Portal Tela Portugal\" \/>\n<meta property=\"og:description\" content=\"A Regi\u00e3o de Leiria aprovou um Plano Estrat\u00e9gico de Recupera\u00e7\u00e3o e Transforma\u00e7\u00e3o, na sequ\u00eancia da depress\u00e3o Kristin, com um Fundo Intermunicipal de Emerg\u00eancia Social inclu\u00eddo. O plano, que envolve os munic\u00edpios de Alvai\u00e1zere, Ansi\u00e3o, Batalha, Castanheira de Pera, Figueir\u00f3 dos Vinhos, Leiria, Marinha Grande, Pedr\u00f3g\u00e3o Grande, Pombal e Porto de M\u00f3s, visa n\u00e3o s\u00f3 reconstruir, mas tamb\u00e9m refor\u00e7ar a resili\u00eancia e modernizar o territ\u00f3rio. A execu\u00e7\u00e3o est\u00e1 dividida em tr\u00eas fases: resposta urgente (seis meses), reconstru\u00e7\u00e3o com resili\u00eancia (seis meses a dois anos) e transforma\u00e7\u00e3o estrutural (longo prazo). Medidas da fase de resposta urgente incluem apoio de 10 mil euros \u00e0 habita\u00e7\u00e3o pr\u00f3pria, cria\u00e7\u00e3o de Gabinete Regional de Recupera\u00e7\u00e3o Empresarial, programa \u201cEmpresa Aberta\u201d com apoio at\u00e9 30 mil euros e prorroga\u00e7\u00e3o da isen\u00e7\u00e3o de portagens nas autoestradas 8 e 19, enquanto as vias alternativas estiverem condicionadas. Na fase de transforma\u00e7\u00e3o, o plano prev\u00ea a Estrat\u00e9gia Regional de Adapta\u00e7\u00e3o Clim\u00e1tica, comunidades de energia renov\u00e1vel, maior redund\u00e2ncia energ\u00e9tica, e o refor\u00e7o do projeto Universidade de Leiria e Oeste, al\u00e9m da cria\u00e7\u00e3o de um grupo focal permanente para orientar a recupera\u00e7\u00e3o com base no conhecimento local.\" \/>\n<meta property=\"og:url\" content=\"https:\/\/portaltela.pt\/noticias\/2026\/02\/26\/regiao-de-leiria-aprova-plano-para-recuperar-territorio\/\" \/>\n<meta property=\"og:site_name\" content=\"Portal Tela Portugal\" \/>\n<meta property=\"article:published_time\" content=\"2026-02-26T12:07:00+00:00\" \/>\n<meta name=\"author\" content=\"Telinha\" \/>\n<meta name=\"twitter:card\" content=\"summary_large_image\" \/>\n<meta name=\"twitter:label1\" content=\"Escrito por\" \/>\n\t<meta name=\"twitter:data1\" content=\"Telinha\" \/>\n\t<meta name=\"twitter:label2\" content=\"Tempo estimado de leitura\" \/>\n\t<meta name=\"twitter:data2\" content=\"3 minutos\" \/>\n<script type=\"application\/ld+json\" class=\"yoast-schema-graph\">{\"@context\":\"https:\/\/schema.org\",\"@graph\":[{\"@type\":\"Article\",\"@id\":\"https:\/\/portaltela.pt\/noticias\/2026\/02\/26\/regiao-de-leiria-aprova-plano-para-recuperar-territorio\/#article\",\"isPartOf\":{\"@id\":\"https:\/\/portaltela.pt\/noticias\/2026\/02\/26\/regiao-de-leiria-aprova-plano-para-recuperar-territorio\/\"},\"author\":{\"name\":\"Telinha\",\"@id\":\"https:\/\/portaltela.pt\/#\/schema\/person\/c4278d4a6028830caff9ee44b42d32ed\"},\"headline\":\"Regi\u00e3o de Leiria aprova plano para recuperar territ\u00f3rio\",\"datePublished\":\"2026-02-26T12:07:00+00:00\",\"mainEntityOfPage\":{\"@id\":\"https:\/\/portaltela.pt\/noticias\/2026\/02\/26\/regiao-de-leiria-aprova-plano-para-recuperar-territorio\/\"},\"wordCount\":535,\"image\":{\"@id\":\"https:\/\/portaltela.pt\/noticias\/2026\/02\/26\/regiao-de-leiria-aprova-plano-para-recuperar-territorio\/#primaryimage\"},\"thumbnailUrl\":\"https:\/\/portaltela.pt\/s.01k8rhncp4jt1\/2026\/02\/image-1912.jpg\",\"keywords\":[\"_economia\",\"agricultura\",\"desenvolvimento territorial\",\"energia renov\u00e1vel\",\"florestal\",\"Leiria\"],\"articleSection\":[\"Economia\",\"Not\u00edcias\"],\"inLanguage\":\"pt-PT\"},{\"@type\":\"WebPage\",\"@id\":\"https:\/\/portaltela.pt\/noticias\/2026\/02\/26\/regiao-de-leiria-aprova-plano-para-recuperar-territorio\/\",\"url\":\"https:\/\/portaltela.pt\/noticias\/2026\/02\/26\/regiao-de-leiria-aprova-plano-para-recuperar-territorio\/\",\"name\":\"Regi\u00e3o de Leiria aprova plano para recuperar territ\u00f3rio - Portal Tela Portugal\",\"isPartOf\":{\"@id\":\"https:\/\/portaltela.pt\/#website\"},\"primaryImageOfPage\":{\"@id\":\"https:\/\/portaltela.pt\/noticias\/2026\/02\/26\/regiao-de-leiria-aprova-plano-para-recuperar-territorio\/#primaryimage\"},\"image\":{\"@id\":\"https:\/\/portaltela.pt\/noticias\/2026\/02\/26\/regiao-de-leiria-aprova-plano-para-recuperar-territorio\/#primaryimage\"},\"thumbnailUrl\":\"https:\/\/portaltela.pt\/s.01k8rhncp4jt1\/2026\/02\/image-1912.jpg\",\"datePublished\":\"2026-02-26T12:07:00+00:00\",\"author\":{\"@id\":\"https:\/\/portaltela.pt\/#\/schema\/person\/c4278d4a6028830caff9ee44b42d32ed\"},\"breadcrumb\":{\"@id\":\"https:\/\/portaltela.pt\/noticias\/2026\/02\/26\/regiao-de-leiria-aprova-plano-para-recuperar-territorio\/#breadcrumb\"},\"inLanguage\":\"pt-PT\",\"potentialAction\":[{\"@type\":\"ReadAction\",\"target\":[\"https:\/\/portaltela.pt\/noticias\/2026\/02\/26\/regiao-de-leiria-aprova-plano-para-recuperar-territorio\/\"]}]},{\"@type\":\"ImageObject\",\"inLanguage\":\"pt-PT\",\"@id\":\"https:\/\/portaltela.pt\/noticias\/2026\/02\/26\/regiao-de-leiria-aprova-plano-para-recuperar-territorio\/#primaryimage\",\"url\":\"https:\/\/portaltela.pt\/s.01k8rhncp4jt1\/2026\/02\/image-1912.jpg\",\"contentUrl\":\"https:\/\/portaltela.pt\/s.01k8rhncp4jt1\/2026\/02\/image-1912.jpg\",\"width\":796,\"height\":448,\"caption\":\"Depress\u00e3o Kristin atingiu gravemente o distrito de Leiria a 28 de janeiro\"},{\"@type\":\"BreadcrumbList\",\"@id\":\"https:\/\/portaltela.pt\/noticias\/2026\/02\/26\/regiao-de-leiria-aprova-plano-para-recuperar-territorio\/#breadcrumb\",\"itemListElement\":[{\"@type\":\"ListItem\",\"position\":1,\"name\":\"In\u00edcio\",\"item\":\"https:\/\/portaltela.pt\/\"},{\"@type\":\"ListItem\",\"position\":2,\"name\":\"Regi\u00e3o de Leiria aprova plano para recuperar territ\u00f3rio\"}]},{\"@type\":\"WebSite\",\"@id\":\"https:\/\/portaltela.pt\/#website\",\"url\":\"https:\/\/portaltela.pt\/\",\"name\":\"Portal Tela Portugal\",\"description\":\"\",\"potentialAction\":[{\"@type\":\"SearchAction\",\"target\":{\"@type\":\"EntryPoint\",\"urlTemplate\":\"https:\/\/portaltela.pt\/?s={search_term_string}\"},\"query-input\":{\"@type\":\"PropertyValueSpecification\",\"valueRequired\":true,\"valueName\":\"search_term_string\"}}],\"inLanguage\":\"pt-PT\"},{\"@type\":\"Person\",\"@id\":\"https:\/\/portaltela.pt\/#\/schema\/person\/c4278d4a6028830caff9ee44b42d32ed\",\"name\":\"Telinha\",\"image\":{\"@type\":\"ImageObject\",\"inLanguage\":\"pt-PT\",\"@id\":\"https:\/\/portaltela.pt\/s.01k8rhncp4jt1\/2025\/11\/talking-bot-125x125.png\",\"url\":\"https:\/\/portaltela.pt\/s.01k8rhncp4jt1\/2025\/11\/talking-bot-125x125.png\",\"contentUrl\":\"https:\/\/portaltela.pt\/s.01k8rhncp4jt1\/2025\/11\/talking-bot-125x125.png\",\"caption\":\"Telinha\"},\"sameAs\":[\"https:\/\/portaltela.pt\/\"],\"url\":\"https:\/\/portaltela.pt\/por\/367410592786\/\"}]}<\/script>\n<!-- \/ Yoast SEO plugin. -->","yoast_head_json":{"title":"Regi\u00e3o de Leiria aprova plano para recuperar territ\u00f3rio - Portal Tela Portugal","robots":{"index":"index","follow":"follow","max-snippet":"max-snippet:-1","max-image-preview":"max-image-preview:large","max-video-preview":"max-video-preview:-1"},"og_locale":"pt_PT","og_type":"article","og_title":"Regi\u00e3o de Leiria aprova plano para recuperar territ\u00f3rio - Portal Tela Portugal","og_description":"A Regi\u00e3o de Leiria aprovou um Plano Estrat\u00e9gico de Recupera\u00e7\u00e3o e Transforma\u00e7\u00e3o, na sequ\u00eancia da depress\u00e3o Kristin, com um Fundo Intermunicipal de Emerg\u00eancia Social inclu\u00eddo. O plano, que envolve os munic\u00edpios de Alvai\u00e1zere, Ansi\u00e3o, Batalha, Castanheira de Pera, Figueir\u00f3 dos Vinhos, Leiria, Marinha Grande, Pedr\u00f3g\u00e3o Grande, Pombal e Porto de M\u00f3s, visa n\u00e3o s\u00f3 reconstruir, mas tamb\u00e9m refor\u00e7ar a resili\u00eancia e modernizar o territ\u00f3rio. A execu\u00e7\u00e3o est\u00e1 dividida em tr\u00eas fases: resposta urgente (seis meses), reconstru\u00e7\u00e3o com resili\u00eancia (seis meses a dois anos) e transforma\u00e7\u00e3o estrutural (longo prazo). Medidas da fase de resposta urgente incluem apoio de 10 mil euros \u00e0 habita\u00e7\u00e3o pr\u00f3pria, cria\u00e7\u00e3o de Gabinete Regional de Recupera\u00e7\u00e3o Empresarial, programa \u201cEmpresa Aberta\u201d com apoio at\u00e9 30 mil euros e prorroga\u00e7\u00e3o da isen\u00e7\u00e3o de portagens nas autoestradas 8 e 19, enquanto as vias alternativas estiverem condicionadas. Na fase de transforma\u00e7\u00e3o, o plano prev\u00ea a Estrat\u00e9gia Regional de Adapta\u00e7\u00e3o Clim\u00e1tica, comunidades de energia renov\u00e1vel, maior redund\u00e2ncia energ\u00e9tica, e o refor\u00e7o do projeto Universidade de Leiria e Oeste, al\u00e9m da cria\u00e7\u00e3o de um grupo focal permanente para orientar a recupera\u00e7\u00e3o com base no conhecimento local.","og_url":"https:\/\/portaltela.pt\/noticias\/2026\/02\/26\/regiao-de-leiria-aprova-plano-para-recuperar-territorio\/","og_site_name":"Portal Tela Portugal","article_published_time":"2026-02-26T12:07:00+00:00","author":"Telinha","twitter_card":"summary_large_image","twitter_misc":{"Escrito por":"Telinha","Tempo estimado de leitura":"3 minutos"},"schema":{"@context":"https:\/\/schema.org","@graph":[{"@type":"Article","@id":"https:\/\/portaltela.pt\/noticias\/2026\/02\/26\/regiao-de-leiria-aprova-plano-para-recuperar-territorio\/#article","isPartOf":{"@id":"https:\/\/portaltela.pt\/noticias\/2026\/02\/26\/regiao-de-leiria-aprova-plano-para-recuperar-territorio\/"},"author":{"name":"Telinha","@id":"https:\/\/portaltela.pt\/#\/schema\/person\/c4278d4a6028830caff9ee44b42d32ed"},"headline":"Regi\u00e3o de Leiria aprova plano para recuperar territ\u00f3rio","datePublished":"2026-02-26T12:07:00+00:00","mainEntityOfPage":{"@id":"https:\/\/portaltela.pt\/noticias\/2026\/02\/26\/regiao-de-leiria-aprova-plano-para-recuperar-territorio\/"},"wordCount":535,"image":{"@id":"https:\/\/portaltela.pt\/noticias\/2026\/02\/26\/regiao-de-leiria-aprova-plano-para-recuperar-territorio\/#primaryimage"},"thumbnailUrl":"https:\/\/portaltela.pt\/s.01k8rhncp4jt1\/2026\/02\/image-1912.jpg","keywords":["_economia","agricultura","desenvolvimento territorial","energia renov\u00e1vel","florestal","Leiria"],"articleSection":["Economia","Not\u00edcias"],"inLanguage":"pt-PT"},{"@type":"WebPage","@id":"https:\/\/portaltela.pt\/noticias\/2026\/02\/26\/regiao-de-leiria-aprova-plano-para-recuperar-territorio\/","url":"https:\/\/portaltela.pt\/noticias\/2026\/02\/26\/regiao-de-leiria-aprova-plano-para-recuperar-territorio\/","name":"Regi\u00e3o de Leiria aprova plano para recuperar territ\u00f3rio - Portal Tela Portugal","isPartOf":{"@id":"https:\/\/portaltela.pt\/#website"},"primaryImageOfPage":{"@id":"https:\/\/portaltela.pt\/noticias\/2026\/02\/26\/regiao-de-leiria-aprova-plano-para-recuperar-territorio\/#primaryimage"},"image":{"@id":"https:\/\/portaltela.pt\/noticias\/2026\/02\/26\/regiao-de-leiria-aprova-plano-para-recuperar-territorio\/#primaryimage"},"thumbnailUrl":"https:\/\/portaltela.pt\/s.01k8rhncp4jt1\/2026\/02\/image-1912.jpg","datePublished":"2026-02-26T12:07:00+00:00","author":{"@id":"https:\/\/portaltela.pt\/#\/schema\/person\/c4278d4a6028830caff9ee44b42d32ed"},"breadcrumb":{"@id":"https:\/\/portaltela.pt\/noticias\/2026\/02\/26\/regiao-de-leiria-aprova-plano-para-recuperar-territorio\/#breadcrumb"},"inLanguage":"pt-PT","potentialAction":[{"@type":"ReadAction","target":["https:\/\/portaltela.pt\/noticias\/2026\/02\/26\/regiao-de-leiria-aprova-plano-para-recuperar-territorio\/"]}]},{"@type":"ImageObject","inLanguage":"pt-PT","@id":"https:\/\/portaltela.pt\/noticias\/2026\/02\/26\/regiao-de-leiria-aprova-plano-para-recuperar-territorio\/#primaryimage","url":"https:\/\/portaltela.pt\/s.01k8rhncp4jt1\/2026\/02\/image-1912.jpg","contentUrl":"https:\/\/portaltela.pt\/s.01k8rhncp4jt1\/2026\/02\/image-1912.jpg","width":796,"height":448,"caption":"Depress\u00e3o Kristin atingiu gravemente o distrito de Leiria a 28 de janeiro"},{"@type":"BreadcrumbList","@id":"https:\/\/portaltela.pt\/noticias\/2026\/02\/26\/regiao-de-leiria-aprova-plano-para-recuperar-territorio\/#breadcrumb","itemListElement":[{"@type":"ListItem","position":1,"name":"In\u00edcio","item":"https:\/\/portaltela.pt\/"},{"@type":"ListItem","position":2,"name":"Regi\u00e3o de Leiria aprova plano para recuperar territ\u00f3rio"}]},{"@type":"WebSite","@id":"https:\/\/portaltela.pt\/#website","url":"https:\/\/portaltela.pt\/","name":"Portal Tela Portugal","description":"","potentialAction":[{"@type":"SearchAction","target":{"@type":"EntryPoint","urlTemplate":"https:\/\/portaltela.pt\/?s={search_term_string}"},"query-input":{"@type":"PropertyValueSpecification","valueRequired":true,"valueName":"search_term_string"}}],"inLanguage":"pt-PT"},{"@type":"Person","@id":"https:\/\/portaltela.pt\/#\/schema\/person\/c4278d4a6028830caff9ee44b42d32ed","name":"Telinha","image":{"@type":"ImageObject","inLanguage":"pt-PT","@id":"https:\/\/portaltela.pt\/s.01k8rhncp4jt1\/2025\/11\/talking-bot-125x125.png","url":"https:\/\/portaltela.pt\/s.01k8rhncp4jt1\/2025\/11\/talking-bot-125x125.png","contentUrl":"https:\/\/portaltela.pt\/s.01k8rhncp4jt1\/2025\/11\/talking-bot-125x125.png","caption":"Telinha"},"sameAs":["https:\/\/portaltela.pt\/"],"url":"https:\/\/portaltela.pt\/por\/367410592786\/"}]}},"_links":{"self":[{"href":"https:\/\/portaltela.pt\/api\/wp\/v2\/posts\/388904","targetHints":{"allow":["GET"]}}],"collection":[{"href":"https:\/\/portaltela.pt\/api\/wp\/v2\/posts"}],"about":[{"href":"https:\/\/portaltela.pt\/api\/wp\/v2\/types\/post"}],"author":[{"embeddable":true,"href":"https:\/\/portaltela.pt\/api\/wp\/v2\/users\/2"}],"replies":[{"embeddable":true,"href":"https:\/\/portaltela.pt\/api\/wp\/v2\/comments?post=388904"}],"version-history":[{"count":0,"href":"https:\/\/portaltela.pt\/api\/wp\/v2\/posts\/388904\/revisions"}],"wp:featuredmedia":[{"embeddable":true,"href":"https:\/\/portaltela.pt\/api\/wp\/v2\/media\/388910"}],"wp:attachment":[{"href":"https:\/\/portaltela.pt\/api\/wp\/v2\/media?parent=388904"}],"wp:term":[{"taxonomy":"category","embeddable":true,"href":"https:\/\/portaltela.pt\/api\/wp\/v2\/categories?post=388904"},{"taxonomy":"post_tag","embeddable":true,"href":"https:\/\/portaltela.pt\/api\/wp\/v2\/tags?post=388904"}],"curies":[{"name":"wp","href":"https:\/\/api.w.org\/{rel}","templated":true}]}}