{"id":388825,"date":"2026-02-26T08:00:00","date_gmt":"2026-02-26T11:00:00","guid":{"rendered":"https:\/\/portaltela.pt\/noticias\/2026\/02\/26\/almada-35-casas-da-azinhaga-dos-formozinhos-vao-ser-demolidas\/"},"modified":"2026-02-26T08:00:00","modified_gmt":"2026-02-26T11:00:00","slug":"almada-35-casas-da-azinhaga-dos-formozinhos-vao-ser-demolidas","status":"publish","type":"post","link":"https:\/\/portaltela.pt\/noticias\/2026\/02\/26\/almada-35-casas-da-azinhaga-dos-formozinhos-vao-ser-demolidas\/","title":{"rendered":"Almada: 35 casas da Azinhaga dos Formozinhos v\u00e3o ser demolidas"},"content":{"rendered":"<p>Em Almada, 35 casas na Azinhaga dos Formozinhos v\u00e3o ser demolidas. A decis\u00e3o \u00e9 apresentada num edital da C\u00e2mara Municipal, ap\u00f3s a ocorr\u00eancia de deslizamentos de terra na zona de Porto Brand\u00e3o. A \u00e1rea envolvida \u00e9 a denominada \u00e1rea D, delimitada pela Rua do Alto do Machado, Rua do Lugar, Rua A e Rua B.<\/p>\n<p>A autarquia notificou propriet\u00e1rios, arrendat\u00e1rios e usufrutu\u00e1rios de todas as constru\u00e7\u00f5es da zona para se pronunciarem no prazo de 10 dias. O aviso indica que a \u00e1rea se encontra em estado de perigosidade elevado a muito elevado e as edifica\u00e7\u00f5es devem permanecer desocupadas.<\/p>\n<p>No documento, a c\u00e2mara explica que, se os propriet\u00e1rios n\u00e3o avan\u00e7arem com as demoli\u00e7\u00f5es no prazo de 30 dias \u00fateis, a pr\u00f3pria autarquia poder\u00e1 promover as demoli\u00e7\u00f5es, cabendo as despesas aos propriet\u00e1rios notificados. A \u00e1rea abrange ainda outras estruturas na regi\u00e3o de Porto Brand\u00e3o.<\/p>\n<p>Paralelamente, a C\u00e2mara de Almada notificou outra zona do concelho, entre a Rua do Alto do Machado e a Rua 1.\u00b0 de Maio, abrangida por Reserva Ecol\u00f3gica Nacional. Nessas constru\u00e7\u00f5es, tamb\u00e9m se determina a demoli\u00e7\u00e3o no prazo de 30 dias \u00fateis, por se encontrarem em situa\u00e7\u00e3o ilegal e n\u00e3o pass\u00edvel de legaliza\u00e7\u00e3o.<\/p>\n<p>Desde o in\u00edcio das tempestades, Almada tem registado deslizamentos de terras nas arribas da Costa da Caparica e de Porto Brand\u00e3o. O munic\u00edpio tem vindo a acompanhar os impactos, com diversas evacua\u00e7\u00f5es j\u00e1 realizadas.<\/p>\n<p>Ao todo, 476 pessoas foram retiradas de suas habita\u00e7\u00f5es no concelho, 225 das quais alojadas pela autarquia. As semanas recentes t\u00eam mostrado a necessidade de interven\u00e7\u00f5es de ordenamento urbano e de remo\u00e7\u00e3o de estruturas em \u00e1reas de risco.<\/p>\n","protected":false},"excerpt":{"rendered":"<ul>\n<li>A C\u00e2mara Municipal de Almada ordena a demoli\u00e7\u00e3o de 35 casas na Azinhaga dos Formozinhos, \u00e1rea D, devido a deslizamentos e perigo elevado.<\/li>\n<li>Na notifica\u00e7\u00e3o p\u00fablica, os propriet\u00e1rios, arrendat\u00e1rios e usufrutu\u00e1rios t\u00eam 10 dias para se pronunciarem.<\/li>\n<li>Se, passados 30 dias \u00fateis, n\u00e3o ocorrerem demoli\u00e7\u00f5es pelos propriet\u00e1rios, a c\u00e2mara pode demolir as constru\u00e7\u00f5es, ficando as despesas a cargo dos notificados.<\/li>\n<li>As edifica\u00e7\u00f5es situam-se em Reserva Ecol\u00f3gica Nacional, entre a Rua do Alto do Machado, Rua do Lugar, Rua A e Rua B, consideradas ilegais e sem possibilidade de legaliza\u00e7\u00e3o.<\/li>\n<li>A Azinhaga dos Formozinhos fica nas arribas entre o Monte da Caparica e Porto Brand\u00e3o, num contexto de deslizamentos que levou \u00e0 retirada de 476 pessoas no munic\u00edpio, com 225 alojadas pela autarquia.<\/li>\n<\/ul>\n","protected":false},"author":2,"featured_media":388836,"comment_status":"closed","ping_status":"closed","sticky":false,"template":"","format":"standard","meta":{"footnotes":""},"categories":[1],"tags":[1373,3542,3735,4519,2817,6397],"class_list":["post-388825","post","type-post","status-publish","format-standard","has-post-thumbnail","hentry","category-noticias","tag-almada","tag-demolicoes","tag-deslizamentos","tag-evacuacoes","tag-habitacoes","tag-reserva-ecologica-nacional"],"yoast_head":"<!-- This site is optimized with the Yoast SEO plugin v27.2 - https:\/\/yoast.com\/product\/yoast-seo-wordpress\/ -->\n<title>Almada: 35 casas da Azinhaga dos Formozinhos v\u00e3o ser demolidas - Portal Tela Portugal<\/title>\n<meta name=\"robots\" content=\"index, follow, max-snippet:-1, max-image-preview:large, max-video-preview:-1\" \/>\n<meta property=\"og:locale\" content=\"pt_PT\" \/>\n<meta property=\"og:type\" content=\"article\" \/>\n<meta property=\"og:title\" content=\"Almada: 35 casas da Azinhaga dos Formozinhos v\u00e3o ser demolidas - Portal Tela Portugal\" \/>\n<meta property=\"og:description\" content=\"A C\u00e2mara Municipal de Almada ordena a demoli\u00e7\u00e3o de 35 casas na Azinhaga dos Formozinhos, \u00e1rea D, devido a deslizamentos e perigo elevado. Na notifica\u00e7\u00e3o p\u00fablica, os propriet\u00e1rios, arrendat\u00e1rios e usufrutu\u00e1rios t\u00eam 10 dias para se pronunciarem. Se, passados 30 dias \u00fateis, n\u00e3o ocorrerem demoli\u00e7\u00f5es pelos propriet\u00e1rios, a c\u00e2mara pode demolir as constru\u00e7\u00f5es, ficando as despesas a cargo dos notificados. As edifica\u00e7\u00f5es situam-se em Reserva Ecol\u00f3gica Nacional, entre a Rua do Alto do Machado, Rua do Lugar, Rua A e Rua B, consideradas ilegais e sem possibilidade de legaliza\u00e7\u00e3o. A Azinhaga dos Formozinhos fica nas arribas entre o Monte da Caparica e Porto Brand\u00e3o, num contexto de deslizamentos que levou \u00e0 retirada de 476 pessoas no munic\u00edpio, com 225 alojadas pela autarquia.\" \/>\n<meta property=\"og:url\" content=\"https:\/\/portaltela.pt\/noticias\/2026\/02\/26\/almada-35-casas-da-azinhaga-dos-formozinhos-vao-ser-demolidas\/\" \/>\n<meta property=\"og:site_name\" content=\"Portal Tela Portugal\" \/>\n<meta property=\"article:published_time\" content=\"2026-02-26T11:00:00+00:00\" \/>\n<meta name=\"author\" content=\"Telinha\" \/>\n<meta name=\"twitter:card\" content=\"summary_large_image\" \/>\n<meta name=\"twitter:label1\" content=\"Escrito por\" \/>\n\t<meta name=\"twitter:data1\" content=\"Telinha\" \/>\n\t<meta name=\"twitter:label2\" content=\"Tempo estimado de leitura\" \/>\n\t<meta name=\"twitter:data2\" content=\"1 minuto\" \/>\n<script type=\"application\/ld+json\" class=\"yoast-schema-graph\">{\"@context\":\"https:\/\/schema.org\",\"@graph\":[{\"@type\":\"Article\",\"@id\":\"https:\/\/portaltela.pt\/noticias\/2026\/02\/26\/almada-35-casas-da-azinhaga-dos-formozinhos-vao-ser-demolidas\/#article\",\"isPartOf\":{\"@id\":\"https:\/\/portaltela.pt\/noticias\/2026\/02\/26\/almada-35-casas-da-azinhaga-dos-formozinhos-vao-ser-demolidas\/\"},\"author\":{\"name\":\"Telinha\",\"@id\":\"https:\/\/portaltela.pt\/#\/schema\/person\/c4278d4a6028830caff9ee44b42d32ed\"},\"headline\":\"Almada: 35 casas da Azinhaga dos Formozinhos v\u00e3o ser demolidas\",\"datePublished\":\"2026-02-26T11:00:00+00:00\",\"mainEntityOfPage\":{\"@id\":\"https:\/\/portaltela.pt\/noticias\/2026\/02\/26\/almada-35-casas-da-azinhaga-dos-formozinhos-vao-ser-demolidas\/\"},\"wordCount\":305,\"image\":{\"@id\":\"https:\/\/portaltela.pt\/noticias\/2026\/02\/26\/almada-35-casas-da-azinhaga-dos-formozinhos-vao-ser-demolidas\/#primaryimage\"},\"thumbnailUrl\":\"https:\/\/portaltela.pt\/s.01k8rhncp4jt1\/2026\/02\/2166107.jpg\",\"keywords\":[\"Almada\",\"demoli\u00e7\u00f5es\",\"deslizamentos\",\"evacua\u00e7\u00f5es\",\"habita\u00e7\u00f5es\",\"Reserva Ecol\u00f3gica Nacional\"],\"articleSection\":[\"Not\u00edcias\"],\"inLanguage\":\"pt-PT\"},{\"@type\":\"WebPage\",\"@id\":\"https:\/\/portaltela.pt\/noticias\/2026\/02\/26\/almada-35-casas-da-azinhaga-dos-formozinhos-vao-ser-demolidas\/\",\"url\":\"https:\/\/portaltela.pt\/noticias\/2026\/02\/26\/almada-35-casas-da-azinhaga-dos-formozinhos-vao-ser-demolidas\/\",\"name\":\"Almada: 35 casas da Azinhaga dos Formozinhos v\u00e3o ser demolidas - Portal Tela Portugal\",\"isPartOf\":{\"@id\":\"https:\/\/portaltela.pt\/#website\"},\"primaryImageOfPage\":{\"@id\":\"https:\/\/portaltela.pt\/noticias\/2026\/02\/26\/almada-35-casas-da-azinhaga-dos-formozinhos-vao-ser-demolidas\/#primaryimage\"},\"image\":{\"@id\":\"https:\/\/portaltela.pt\/noticias\/2026\/02\/26\/almada-35-casas-da-azinhaga-dos-formozinhos-vao-ser-demolidas\/#primaryimage\"},\"thumbnailUrl\":\"https:\/\/portaltela.pt\/s.01k8rhncp4jt1\/2026\/02\/2166107.jpg\",\"datePublished\":\"2026-02-26T11:00:00+00:00\",\"author\":{\"@id\":\"https:\/\/portaltela.pt\/#\/schema\/person\/c4278d4a6028830caff9ee44b42d32ed\"},\"breadcrumb\":{\"@id\":\"https:\/\/portaltela.pt\/noticias\/2026\/02\/26\/almada-35-casas-da-azinhaga-dos-formozinhos-vao-ser-demolidas\/#breadcrumb\"},\"inLanguage\":\"pt-PT\",\"potentialAction\":[{\"@type\":\"ReadAction\",\"target\":[\"https:\/\/portaltela.pt\/noticias\/2026\/02\/26\/almada-35-casas-da-azinhaga-dos-formozinhos-vao-ser-demolidas\/\"]}]},{\"@type\":\"ImageObject\",\"inLanguage\":\"pt-PT\",\"@id\":\"https:\/\/portaltela.pt\/noticias\/2026\/02\/26\/almada-35-casas-da-azinhaga-dos-formozinhos-vao-ser-demolidas\/#primaryimage\",\"url\":\"https:\/\/portaltela.pt\/s.01k8rhncp4jt1\/2026\/02\/2166107.jpg\",\"contentUrl\":\"https:\/\/portaltela.pt\/s.01k8rhncp4jt1\/2026\/02\/2166107.jpg\",\"width\":796,\"height\":448,\"caption\":\"Photo\"},{\"@type\":\"BreadcrumbList\",\"@id\":\"https:\/\/portaltela.pt\/noticias\/2026\/02\/26\/almada-35-casas-da-azinhaga-dos-formozinhos-vao-ser-demolidas\/#breadcrumb\",\"itemListElement\":[{\"@type\":\"ListItem\",\"position\":1,\"name\":\"In\u00edcio\",\"item\":\"https:\/\/portaltela.pt\/\"},{\"@type\":\"ListItem\",\"position\":2,\"name\":\"Almada: 35 casas da Azinhaga dos Formozinhos v\u00e3o ser demolidas\"}]},{\"@type\":\"WebSite\",\"@id\":\"https:\/\/portaltela.pt\/#website\",\"url\":\"https:\/\/portaltela.pt\/\",\"name\":\"Portal Tela Portugal\",\"description\":\"\",\"potentialAction\":[{\"@type\":\"SearchAction\",\"target\":{\"@type\":\"EntryPoint\",\"urlTemplate\":\"https:\/\/portaltela.pt\/?s={search_term_string}\"},\"query-input\":{\"@type\":\"PropertyValueSpecification\",\"valueRequired\":true,\"valueName\":\"search_term_string\"}}],\"inLanguage\":\"pt-PT\"},{\"@type\":\"Person\",\"@id\":\"https:\/\/portaltela.pt\/#\/schema\/person\/c4278d4a6028830caff9ee44b42d32ed\",\"name\":\"Telinha\",\"image\":{\"@type\":\"ImageObject\",\"inLanguage\":\"pt-PT\",\"@id\":\"https:\/\/portaltela.pt\/s.01k8rhncp4jt1\/2025\/11\/talking-bot-125x125.png\",\"url\":\"https:\/\/portaltela.pt\/s.01k8rhncp4jt1\/2025\/11\/talking-bot-125x125.png\",\"contentUrl\":\"https:\/\/portaltela.pt\/s.01k8rhncp4jt1\/2025\/11\/talking-bot-125x125.png\",\"caption\":\"Telinha\"},\"sameAs\":[\"https:\/\/portaltela.pt\/\"],\"url\":\"https:\/\/portaltela.pt\/por\/367410592786\/\"}]}<\/script>\n<!-- \/ Yoast SEO plugin. -->","yoast_head_json":{"title":"Almada: 35 casas da Azinhaga dos Formozinhos v\u00e3o ser demolidas - Portal Tela Portugal","robots":{"index":"index","follow":"follow","max-snippet":"max-snippet:-1","max-image-preview":"max-image-preview:large","max-video-preview":"max-video-preview:-1"},"og_locale":"pt_PT","og_type":"article","og_title":"Almada: 35 casas da Azinhaga dos Formozinhos v\u00e3o ser demolidas - Portal Tela Portugal","og_description":"A C\u00e2mara Municipal de Almada ordena a demoli\u00e7\u00e3o de 35 casas na Azinhaga dos Formozinhos, \u00e1rea D, devido a deslizamentos e perigo elevado. Na notifica\u00e7\u00e3o p\u00fablica, os propriet\u00e1rios, arrendat\u00e1rios e usufrutu\u00e1rios t\u00eam 10 dias para se pronunciarem. Se, passados 30 dias \u00fateis, n\u00e3o ocorrerem demoli\u00e7\u00f5es pelos propriet\u00e1rios, a c\u00e2mara pode demolir as constru\u00e7\u00f5es, ficando as despesas a cargo dos notificados. As edifica\u00e7\u00f5es situam-se em Reserva Ecol\u00f3gica Nacional, entre a Rua do Alto do Machado, Rua do Lugar, Rua A e Rua B, consideradas ilegais e sem possibilidade de legaliza\u00e7\u00e3o. A Azinhaga dos Formozinhos fica nas arribas entre o Monte da Caparica e Porto Brand\u00e3o, num contexto de deslizamentos que levou \u00e0 retirada de 476 pessoas no munic\u00edpio, com 225 alojadas pela autarquia.","og_url":"https:\/\/portaltela.pt\/noticias\/2026\/02\/26\/almada-35-casas-da-azinhaga-dos-formozinhos-vao-ser-demolidas\/","og_site_name":"Portal Tela Portugal","article_published_time":"2026-02-26T11:00:00+00:00","author":"Telinha","twitter_card":"summary_large_image","twitter_misc":{"Escrito por":"Telinha","Tempo estimado de leitura":"1 minuto"},"schema":{"@context":"https:\/\/schema.org","@graph":[{"@type":"Article","@id":"https:\/\/portaltela.pt\/noticias\/2026\/02\/26\/almada-35-casas-da-azinhaga-dos-formozinhos-vao-ser-demolidas\/#article","isPartOf":{"@id":"https:\/\/portaltela.pt\/noticias\/2026\/02\/26\/almada-35-casas-da-azinhaga-dos-formozinhos-vao-ser-demolidas\/"},"author":{"name":"Telinha","@id":"https:\/\/portaltela.pt\/#\/schema\/person\/c4278d4a6028830caff9ee44b42d32ed"},"headline":"Almada: 35 casas da Azinhaga dos Formozinhos v\u00e3o ser demolidas","datePublished":"2026-02-26T11:00:00+00:00","mainEntityOfPage":{"@id":"https:\/\/portaltela.pt\/noticias\/2026\/02\/26\/almada-35-casas-da-azinhaga-dos-formozinhos-vao-ser-demolidas\/"},"wordCount":305,"image":{"@id":"https:\/\/portaltela.pt\/noticias\/2026\/02\/26\/almada-35-casas-da-azinhaga-dos-formozinhos-vao-ser-demolidas\/#primaryimage"},"thumbnailUrl":"https:\/\/portaltela.pt\/s.01k8rhncp4jt1\/2026\/02\/2166107.jpg","keywords":["Almada","demoli\u00e7\u00f5es","deslizamentos","evacua\u00e7\u00f5es","habita\u00e7\u00f5es","Reserva Ecol\u00f3gica Nacional"],"articleSection":["Not\u00edcias"],"inLanguage":"pt-PT"},{"@type":"WebPage","@id":"https:\/\/portaltela.pt\/noticias\/2026\/02\/26\/almada-35-casas-da-azinhaga-dos-formozinhos-vao-ser-demolidas\/","url":"https:\/\/portaltela.pt\/noticias\/2026\/02\/26\/almada-35-casas-da-azinhaga-dos-formozinhos-vao-ser-demolidas\/","name":"Almada: 35 casas da Azinhaga dos Formozinhos v\u00e3o ser demolidas - Portal Tela Portugal","isPartOf":{"@id":"https:\/\/portaltela.pt\/#website"},"primaryImageOfPage":{"@id":"https:\/\/portaltela.pt\/noticias\/2026\/02\/26\/almada-35-casas-da-azinhaga-dos-formozinhos-vao-ser-demolidas\/#primaryimage"},"image":{"@id":"https:\/\/portaltela.pt\/noticias\/2026\/02\/26\/almada-35-casas-da-azinhaga-dos-formozinhos-vao-ser-demolidas\/#primaryimage"},"thumbnailUrl":"https:\/\/portaltela.pt\/s.01k8rhncp4jt1\/2026\/02\/2166107.jpg","datePublished":"2026-02-26T11:00:00+00:00","author":{"@id":"https:\/\/portaltela.pt\/#\/schema\/person\/c4278d4a6028830caff9ee44b42d32ed"},"breadcrumb":{"@id":"https:\/\/portaltela.pt\/noticias\/2026\/02\/26\/almada-35-casas-da-azinhaga-dos-formozinhos-vao-ser-demolidas\/#breadcrumb"},"inLanguage":"pt-PT","potentialAction":[{"@type":"ReadAction","target":["https:\/\/portaltela.pt\/noticias\/2026\/02\/26\/almada-35-casas-da-azinhaga-dos-formozinhos-vao-ser-demolidas\/"]}]},{"@type":"ImageObject","inLanguage":"pt-PT","@id":"https:\/\/portaltela.pt\/noticias\/2026\/02\/26\/almada-35-casas-da-azinhaga-dos-formozinhos-vao-ser-demolidas\/#primaryimage","url":"https:\/\/portaltela.pt\/s.01k8rhncp4jt1\/2026\/02\/2166107.jpg","contentUrl":"https:\/\/portaltela.pt\/s.01k8rhncp4jt1\/2026\/02\/2166107.jpg","width":796,"height":448,"caption":"Photo"},{"@type":"BreadcrumbList","@id":"https:\/\/portaltela.pt\/noticias\/2026\/02\/26\/almada-35-casas-da-azinhaga-dos-formozinhos-vao-ser-demolidas\/#breadcrumb","itemListElement":[{"@type":"ListItem","position":1,"name":"In\u00edcio","item":"https:\/\/portaltela.pt\/"},{"@type":"ListItem","position":2,"name":"Almada: 35 casas da Azinhaga dos Formozinhos v\u00e3o ser demolidas"}]},{"@type":"WebSite","@id":"https:\/\/portaltela.pt\/#website","url":"https:\/\/portaltela.pt\/","name":"Portal Tela Portugal","description":"","potentialAction":[{"@type":"SearchAction","target":{"@type":"EntryPoint","urlTemplate":"https:\/\/portaltela.pt\/?s={search_term_string}"},"query-input":{"@type":"PropertyValueSpecification","valueRequired":true,"valueName":"search_term_string"}}],"inLanguage":"pt-PT"},{"@type":"Person","@id":"https:\/\/portaltela.pt\/#\/schema\/person\/c4278d4a6028830caff9ee44b42d32ed","name":"Telinha","image":{"@type":"ImageObject","inLanguage":"pt-PT","@id":"https:\/\/portaltela.pt\/s.01k8rhncp4jt1\/2025\/11\/talking-bot-125x125.png","url":"https:\/\/portaltela.pt\/s.01k8rhncp4jt1\/2025\/11\/talking-bot-125x125.png","contentUrl":"https:\/\/portaltela.pt\/s.01k8rhncp4jt1\/2025\/11\/talking-bot-125x125.png","caption":"Telinha"},"sameAs":["https:\/\/portaltela.pt\/"],"url":"https:\/\/portaltela.pt\/por\/367410592786\/"}]}},"_links":{"self":[{"href":"https:\/\/portaltela.pt\/api\/wp\/v2\/posts\/388825","targetHints":{"allow":["GET"]}}],"collection":[{"href":"https:\/\/portaltela.pt\/api\/wp\/v2\/posts"}],"about":[{"href":"https:\/\/portaltela.pt\/api\/wp\/v2\/types\/post"}],"author":[{"embeddable":true,"href":"https:\/\/portaltela.pt\/api\/wp\/v2\/users\/2"}],"replies":[{"embeddable":true,"href":"https:\/\/portaltela.pt\/api\/wp\/v2\/comments?post=388825"}],"version-history":[{"count":0,"href":"https:\/\/portaltela.pt\/api\/wp\/v2\/posts\/388825\/revisions"}],"wp:featuredmedia":[{"embeddable":true,"href":"https:\/\/portaltela.pt\/api\/wp\/v2\/media\/388836"}],"wp:attachment":[{"href":"https:\/\/portaltela.pt\/api\/wp\/v2\/media?parent=388825"}],"wp:term":[{"taxonomy":"category","embeddable":true,"href":"https:\/\/portaltela.pt\/api\/wp\/v2\/categories?post=388825"},{"taxonomy":"post_tag","embeddable":true,"href":"https:\/\/portaltela.pt\/api\/wp\/v2\/tags?post=388825"}],"curies":[{"name":"wp","href":"https:\/\/api.w.org\/{rel}","templated":true}]}}