{"id":388823,"date":"2026-02-26T08:19:41","date_gmt":"2026-02-26T11:19:41","guid":{"rendered":"https:\/\/portaltela.pt\/noticias\/2026\/02\/26\/cuca-roseta-declara-se-a-manu-rodrigues-em-dia-especial\/"},"modified":"2026-02-26T08:19:41","modified_gmt":"2026-02-26T11:19:41","slug":"cuca-roseta-declara-se-a-manu-rodrigues-em-dia-especial","status":"publish","type":"post","link":"https:\/\/portaltela.pt\/noticias\/2026\/02\/26\/cuca-roseta-declara-se-a-manu-rodrigues-em-dia-especial\/","title":{"rendered":"Cuca Roseta declara-se a Manu Rodrigues em dia especial"},"content":{"rendered":"<p>A cantora Cuca Roseta celebrou hoje, 26 de fevereiro, o primeiro anivers\u00e1rio de namoro com o instrutor de ioga Manu Rodrigues. O relacionamento come\u00e7ou em fevereiro de 2025, conforme registo partilhado pela artista nas redes sociais.<\/p>\n<p>Logo de manh\u00e3, Roseta publicou fotografias ao lado de Rodrigues e fez uma partilha emotiva para marcar a data. A mensagem faz refer\u00eancia a uma liga\u00e7\u00e3o espiritual e a um sentimento profundo entre os dois.<\/p>\n<p>A autora descreve o namorado com v\u00e1rias imagens de parceria, apoio, inspira\u00e7\u00e3o e confid\u00eancia, utilizando uma linguagem po\u00e9tica para enfatizar a intensidade do relacionamento e a proximidade entre ambos. A celebra\u00e7\u00e3o ocorreu nas pr\u00f3prias redes da cantora.<\/p>\n","protected":false},"excerpt":{"rendered":"<ul>\n<li>Cuca Roseta celebra o primeiro anivers\u00e1rio de namoro com o instrutor de ioga Manu Rodrigues.<\/li>\n<li>O casal iniciou o relacionamento em fevereiro de 2025 e assinalou a data nas redes sociais a 26 de fevereiro.<\/li>\n<li>A cantora partilhou fotografias do casal pela manh\u00e3 e escreveu uma dedicat\u00f3ria emotiva.<\/li>\n<li>Na mensagem, descreveu o namorado com v\u00e1rias met\u00e1foras e elogios, referindo\u2011se a ele como parte central da sua vida.<\/li>\n<li>A publica\u00e7\u00e3o enfatizou o tom de gratid\u00e3o e emo\u00e7\u00e3o pela uni\u00e3o ao longo do primeiro ano.<\/li>\n<\/ul>\n","protected":false},"author":2,"featured_media":388835,"comment_status":"closed","ping_status":"closed","sticky":false,"template":"","format":"standard","meta":{"footnotes":""},"categories":[12,1],"tags":[5494,3259,76,122,5661,88],"class_list":["post-388823","post","type-post","status-publish","format-standard","has-post-thumbnail","hentry","category-entretenimento","category-noticias","tag-casais","tag-celebidades","tag-celebridades","tag-musica","tag-pessoas-publicas","tag-redes-sociais"],"yoast_head":"<!-- This site is optimized with the Yoast SEO plugin v27.2 - https:\/\/yoast.com\/product\/yoast-seo-wordpress\/ -->\n<title>Cuca Roseta declara-se a Manu Rodrigues em dia especial - Portal Tela Portugal<\/title>\n<meta name=\"robots\" content=\"index, follow, max-snippet:-1, max-image-preview:large, max-video-preview:-1\" \/>\n<meta property=\"og:locale\" content=\"pt_PT\" \/>\n<meta property=\"og:type\" content=\"article\" \/>\n<meta property=\"og:title\" content=\"Cuca Roseta declara-se a Manu Rodrigues em dia especial - Portal Tela Portugal\" \/>\n<meta property=\"og:description\" content=\"Cuca Roseta celebra o primeiro anivers\u00e1rio de namoro com o instrutor de ioga Manu Rodrigues. O casal iniciou o relacionamento em fevereiro de 2025 e assinalou a data nas redes sociais a 26 de fevereiro. A cantora partilhou fotografias do casal pela manh\u00e3 e escreveu uma dedicat\u00f3ria emotiva. Na mensagem, descreveu o namorado com v\u00e1rias met\u00e1foras e elogios, referindo\u2011se a ele como parte central da sua vida. A publica\u00e7\u00e3o enfatizou o tom de gratid\u00e3o e emo\u00e7\u00e3o pela uni\u00e3o ao longo do primeiro ano.\" \/>\n<meta property=\"og:url\" content=\"https:\/\/portaltela.pt\/noticias\/2026\/02\/26\/cuca-roseta-declara-se-a-manu-rodrigues-em-dia-especial\/\" \/>\n<meta property=\"og:site_name\" content=\"Portal Tela Portugal\" \/>\n<meta property=\"article:published_time\" content=\"2026-02-26T11:19:41+00:00\" \/>\n<meta name=\"author\" content=\"Telinha\" \/>\n<meta name=\"twitter:card\" content=\"summary_large_image\" \/>\n<meta name=\"twitter:label1\" content=\"Escrito por\" \/>\n\t<meta name=\"twitter:data1\" content=\"Telinha\" \/>\n\t<meta name=\"twitter:label2\" content=\"Tempo estimado de leitura\" \/>\n\t<meta name=\"twitter:data2\" content=\"1 minuto\" \/>\n<script type=\"application\/ld+json\" class=\"yoast-schema-graph\">{\"@context\":\"https:\/\/schema.org\",\"@graph\":[{\"@type\":\"Article\",\"@id\":\"https:\/\/portaltela.pt\/noticias\/2026\/02\/26\/cuca-roseta-declara-se-a-manu-rodrigues-em-dia-especial\/#article\",\"isPartOf\":{\"@id\":\"https:\/\/portaltela.pt\/noticias\/2026\/02\/26\/cuca-roseta-declara-se-a-manu-rodrigues-em-dia-especial\/\"},\"author\":{\"name\":\"Telinha\",\"@id\":\"https:\/\/portaltela.pt\/#\/schema\/person\/c4278d4a6028830caff9ee44b42d32ed\"},\"headline\":\"Cuca Roseta declara-se a Manu Rodrigues em dia especial\",\"datePublished\":\"2026-02-26T11:19:41+00:00\",\"mainEntityOfPage\":{\"@id\":\"https:\/\/portaltela.pt\/noticias\/2026\/02\/26\/cuca-roseta-declara-se-a-manu-rodrigues-em-dia-especial\/\"},\"wordCount\":125,\"image\":{\"@id\":\"https:\/\/portaltela.pt\/noticias\/2026\/02\/26\/cuca-roseta-declara-se-a-manu-rodrigues-em-dia-especial\/#primaryimage\"},\"thumbnailUrl\":\"https:\/\/portaltela.pt\/s.01k8rhncp4jt1\/2026\/02\/img_1280x718uu2026-02-26-10-54-04-2269100-im-639077000540553328.jpg\",\"keywords\":[\"casais\",\"celebidades\",\"celebridades\",\"m\u00fasica\",\"pessoas p\u00fablicas\",\"redes sociais\"],\"articleSection\":[\"Entretenimento\",\"Not\u00edcias\"],\"inLanguage\":\"pt-PT\"},{\"@type\":\"WebPage\",\"@id\":\"https:\/\/portaltela.pt\/noticias\/2026\/02\/26\/cuca-roseta-declara-se-a-manu-rodrigues-em-dia-especial\/\",\"url\":\"https:\/\/portaltela.pt\/noticias\/2026\/02\/26\/cuca-roseta-declara-se-a-manu-rodrigues-em-dia-especial\/\",\"name\":\"Cuca Roseta declara-se a Manu Rodrigues em dia especial - Portal Tela Portugal\",\"isPartOf\":{\"@id\":\"https:\/\/portaltela.pt\/#website\"},\"primaryImageOfPage\":{\"@id\":\"https:\/\/portaltela.pt\/noticias\/2026\/02\/26\/cuca-roseta-declara-se-a-manu-rodrigues-em-dia-especial\/#primaryimage\"},\"image\":{\"@id\":\"https:\/\/portaltela.pt\/noticias\/2026\/02\/26\/cuca-roseta-declara-se-a-manu-rodrigues-em-dia-especial\/#primaryimage\"},\"thumbnailUrl\":\"https:\/\/portaltela.pt\/s.01k8rhncp4jt1\/2026\/02\/img_1280x718uu2026-02-26-10-54-04-2269100-im-639077000540553328.jpg\",\"datePublished\":\"2026-02-26T11:19:41+00:00\",\"author\":{\"@id\":\"https:\/\/portaltela.pt\/#\/schema\/person\/c4278d4a6028830caff9ee44b42d32ed\"},\"breadcrumb\":{\"@id\":\"https:\/\/portaltela.pt\/noticias\/2026\/02\/26\/cuca-roseta-declara-se-a-manu-rodrigues-em-dia-especial\/#breadcrumb\"},\"inLanguage\":\"pt-PT\",\"potentialAction\":[{\"@type\":\"ReadAction\",\"target\":[\"https:\/\/portaltela.pt\/noticias\/2026\/02\/26\/cuca-roseta-declara-se-a-manu-rodrigues-em-dia-especial\/\"]}]},{\"@type\":\"ImageObject\",\"inLanguage\":\"pt-PT\",\"@id\":\"https:\/\/portaltela.pt\/noticias\/2026\/02\/26\/cuca-roseta-declara-se-a-manu-rodrigues-em-dia-especial\/#primaryimage\",\"url\":\"https:\/\/portaltela.pt\/s.01k8rhncp4jt1\/2026\/02\/img_1280x718uu2026-02-26-10-54-04-2269100-im-639077000540553328.jpg\",\"contentUrl\":\"https:\/\/portaltela.pt\/s.01k8rhncp4jt1\/2026\/02\/img_1280x718uu2026-02-26-10-54-04-2269100-im-639077000540553328.jpg\",\"width\":796,\"height\":448,\"caption\":\"Cuca Roseta e Manu Rodrigues\"},{\"@type\":\"BreadcrumbList\",\"@id\":\"https:\/\/portaltela.pt\/noticias\/2026\/02\/26\/cuca-roseta-declara-se-a-manu-rodrigues-em-dia-especial\/#breadcrumb\",\"itemListElement\":[{\"@type\":\"ListItem\",\"position\":1,\"name\":\"In\u00edcio\",\"item\":\"https:\/\/portaltela.pt\/\"},{\"@type\":\"ListItem\",\"position\":2,\"name\":\"Cuca Roseta declara-se a Manu Rodrigues em dia especial\"}]},{\"@type\":\"WebSite\",\"@id\":\"https:\/\/portaltela.pt\/#website\",\"url\":\"https:\/\/portaltela.pt\/\",\"name\":\"Portal Tela Portugal\",\"description\":\"\",\"potentialAction\":[{\"@type\":\"SearchAction\",\"target\":{\"@type\":\"EntryPoint\",\"urlTemplate\":\"https:\/\/portaltela.pt\/?s={search_term_string}\"},\"query-input\":{\"@type\":\"PropertyValueSpecification\",\"valueRequired\":true,\"valueName\":\"search_term_string\"}}],\"inLanguage\":\"pt-PT\"},{\"@type\":\"Person\",\"@id\":\"https:\/\/portaltela.pt\/#\/schema\/person\/c4278d4a6028830caff9ee44b42d32ed\",\"name\":\"Telinha\",\"image\":{\"@type\":\"ImageObject\",\"inLanguage\":\"pt-PT\",\"@id\":\"https:\/\/portaltela.pt\/s.01k8rhncp4jt1\/2025\/11\/talking-bot-125x125.png\",\"url\":\"https:\/\/portaltela.pt\/s.01k8rhncp4jt1\/2025\/11\/talking-bot-125x125.png\",\"contentUrl\":\"https:\/\/portaltela.pt\/s.01k8rhncp4jt1\/2025\/11\/talking-bot-125x125.png\",\"caption\":\"Telinha\"},\"sameAs\":[\"https:\/\/portaltela.pt\/\"],\"url\":\"https:\/\/portaltela.pt\/por\/367410592786\/\"}]}<\/script>\n<!-- \/ Yoast SEO plugin. -->","yoast_head_json":{"title":"Cuca Roseta declara-se a Manu Rodrigues em dia especial - Portal Tela Portugal","robots":{"index":"index","follow":"follow","max-snippet":"max-snippet:-1","max-image-preview":"max-image-preview:large","max-video-preview":"max-video-preview:-1"},"og_locale":"pt_PT","og_type":"article","og_title":"Cuca Roseta declara-se a Manu Rodrigues em dia especial - Portal Tela Portugal","og_description":"Cuca Roseta celebra o primeiro anivers\u00e1rio de namoro com o instrutor de ioga Manu Rodrigues. O casal iniciou o relacionamento em fevereiro de 2025 e assinalou a data nas redes sociais a 26 de fevereiro. A cantora partilhou fotografias do casal pela manh\u00e3 e escreveu uma dedicat\u00f3ria emotiva. Na mensagem, descreveu o namorado com v\u00e1rias met\u00e1foras e elogios, referindo\u2011se a ele como parte central da sua vida. A publica\u00e7\u00e3o enfatizou o tom de gratid\u00e3o e emo\u00e7\u00e3o pela uni\u00e3o ao longo do primeiro ano.","og_url":"https:\/\/portaltela.pt\/noticias\/2026\/02\/26\/cuca-roseta-declara-se-a-manu-rodrigues-em-dia-especial\/","og_site_name":"Portal Tela Portugal","article_published_time":"2026-02-26T11:19:41+00:00","author":"Telinha","twitter_card":"summary_large_image","twitter_misc":{"Escrito por":"Telinha","Tempo estimado de leitura":"1 minuto"},"schema":{"@context":"https:\/\/schema.org","@graph":[{"@type":"Article","@id":"https:\/\/portaltela.pt\/noticias\/2026\/02\/26\/cuca-roseta-declara-se-a-manu-rodrigues-em-dia-especial\/#article","isPartOf":{"@id":"https:\/\/portaltela.pt\/noticias\/2026\/02\/26\/cuca-roseta-declara-se-a-manu-rodrigues-em-dia-especial\/"},"author":{"name":"Telinha","@id":"https:\/\/portaltela.pt\/#\/schema\/person\/c4278d4a6028830caff9ee44b42d32ed"},"headline":"Cuca Roseta declara-se a Manu Rodrigues em dia especial","datePublished":"2026-02-26T11:19:41+00:00","mainEntityOfPage":{"@id":"https:\/\/portaltela.pt\/noticias\/2026\/02\/26\/cuca-roseta-declara-se-a-manu-rodrigues-em-dia-especial\/"},"wordCount":125,"image":{"@id":"https:\/\/portaltela.pt\/noticias\/2026\/02\/26\/cuca-roseta-declara-se-a-manu-rodrigues-em-dia-especial\/#primaryimage"},"thumbnailUrl":"https:\/\/portaltela.pt\/s.01k8rhncp4jt1\/2026\/02\/img_1280x718uu2026-02-26-10-54-04-2269100-im-639077000540553328.jpg","keywords":["casais","celebidades","celebridades","m\u00fasica","pessoas p\u00fablicas","redes sociais"],"articleSection":["Entretenimento","Not\u00edcias"],"inLanguage":"pt-PT"},{"@type":"WebPage","@id":"https:\/\/portaltela.pt\/noticias\/2026\/02\/26\/cuca-roseta-declara-se-a-manu-rodrigues-em-dia-especial\/","url":"https:\/\/portaltela.pt\/noticias\/2026\/02\/26\/cuca-roseta-declara-se-a-manu-rodrigues-em-dia-especial\/","name":"Cuca Roseta declara-se a Manu Rodrigues em dia especial - Portal Tela Portugal","isPartOf":{"@id":"https:\/\/portaltela.pt\/#website"},"primaryImageOfPage":{"@id":"https:\/\/portaltela.pt\/noticias\/2026\/02\/26\/cuca-roseta-declara-se-a-manu-rodrigues-em-dia-especial\/#primaryimage"},"image":{"@id":"https:\/\/portaltela.pt\/noticias\/2026\/02\/26\/cuca-roseta-declara-se-a-manu-rodrigues-em-dia-especial\/#primaryimage"},"thumbnailUrl":"https:\/\/portaltela.pt\/s.01k8rhncp4jt1\/2026\/02\/img_1280x718uu2026-02-26-10-54-04-2269100-im-639077000540553328.jpg","datePublished":"2026-02-26T11:19:41+00:00","author":{"@id":"https:\/\/portaltela.pt\/#\/schema\/person\/c4278d4a6028830caff9ee44b42d32ed"},"breadcrumb":{"@id":"https:\/\/portaltela.pt\/noticias\/2026\/02\/26\/cuca-roseta-declara-se-a-manu-rodrigues-em-dia-especial\/#breadcrumb"},"inLanguage":"pt-PT","potentialAction":[{"@type":"ReadAction","target":["https:\/\/portaltela.pt\/noticias\/2026\/02\/26\/cuca-roseta-declara-se-a-manu-rodrigues-em-dia-especial\/"]}]},{"@type":"ImageObject","inLanguage":"pt-PT","@id":"https:\/\/portaltela.pt\/noticias\/2026\/02\/26\/cuca-roseta-declara-se-a-manu-rodrigues-em-dia-especial\/#primaryimage","url":"https:\/\/portaltela.pt\/s.01k8rhncp4jt1\/2026\/02\/img_1280x718uu2026-02-26-10-54-04-2269100-im-639077000540553328.jpg","contentUrl":"https:\/\/portaltela.pt\/s.01k8rhncp4jt1\/2026\/02\/img_1280x718uu2026-02-26-10-54-04-2269100-im-639077000540553328.jpg","width":796,"height":448,"caption":"Cuca Roseta e Manu Rodrigues"},{"@type":"BreadcrumbList","@id":"https:\/\/portaltela.pt\/noticias\/2026\/02\/26\/cuca-roseta-declara-se-a-manu-rodrigues-em-dia-especial\/#breadcrumb","itemListElement":[{"@type":"ListItem","position":1,"name":"In\u00edcio","item":"https:\/\/portaltela.pt\/"},{"@type":"ListItem","position":2,"name":"Cuca Roseta declara-se a Manu Rodrigues em dia especial"}]},{"@type":"WebSite","@id":"https:\/\/portaltela.pt\/#website","url":"https:\/\/portaltela.pt\/","name":"Portal Tela Portugal","description":"","potentialAction":[{"@type":"SearchAction","target":{"@type":"EntryPoint","urlTemplate":"https:\/\/portaltela.pt\/?s={search_term_string}"},"query-input":{"@type":"PropertyValueSpecification","valueRequired":true,"valueName":"search_term_string"}}],"inLanguage":"pt-PT"},{"@type":"Person","@id":"https:\/\/portaltela.pt\/#\/schema\/person\/c4278d4a6028830caff9ee44b42d32ed","name":"Telinha","image":{"@type":"ImageObject","inLanguage":"pt-PT","@id":"https:\/\/portaltela.pt\/s.01k8rhncp4jt1\/2025\/11\/talking-bot-125x125.png","url":"https:\/\/portaltela.pt\/s.01k8rhncp4jt1\/2025\/11\/talking-bot-125x125.png","contentUrl":"https:\/\/portaltela.pt\/s.01k8rhncp4jt1\/2025\/11\/talking-bot-125x125.png","caption":"Telinha"},"sameAs":["https:\/\/portaltela.pt\/"],"url":"https:\/\/portaltela.pt\/por\/367410592786\/"}]}},"_links":{"self":[{"href":"https:\/\/portaltela.pt\/api\/wp\/v2\/posts\/388823","targetHints":{"allow":["GET"]}}],"collection":[{"href":"https:\/\/portaltela.pt\/api\/wp\/v2\/posts"}],"about":[{"href":"https:\/\/portaltela.pt\/api\/wp\/v2\/types\/post"}],"author":[{"embeddable":true,"href":"https:\/\/portaltela.pt\/api\/wp\/v2\/users\/2"}],"replies":[{"embeddable":true,"href":"https:\/\/portaltela.pt\/api\/wp\/v2\/comments?post=388823"}],"version-history":[{"count":0,"href":"https:\/\/portaltela.pt\/api\/wp\/v2\/posts\/388823\/revisions"}],"wp:featuredmedia":[{"embeddable":true,"href":"https:\/\/portaltela.pt\/api\/wp\/v2\/media\/388835"}],"wp:attachment":[{"href":"https:\/\/portaltela.pt\/api\/wp\/v2\/media?parent=388823"}],"wp:term":[{"taxonomy":"category","embeddable":true,"href":"https:\/\/portaltela.pt\/api\/wp\/v2\/categories?post=388823"},{"taxonomy":"post_tag","embeddable":true,"href":"https:\/\/portaltela.pt\/api\/wp\/v2\/tags?post=388823"}],"curies":[{"name":"wp","href":"https:\/\/api.w.org\/{rel}","templated":true}]}}