{"id":388798,"date":"2026-02-26T08:15:18","date_gmt":"2026-02-26T11:15:18","guid":{"rendered":"https:\/\/portaltela.pt\/noticias\/2026\/02\/26\/bad-bunny-homenageia-pele-em-sao-paulo-ao-usar-casaco-do-craque-de-1966\/"},"modified":"2026-02-26T08:15:18","modified_gmt":"2026-02-26T11:15:18","slug":"bad-bunny-homenageia-pele-em-sao-paulo-ao-usar-casaco-do-craque-de-1966","status":"publish","type":"post","link":"https:\/\/portaltela.pt\/noticias\/2026\/02\/26\/bad-bunny-homenageia-pele-em-sao-paulo-ao-usar-casaco-do-craque-de-1966\/","title":{"rendered":"Bad Bunny homenageia Pel\u00e9 em S\u00e3o Paulo ao usar casaco do craque de 1966"},"content":{"rendered":"<p>Bad Bunny prestou homenagem a Pel\u00e9 durante o concerto em S\u00e3o Paulo ao subir ao palco com um casaco hist\u00f3rico usado pelo craque nos Mundiais de 1966. A atua\u00e7\u00e3o ganhou destaque pela pe\u00e7a ic\u00f3nica que o artista vestiu.<\/p>\n<p>O casaco foi emprestado pelo colecionador Cassio Brand\u00e3o, reconhecido pelo Guinness como detentor da maior cole\u00e7\u00e3o de camisolas de futebol do mundo. Brand\u00e3o garantiu que a pe\u00e7a foi bem cuidada ao longo do tempo.<\/p>\n<p>N\u00e3o h\u00e1 divulga\u00e7\u00e3o da data exata do evento, apenas que ocorreu no concerto realizado em S\u00e3o Paulo, Brasil. Brand\u00e3o destacou que a pe\u00e7a, mantida com zelo, chegou ao palco apenas com o desgaste t\u00edpico de uso.<\/p>\n","protected":false},"excerpt":{"rendered":"<ul>\n<li>O cantor Bad Bunny prestou homenagem a Pel\u00e9 durante o concerto em S\u00e3o Paulo ao subir ao palco com um casaco que o craque usou no Mundial de 1966.<\/li>\n<li>A pe\u00e7a foi emprestada pelo colecionador Cassio Brand\u00e3o, detentor do Guinness para a maior cole\u00e7\u00e3o de camisolas de futebol.<\/li>\n<li>Brand\u00e3o afirmou que a camisola foi bem cuidada e que apenas voltou suada.<\/li>\n<\/ul>\n","protected":false},"author":2,"featured_media":388803,"comment_status":"closed","ping_status":"closed","sticky":false,"template":"","format":"standard","meta":{"footnotes":""},"categories":[12,1],"tags":[4291,2547,6395,90,32,5873],"class_list":["post-388798","post","type-post","status-publish","format-standard","has-post-thumbnail","hentry","category-entretenimento","category-noticias","tag-bad-bunny","tag-brasil","tag-camisolas","tag-copa-do-mundo","tag-futebol","tag-sao-paulo"],"yoast_head":"<!-- This site is optimized with the Yoast SEO plugin v27.2 - https:\/\/yoast.com\/product\/yoast-seo-wordpress\/ -->\n<title>Bad Bunny homenageia Pel\u00e9 em S\u00e3o Paulo ao usar casaco do craque de 1966 - Portal Tela Portugal<\/title>\n<meta name=\"robots\" content=\"index, follow, max-snippet:-1, max-image-preview:large, max-video-preview:-1\" \/>\n<meta property=\"og:locale\" content=\"pt_PT\" \/>\n<meta property=\"og:type\" content=\"article\" \/>\n<meta property=\"og:title\" content=\"Bad Bunny homenageia Pel\u00e9 em S\u00e3o Paulo ao usar casaco do craque de 1966 - Portal Tela Portugal\" \/>\n<meta property=\"og:description\" content=\"O cantor Bad Bunny prestou homenagem a Pel\u00e9 durante o concerto em S\u00e3o Paulo ao subir ao palco com um casaco que o craque usou no Mundial de 1966. A pe\u00e7a foi emprestada pelo colecionador Cassio Brand\u00e3o, detentor do Guinness para a maior cole\u00e7\u00e3o de camisolas de futebol. Brand\u00e3o afirmou que a camisola foi bem cuidada e que apenas voltou suada.\" \/>\n<meta property=\"og:url\" content=\"https:\/\/portaltela.pt\/noticias\/2026\/02\/26\/bad-bunny-homenageia-pele-em-sao-paulo-ao-usar-casaco-do-craque-de-1966\/\" \/>\n<meta property=\"og:site_name\" content=\"Portal Tela Portugal\" \/>\n<meta property=\"article:published_time\" content=\"2026-02-26T11:15:18+00:00\" \/>\n<meta name=\"author\" content=\"Telinha\" \/>\n<meta name=\"twitter:card\" content=\"summary_large_image\" \/>\n<meta name=\"twitter:label1\" content=\"Escrito por\" \/>\n\t<meta name=\"twitter:data1\" content=\"Telinha\" \/>\n\t<meta name=\"twitter:label2\" content=\"Tempo estimado de leitura\" \/>\n\t<meta name=\"twitter:data2\" content=\"1 minuto\" \/>\n<script type=\"application\/ld+json\" class=\"yoast-schema-graph\">{\"@context\":\"https:\/\/schema.org\",\"@graph\":[{\"@type\":\"Article\",\"@id\":\"https:\/\/portaltela.pt\/noticias\/2026\/02\/26\/bad-bunny-homenageia-pele-em-sao-paulo-ao-usar-casaco-do-craque-de-1966\/#article\",\"isPartOf\":{\"@id\":\"https:\/\/portaltela.pt\/noticias\/2026\/02\/26\/bad-bunny-homenageia-pele-em-sao-paulo-ao-usar-casaco-do-craque-de-1966\/\"},\"author\":{\"name\":\"Telinha\",\"@id\":\"https:\/\/portaltela.pt\/#\/schema\/person\/c4278d4a6028830caff9ee44b42d32ed\"},\"headline\":\"Bad Bunny homenageia Pel\u00e9 em S\u00e3o Paulo ao usar casaco do craque de 1966\",\"datePublished\":\"2026-02-26T11:15:18+00:00\",\"mainEntityOfPage\":{\"@id\":\"https:\/\/portaltela.pt\/noticias\/2026\/02\/26\/bad-bunny-homenageia-pele-em-sao-paulo-ao-usar-casaco-do-craque-de-1966\/\"},\"wordCount\":136,\"image\":{\"@id\":\"https:\/\/portaltela.pt\/noticias\/2026\/02\/26\/bad-bunny-homenageia-pele-em-sao-paulo-ao-usar-casaco-do-craque-de-1966\/#primaryimage\"},\"thumbnailUrl\":\"https:\/\/portaltela.pt\/s.01k8rhncp4jt1\/2026\/02\/img_1280x722uu2026-02-26-11-13-41-2269105.jpg\",\"keywords\":[\"Bad Bunny\",\"Brasil\",\"camisolas\",\"copa do mundo\",\"futebol\",\"S\u00e3o Paulo\"],\"articleSection\":[\"Entretenimento\",\"Not\u00edcias\"],\"inLanguage\":\"pt-PT\"},{\"@type\":\"WebPage\",\"@id\":\"https:\/\/portaltela.pt\/noticias\/2026\/02\/26\/bad-bunny-homenageia-pele-em-sao-paulo-ao-usar-casaco-do-craque-de-1966\/\",\"url\":\"https:\/\/portaltela.pt\/noticias\/2026\/02\/26\/bad-bunny-homenageia-pele-em-sao-paulo-ao-usar-casaco-do-craque-de-1966\/\",\"name\":\"Bad Bunny homenageia Pel\u00e9 em S\u00e3o Paulo ao usar casaco do craque de 1966 - Portal Tela Portugal\",\"isPartOf\":{\"@id\":\"https:\/\/portaltela.pt\/#website\"},\"primaryImageOfPage\":{\"@id\":\"https:\/\/portaltela.pt\/noticias\/2026\/02\/26\/bad-bunny-homenageia-pele-em-sao-paulo-ao-usar-casaco-do-craque-de-1966\/#primaryimage\"},\"image\":{\"@id\":\"https:\/\/portaltela.pt\/noticias\/2026\/02\/26\/bad-bunny-homenageia-pele-em-sao-paulo-ao-usar-casaco-do-craque-de-1966\/#primaryimage\"},\"thumbnailUrl\":\"https:\/\/portaltela.pt\/s.01k8rhncp4jt1\/2026\/02\/img_1280x722uu2026-02-26-11-13-41-2269105.jpg\",\"datePublished\":\"2026-02-26T11:15:18+00:00\",\"author\":{\"@id\":\"https:\/\/portaltela.pt\/#\/schema\/person\/c4278d4a6028830caff9ee44b42d32ed\"},\"breadcrumb\":{\"@id\":\"https:\/\/portaltela.pt\/noticias\/2026\/02\/26\/bad-bunny-homenageia-pele-em-sao-paulo-ao-usar-casaco-do-craque-de-1966\/#breadcrumb\"},\"inLanguage\":\"pt-PT\",\"potentialAction\":[{\"@type\":\"ReadAction\",\"target\":[\"https:\/\/portaltela.pt\/noticias\/2026\/02\/26\/bad-bunny-homenageia-pele-em-sao-paulo-ao-usar-casaco-do-craque-de-1966\/\"]}]},{\"@type\":\"ImageObject\",\"inLanguage\":\"pt-PT\",\"@id\":\"https:\/\/portaltela.pt\/noticias\/2026\/02\/26\/bad-bunny-homenageia-pele-em-sao-paulo-ao-usar-casaco-do-craque-de-1966\/#primaryimage\",\"url\":\"https:\/\/portaltela.pt\/s.01k8rhncp4jt1\/2026\/02\/img_1280x722uu2026-02-26-11-13-41-2269105.jpg\",\"contentUrl\":\"https:\/\/portaltela.pt\/s.01k8rhncp4jt1\/2026\/02\/img_1280x722uu2026-02-26-11-13-41-2269105.jpg\",\"width\":796,\"height\":448,\"caption\":\"Photo\"},{\"@type\":\"BreadcrumbList\",\"@id\":\"https:\/\/portaltela.pt\/noticias\/2026\/02\/26\/bad-bunny-homenageia-pele-em-sao-paulo-ao-usar-casaco-do-craque-de-1966\/#breadcrumb\",\"itemListElement\":[{\"@type\":\"ListItem\",\"position\":1,\"name\":\"In\u00edcio\",\"item\":\"https:\/\/portaltela.pt\/\"},{\"@type\":\"ListItem\",\"position\":2,\"name\":\"Bad Bunny homenageia Pel\u00e9 em S\u00e3o Paulo ao usar casaco do craque de 1966\"}]},{\"@type\":\"WebSite\",\"@id\":\"https:\/\/portaltela.pt\/#website\",\"url\":\"https:\/\/portaltela.pt\/\",\"name\":\"Portal Tela Portugal\",\"description\":\"\",\"potentialAction\":[{\"@type\":\"SearchAction\",\"target\":{\"@type\":\"EntryPoint\",\"urlTemplate\":\"https:\/\/portaltela.pt\/?s={search_term_string}\"},\"query-input\":{\"@type\":\"PropertyValueSpecification\",\"valueRequired\":true,\"valueName\":\"search_term_string\"}}],\"inLanguage\":\"pt-PT\"},{\"@type\":\"Person\",\"@id\":\"https:\/\/portaltela.pt\/#\/schema\/person\/c4278d4a6028830caff9ee44b42d32ed\",\"name\":\"Telinha\",\"image\":{\"@type\":\"ImageObject\",\"inLanguage\":\"pt-PT\",\"@id\":\"https:\/\/portaltela.pt\/s.01k8rhncp4jt1\/2025\/11\/talking-bot-125x125.png\",\"url\":\"https:\/\/portaltela.pt\/s.01k8rhncp4jt1\/2025\/11\/talking-bot-125x125.png\",\"contentUrl\":\"https:\/\/portaltela.pt\/s.01k8rhncp4jt1\/2025\/11\/talking-bot-125x125.png\",\"caption\":\"Telinha\"},\"sameAs\":[\"https:\/\/portaltela.pt\/\"],\"url\":\"https:\/\/portaltela.pt\/por\/367410592786\/\"}]}<\/script>\n<!-- \/ Yoast SEO plugin. -->","yoast_head_json":{"title":"Bad Bunny homenageia Pel\u00e9 em S\u00e3o Paulo ao usar casaco do craque de 1966 - Portal Tela Portugal","robots":{"index":"index","follow":"follow","max-snippet":"max-snippet:-1","max-image-preview":"max-image-preview:large","max-video-preview":"max-video-preview:-1"},"og_locale":"pt_PT","og_type":"article","og_title":"Bad Bunny homenageia Pel\u00e9 em S\u00e3o Paulo ao usar casaco do craque de 1966 - Portal Tela Portugal","og_description":"O cantor Bad Bunny prestou homenagem a Pel\u00e9 durante o concerto em S\u00e3o Paulo ao subir ao palco com um casaco que o craque usou no Mundial de 1966. A pe\u00e7a foi emprestada pelo colecionador Cassio Brand\u00e3o, detentor do Guinness para a maior cole\u00e7\u00e3o de camisolas de futebol. Brand\u00e3o afirmou que a camisola foi bem cuidada e que apenas voltou suada.","og_url":"https:\/\/portaltela.pt\/noticias\/2026\/02\/26\/bad-bunny-homenageia-pele-em-sao-paulo-ao-usar-casaco-do-craque-de-1966\/","og_site_name":"Portal Tela Portugal","article_published_time":"2026-02-26T11:15:18+00:00","author":"Telinha","twitter_card":"summary_large_image","twitter_misc":{"Escrito por":"Telinha","Tempo estimado de leitura":"1 minuto"},"schema":{"@context":"https:\/\/schema.org","@graph":[{"@type":"Article","@id":"https:\/\/portaltela.pt\/noticias\/2026\/02\/26\/bad-bunny-homenageia-pele-em-sao-paulo-ao-usar-casaco-do-craque-de-1966\/#article","isPartOf":{"@id":"https:\/\/portaltela.pt\/noticias\/2026\/02\/26\/bad-bunny-homenageia-pele-em-sao-paulo-ao-usar-casaco-do-craque-de-1966\/"},"author":{"name":"Telinha","@id":"https:\/\/portaltela.pt\/#\/schema\/person\/c4278d4a6028830caff9ee44b42d32ed"},"headline":"Bad Bunny homenageia Pel\u00e9 em S\u00e3o Paulo ao usar casaco do craque de 1966","datePublished":"2026-02-26T11:15:18+00:00","mainEntityOfPage":{"@id":"https:\/\/portaltela.pt\/noticias\/2026\/02\/26\/bad-bunny-homenageia-pele-em-sao-paulo-ao-usar-casaco-do-craque-de-1966\/"},"wordCount":136,"image":{"@id":"https:\/\/portaltela.pt\/noticias\/2026\/02\/26\/bad-bunny-homenageia-pele-em-sao-paulo-ao-usar-casaco-do-craque-de-1966\/#primaryimage"},"thumbnailUrl":"https:\/\/portaltela.pt\/s.01k8rhncp4jt1\/2026\/02\/img_1280x722uu2026-02-26-11-13-41-2269105.jpg","keywords":["Bad Bunny","Brasil","camisolas","copa do mundo","futebol","S\u00e3o Paulo"],"articleSection":["Entretenimento","Not\u00edcias"],"inLanguage":"pt-PT"},{"@type":"WebPage","@id":"https:\/\/portaltela.pt\/noticias\/2026\/02\/26\/bad-bunny-homenageia-pele-em-sao-paulo-ao-usar-casaco-do-craque-de-1966\/","url":"https:\/\/portaltela.pt\/noticias\/2026\/02\/26\/bad-bunny-homenageia-pele-em-sao-paulo-ao-usar-casaco-do-craque-de-1966\/","name":"Bad Bunny homenageia Pel\u00e9 em S\u00e3o Paulo ao usar casaco do craque de 1966 - Portal Tela Portugal","isPartOf":{"@id":"https:\/\/portaltela.pt\/#website"},"primaryImageOfPage":{"@id":"https:\/\/portaltela.pt\/noticias\/2026\/02\/26\/bad-bunny-homenageia-pele-em-sao-paulo-ao-usar-casaco-do-craque-de-1966\/#primaryimage"},"image":{"@id":"https:\/\/portaltela.pt\/noticias\/2026\/02\/26\/bad-bunny-homenageia-pele-em-sao-paulo-ao-usar-casaco-do-craque-de-1966\/#primaryimage"},"thumbnailUrl":"https:\/\/portaltela.pt\/s.01k8rhncp4jt1\/2026\/02\/img_1280x722uu2026-02-26-11-13-41-2269105.jpg","datePublished":"2026-02-26T11:15:18+00:00","author":{"@id":"https:\/\/portaltela.pt\/#\/schema\/person\/c4278d4a6028830caff9ee44b42d32ed"},"breadcrumb":{"@id":"https:\/\/portaltela.pt\/noticias\/2026\/02\/26\/bad-bunny-homenageia-pele-em-sao-paulo-ao-usar-casaco-do-craque-de-1966\/#breadcrumb"},"inLanguage":"pt-PT","potentialAction":[{"@type":"ReadAction","target":["https:\/\/portaltela.pt\/noticias\/2026\/02\/26\/bad-bunny-homenageia-pele-em-sao-paulo-ao-usar-casaco-do-craque-de-1966\/"]}]},{"@type":"ImageObject","inLanguage":"pt-PT","@id":"https:\/\/portaltela.pt\/noticias\/2026\/02\/26\/bad-bunny-homenageia-pele-em-sao-paulo-ao-usar-casaco-do-craque-de-1966\/#primaryimage","url":"https:\/\/portaltela.pt\/s.01k8rhncp4jt1\/2026\/02\/img_1280x722uu2026-02-26-11-13-41-2269105.jpg","contentUrl":"https:\/\/portaltela.pt\/s.01k8rhncp4jt1\/2026\/02\/img_1280x722uu2026-02-26-11-13-41-2269105.jpg","width":796,"height":448,"caption":"Photo"},{"@type":"BreadcrumbList","@id":"https:\/\/portaltela.pt\/noticias\/2026\/02\/26\/bad-bunny-homenageia-pele-em-sao-paulo-ao-usar-casaco-do-craque-de-1966\/#breadcrumb","itemListElement":[{"@type":"ListItem","position":1,"name":"In\u00edcio","item":"https:\/\/portaltela.pt\/"},{"@type":"ListItem","position":2,"name":"Bad Bunny homenageia Pel\u00e9 em S\u00e3o Paulo ao usar casaco do craque de 1966"}]},{"@type":"WebSite","@id":"https:\/\/portaltela.pt\/#website","url":"https:\/\/portaltela.pt\/","name":"Portal Tela Portugal","description":"","potentialAction":[{"@type":"SearchAction","target":{"@type":"EntryPoint","urlTemplate":"https:\/\/portaltela.pt\/?s={search_term_string}"},"query-input":{"@type":"PropertyValueSpecification","valueRequired":true,"valueName":"search_term_string"}}],"inLanguage":"pt-PT"},{"@type":"Person","@id":"https:\/\/portaltela.pt\/#\/schema\/person\/c4278d4a6028830caff9ee44b42d32ed","name":"Telinha","image":{"@type":"ImageObject","inLanguage":"pt-PT","@id":"https:\/\/portaltela.pt\/s.01k8rhncp4jt1\/2025\/11\/talking-bot-125x125.png","url":"https:\/\/portaltela.pt\/s.01k8rhncp4jt1\/2025\/11\/talking-bot-125x125.png","contentUrl":"https:\/\/portaltela.pt\/s.01k8rhncp4jt1\/2025\/11\/talking-bot-125x125.png","caption":"Telinha"},"sameAs":["https:\/\/portaltela.pt\/"],"url":"https:\/\/portaltela.pt\/por\/367410592786\/"}]}},"_links":{"self":[{"href":"https:\/\/portaltela.pt\/api\/wp\/v2\/posts\/388798","targetHints":{"allow":["GET"]}}],"collection":[{"href":"https:\/\/portaltela.pt\/api\/wp\/v2\/posts"}],"about":[{"href":"https:\/\/portaltela.pt\/api\/wp\/v2\/types\/post"}],"author":[{"embeddable":true,"href":"https:\/\/portaltela.pt\/api\/wp\/v2\/users\/2"}],"replies":[{"embeddable":true,"href":"https:\/\/portaltela.pt\/api\/wp\/v2\/comments?post=388798"}],"version-history":[{"count":0,"href":"https:\/\/portaltela.pt\/api\/wp\/v2\/posts\/388798\/revisions"}],"wp:featuredmedia":[{"embeddable":true,"href":"https:\/\/portaltela.pt\/api\/wp\/v2\/media\/388803"}],"wp:attachment":[{"href":"https:\/\/portaltela.pt\/api\/wp\/v2\/media?parent=388798"}],"wp:term":[{"taxonomy":"category","embeddable":true,"href":"https:\/\/portaltela.pt\/api\/wp\/v2\/categories?post=388798"},{"taxonomy":"post_tag","embeddable":true,"href":"https:\/\/portaltela.pt\/api\/wp\/v2\/tags?post=388798"}],"curies":[{"name":"wp","href":"https:\/\/api.w.org\/{rel}","templated":true}]}}