{"id":388782,"date":"2026-02-26T07:49:34","date_gmt":"2026-02-26T10:49:34","guid":{"rendered":"https:\/\/portaltela.pt\/noticias\/2026\/02\/26\/pj-detem-octogenario-suspeito-de-atirar-contra-vizinho-em-barcelos\/"},"modified":"2026-02-26T07:49:34","modified_gmt":"2026-02-26T10:49:34","slug":"pj-detem-octogenario-suspeito-de-atirar-contra-vizinho-em-barcelos","status":"publish","type":"post","link":"https:\/\/portaltela.pt\/noticias\/2026\/02\/26\/pj-detem-octogenario-suspeito-de-atirar-contra-vizinho-em-barcelos\/","title":{"rendered":"PJ det\u00e9m octogen\u00e1rio suspeito de atirar contra vizinho em Barcelos"},"content":{"rendered":"<p>O Governo deteve um homem de 83 anos suspeito de ter tentado matar \u00e0 queima-roupa o vizinho em Barcelos, por duas vezes, em maio de 2024. As tentativas ocorreram no telhado da casa do agressor, com dois disparos em cada ocasi\u00e3o, a poucos cent\u00edmetros da cabe\u00e7a da v\u00edtima, que estava a construir uma habita\u00e7\u00e3o. A Pol\u00edcia Judici\u00e1ria (PJ) confirmou a deten\u00e7\u00e3o nesta quinta-feira.<\/p>\n<p>Segundo a PJ, o caso de maio de 2024 originou medidas cautelares j\u00e1 em tribunal, com o arguido a alegar ter utilizado uma arma de alarme. A GNR de Barcelos efetuou a deten\u00e7\u00e3o na segunda ocorr\u00eancia e o processo seguiu para o Tribunal Judicial de Guimar\u00e3es, onde o arguido ficou sujeito a coa\u00e7\u00e3o n\u00e3o privativa de liberdade. O inqu\u00e9rito transitou para a Sec\u00e7\u00e3o Especializada de Criminalidade Violenta de Guimar\u00e3es.<\/p>\n<h3>Novos desenvolvimentos e investiga\u00e7\u00e3o<\/h3>\n<p>Entre outubro de 2025 e fevereiro de 2025, a PJ indica que o suspeito voltou a subir ao telhado da pr\u00f3pria casa e fez novas amea\u00e7as de morte ao vizinho e \u00e0 esposa. Diante do historial e do receio de novas a\u00e7\u00f5es, foram emitidos novos mandados de busca e apreens\u00e3o para as moradas e viaturas de acesso ao suspeito, em Portugal, com apoio de for\u00e7as de seguran\u00e7a.<\/p>\n<p>Durante as deten\u00e7\u00f5es, a GNR e a PJ apreenderam quatro armas de fogo: duas ca\u00e7adeiras e uma carabina, bem como centenas de muni\u00e7\u00f5es de diferentes calibres. O suspeito permanece indiciado por dois crimes de homic\u00eddio qualificado na forma tentada, dois crimes de amea\u00e7a agravada e um crime de deten\u00e7\u00e3o de arma proibida. O novo quadro processual prev\u00ea a apresenta\u00e7\u00e3o do arguido a tribunal para aplica\u00e7\u00e3o das medidas de coa\u00e7\u00e3o cab\u00edveis.<\/p>\n","protected":false},"excerpt":{"rendered":"<ul>\n<li>A Pol\u00edcia Judici\u00e1ria deteve em Barcelos um homem de 83 anos suspeito de ter tentado matar a tiro o vizinho duas vezes, em maio de 2024, quando subiu ao telhado da casa e disparou dois tiros em direc\u00e7\u00e3o ao alvo, passando-lhe os proj\u00e9teis a cent\u00edmetros da cabe\u00e7a.<\/li>\n<li>Na \u00faltima ocorr\u00eancia, o suspeito foi detido pela Guarda Nacional Republicana e alegou ter utilizado uma arma de alarme; ficou sujeito a medidas de coa\u00e7\u00e3o n\u00e3o privativas da liberdade, a aplicar pelo Tribunal Judicial de Guimar\u00e3es.<\/li>\n<li>A tramita\u00e7\u00e3o do inqu\u00e9rito foi transferida para a Sec\u00e7\u00e3o Especializada de Criminalidade Violenta de Guimar\u00e3es, com a investiga\u00e7\u00e3o delegada na Pol\u00edcia Judici\u00e1ria.<\/li>\n<li>Em meados de outubro de 2025 e no dia 19 de fevereiro de 2025, o suspeito voltou a amea\u00e7ar de morte o vizinho e a esposa, levando a novos mandados de busca e apreens\u00e3o em moradas e viaturas a que tinha acesso em Portugal.<\/li>\n<li>Foi apreendida uma evid\u00eancia relevante: quatro armas de fogo (duas ca\u00e7adeiras e uma carabina) e centenas de muni\u00e7\u00f5es; o arguido est\u00e1 indiciado por dois crimes de homic\u00eddio qualificado na forma tentada, dois crimes de amea\u00e7a agravada e um crime de deten\u00e7\u00e3o de arma proibida; ser\u00e1 presente a tribunal para aplica\u00e7\u00e3o das medidas de coa\u00e7\u00e3o.<\/li>\n<\/ul>\n","protected":false},"author":2,"featured_media":388790,"comment_status":"closed","ping_status":"closed","sticky":false,"template":"","format":"standard","meta":{"footnotes":""},"categories":[1],"tags":[291,124,1027,147,1345,1802],"class_list":["post-388782","post","type-post","status-publish","format-standard","has-post-thumbnail","hentry","category-noticias","tag-ameaca-agravada","tag-arma-de-fogo","tag-barcelos","tag-crime","tag-homicidio","tag-policia-judiciaria"],"yoast_head":"<!-- This site is optimized with the Yoast SEO plugin v27.2 - https:\/\/yoast.com\/product\/yoast-seo-wordpress\/ -->\n<title>PJ det\u00e9m octogen\u00e1rio suspeito de atirar contra vizinho em Barcelos - Portal Tela Portugal<\/title>\n<meta name=\"robots\" content=\"index, follow, max-snippet:-1, max-image-preview:large, max-video-preview:-1\" \/>\n<meta property=\"og:locale\" content=\"pt_PT\" \/>\n<meta property=\"og:type\" content=\"article\" \/>\n<meta property=\"og:title\" content=\"PJ det\u00e9m octogen\u00e1rio suspeito de atirar contra vizinho em Barcelos - Portal Tela Portugal\" \/>\n<meta property=\"og:description\" content=\"A Pol\u00edcia Judici\u00e1ria deteve em Barcelos um homem de 83 anos suspeito de ter tentado matar a tiro o vizinho duas vezes, em maio de 2024, quando subiu ao telhado da casa e disparou dois tiros em direc\u00e7\u00e3o ao alvo, passando-lhe os proj\u00e9teis a cent\u00edmetros da cabe\u00e7a. Na \u00faltima ocorr\u00eancia, o suspeito foi detido pela Guarda Nacional Republicana e alegou ter utilizado uma arma de alarme; ficou sujeito a medidas de coa\u00e7\u00e3o n\u00e3o privativas da liberdade, a aplicar pelo Tribunal Judicial de Guimar\u00e3es. A tramita\u00e7\u00e3o do inqu\u00e9rito foi transferida para a Sec\u00e7\u00e3o Especializada de Criminalidade Violenta de Guimar\u00e3es, com a investiga\u00e7\u00e3o delegada na Pol\u00edcia Judici\u00e1ria. Em meados de outubro de 2025 e no dia 19 de fevereiro de 2025, o suspeito voltou a amea\u00e7ar de morte o vizinho e a esposa, levando a novos mandados de busca e apreens\u00e3o em moradas e viaturas a que tinha acesso em Portugal. Foi apreendida uma evid\u00eancia relevante: quatro armas de fogo (duas ca\u00e7adeiras e uma carabina) e centenas de muni\u00e7\u00f5es; o arguido est\u00e1 indiciado por dois crimes de homic\u00eddio qualificado na forma tentada, dois crimes de amea\u00e7a agravada e um crime de deten\u00e7\u00e3o de arma proibida; ser\u00e1 presente a tribunal para aplica\u00e7\u00e3o das medidas de coa\u00e7\u00e3o.\" \/>\n<meta property=\"og:url\" content=\"https:\/\/portaltela.pt\/noticias\/2026\/02\/26\/pj-detem-octogenario-suspeito-de-atirar-contra-vizinho-em-barcelos\/\" \/>\n<meta property=\"og:site_name\" content=\"Portal Tela Portugal\" \/>\n<meta property=\"article:published_time\" content=\"2026-02-26T10:49:34+00:00\" \/>\n<meta name=\"author\" content=\"Telinha\" \/>\n<meta name=\"twitter:card\" content=\"summary_large_image\" \/>\n<meta name=\"twitter:label1\" content=\"Escrito por\" \/>\n\t<meta name=\"twitter:data1\" content=\"Telinha\" \/>\n\t<meta name=\"twitter:label2\" content=\"Tempo estimado de leitura\" \/>\n\t<meta name=\"twitter:data2\" content=\"1 minuto\" \/>\n<script type=\"application\/ld+json\" class=\"yoast-schema-graph\">{\"@context\":\"https:\/\/schema.org\",\"@graph\":[{\"@type\":\"Article\",\"@id\":\"https:\/\/portaltela.pt\/noticias\/2026\/02\/26\/pj-detem-octogenario-suspeito-de-atirar-contra-vizinho-em-barcelos\/#article\",\"isPartOf\":{\"@id\":\"https:\/\/portaltela.pt\/noticias\/2026\/02\/26\/pj-detem-octogenario-suspeito-de-atirar-contra-vizinho-em-barcelos\/\"},\"author\":{\"name\":\"Telinha\",\"@id\":\"https:\/\/portaltela.pt\/#\/schema\/person\/c4278d4a6028830caff9ee44b42d32ed\"},\"headline\":\"PJ det\u00e9m octogen\u00e1rio suspeito de atirar contra vizinho em Barcelos\",\"datePublished\":\"2026-02-26T10:49:34+00:00\",\"mainEntityOfPage\":{\"@id\":\"https:\/\/portaltela.pt\/noticias\/2026\/02\/26\/pj-detem-octogenario-suspeito-de-atirar-contra-vizinho-em-barcelos\/\"},\"wordCount\":311,\"image\":{\"@id\":\"https:\/\/portaltela.pt\/noticias\/2026\/02\/26\/pj-detem-octogenario-suspeito-de-atirar-contra-vizinho-em-barcelos\/#primaryimage\"},\"thumbnailUrl\":\"https:\/\/portaltela.pt\/s.01k8rhncp4jt1\/2026\/02\/img_1500x1000uu2016-11-17-18-14-00-576603.jpg\",\"keywords\":[\"amea\u00e7a agravada\",\"arma de fogo\",\"Barcelos\",\"crime\",\"homic\u00eddio\",\"Pol\u00edcia Judici\u00e1ria\"],\"articleSection\":[\"Not\u00edcias\"],\"inLanguage\":\"pt-PT\"},{\"@type\":\"WebPage\",\"@id\":\"https:\/\/portaltela.pt\/noticias\/2026\/02\/26\/pj-detem-octogenario-suspeito-de-atirar-contra-vizinho-em-barcelos\/\",\"url\":\"https:\/\/portaltela.pt\/noticias\/2026\/02\/26\/pj-detem-octogenario-suspeito-de-atirar-contra-vizinho-em-barcelos\/\",\"name\":\"PJ det\u00e9m octogen\u00e1rio suspeito de atirar contra vizinho em Barcelos - Portal Tela Portugal\",\"isPartOf\":{\"@id\":\"https:\/\/portaltela.pt\/#website\"},\"primaryImageOfPage\":{\"@id\":\"https:\/\/portaltela.pt\/noticias\/2026\/02\/26\/pj-detem-octogenario-suspeito-de-atirar-contra-vizinho-em-barcelos\/#primaryimage\"},\"image\":{\"@id\":\"https:\/\/portaltela.pt\/noticias\/2026\/02\/26\/pj-detem-octogenario-suspeito-de-atirar-contra-vizinho-em-barcelos\/#primaryimage\"},\"thumbnailUrl\":\"https:\/\/portaltela.pt\/s.01k8rhncp4jt1\/2026\/02\/img_1500x1000uu2016-11-17-18-14-00-576603.jpg\",\"datePublished\":\"2026-02-26T10:49:34+00:00\",\"author\":{\"@id\":\"https:\/\/portaltela.pt\/#\/schema\/person\/c4278d4a6028830caff9ee44b42d32ed\"},\"breadcrumb\":{\"@id\":\"https:\/\/portaltela.pt\/noticias\/2026\/02\/26\/pj-detem-octogenario-suspeito-de-atirar-contra-vizinho-em-barcelos\/#breadcrumb\"},\"inLanguage\":\"pt-PT\",\"potentialAction\":[{\"@type\":\"ReadAction\",\"target\":[\"https:\/\/portaltela.pt\/noticias\/2026\/02\/26\/pj-detem-octogenario-suspeito-de-atirar-contra-vizinho-em-barcelos\/\"]}]},{\"@type\":\"ImageObject\",\"inLanguage\":\"pt-PT\",\"@id\":\"https:\/\/portaltela.pt\/noticias\/2026\/02\/26\/pj-detem-octogenario-suspeito-de-atirar-contra-vizinho-em-barcelos\/#primaryimage\",\"url\":\"https:\/\/portaltela.pt\/s.01k8rhncp4jt1\/2026\/02\/img_1500x1000uu2016-11-17-18-14-00-576603.jpg\",\"contentUrl\":\"https:\/\/portaltela.pt\/s.01k8rhncp4jt1\/2026\/02\/img_1500x1000uu2016-11-17-18-14-00-576603.jpg\",\"width\":796,\"height\":448,\"caption\":\"Tribunal Judicial de Guimar\u00e3es\"},{\"@type\":\"BreadcrumbList\",\"@id\":\"https:\/\/portaltela.pt\/noticias\/2026\/02\/26\/pj-detem-octogenario-suspeito-de-atirar-contra-vizinho-em-barcelos\/#breadcrumb\",\"itemListElement\":[{\"@type\":\"ListItem\",\"position\":1,\"name\":\"In\u00edcio\",\"item\":\"https:\/\/portaltela.pt\/\"},{\"@type\":\"ListItem\",\"position\":2,\"name\":\"PJ det\u00e9m octogen\u00e1rio suspeito de atirar contra vizinho em Barcelos\"}]},{\"@type\":\"WebSite\",\"@id\":\"https:\/\/portaltela.pt\/#website\",\"url\":\"https:\/\/portaltela.pt\/\",\"name\":\"Portal Tela Portugal\",\"description\":\"\",\"potentialAction\":[{\"@type\":\"SearchAction\",\"target\":{\"@type\":\"EntryPoint\",\"urlTemplate\":\"https:\/\/portaltela.pt\/?s={search_term_string}\"},\"query-input\":{\"@type\":\"PropertyValueSpecification\",\"valueRequired\":true,\"valueName\":\"search_term_string\"}}],\"inLanguage\":\"pt-PT\"},{\"@type\":\"Person\",\"@id\":\"https:\/\/portaltela.pt\/#\/schema\/person\/c4278d4a6028830caff9ee44b42d32ed\",\"name\":\"Telinha\",\"image\":{\"@type\":\"ImageObject\",\"inLanguage\":\"pt-PT\",\"@id\":\"https:\/\/portaltela.pt\/s.01k8rhncp4jt1\/2025\/11\/talking-bot-125x125.png\",\"url\":\"https:\/\/portaltela.pt\/s.01k8rhncp4jt1\/2025\/11\/talking-bot-125x125.png\",\"contentUrl\":\"https:\/\/portaltela.pt\/s.01k8rhncp4jt1\/2025\/11\/talking-bot-125x125.png\",\"caption\":\"Telinha\"},\"sameAs\":[\"https:\/\/portaltela.pt\/\"],\"url\":\"https:\/\/portaltela.pt\/por\/367410592786\/\"}]}<\/script>\n<!-- \/ Yoast SEO plugin. -->","yoast_head_json":{"title":"PJ det\u00e9m octogen\u00e1rio suspeito de atirar contra vizinho em Barcelos - Portal Tela Portugal","robots":{"index":"index","follow":"follow","max-snippet":"max-snippet:-1","max-image-preview":"max-image-preview:large","max-video-preview":"max-video-preview:-1"},"og_locale":"pt_PT","og_type":"article","og_title":"PJ det\u00e9m octogen\u00e1rio suspeito de atirar contra vizinho em Barcelos - Portal Tela Portugal","og_description":"A Pol\u00edcia Judici\u00e1ria deteve em Barcelos um homem de 83 anos suspeito de ter tentado matar a tiro o vizinho duas vezes, em maio de 2024, quando subiu ao telhado da casa e disparou dois tiros em direc\u00e7\u00e3o ao alvo, passando-lhe os proj\u00e9teis a cent\u00edmetros da cabe\u00e7a. Na \u00faltima ocorr\u00eancia, o suspeito foi detido pela Guarda Nacional Republicana e alegou ter utilizado uma arma de alarme; ficou sujeito a medidas de coa\u00e7\u00e3o n\u00e3o privativas da liberdade, a aplicar pelo Tribunal Judicial de Guimar\u00e3es. A tramita\u00e7\u00e3o do inqu\u00e9rito foi transferida para a Sec\u00e7\u00e3o Especializada de Criminalidade Violenta de Guimar\u00e3es, com a investiga\u00e7\u00e3o delegada na Pol\u00edcia Judici\u00e1ria. Em meados de outubro de 2025 e no dia 19 de fevereiro de 2025, o suspeito voltou a amea\u00e7ar de morte o vizinho e a esposa, levando a novos mandados de busca e apreens\u00e3o em moradas e viaturas a que tinha acesso em Portugal. Foi apreendida uma evid\u00eancia relevante: quatro armas de fogo (duas ca\u00e7adeiras e uma carabina) e centenas de muni\u00e7\u00f5es; o arguido est\u00e1 indiciado por dois crimes de homic\u00eddio qualificado na forma tentada, dois crimes de amea\u00e7a agravada e um crime de deten\u00e7\u00e3o de arma proibida; ser\u00e1 presente a tribunal para aplica\u00e7\u00e3o das medidas de coa\u00e7\u00e3o.","og_url":"https:\/\/portaltela.pt\/noticias\/2026\/02\/26\/pj-detem-octogenario-suspeito-de-atirar-contra-vizinho-em-barcelos\/","og_site_name":"Portal Tela Portugal","article_published_time":"2026-02-26T10:49:34+00:00","author":"Telinha","twitter_card":"summary_large_image","twitter_misc":{"Escrito por":"Telinha","Tempo estimado de leitura":"1 minuto"},"schema":{"@context":"https:\/\/schema.org","@graph":[{"@type":"Article","@id":"https:\/\/portaltela.pt\/noticias\/2026\/02\/26\/pj-detem-octogenario-suspeito-de-atirar-contra-vizinho-em-barcelos\/#article","isPartOf":{"@id":"https:\/\/portaltela.pt\/noticias\/2026\/02\/26\/pj-detem-octogenario-suspeito-de-atirar-contra-vizinho-em-barcelos\/"},"author":{"name":"Telinha","@id":"https:\/\/portaltela.pt\/#\/schema\/person\/c4278d4a6028830caff9ee44b42d32ed"},"headline":"PJ det\u00e9m octogen\u00e1rio suspeito de atirar contra vizinho em Barcelos","datePublished":"2026-02-26T10:49:34+00:00","mainEntityOfPage":{"@id":"https:\/\/portaltela.pt\/noticias\/2026\/02\/26\/pj-detem-octogenario-suspeito-de-atirar-contra-vizinho-em-barcelos\/"},"wordCount":311,"image":{"@id":"https:\/\/portaltela.pt\/noticias\/2026\/02\/26\/pj-detem-octogenario-suspeito-de-atirar-contra-vizinho-em-barcelos\/#primaryimage"},"thumbnailUrl":"https:\/\/portaltela.pt\/s.01k8rhncp4jt1\/2026\/02\/img_1500x1000uu2016-11-17-18-14-00-576603.jpg","keywords":["amea\u00e7a agravada","arma de fogo","Barcelos","crime","homic\u00eddio","Pol\u00edcia Judici\u00e1ria"],"articleSection":["Not\u00edcias"],"inLanguage":"pt-PT"},{"@type":"WebPage","@id":"https:\/\/portaltela.pt\/noticias\/2026\/02\/26\/pj-detem-octogenario-suspeito-de-atirar-contra-vizinho-em-barcelos\/","url":"https:\/\/portaltela.pt\/noticias\/2026\/02\/26\/pj-detem-octogenario-suspeito-de-atirar-contra-vizinho-em-barcelos\/","name":"PJ det\u00e9m octogen\u00e1rio suspeito de atirar contra vizinho em Barcelos - Portal Tela Portugal","isPartOf":{"@id":"https:\/\/portaltela.pt\/#website"},"primaryImageOfPage":{"@id":"https:\/\/portaltela.pt\/noticias\/2026\/02\/26\/pj-detem-octogenario-suspeito-de-atirar-contra-vizinho-em-barcelos\/#primaryimage"},"image":{"@id":"https:\/\/portaltela.pt\/noticias\/2026\/02\/26\/pj-detem-octogenario-suspeito-de-atirar-contra-vizinho-em-barcelos\/#primaryimage"},"thumbnailUrl":"https:\/\/portaltela.pt\/s.01k8rhncp4jt1\/2026\/02\/img_1500x1000uu2016-11-17-18-14-00-576603.jpg","datePublished":"2026-02-26T10:49:34+00:00","author":{"@id":"https:\/\/portaltela.pt\/#\/schema\/person\/c4278d4a6028830caff9ee44b42d32ed"},"breadcrumb":{"@id":"https:\/\/portaltela.pt\/noticias\/2026\/02\/26\/pj-detem-octogenario-suspeito-de-atirar-contra-vizinho-em-barcelos\/#breadcrumb"},"inLanguage":"pt-PT","potentialAction":[{"@type":"ReadAction","target":["https:\/\/portaltela.pt\/noticias\/2026\/02\/26\/pj-detem-octogenario-suspeito-de-atirar-contra-vizinho-em-barcelos\/"]}]},{"@type":"ImageObject","inLanguage":"pt-PT","@id":"https:\/\/portaltela.pt\/noticias\/2026\/02\/26\/pj-detem-octogenario-suspeito-de-atirar-contra-vizinho-em-barcelos\/#primaryimage","url":"https:\/\/portaltela.pt\/s.01k8rhncp4jt1\/2026\/02\/img_1500x1000uu2016-11-17-18-14-00-576603.jpg","contentUrl":"https:\/\/portaltela.pt\/s.01k8rhncp4jt1\/2026\/02\/img_1500x1000uu2016-11-17-18-14-00-576603.jpg","width":796,"height":448,"caption":"Tribunal Judicial de Guimar\u00e3es"},{"@type":"BreadcrumbList","@id":"https:\/\/portaltela.pt\/noticias\/2026\/02\/26\/pj-detem-octogenario-suspeito-de-atirar-contra-vizinho-em-barcelos\/#breadcrumb","itemListElement":[{"@type":"ListItem","position":1,"name":"In\u00edcio","item":"https:\/\/portaltela.pt\/"},{"@type":"ListItem","position":2,"name":"PJ det\u00e9m octogen\u00e1rio suspeito de atirar contra vizinho em Barcelos"}]},{"@type":"WebSite","@id":"https:\/\/portaltela.pt\/#website","url":"https:\/\/portaltela.pt\/","name":"Portal Tela Portugal","description":"","potentialAction":[{"@type":"SearchAction","target":{"@type":"EntryPoint","urlTemplate":"https:\/\/portaltela.pt\/?s={search_term_string}"},"query-input":{"@type":"PropertyValueSpecification","valueRequired":true,"valueName":"search_term_string"}}],"inLanguage":"pt-PT"},{"@type":"Person","@id":"https:\/\/portaltela.pt\/#\/schema\/person\/c4278d4a6028830caff9ee44b42d32ed","name":"Telinha","image":{"@type":"ImageObject","inLanguage":"pt-PT","@id":"https:\/\/portaltela.pt\/s.01k8rhncp4jt1\/2025\/11\/talking-bot-125x125.png","url":"https:\/\/portaltela.pt\/s.01k8rhncp4jt1\/2025\/11\/talking-bot-125x125.png","contentUrl":"https:\/\/portaltela.pt\/s.01k8rhncp4jt1\/2025\/11\/talking-bot-125x125.png","caption":"Telinha"},"sameAs":["https:\/\/portaltela.pt\/"],"url":"https:\/\/portaltela.pt\/por\/367410592786\/"}]}},"_links":{"self":[{"href":"https:\/\/portaltela.pt\/api\/wp\/v2\/posts\/388782","targetHints":{"allow":["GET"]}}],"collection":[{"href":"https:\/\/portaltela.pt\/api\/wp\/v2\/posts"}],"about":[{"href":"https:\/\/portaltela.pt\/api\/wp\/v2\/types\/post"}],"author":[{"embeddable":true,"href":"https:\/\/portaltela.pt\/api\/wp\/v2\/users\/2"}],"replies":[{"embeddable":true,"href":"https:\/\/portaltela.pt\/api\/wp\/v2\/comments?post=388782"}],"version-history":[{"count":0,"href":"https:\/\/portaltela.pt\/api\/wp\/v2\/posts\/388782\/revisions"}],"wp:featuredmedia":[{"embeddable":true,"href":"https:\/\/portaltela.pt\/api\/wp\/v2\/media\/388790"}],"wp:attachment":[{"href":"https:\/\/portaltela.pt\/api\/wp\/v2\/media?parent=388782"}],"wp:term":[{"taxonomy":"category","embeddable":true,"href":"https:\/\/portaltela.pt\/api\/wp\/v2\/categories?post=388782"},{"taxonomy":"post_tag","embeddable":true,"href":"https:\/\/portaltela.pt\/api\/wp\/v2\/tags?post=388782"}],"curies":[{"name":"wp","href":"https:\/\/api.w.org\/{rel}","templated":true}]}}