{"id":388759,"date":"2026-02-26T07:32:00","date_gmt":"2026-02-26T10:32:00","guid":{"rendered":"https:\/\/portaltela.pt\/noticias\/2026\/02\/26\/imagem-solidaria-destina-doacoes-a-centro-infantil-em-ferreira-do-zezere\/"},"modified":"2026-02-26T07:32:00","modified_gmt":"2026-02-26T10:32:00","slug":"imagem-solidaria-destina-doacoes-a-centro-infantil-em-ferreira-do-zezere","status":"publish","type":"post","link":"https:\/\/portaltela.pt\/noticias\/2026\/02\/26\/imagem-solidaria-destina-doacoes-a-centro-infantil-em-ferreira-do-zezere\/","title":{"rendered":"Imagem Solid\u00e1ria destina doa\u00e7\u00f5es a centro infantil em Ferreira do Z\u00eazere"},"content":{"rendered":"<p>A iniciativa \u201cUma Imagem Solid\u00e1ria\u201d destinou doa\u00e7\u00f5es a um centro infantil situado em Ferreira do Z\u00eazere, com o objetivo de apoiar as atividades da institui\u00e7\u00e3o.<\/p>\n<p>Segundo a ag\u00eancia Lusa, a a\u00e7\u00e3o envolve a entrega de donativos ao centro infantil da localidade, contribuindo para o seu funcionamento.<\/p>\n<p>A not\u00edcia n\u00e3o detalha a data, o montante ou os intervenientes espec\u00edficos, limitando-se a confirmar a transfer\u00eancia de apoio \u00e0 institui\u00e7\u00e3o.<\/p>\n<p>A reportagem destaca a mobiliza\u00e7\u00e3o associada ao projeto e a import\u00e2ncia de apoiar espa\u00e7os que atendem crian\u00e7as na regi\u00e3o de Ferreira do Z\u00eazere.<\/p>\n","protected":false},"excerpt":{"rendered":"<ul>\n<li>A iniciativa &#8220;Uma Imagem Solid\u00e1ria&#8221; destinou doa\u00e7\u00f5es a um centro infantil em Ferreira do Z\u00eazere.<\/li>\n<li>O objetivo \u00e9 apoiar as atividades e necessidades do espa\u00e7o dedicado a crian\u00e7as na regi\u00e3o.<\/li>\n<li>Ferreira do Z\u00eazere fica na regi\u00e3o centro de Portugal.<\/li>\n<li>N\u00e3o foram divulgados valores ou detalhes espec\u00edficos sobre as doa\u00e7\u00f5es.<\/li>\n<\/ul>\n","protected":false},"author":2,"featured_media":388770,"comment_status":"closed","ping_status":"closed","sticky":false,"template":"","format":"standard","meta":{"footnotes":""},"categories":[1],"tags":[1084,3035,3953,3123,5038,4071],"class_list":["post-388759","post","type-post","status-publish","format-standard","has-post-thumbnail","hentry","category-noticias","tag-acao-social","tag-comunidade","tag-criancas","tag-doacoes","tag-ferreira-do-zezere","tag-solidariedade-social"],"yoast_head":"<!-- This site is optimized with the Yoast SEO plugin v27.2 - https:\/\/yoast.com\/product\/yoast-seo-wordpress\/ -->\n<title>Imagem Solid\u00e1ria destina doa\u00e7\u00f5es a centro infantil em Ferreira do Z\u00eazere - Portal Tela Portugal<\/title>\n<meta name=\"robots\" content=\"index, follow, max-snippet:-1, max-image-preview:large, max-video-preview:-1\" \/>\n<meta property=\"og:locale\" content=\"pt_PT\" \/>\n<meta property=\"og:type\" content=\"article\" \/>\n<meta property=\"og:title\" content=\"Imagem Solid\u00e1ria destina doa\u00e7\u00f5es a centro infantil em Ferreira do Z\u00eazere - Portal Tela Portugal\" \/>\n<meta property=\"og:description\" content=\"A iniciativa &quot;Uma Imagem Solid\u00e1ria&quot; destinou doa\u00e7\u00f5es a um centro infantil em Ferreira do Z\u00eazere. O objetivo \u00e9 apoiar as atividades e necessidades do espa\u00e7o dedicado a crian\u00e7as na regi\u00e3o. Ferreira do Z\u00eazere fica na regi\u00e3o centro de Portugal. N\u00e3o foram divulgados valores ou detalhes espec\u00edficos sobre as doa\u00e7\u00f5es.\" \/>\n<meta property=\"og:url\" content=\"https:\/\/portaltela.pt\/noticias\/2026\/02\/26\/imagem-solidaria-destina-doacoes-a-centro-infantil-em-ferreira-do-zezere\/\" \/>\n<meta property=\"og:site_name\" content=\"Portal Tela Portugal\" \/>\n<meta property=\"article:published_time\" content=\"2026-02-26T10:32:00+00:00\" \/>\n<meta name=\"author\" content=\"Telinha\" \/>\n<meta name=\"twitter:card\" content=\"summary_large_image\" \/>\n<meta name=\"twitter:label1\" content=\"Escrito por\" \/>\n\t<meta name=\"twitter:data1\" content=\"Telinha\" \/>\n\t<meta name=\"twitter:label2\" content=\"Tempo estimado de leitura\" \/>\n\t<meta name=\"twitter:data2\" content=\"1 minuto\" \/>\n<script type=\"application\/ld+json\" class=\"yoast-schema-graph\">{\"@context\":\"https:\/\/schema.org\",\"@graph\":[{\"@type\":\"Article\",\"@id\":\"https:\/\/portaltela.pt\/noticias\/2026\/02\/26\/imagem-solidaria-destina-doacoes-a-centro-infantil-em-ferreira-do-zezere\/#article\",\"isPartOf\":{\"@id\":\"https:\/\/portaltela.pt\/noticias\/2026\/02\/26\/imagem-solidaria-destina-doacoes-a-centro-infantil-em-ferreira-do-zezere\/\"},\"author\":{\"name\":\"Telinha\",\"@id\":\"https:\/\/portaltela.pt\/#\/schema\/person\/c4278d4a6028830caff9ee44b42d32ed\"},\"headline\":\"Imagem Solid\u00e1ria destina doa\u00e7\u00f5es a centro infantil em Ferreira do Z\u00eazere\",\"datePublished\":\"2026-02-26T10:32:00+00:00\",\"mainEntityOfPage\":{\"@id\":\"https:\/\/portaltela.pt\/noticias\/2026\/02\/26\/imagem-solidaria-destina-doacoes-a-centro-infantil-em-ferreira-do-zezere\/\"},\"wordCount\":120,\"image\":{\"@id\":\"https:\/\/portaltela.pt\/noticias\/2026\/02\/26\/imagem-solidaria-destina-doacoes-a-centro-infantil-em-ferreira-do-zezere\/#primaryimage\"},\"thumbnailUrl\":\"https:\/\/portaltela.pt\/s.01k8rhncp4jt1\/2026\/02\/CACHE_780X1200_ANALOG_WATERMARKED_40850257_2999513_25052023073825.jpg\",\"keywords\":[\"A\u00e7\u00e3o Social\",\"comunidade\",\"crian\u00e7as\",\"doa\u00e7\u00f5es\",\"Ferreira do Z\u00eazere\",\"Solidariedade Social\"],\"articleSection\":[\"Not\u00edcias\"],\"inLanguage\":\"pt-PT\"},{\"@type\":\"WebPage\",\"@id\":\"https:\/\/portaltela.pt\/noticias\/2026\/02\/26\/imagem-solidaria-destina-doacoes-a-centro-infantil-em-ferreira-do-zezere\/\",\"url\":\"https:\/\/portaltela.pt\/noticias\/2026\/02\/26\/imagem-solidaria-destina-doacoes-a-centro-infantil-em-ferreira-do-zezere\/\",\"name\":\"Imagem Solid\u00e1ria destina doa\u00e7\u00f5es a centro infantil em Ferreira do Z\u00eazere - Portal Tela Portugal\",\"isPartOf\":{\"@id\":\"https:\/\/portaltela.pt\/#website\"},\"primaryImageOfPage\":{\"@id\":\"https:\/\/portaltela.pt\/noticias\/2026\/02\/26\/imagem-solidaria-destina-doacoes-a-centro-infantil-em-ferreira-do-zezere\/#primaryimage\"},\"image\":{\"@id\":\"https:\/\/portaltela.pt\/noticias\/2026\/02\/26\/imagem-solidaria-destina-doacoes-a-centro-infantil-em-ferreira-do-zezere\/#primaryimage\"},\"thumbnailUrl\":\"https:\/\/portaltela.pt\/s.01k8rhncp4jt1\/2026\/02\/CACHE_780X1200_ANALOG_WATERMARKED_40850257_2999513_25052023073825.jpg\",\"datePublished\":\"2026-02-26T10:32:00+00:00\",\"author\":{\"@id\":\"https:\/\/portaltela.pt\/#\/schema\/person\/c4278d4a6028830caff9ee44b42d32ed\"},\"breadcrumb\":{\"@id\":\"https:\/\/portaltela.pt\/noticias\/2026\/02\/26\/imagem-solidaria-destina-doacoes-a-centro-infantil-em-ferreira-do-zezere\/#breadcrumb\"},\"inLanguage\":\"pt-PT\",\"potentialAction\":[{\"@type\":\"ReadAction\",\"target\":[\"https:\/\/portaltela.pt\/noticias\/2026\/02\/26\/imagem-solidaria-destina-doacoes-a-centro-infantil-em-ferreira-do-zezere\/\"]}]},{\"@type\":\"ImageObject\",\"inLanguage\":\"pt-PT\",\"@id\":\"https:\/\/portaltela.pt\/noticias\/2026\/02\/26\/imagem-solidaria-destina-doacoes-a-centro-infantil-em-ferreira-do-zezere\/#primaryimage\",\"url\":\"https:\/\/portaltela.pt\/s.01k8rhncp4jt1\/2026\/02\/CACHE_780X1200_ANALOG_WATERMARKED_40850257_2999513_25052023073825.jpg\",\"contentUrl\":\"https:\/\/portaltela.pt\/s.01k8rhncp4jt1\/2026\/02\/CACHE_780X1200_ANALOG_WATERMARKED_40850257_2999513_25052023073825.jpg\",\"width\":796,\"height\":448,\"caption\":\"Uma Imagem Solid\u00e1ria destina doa\u00e7\u00f5es a centro infantil em Ferreira do Z\u00e9zere\"},{\"@type\":\"BreadcrumbList\",\"@id\":\"https:\/\/portaltela.pt\/noticias\/2026\/02\/26\/imagem-solidaria-destina-doacoes-a-centro-infantil-em-ferreira-do-zezere\/#breadcrumb\",\"itemListElement\":[{\"@type\":\"ListItem\",\"position\":1,\"name\":\"In\u00edcio\",\"item\":\"https:\/\/portaltela.pt\/\"},{\"@type\":\"ListItem\",\"position\":2,\"name\":\"Imagem Solid\u00e1ria destina doa\u00e7\u00f5es a centro infantil em Ferreira do Z\u00eazere\"}]},{\"@type\":\"WebSite\",\"@id\":\"https:\/\/portaltela.pt\/#website\",\"url\":\"https:\/\/portaltela.pt\/\",\"name\":\"Portal Tela Portugal\",\"description\":\"\",\"potentialAction\":[{\"@type\":\"SearchAction\",\"target\":{\"@type\":\"EntryPoint\",\"urlTemplate\":\"https:\/\/portaltela.pt\/?s={search_term_string}\"},\"query-input\":{\"@type\":\"PropertyValueSpecification\",\"valueRequired\":true,\"valueName\":\"search_term_string\"}}],\"inLanguage\":\"pt-PT\"},{\"@type\":\"Person\",\"@id\":\"https:\/\/portaltela.pt\/#\/schema\/person\/c4278d4a6028830caff9ee44b42d32ed\",\"name\":\"Telinha\",\"image\":{\"@type\":\"ImageObject\",\"inLanguage\":\"pt-PT\",\"@id\":\"https:\/\/portaltela.pt\/s.01k8rhncp4jt1\/2025\/11\/talking-bot-125x125.png\",\"url\":\"https:\/\/portaltela.pt\/s.01k8rhncp4jt1\/2025\/11\/talking-bot-125x125.png\",\"contentUrl\":\"https:\/\/portaltela.pt\/s.01k8rhncp4jt1\/2025\/11\/talking-bot-125x125.png\",\"caption\":\"Telinha\"},\"sameAs\":[\"https:\/\/portaltela.pt\/\"],\"url\":\"https:\/\/portaltela.pt\/por\/367410592786\/\"}]}<\/script>\n<!-- \/ Yoast SEO plugin. -->","yoast_head_json":{"title":"Imagem Solid\u00e1ria destina doa\u00e7\u00f5es a centro infantil em Ferreira do Z\u00eazere - Portal Tela Portugal","robots":{"index":"index","follow":"follow","max-snippet":"max-snippet:-1","max-image-preview":"max-image-preview:large","max-video-preview":"max-video-preview:-1"},"og_locale":"pt_PT","og_type":"article","og_title":"Imagem Solid\u00e1ria destina doa\u00e7\u00f5es a centro infantil em Ferreira do Z\u00eazere - Portal Tela Portugal","og_description":"A iniciativa \"Uma Imagem Solid\u00e1ria\" destinou doa\u00e7\u00f5es a um centro infantil em Ferreira do Z\u00eazere. O objetivo \u00e9 apoiar as atividades e necessidades do espa\u00e7o dedicado a crian\u00e7as na regi\u00e3o. Ferreira do Z\u00eazere fica na regi\u00e3o centro de Portugal. N\u00e3o foram divulgados valores ou detalhes espec\u00edficos sobre as doa\u00e7\u00f5es.","og_url":"https:\/\/portaltela.pt\/noticias\/2026\/02\/26\/imagem-solidaria-destina-doacoes-a-centro-infantil-em-ferreira-do-zezere\/","og_site_name":"Portal Tela Portugal","article_published_time":"2026-02-26T10:32:00+00:00","author":"Telinha","twitter_card":"summary_large_image","twitter_misc":{"Escrito por":"Telinha","Tempo estimado de leitura":"1 minuto"},"schema":{"@context":"https:\/\/schema.org","@graph":[{"@type":"Article","@id":"https:\/\/portaltela.pt\/noticias\/2026\/02\/26\/imagem-solidaria-destina-doacoes-a-centro-infantil-em-ferreira-do-zezere\/#article","isPartOf":{"@id":"https:\/\/portaltela.pt\/noticias\/2026\/02\/26\/imagem-solidaria-destina-doacoes-a-centro-infantil-em-ferreira-do-zezere\/"},"author":{"name":"Telinha","@id":"https:\/\/portaltela.pt\/#\/schema\/person\/c4278d4a6028830caff9ee44b42d32ed"},"headline":"Imagem Solid\u00e1ria destina doa\u00e7\u00f5es a centro infantil em Ferreira do Z\u00eazere","datePublished":"2026-02-26T10:32:00+00:00","mainEntityOfPage":{"@id":"https:\/\/portaltela.pt\/noticias\/2026\/02\/26\/imagem-solidaria-destina-doacoes-a-centro-infantil-em-ferreira-do-zezere\/"},"wordCount":120,"image":{"@id":"https:\/\/portaltela.pt\/noticias\/2026\/02\/26\/imagem-solidaria-destina-doacoes-a-centro-infantil-em-ferreira-do-zezere\/#primaryimage"},"thumbnailUrl":"https:\/\/portaltela.pt\/s.01k8rhncp4jt1\/2026\/02\/CACHE_780X1200_ANALOG_WATERMARKED_40850257_2999513_25052023073825.jpg","keywords":["A\u00e7\u00e3o Social","comunidade","crian\u00e7as","doa\u00e7\u00f5es","Ferreira do Z\u00eazere","Solidariedade Social"],"articleSection":["Not\u00edcias"],"inLanguage":"pt-PT"},{"@type":"WebPage","@id":"https:\/\/portaltela.pt\/noticias\/2026\/02\/26\/imagem-solidaria-destina-doacoes-a-centro-infantil-em-ferreira-do-zezere\/","url":"https:\/\/portaltela.pt\/noticias\/2026\/02\/26\/imagem-solidaria-destina-doacoes-a-centro-infantil-em-ferreira-do-zezere\/","name":"Imagem Solid\u00e1ria destina doa\u00e7\u00f5es a centro infantil em Ferreira do Z\u00eazere - Portal Tela Portugal","isPartOf":{"@id":"https:\/\/portaltela.pt\/#website"},"primaryImageOfPage":{"@id":"https:\/\/portaltela.pt\/noticias\/2026\/02\/26\/imagem-solidaria-destina-doacoes-a-centro-infantil-em-ferreira-do-zezere\/#primaryimage"},"image":{"@id":"https:\/\/portaltela.pt\/noticias\/2026\/02\/26\/imagem-solidaria-destina-doacoes-a-centro-infantil-em-ferreira-do-zezere\/#primaryimage"},"thumbnailUrl":"https:\/\/portaltela.pt\/s.01k8rhncp4jt1\/2026\/02\/CACHE_780X1200_ANALOG_WATERMARKED_40850257_2999513_25052023073825.jpg","datePublished":"2026-02-26T10:32:00+00:00","author":{"@id":"https:\/\/portaltela.pt\/#\/schema\/person\/c4278d4a6028830caff9ee44b42d32ed"},"breadcrumb":{"@id":"https:\/\/portaltela.pt\/noticias\/2026\/02\/26\/imagem-solidaria-destina-doacoes-a-centro-infantil-em-ferreira-do-zezere\/#breadcrumb"},"inLanguage":"pt-PT","potentialAction":[{"@type":"ReadAction","target":["https:\/\/portaltela.pt\/noticias\/2026\/02\/26\/imagem-solidaria-destina-doacoes-a-centro-infantil-em-ferreira-do-zezere\/"]}]},{"@type":"ImageObject","inLanguage":"pt-PT","@id":"https:\/\/portaltela.pt\/noticias\/2026\/02\/26\/imagem-solidaria-destina-doacoes-a-centro-infantil-em-ferreira-do-zezere\/#primaryimage","url":"https:\/\/portaltela.pt\/s.01k8rhncp4jt1\/2026\/02\/CACHE_780X1200_ANALOG_WATERMARKED_40850257_2999513_25052023073825.jpg","contentUrl":"https:\/\/portaltela.pt\/s.01k8rhncp4jt1\/2026\/02\/CACHE_780X1200_ANALOG_WATERMARKED_40850257_2999513_25052023073825.jpg","width":796,"height":448,"caption":"Uma Imagem Solid\u00e1ria destina doa\u00e7\u00f5es a centro infantil em Ferreira do Z\u00e9zere"},{"@type":"BreadcrumbList","@id":"https:\/\/portaltela.pt\/noticias\/2026\/02\/26\/imagem-solidaria-destina-doacoes-a-centro-infantil-em-ferreira-do-zezere\/#breadcrumb","itemListElement":[{"@type":"ListItem","position":1,"name":"In\u00edcio","item":"https:\/\/portaltela.pt\/"},{"@type":"ListItem","position":2,"name":"Imagem Solid\u00e1ria destina doa\u00e7\u00f5es a centro infantil em Ferreira do Z\u00eazere"}]},{"@type":"WebSite","@id":"https:\/\/portaltela.pt\/#website","url":"https:\/\/portaltela.pt\/","name":"Portal Tela Portugal","description":"","potentialAction":[{"@type":"SearchAction","target":{"@type":"EntryPoint","urlTemplate":"https:\/\/portaltela.pt\/?s={search_term_string}"},"query-input":{"@type":"PropertyValueSpecification","valueRequired":true,"valueName":"search_term_string"}}],"inLanguage":"pt-PT"},{"@type":"Person","@id":"https:\/\/portaltela.pt\/#\/schema\/person\/c4278d4a6028830caff9ee44b42d32ed","name":"Telinha","image":{"@type":"ImageObject","inLanguage":"pt-PT","@id":"https:\/\/portaltela.pt\/s.01k8rhncp4jt1\/2025\/11\/talking-bot-125x125.png","url":"https:\/\/portaltela.pt\/s.01k8rhncp4jt1\/2025\/11\/talking-bot-125x125.png","contentUrl":"https:\/\/portaltela.pt\/s.01k8rhncp4jt1\/2025\/11\/talking-bot-125x125.png","caption":"Telinha"},"sameAs":["https:\/\/portaltela.pt\/"],"url":"https:\/\/portaltela.pt\/por\/367410592786\/"}]}},"_links":{"self":[{"href":"https:\/\/portaltela.pt\/api\/wp\/v2\/posts\/388759","targetHints":{"allow":["GET"]}}],"collection":[{"href":"https:\/\/portaltela.pt\/api\/wp\/v2\/posts"}],"about":[{"href":"https:\/\/portaltela.pt\/api\/wp\/v2\/types\/post"}],"author":[{"embeddable":true,"href":"https:\/\/portaltela.pt\/api\/wp\/v2\/users\/2"}],"replies":[{"embeddable":true,"href":"https:\/\/portaltela.pt\/api\/wp\/v2\/comments?post=388759"}],"version-history":[{"count":0,"href":"https:\/\/portaltela.pt\/api\/wp\/v2\/posts\/388759\/revisions"}],"wp:featuredmedia":[{"embeddable":true,"href":"https:\/\/portaltela.pt\/api\/wp\/v2\/media\/388770"}],"wp:attachment":[{"href":"https:\/\/portaltela.pt\/api\/wp\/v2\/media?parent=388759"}],"wp:term":[{"taxonomy":"category","embeddable":true,"href":"https:\/\/portaltela.pt\/api\/wp\/v2\/categories?post=388759"},{"taxonomy":"post_tag","embeddable":true,"href":"https:\/\/portaltela.pt\/api\/wp\/v2\/tags?post=388759"}],"curies":[{"name":"wp","href":"https:\/\/api.w.org\/{rel}","templated":true}]}}