{"id":388758,"date":"2026-02-26T07:44:05","date_gmt":"2026-02-26T10:44:05","guid":{"rendered":"https:\/\/portaltela.pt\/noticias\/2026\/02\/26\/trump-contacta-presidente-do-mexico-apos-operacao-que-matou-el-mencho\/"},"modified":"2026-02-26T07:44:05","modified_gmt":"2026-02-26T10:44:05","slug":"trump-contacta-presidente-do-mexico-apos-operacao-que-matou-el-mencho","status":"publish","type":"post","link":"https:\/\/portaltela.pt\/noticias\/internacional\/2026\/02\/26\/trump-contacta-presidente-do-mexico-apos-operacao-que-matou-el-mencho\/","title":{"rendered":"Trump contacta presidente do M\u00e9xico ap\u00f3s opera\u00e7\u00e3o que matou El Mencho"},"content":{"rendered":"<p>Oito de fevereiro de 2024 n\u00e3o \u00e9 informado no material. Uma opera\u00e7\u00e3o militar no M\u00e9xico resultou na morte de Nemesio Oseguera Cervantes, conhecido como El Mencho, l\u00edder do Cartel Jalisco Nueva Generaci\u00f3n (CJNG). A not\u00edcia \u00e9 confirmada pela presidente mexicana Claudia Sheinbaum.<\/p>\n<p>Segundo Sheinbaum, a chefe de Estado recebeu um telefonema do presidente dos Estados Unidos, Donald Trump, em resposta ao desfecho da opera\u00e7\u00e3o. O envio da chamada ocorreu ap\u00f3s o desfecho dos acontecimentos envolvendo o CJNG, conforme relato divulgado pela Presid\u00eancia do M\u00e9xico.<\/p>\n<p>A identidade de El Mencho, l\u00edder do CJNG, permanece associada ao cartel considerado entre os mais influentes no cen\u00e1rio criminoso mexicano. O governo mexicano n\u00e3o detalhou informa\u00e7\u00f5es adicionais sobre a opera\u00e7\u00e3o nem sobre o conte\u00fado da conversa entre os dois chefes de Estado.<\/p>\n","protected":false},"excerpt":{"rendered":"<ul>\n<li>A presidente do M\u00e9xico, Claudia Sheinbaum, confirmou ter recebido telefonema do presidente dos Estados Unidos, Donald Trump.<\/li>\n<li>O contato ocorreu ap\u00f3s uma opera\u00e7\u00e3o militar que resultou na morte de Nemesio Oseguera Cervantes, conhecido como El Mencho.<\/li>\n<li>Cervantes era o l\u00edder do Cartel Jalisco Nueva Generaci\u00f3n.<\/li>\n<li>A informa\u00e7\u00e3o foi tornada p\u00fablica pela presidente mexicana.<\/li>\n<li>N\u00e3o foram divulgados detalhes adicionais sobre o conte\u00fado da conversa.<\/li>\n<\/ul>\n","protected":false},"author":2,"featured_media":388769,"comment_status":"closed","ping_status":"closed","sticky":false,"template":"","format":"standard","meta":{"footnotes":""},"categories":[4,1],"tags":[2936,147,4953,6380,352,5698],"class_list":["post-388758","post","type-post","status-publish","format-standard","has-post-thumbnail","hentry","category-internacional","category-noticias","tag-carteis-internacionais","tag-crime","tag-donald-trump","tag-mexico","tag-organizacao-criminosa","tag-politica-internacional"],"yoast_head":"<!-- This site is optimized with the Yoast SEO plugin v27.2 - https:\/\/yoast.com\/product\/yoast-seo-wordpress\/ -->\n<title>Trump contacta presidente do M\u00e9xico ap\u00f3s opera\u00e7\u00e3o que matou El Mencho - Portal Tela Portugal<\/title>\n<meta name=\"robots\" content=\"index, follow, max-snippet:-1, max-image-preview:large, max-video-preview:-1\" \/>\n<meta property=\"og:locale\" content=\"pt_PT\" \/>\n<meta property=\"og:type\" content=\"article\" \/>\n<meta property=\"og:title\" content=\"Trump contacta presidente do M\u00e9xico ap\u00f3s opera\u00e7\u00e3o que matou El Mencho - Portal Tela Portugal\" \/>\n<meta property=\"og:description\" content=\"A presidente do M\u00e9xico, Claudia Sheinbaum, confirmou ter recebido telefonema do presidente dos Estados Unidos, Donald Trump. O contato ocorreu ap\u00f3s uma opera\u00e7\u00e3o militar que resultou na morte de Nemesio Oseguera Cervantes, conhecido como El Mencho. Cervantes era o l\u00edder do Cartel Jalisco Nueva Generaci\u00f3n. A informa\u00e7\u00e3o foi tornada p\u00fablica pela presidente mexicana. N\u00e3o foram divulgados detalhes adicionais sobre o conte\u00fado da conversa.\" \/>\n<meta property=\"og:url\" content=\"https:\/\/portaltela.pt\/noticias\/2026\/02\/26\/trump-contacta-presidente-do-mexico-apos-operacao-que-matou-el-mencho\/\" \/>\n<meta property=\"og:site_name\" content=\"Portal Tela Portugal\" \/>\n<meta property=\"article:published_time\" content=\"2026-02-26T10:44:05+00:00\" \/>\n<meta name=\"author\" content=\"Telinha\" \/>\n<meta name=\"twitter:card\" content=\"summary_large_image\" \/>\n<meta name=\"twitter:label1\" content=\"Escrito por\" \/>\n\t<meta name=\"twitter:data1\" content=\"Telinha\" \/>\n\t<meta name=\"twitter:label2\" content=\"Tempo estimado de leitura\" \/>\n\t<meta name=\"twitter:data2\" content=\"1 minuto\" \/>\n<script type=\"application\/ld+json\" class=\"yoast-schema-graph\">{\"@context\":\"https:\/\/schema.org\",\"@graph\":[{\"@type\":\"Article\",\"@id\":\"https:\/\/portaltela.pt\/noticias\/2026\/02\/26\/trump-contacta-presidente-do-mexico-apos-operacao-que-matou-el-mencho\/#article\",\"isPartOf\":{\"@id\":\"https:\/\/portaltela.pt\/noticias\/2026\/02\/26\/trump-contacta-presidente-do-mexico-apos-operacao-que-matou-el-mencho\/\"},\"author\":{\"name\":\"Telinha\",\"@id\":\"https:\/\/portaltela.pt\/#\/schema\/person\/c4278d4a6028830caff9ee44b42d32ed\"},\"headline\":\"Trump contacta presidente do M\u00e9xico ap\u00f3s opera\u00e7\u00e3o que matou El Mencho\",\"datePublished\":\"2026-02-26T10:44:05+00:00\",\"mainEntityOfPage\":{\"@id\":\"https:\/\/portaltela.pt\/noticias\/2026\/02\/26\/trump-contacta-presidente-do-mexico-apos-operacao-que-matou-el-mencho\/\"},\"wordCount\":154,\"image\":{\"@id\":\"https:\/\/portaltela.pt\/noticias\/2026\/02\/26\/trump-contacta-presidente-do-mexico-apos-operacao-que-matou-el-mencho\/#primaryimage\"},\"thumbnailUrl\":\"https:\/\/portaltela.pt\/s.01k8rhncp4jt1\/2026\/02\/img_1200x721uu2026-02-26-10-42-23-2423770.jpg\",\"keywords\":[\"cart\u00e9is internacionais\",\"crime\",\"Donald Trump\",\"M\u00e9xico\",\"organiza\u00e7\u00e3o criminosa\",\"pol\u00edtica internacional\"],\"articleSection\":[\"Internacional\",\"Not\u00edcias\"],\"inLanguage\":\"pt-PT\"},{\"@type\":\"WebPage\",\"@id\":\"https:\/\/portaltela.pt\/noticias\/2026\/02\/26\/trump-contacta-presidente-do-mexico-apos-operacao-que-matou-el-mencho\/\",\"url\":\"https:\/\/portaltela.pt\/noticias\/2026\/02\/26\/trump-contacta-presidente-do-mexico-apos-operacao-que-matou-el-mencho\/\",\"name\":\"Trump contacta presidente do M\u00e9xico ap\u00f3s opera\u00e7\u00e3o que matou El Mencho - Portal Tela Portugal\",\"isPartOf\":{\"@id\":\"https:\/\/portaltela.pt\/#website\"},\"primaryImageOfPage\":{\"@id\":\"https:\/\/portaltela.pt\/noticias\/2026\/02\/26\/trump-contacta-presidente-do-mexico-apos-operacao-que-matou-el-mencho\/#primaryimage\"},\"image\":{\"@id\":\"https:\/\/portaltela.pt\/noticias\/2026\/02\/26\/trump-contacta-presidente-do-mexico-apos-operacao-que-matou-el-mencho\/#primaryimage\"},\"thumbnailUrl\":\"https:\/\/portaltela.pt\/s.01k8rhncp4jt1\/2026\/02\/img_1200x721uu2026-02-26-10-42-23-2423770.jpg\",\"datePublished\":\"2026-02-26T10:44:05+00:00\",\"author\":{\"@id\":\"https:\/\/portaltela.pt\/#\/schema\/person\/c4278d4a6028830caff9ee44b42d32ed\"},\"breadcrumb\":{\"@id\":\"https:\/\/portaltela.pt\/noticias\/2026\/02\/26\/trump-contacta-presidente-do-mexico-apos-operacao-que-matou-el-mencho\/#breadcrumb\"},\"inLanguage\":\"pt-PT\",\"potentialAction\":[{\"@type\":\"ReadAction\",\"target\":[\"https:\/\/portaltela.pt\/noticias\/2026\/02\/26\/trump-contacta-presidente-do-mexico-apos-operacao-que-matou-el-mencho\/\"]}]},{\"@type\":\"ImageObject\",\"inLanguage\":\"pt-PT\",\"@id\":\"https:\/\/portaltela.pt\/noticias\/2026\/02\/26\/trump-contacta-presidente-do-mexico-apos-operacao-que-matou-el-mencho\/#primaryimage\",\"url\":\"https:\/\/portaltela.pt\/s.01k8rhncp4jt1\/2026\/02\/img_1200x721uu2026-02-26-10-42-23-2423770.jpg\",\"contentUrl\":\"https:\/\/portaltela.pt\/s.01k8rhncp4jt1\/2026\/02\/img_1200x721uu2026-02-26-10-42-23-2423770.jpg\",\"width\":796,\"height\":448,\"caption\":\"Photo\"},{\"@type\":\"BreadcrumbList\",\"@id\":\"https:\/\/portaltela.pt\/noticias\/2026\/02\/26\/trump-contacta-presidente-do-mexico-apos-operacao-que-matou-el-mencho\/#breadcrumb\",\"itemListElement\":[{\"@type\":\"ListItem\",\"position\":1,\"name\":\"In\u00edcio\",\"item\":\"https:\/\/portaltela.pt\/\"},{\"@type\":\"ListItem\",\"position\":2,\"name\":\"Trump contacta presidente do M\u00e9xico ap\u00f3s opera\u00e7\u00e3o que matou El Mencho\"}]},{\"@type\":\"WebSite\",\"@id\":\"https:\/\/portaltela.pt\/#website\",\"url\":\"https:\/\/portaltela.pt\/\",\"name\":\"Portal Tela Portugal\",\"description\":\"\",\"potentialAction\":[{\"@type\":\"SearchAction\",\"target\":{\"@type\":\"EntryPoint\",\"urlTemplate\":\"https:\/\/portaltela.pt\/?s={search_term_string}\"},\"query-input\":{\"@type\":\"PropertyValueSpecification\",\"valueRequired\":true,\"valueName\":\"search_term_string\"}}],\"inLanguage\":\"pt-PT\"},{\"@type\":\"Person\",\"@id\":\"https:\/\/portaltela.pt\/#\/schema\/person\/c4278d4a6028830caff9ee44b42d32ed\",\"name\":\"Telinha\",\"image\":{\"@type\":\"ImageObject\",\"inLanguage\":\"pt-PT\",\"@id\":\"https:\/\/portaltela.pt\/s.01k8rhncp4jt1\/2025\/11\/talking-bot-125x125.png\",\"url\":\"https:\/\/portaltela.pt\/s.01k8rhncp4jt1\/2025\/11\/talking-bot-125x125.png\",\"contentUrl\":\"https:\/\/portaltela.pt\/s.01k8rhncp4jt1\/2025\/11\/talking-bot-125x125.png\",\"caption\":\"Telinha\"},\"sameAs\":[\"https:\/\/portaltela.pt\/\"],\"url\":\"https:\/\/portaltela.pt\/por\/367410592786\/\"}]}<\/script>\n<!-- \/ Yoast SEO plugin. -->","yoast_head_json":{"title":"Trump contacta presidente do M\u00e9xico ap\u00f3s opera\u00e7\u00e3o que matou El Mencho - Portal Tela Portugal","robots":{"index":"index","follow":"follow","max-snippet":"max-snippet:-1","max-image-preview":"max-image-preview:large","max-video-preview":"max-video-preview:-1"},"og_locale":"pt_PT","og_type":"article","og_title":"Trump contacta presidente do M\u00e9xico ap\u00f3s opera\u00e7\u00e3o que matou El Mencho - Portal Tela Portugal","og_description":"A presidente do M\u00e9xico, Claudia Sheinbaum, confirmou ter recebido telefonema do presidente dos Estados Unidos, Donald Trump. O contato ocorreu ap\u00f3s uma opera\u00e7\u00e3o militar que resultou na morte de Nemesio Oseguera Cervantes, conhecido como El Mencho. Cervantes era o l\u00edder do Cartel Jalisco Nueva Generaci\u00f3n. A informa\u00e7\u00e3o foi tornada p\u00fablica pela presidente mexicana. N\u00e3o foram divulgados detalhes adicionais sobre o conte\u00fado da conversa.","og_url":"https:\/\/portaltela.pt\/noticias\/2026\/02\/26\/trump-contacta-presidente-do-mexico-apos-operacao-que-matou-el-mencho\/","og_site_name":"Portal Tela Portugal","article_published_time":"2026-02-26T10:44:05+00:00","author":"Telinha","twitter_card":"summary_large_image","twitter_misc":{"Escrito por":"Telinha","Tempo estimado de leitura":"1 minuto"},"schema":{"@context":"https:\/\/schema.org","@graph":[{"@type":"Article","@id":"https:\/\/portaltela.pt\/noticias\/2026\/02\/26\/trump-contacta-presidente-do-mexico-apos-operacao-que-matou-el-mencho\/#article","isPartOf":{"@id":"https:\/\/portaltela.pt\/noticias\/2026\/02\/26\/trump-contacta-presidente-do-mexico-apos-operacao-que-matou-el-mencho\/"},"author":{"name":"Telinha","@id":"https:\/\/portaltela.pt\/#\/schema\/person\/c4278d4a6028830caff9ee44b42d32ed"},"headline":"Trump contacta presidente do M\u00e9xico ap\u00f3s opera\u00e7\u00e3o que matou El Mencho","datePublished":"2026-02-26T10:44:05+00:00","mainEntityOfPage":{"@id":"https:\/\/portaltela.pt\/noticias\/2026\/02\/26\/trump-contacta-presidente-do-mexico-apos-operacao-que-matou-el-mencho\/"},"wordCount":154,"image":{"@id":"https:\/\/portaltela.pt\/noticias\/2026\/02\/26\/trump-contacta-presidente-do-mexico-apos-operacao-que-matou-el-mencho\/#primaryimage"},"thumbnailUrl":"https:\/\/portaltela.pt\/s.01k8rhncp4jt1\/2026\/02\/img_1200x721uu2026-02-26-10-42-23-2423770.jpg","keywords":["cart\u00e9is internacionais","crime","Donald Trump","M\u00e9xico","organiza\u00e7\u00e3o criminosa","pol\u00edtica internacional"],"articleSection":["Internacional","Not\u00edcias"],"inLanguage":"pt-PT"},{"@type":"WebPage","@id":"https:\/\/portaltela.pt\/noticias\/2026\/02\/26\/trump-contacta-presidente-do-mexico-apos-operacao-que-matou-el-mencho\/","url":"https:\/\/portaltela.pt\/noticias\/2026\/02\/26\/trump-contacta-presidente-do-mexico-apos-operacao-que-matou-el-mencho\/","name":"Trump contacta presidente do M\u00e9xico ap\u00f3s opera\u00e7\u00e3o que matou El Mencho - Portal Tela Portugal","isPartOf":{"@id":"https:\/\/portaltela.pt\/#website"},"primaryImageOfPage":{"@id":"https:\/\/portaltela.pt\/noticias\/2026\/02\/26\/trump-contacta-presidente-do-mexico-apos-operacao-que-matou-el-mencho\/#primaryimage"},"image":{"@id":"https:\/\/portaltela.pt\/noticias\/2026\/02\/26\/trump-contacta-presidente-do-mexico-apos-operacao-que-matou-el-mencho\/#primaryimage"},"thumbnailUrl":"https:\/\/portaltela.pt\/s.01k8rhncp4jt1\/2026\/02\/img_1200x721uu2026-02-26-10-42-23-2423770.jpg","datePublished":"2026-02-26T10:44:05+00:00","author":{"@id":"https:\/\/portaltela.pt\/#\/schema\/person\/c4278d4a6028830caff9ee44b42d32ed"},"breadcrumb":{"@id":"https:\/\/portaltela.pt\/noticias\/2026\/02\/26\/trump-contacta-presidente-do-mexico-apos-operacao-que-matou-el-mencho\/#breadcrumb"},"inLanguage":"pt-PT","potentialAction":[{"@type":"ReadAction","target":["https:\/\/portaltela.pt\/noticias\/2026\/02\/26\/trump-contacta-presidente-do-mexico-apos-operacao-que-matou-el-mencho\/"]}]},{"@type":"ImageObject","inLanguage":"pt-PT","@id":"https:\/\/portaltela.pt\/noticias\/2026\/02\/26\/trump-contacta-presidente-do-mexico-apos-operacao-que-matou-el-mencho\/#primaryimage","url":"https:\/\/portaltela.pt\/s.01k8rhncp4jt1\/2026\/02\/img_1200x721uu2026-02-26-10-42-23-2423770.jpg","contentUrl":"https:\/\/portaltela.pt\/s.01k8rhncp4jt1\/2026\/02\/img_1200x721uu2026-02-26-10-42-23-2423770.jpg","width":796,"height":448,"caption":"Photo"},{"@type":"BreadcrumbList","@id":"https:\/\/portaltela.pt\/noticias\/2026\/02\/26\/trump-contacta-presidente-do-mexico-apos-operacao-que-matou-el-mencho\/#breadcrumb","itemListElement":[{"@type":"ListItem","position":1,"name":"In\u00edcio","item":"https:\/\/portaltela.pt\/"},{"@type":"ListItem","position":2,"name":"Trump contacta presidente do M\u00e9xico ap\u00f3s opera\u00e7\u00e3o que matou El Mencho"}]},{"@type":"WebSite","@id":"https:\/\/portaltela.pt\/#website","url":"https:\/\/portaltela.pt\/","name":"Portal Tela Portugal","description":"","potentialAction":[{"@type":"SearchAction","target":{"@type":"EntryPoint","urlTemplate":"https:\/\/portaltela.pt\/?s={search_term_string}"},"query-input":{"@type":"PropertyValueSpecification","valueRequired":true,"valueName":"search_term_string"}}],"inLanguage":"pt-PT"},{"@type":"Person","@id":"https:\/\/portaltela.pt\/#\/schema\/person\/c4278d4a6028830caff9ee44b42d32ed","name":"Telinha","image":{"@type":"ImageObject","inLanguage":"pt-PT","@id":"https:\/\/portaltela.pt\/s.01k8rhncp4jt1\/2025\/11\/talking-bot-125x125.png","url":"https:\/\/portaltela.pt\/s.01k8rhncp4jt1\/2025\/11\/talking-bot-125x125.png","contentUrl":"https:\/\/portaltela.pt\/s.01k8rhncp4jt1\/2025\/11\/talking-bot-125x125.png","caption":"Telinha"},"sameAs":["https:\/\/portaltela.pt\/"],"url":"https:\/\/portaltela.pt\/por\/367410592786\/"}]}},"_links":{"self":[{"href":"https:\/\/portaltela.pt\/api\/wp\/v2\/posts\/388758","targetHints":{"allow":["GET"]}}],"collection":[{"href":"https:\/\/portaltela.pt\/api\/wp\/v2\/posts"}],"about":[{"href":"https:\/\/portaltela.pt\/api\/wp\/v2\/types\/post"}],"author":[{"embeddable":true,"href":"https:\/\/portaltela.pt\/api\/wp\/v2\/users\/2"}],"replies":[{"embeddable":true,"href":"https:\/\/portaltela.pt\/api\/wp\/v2\/comments?post=388758"}],"version-history":[{"count":0,"href":"https:\/\/portaltela.pt\/api\/wp\/v2\/posts\/388758\/revisions"}],"wp:featuredmedia":[{"embeddable":true,"href":"https:\/\/portaltela.pt\/api\/wp\/v2\/media\/388769"}],"wp:attachment":[{"href":"https:\/\/portaltela.pt\/api\/wp\/v2\/media?parent=388758"}],"wp:term":[{"taxonomy":"category","embeddable":true,"href":"https:\/\/portaltela.pt\/api\/wp\/v2\/categories?post=388758"},{"taxonomy":"post_tag","embeddable":true,"href":"https:\/\/portaltela.pt\/api\/wp\/v2\/tags?post=388758"}],"curies":[{"name":"wp","href":"https:\/\/api.w.org\/{rel}","templated":true}]}}