{"id":388733,"date":"2026-02-26T07:26:54","date_gmt":"2026-02-26T10:26:54","guid":{"rendered":"https:\/\/portaltela.pt\/noticias\/2026\/02\/26\/bicampeao-da-nba-recorda-veroes-com-festas-de-cocaina\/"},"modified":"2026-02-26T07:26:54","modified_gmt":"2026-02-26T10:26:54","slug":"bicampeao-da-nba-recorda-veroes-com-festas-de-cocaina","status":"publish","type":"post","link":"https:\/\/portaltela.pt\/desporto\/2026\/02\/26\/bicampeao-da-nba-recorda-veroes-com-festas-de-cocaina\/","title":{"rendered":"Bicampe\u00e3o da NBA recorda ver\u00f5es com festas de coca\u00edna"},"content":{"rendered":"<p>Lamar Odom, antigo bicampe\u00e3o da NBA com os Lakers em 2009 e 2010, revelou no podcast Cousins, com Vince Carter e Tracy McGrady, que as adi\u00e7\u00f5es ao mundo das drogas afetaram o seu legado. O artista de 44 anos descreveu epis\u00f3dios de consumo de coca\u00edna durante os ver\u00f5es e reconheceu que quase perdeu a vida ap\u00f3s uma overdose vivida em Las Vegas, na casa de prostitui\u00e7\u00e3o Bunny Ranch, em 2015.<\/p>\n<p>Segundo o relato, Odom afirma que n\u00e3o fazia uso de subst\u00e2ncias enquanto jogava, mas admite que nos per\u00edodos de folga ocorria o consumo. O atleta sustenta que a depend\u00eancia o afastou de um futuro pleno no desporto e que interferiu com oportunidades, incluindo um poss\u00edvel reality show ligado \u00e0 vida pessoal com a ex-mulher Khlo\u00e9 Kardashian.<\/p>\n<p>Odom tamb\u00e9m contextualizou a situa\u00e7\u00e3o dentro da fam\u00edlia, apontando problemas de adi\u00e7\u00e3o j\u00e1 presentes no ambiente pr\u00f3ximo. O jogador indicou que o pai era viciado em hero\u00edna e explicou que come\u00e7ou a fumar cannabis na adolesc\u00eancia, aos 14 ou 15 anos, em um momento de dor pela morte da m\u00e3e aos 12 anos. A condu\u00e7\u00e3o da carreira levou-o por v\u00e1rias equipas, incluindo Los Angeles Clippers, Miami Heat, Dallas Mavericks e Baskonia, antes de se retirar do basquetebol.<\/p>\n<h3>Contexto pessoal e carreira<\/h3>\n<p>O atleta recorda que, ao longo da carreira, os ver\u00f5es foram marcados por comportamentos de risco e festas associadas a subst\u00e2ncias. Apesar de reconhecimentos de sucesso, como o pr\u00e9mio NBA Sixth Man of the Year, as escolhas fora de pista teriam prejudicado o aproveitamento do legado desportivo.<\/p>\n<h3>Repercuss\u00f5es e estado atual<\/h3>\n<p>A entrevista detalha a percep\u00e7\u00e3o de que o abuso de subst\u00e2ncias comprometeu a constru\u00e7\u00e3o de uma imagem est\u00e1vel ap\u00f3s o fim da carreira. A palestra p\u00fablica do ex-jogador procurou explicar o impacto das situa\u00e7\u00f5es pessoais na trajet\u00f3ria desportiva, sem, contudo, apresentar uma conclus\u00e3o ou opini\u00e3o final.<\/p>\n","protected":false},"excerpt":{"rendered":"<ul>\n<li>Lamar Odom, bicampe\u00e3o da NBA pelos Lakers em 2009 e 2010, falou sobre o seu passado ligado \u00e0s drogas no podcast Cousins, com Vince Carter e Tracy McGrady.<\/li>\n<li>Admitiu ter consumido coca\u00edna nos ver\u00f5es e descreveu-se como adicto; em 2015 quase morreu ap\u00f3s uma overdose na casa de prostitui\u00e7\u00e3o Bunny Ranch, em Las Vegas.<\/li>\n<li>Disse que as festas de coca\u00edna o impediram de manter o legado e que gravava um reality show com a ex-mulher, Khloe Kardashian, durante a \u00e9poca de competi\u00e7\u00e3o.<\/li>\n<li>Afirmou que os problemas de adi\u00e7\u00e3o j\u00e1 vinham da fam\u00edlia, com o pai viciado em hero\u00edna e a m\u00e3e falecida quando ele tinha 12 anos.<\/li>\n<li>Ao longo da carreira, Odom passou por v\u00e1rias equipas \u2014 Clippers, Miami Heat, Dallas Mavericks e Baskonia \u2014 antes de se retirar do basquetebol.<\/li>\n<\/ul>\n","protected":false},"author":2,"featured_media":388745,"comment_status":"closed","ping_status":"closed","sticky":false,"template":"","format":"standard","meta":{"footnotes":""},"categories":[21],"tags":[392,76,3699,4347,64,6052],"class_list":["post-388733","post","type-post","status-publish","format-standard","has-post-thumbnail","hentry","category-desporto","tag-basquetebol","tag-celebridades","tag-cocaina","tag-drogas","tag-familia","tag-overdoses"],"yoast_head":"<!-- This site is optimized with the Yoast SEO plugin v27.2 - https:\/\/yoast.com\/product\/yoast-seo-wordpress\/ -->\n<title>Bicampe\u00e3o da NBA recorda ver\u00f5es com festas de coca\u00edna - Portal Tela Portugal<\/title>\n<meta name=\"robots\" content=\"index, follow, max-snippet:-1, max-image-preview:large, max-video-preview:-1\" \/>\n<meta property=\"og:locale\" content=\"pt_PT\" \/>\n<meta property=\"og:type\" content=\"article\" \/>\n<meta property=\"og:title\" content=\"Bicampe\u00e3o da NBA recorda ver\u00f5es com festas de coca\u00edna - Portal Tela Portugal\" \/>\n<meta property=\"og:description\" content=\"Lamar Odom, bicampe\u00e3o da NBA pelos Lakers em 2009 e 2010, falou sobre o seu passado ligado \u00e0s drogas no podcast Cousins, com Vince Carter e Tracy McGrady. Admitiu ter consumido coca\u00edna nos ver\u00f5es e descreveu-se como adicto; em 2015 quase morreu ap\u00f3s uma overdose na casa de prostitui\u00e7\u00e3o Bunny Ranch, em Las Vegas. Disse que as festas de coca\u00edna o impediram de manter o legado e que gravava um reality show com a ex-mulher, Khloe Kardashian, durante a \u00e9poca de competi\u00e7\u00e3o. Afirmou que os problemas de adi\u00e7\u00e3o j\u00e1 vinham da fam\u00edlia, com o pai viciado em hero\u00edna e a m\u00e3e falecida quando ele tinha 12 anos. Ao longo da carreira, Odom passou por v\u00e1rias equipas \u2014 Clippers, Miami Heat, Dallas Mavericks e Baskonia \u2014 antes de se retirar do basquetebol.\" \/>\n<meta property=\"og:url\" content=\"https:\/\/portaltela.pt\/noticias\/2026\/02\/26\/bicampeao-da-nba-recorda-veroes-com-festas-de-cocaina\/\" \/>\n<meta property=\"og:site_name\" content=\"Portal Tela Portugal\" \/>\n<meta property=\"article:published_time\" content=\"2026-02-26T10:26:54+00:00\" \/>\n<meta name=\"author\" content=\"Telinha\" \/>\n<meta name=\"twitter:card\" content=\"summary_large_image\" \/>\n<meta name=\"twitter:label1\" content=\"Escrito por\" \/>\n\t<meta name=\"twitter:data1\" content=\"Telinha\" \/>\n\t<meta name=\"twitter:label2\" content=\"Tempo estimado de leitura\" \/>\n\t<meta name=\"twitter:data2\" content=\"2 minutos\" \/>\n<script type=\"application\/ld+json\" class=\"yoast-schema-graph\">{\"@context\":\"https:\/\/schema.org\",\"@graph\":[{\"@type\":\"Article\",\"@id\":\"https:\/\/portaltela.pt\/noticias\/2026\/02\/26\/bicampeao-da-nba-recorda-veroes-com-festas-de-cocaina\/#article\",\"isPartOf\":{\"@id\":\"https:\/\/portaltela.pt\/noticias\/2026\/02\/26\/bicampeao-da-nba-recorda-veroes-com-festas-de-cocaina\/\"},\"author\":{\"name\":\"Telinha\",\"@id\":\"https:\/\/portaltela.pt\/#\/schema\/person\/c4278d4a6028830caff9ee44b42d32ed\"},\"headline\":\"Bicampe\u00e3o da NBA recorda ver\u00f5es com festas de coca\u00edna\",\"datePublished\":\"2026-02-26T10:26:54+00:00\",\"mainEntityOfPage\":{\"@id\":\"https:\/\/portaltela.pt\/noticias\/2026\/02\/26\/bicampeao-da-nba-recorda-veroes-com-festas-de-cocaina\/\"},\"wordCount\":345,\"image\":{\"@id\":\"https:\/\/portaltela.pt\/noticias\/2026\/02\/26\/bicampeao-da-nba-recorda-veroes-com-festas-de-cocaina\/#primaryimage\"},\"thumbnailUrl\":\"https:\/\/portaltela.pt\/s.01k8rhncp4jt1\/2026\/02\/img_920x518uu2026-02-26-10-23-52-2423764.jpg\",\"keywords\":[\"basquetebol\",\"celebridades\",\"coca\u00edna\",\"drogas\",\"fam\u00edlia\",\"overdoses\"],\"articleSection\":[\"Desporto\"],\"inLanguage\":\"pt-PT\"},{\"@type\":\"WebPage\",\"@id\":\"https:\/\/portaltela.pt\/noticias\/2026\/02\/26\/bicampeao-da-nba-recorda-veroes-com-festas-de-cocaina\/\",\"url\":\"https:\/\/portaltela.pt\/noticias\/2026\/02\/26\/bicampeao-da-nba-recorda-veroes-com-festas-de-cocaina\/\",\"name\":\"Bicampe\u00e3o da NBA recorda ver\u00f5es com festas de coca\u00edna - Portal Tela Portugal\",\"isPartOf\":{\"@id\":\"https:\/\/portaltela.pt\/#website\"},\"primaryImageOfPage\":{\"@id\":\"https:\/\/portaltela.pt\/noticias\/2026\/02\/26\/bicampeao-da-nba-recorda-veroes-com-festas-de-cocaina\/#primaryimage\"},\"image\":{\"@id\":\"https:\/\/portaltela.pt\/noticias\/2026\/02\/26\/bicampeao-da-nba-recorda-veroes-com-festas-de-cocaina\/#primaryimage\"},\"thumbnailUrl\":\"https:\/\/portaltela.pt\/s.01k8rhncp4jt1\/2026\/02\/img_920x518uu2026-02-26-10-23-52-2423764.jpg\",\"datePublished\":\"2026-02-26T10:26:54+00:00\",\"author\":{\"@id\":\"https:\/\/portaltela.pt\/#\/schema\/person\/c4278d4a6028830caff9ee44b42d32ed\"},\"breadcrumb\":{\"@id\":\"https:\/\/portaltela.pt\/noticias\/2026\/02\/26\/bicampeao-da-nba-recorda-veroes-com-festas-de-cocaina\/#breadcrumb\"},\"inLanguage\":\"pt-PT\",\"potentialAction\":[{\"@type\":\"ReadAction\",\"target\":[\"https:\/\/portaltela.pt\/noticias\/2026\/02\/26\/bicampeao-da-nba-recorda-veroes-com-festas-de-cocaina\/\"]}]},{\"@type\":\"ImageObject\",\"inLanguage\":\"pt-PT\",\"@id\":\"https:\/\/portaltela.pt\/noticias\/2026\/02\/26\/bicampeao-da-nba-recorda-veroes-com-festas-de-cocaina\/#primaryimage\",\"url\":\"https:\/\/portaltela.pt\/s.01k8rhncp4jt1\/2026\/02\/img_920x518uu2026-02-26-10-23-52-2423764.jpg\",\"contentUrl\":\"https:\/\/portaltela.pt\/s.01k8rhncp4jt1\/2026\/02\/img_920x518uu2026-02-26-10-23-52-2423764.jpg\",\"width\":796,\"height\":448,\"caption\":\"Lamar Odom durante a passagem pelos Lakers\"},{\"@type\":\"BreadcrumbList\",\"@id\":\"https:\/\/portaltela.pt\/noticias\/2026\/02\/26\/bicampeao-da-nba-recorda-veroes-com-festas-de-cocaina\/#breadcrumb\",\"itemListElement\":[{\"@type\":\"ListItem\",\"position\":1,\"name\":\"In\u00edcio\",\"item\":\"https:\/\/portaltela.pt\/\"},{\"@type\":\"ListItem\",\"position\":2,\"name\":\"Bicampe\u00e3o da NBA recorda ver\u00f5es com festas de coca\u00edna\"}]},{\"@type\":\"WebSite\",\"@id\":\"https:\/\/portaltela.pt\/#website\",\"url\":\"https:\/\/portaltela.pt\/\",\"name\":\"Portal Tela Portugal\",\"description\":\"\",\"potentialAction\":[{\"@type\":\"SearchAction\",\"target\":{\"@type\":\"EntryPoint\",\"urlTemplate\":\"https:\/\/portaltela.pt\/?s={search_term_string}\"},\"query-input\":{\"@type\":\"PropertyValueSpecification\",\"valueRequired\":true,\"valueName\":\"search_term_string\"}}],\"inLanguage\":\"pt-PT\"},{\"@type\":\"Person\",\"@id\":\"https:\/\/portaltela.pt\/#\/schema\/person\/c4278d4a6028830caff9ee44b42d32ed\",\"name\":\"Telinha\",\"image\":{\"@type\":\"ImageObject\",\"inLanguage\":\"pt-PT\",\"@id\":\"https:\/\/portaltela.pt\/s.01k8rhncp4jt1\/2025\/11\/talking-bot-125x125.png\",\"url\":\"https:\/\/portaltela.pt\/s.01k8rhncp4jt1\/2025\/11\/talking-bot-125x125.png\",\"contentUrl\":\"https:\/\/portaltela.pt\/s.01k8rhncp4jt1\/2025\/11\/talking-bot-125x125.png\",\"caption\":\"Telinha\"},\"sameAs\":[\"https:\/\/portaltela.pt\/\"],\"url\":\"https:\/\/portaltela.pt\/por\/367410592786\/\"}]}<\/script>\n<!-- \/ Yoast SEO plugin. -->","yoast_head_json":{"title":"Bicampe\u00e3o da NBA recorda ver\u00f5es com festas de coca\u00edna - Portal Tela Portugal","robots":{"index":"index","follow":"follow","max-snippet":"max-snippet:-1","max-image-preview":"max-image-preview:large","max-video-preview":"max-video-preview:-1"},"og_locale":"pt_PT","og_type":"article","og_title":"Bicampe\u00e3o da NBA recorda ver\u00f5es com festas de coca\u00edna - Portal Tela Portugal","og_description":"Lamar Odom, bicampe\u00e3o da NBA pelos Lakers em 2009 e 2010, falou sobre o seu passado ligado \u00e0s drogas no podcast Cousins, com Vince Carter e Tracy McGrady. Admitiu ter consumido coca\u00edna nos ver\u00f5es e descreveu-se como adicto; em 2015 quase morreu ap\u00f3s uma overdose na casa de prostitui\u00e7\u00e3o Bunny Ranch, em Las Vegas. Disse que as festas de coca\u00edna o impediram de manter o legado e que gravava um reality show com a ex-mulher, Khloe Kardashian, durante a \u00e9poca de competi\u00e7\u00e3o. Afirmou que os problemas de adi\u00e7\u00e3o j\u00e1 vinham da fam\u00edlia, com o pai viciado em hero\u00edna e a m\u00e3e falecida quando ele tinha 12 anos. Ao longo da carreira, Odom passou por v\u00e1rias equipas \u2014 Clippers, Miami Heat, Dallas Mavericks e Baskonia \u2014 antes de se retirar do basquetebol.","og_url":"https:\/\/portaltela.pt\/noticias\/2026\/02\/26\/bicampeao-da-nba-recorda-veroes-com-festas-de-cocaina\/","og_site_name":"Portal Tela Portugal","article_published_time":"2026-02-26T10:26:54+00:00","author":"Telinha","twitter_card":"summary_large_image","twitter_misc":{"Escrito por":"Telinha","Tempo estimado de leitura":"2 minutos"},"schema":{"@context":"https:\/\/schema.org","@graph":[{"@type":"Article","@id":"https:\/\/portaltela.pt\/noticias\/2026\/02\/26\/bicampeao-da-nba-recorda-veroes-com-festas-de-cocaina\/#article","isPartOf":{"@id":"https:\/\/portaltela.pt\/noticias\/2026\/02\/26\/bicampeao-da-nba-recorda-veroes-com-festas-de-cocaina\/"},"author":{"name":"Telinha","@id":"https:\/\/portaltela.pt\/#\/schema\/person\/c4278d4a6028830caff9ee44b42d32ed"},"headline":"Bicampe\u00e3o da NBA recorda ver\u00f5es com festas de coca\u00edna","datePublished":"2026-02-26T10:26:54+00:00","mainEntityOfPage":{"@id":"https:\/\/portaltela.pt\/noticias\/2026\/02\/26\/bicampeao-da-nba-recorda-veroes-com-festas-de-cocaina\/"},"wordCount":345,"image":{"@id":"https:\/\/portaltela.pt\/noticias\/2026\/02\/26\/bicampeao-da-nba-recorda-veroes-com-festas-de-cocaina\/#primaryimage"},"thumbnailUrl":"https:\/\/portaltela.pt\/s.01k8rhncp4jt1\/2026\/02\/img_920x518uu2026-02-26-10-23-52-2423764.jpg","keywords":["basquetebol","celebridades","coca\u00edna","drogas","fam\u00edlia","overdoses"],"articleSection":["Desporto"],"inLanguage":"pt-PT"},{"@type":"WebPage","@id":"https:\/\/portaltela.pt\/noticias\/2026\/02\/26\/bicampeao-da-nba-recorda-veroes-com-festas-de-cocaina\/","url":"https:\/\/portaltela.pt\/noticias\/2026\/02\/26\/bicampeao-da-nba-recorda-veroes-com-festas-de-cocaina\/","name":"Bicampe\u00e3o da NBA recorda ver\u00f5es com festas de coca\u00edna - Portal Tela Portugal","isPartOf":{"@id":"https:\/\/portaltela.pt\/#website"},"primaryImageOfPage":{"@id":"https:\/\/portaltela.pt\/noticias\/2026\/02\/26\/bicampeao-da-nba-recorda-veroes-com-festas-de-cocaina\/#primaryimage"},"image":{"@id":"https:\/\/portaltela.pt\/noticias\/2026\/02\/26\/bicampeao-da-nba-recorda-veroes-com-festas-de-cocaina\/#primaryimage"},"thumbnailUrl":"https:\/\/portaltela.pt\/s.01k8rhncp4jt1\/2026\/02\/img_920x518uu2026-02-26-10-23-52-2423764.jpg","datePublished":"2026-02-26T10:26:54+00:00","author":{"@id":"https:\/\/portaltela.pt\/#\/schema\/person\/c4278d4a6028830caff9ee44b42d32ed"},"breadcrumb":{"@id":"https:\/\/portaltela.pt\/noticias\/2026\/02\/26\/bicampeao-da-nba-recorda-veroes-com-festas-de-cocaina\/#breadcrumb"},"inLanguage":"pt-PT","potentialAction":[{"@type":"ReadAction","target":["https:\/\/portaltela.pt\/noticias\/2026\/02\/26\/bicampeao-da-nba-recorda-veroes-com-festas-de-cocaina\/"]}]},{"@type":"ImageObject","inLanguage":"pt-PT","@id":"https:\/\/portaltela.pt\/noticias\/2026\/02\/26\/bicampeao-da-nba-recorda-veroes-com-festas-de-cocaina\/#primaryimage","url":"https:\/\/portaltela.pt\/s.01k8rhncp4jt1\/2026\/02\/img_920x518uu2026-02-26-10-23-52-2423764.jpg","contentUrl":"https:\/\/portaltela.pt\/s.01k8rhncp4jt1\/2026\/02\/img_920x518uu2026-02-26-10-23-52-2423764.jpg","width":796,"height":448,"caption":"Lamar Odom durante a passagem pelos Lakers"},{"@type":"BreadcrumbList","@id":"https:\/\/portaltela.pt\/noticias\/2026\/02\/26\/bicampeao-da-nba-recorda-veroes-com-festas-de-cocaina\/#breadcrumb","itemListElement":[{"@type":"ListItem","position":1,"name":"In\u00edcio","item":"https:\/\/portaltela.pt\/"},{"@type":"ListItem","position":2,"name":"Bicampe\u00e3o da NBA recorda ver\u00f5es com festas de coca\u00edna"}]},{"@type":"WebSite","@id":"https:\/\/portaltela.pt\/#website","url":"https:\/\/portaltela.pt\/","name":"Portal Tela Portugal","description":"","potentialAction":[{"@type":"SearchAction","target":{"@type":"EntryPoint","urlTemplate":"https:\/\/portaltela.pt\/?s={search_term_string}"},"query-input":{"@type":"PropertyValueSpecification","valueRequired":true,"valueName":"search_term_string"}}],"inLanguage":"pt-PT"},{"@type":"Person","@id":"https:\/\/portaltela.pt\/#\/schema\/person\/c4278d4a6028830caff9ee44b42d32ed","name":"Telinha","image":{"@type":"ImageObject","inLanguage":"pt-PT","@id":"https:\/\/portaltela.pt\/s.01k8rhncp4jt1\/2025\/11\/talking-bot-125x125.png","url":"https:\/\/portaltela.pt\/s.01k8rhncp4jt1\/2025\/11\/talking-bot-125x125.png","contentUrl":"https:\/\/portaltela.pt\/s.01k8rhncp4jt1\/2025\/11\/talking-bot-125x125.png","caption":"Telinha"},"sameAs":["https:\/\/portaltela.pt\/"],"url":"https:\/\/portaltela.pt\/por\/367410592786\/"}]}},"_links":{"self":[{"href":"https:\/\/portaltela.pt\/api\/wp\/v2\/posts\/388733","targetHints":{"allow":["GET"]}}],"collection":[{"href":"https:\/\/portaltela.pt\/api\/wp\/v2\/posts"}],"about":[{"href":"https:\/\/portaltela.pt\/api\/wp\/v2\/types\/post"}],"author":[{"embeddable":true,"href":"https:\/\/portaltela.pt\/api\/wp\/v2\/users\/2"}],"replies":[{"embeddable":true,"href":"https:\/\/portaltela.pt\/api\/wp\/v2\/comments?post=388733"}],"version-history":[{"count":0,"href":"https:\/\/portaltela.pt\/api\/wp\/v2\/posts\/388733\/revisions"}],"wp:featuredmedia":[{"embeddable":true,"href":"https:\/\/portaltela.pt\/api\/wp\/v2\/media\/388745"}],"wp:attachment":[{"href":"https:\/\/portaltela.pt\/api\/wp\/v2\/media?parent=388733"}],"wp:term":[{"taxonomy":"category","embeddable":true,"href":"https:\/\/portaltela.pt\/api\/wp\/v2\/categories?post=388733"},{"taxonomy":"post_tag","embeddable":true,"href":"https:\/\/portaltela.pt\/api\/wp\/v2\/tags?post=388733"}],"curies":[{"name":"wp","href":"https:\/\/api.w.org\/{rel}","templated":true}]}}