{"id":388731,"date":"2026-02-26T07:27:02","date_gmt":"2026-02-26T10:27:02","guid":{"rendered":"https:\/\/portaltela.pt\/noticias\/2026\/02\/26\/homem-mata-namorada-a-pancadas-chama-o-inem-e-vai-ao-funeral-chorar\/"},"modified":"2026-02-26T07:27:02","modified_gmt":"2026-02-26T10:27:02","slug":"homem-mata-namorada-a-pancadas-chama-o-inem-e-vai-ao-funeral-chorar","status":"publish","type":"post","link":"https:\/\/portaltela.pt\/noticias\/2026\/02\/26\/homem-mata-namorada-a-pancadas-chama-o-inem-e-vai-ao-funeral-chorar\/","title":{"rendered":"Homem mata namorada a pancadas, chama o INEM e vai ao funeral chorar"},"content":{"rendered":"<p>Foi not\u00edcia de viol\u00eancia f\u00edsica que terminou com a morte de uma mulher. O suspeito declarou que a v\u00edtima ter\u00e1 sofrido um aneurisma cerebral, mas a acusa\u00e7\u00e3o sustenta que o \u00f3bito resultou de uma pancada desferida pelo arguido.<\/p>\n<p>Segundo o que foi divulgado, o homem chamou os servi\u00e7os de urg\u00eancia ap\u00f3s o sucedido e, mais tarde, foi ao funeral da v\u00edtima para chorar a perda. A interven\u00e7\u00e3o policial ocorreu cerca de duas semanas ap\u00f3s o incidente, altura em que o arguido foi detido.<\/p>\n<p>A deten\u00e7\u00e3o do suspeito surpreendeu familiares, testemunhas e a comunidade envolvente, que aguardam o desenrolar do processo. O caso permanece sob investiga\u00e7\u00e3o, sem detalhes adicionais sobre per\u00edcias ou qualifica\u00e7\u00f5es legais p\u00fablicas at\u00e9 ao momento.<\/p>\n<p>Fonte: CM Jornal<\/p>\n","protected":false},"excerpt":{"rendered":"<ul>\n<li>O arguido alegou que a v\u00edtima tinha sofrido aneurisma cerebral.<\/li>\n<li>A v\u00edtima foi morta por agress\u00e3o f\u00edsica, segundo a acusa\u00e7\u00e3o.<\/li>\n<li>Ap\u00f3s o crime, o homem chamou o INEM.<\/li>\n<li>O suspeito esteve presente no funeral da v\u00edtima, chorando a perda.<\/li>\n<li>Duas semanas depois, o arguido foi detido pelas autoridades.<\/li>\n<\/ul>\n","protected":false},"author":2,"featured_media":388739,"comment_status":"closed","ping_status":"closed","sticky":false,"template":"","format":"standard","meta":{"footnotes":""},"categories":[1],"tags":[5249,6244,1345,1899,939,214],"class_list":["post-388731","post","type-post","status-publish","format-standard","has-post-thumbnail","hentry","category-noticias","tag-crime-de-homicidio","tag-detidos","tag-homicidio","tag-urgencias","tag-violencia","tag-violencia-domestica"],"yoast_head":"<!-- This site is optimized with the Yoast SEO plugin v27.2 - https:\/\/yoast.com\/product\/yoast-seo-wordpress\/ -->\n<title>Homem mata namorada a pancadas, chama o INEM e vai ao funeral chorar - Portal Tela Portugal<\/title>\n<meta name=\"robots\" content=\"index, follow, max-snippet:-1, max-image-preview:large, max-video-preview:-1\" \/>\n<meta property=\"og:locale\" content=\"pt_PT\" \/>\n<meta property=\"og:type\" content=\"article\" \/>\n<meta property=\"og:title\" content=\"Homem mata namorada a pancadas, chama o INEM e vai ao funeral chorar - Portal Tela Portugal\" \/>\n<meta property=\"og:description\" content=\"O arguido alegou que a v\u00edtima tinha sofrido aneurisma cerebral. A v\u00edtima foi morta por agress\u00e3o f\u00edsica, segundo a acusa\u00e7\u00e3o. Ap\u00f3s o crime, o homem chamou o INEM. O suspeito esteve presente no funeral da v\u00edtima, chorando a perda. Duas semanas depois, o arguido foi detido pelas autoridades.\" \/>\n<meta property=\"og:url\" content=\"https:\/\/portaltela.pt\/noticias\/2026\/02\/26\/homem-mata-namorada-a-pancadas-chama-o-inem-e-vai-ao-funeral-chorar\/\" \/>\n<meta property=\"og:site_name\" content=\"Portal Tela Portugal\" \/>\n<meta property=\"article:published_time\" content=\"2026-02-26T10:27:02+00:00\" \/>\n<meta name=\"author\" content=\"Telinha\" \/>\n<meta name=\"twitter:card\" content=\"summary_large_image\" \/>\n<meta name=\"twitter:label1\" content=\"Escrito por\" \/>\n\t<meta name=\"twitter:data1\" content=\"Telinha\" \/>\n\t<meta name=\"twitter:label2\" content=\"Tempo estimado de leitura\" \/>\n\t<meta name=\"twitter:data2\" content=\"1 minuto\" \/>\n<script type=\"application\/ld+json\" class=\"yoast-schema-graph\">{\"@context\":\"https:\/\/schema.org\",\"@graph\":[{\"@type\":\"Article\",\"@id\":\"https:\/\/portaltela.pt\/noticias\/2026\/02\/26\/homem-mata-namorada-a-pancadas-chama-o-inem-e-vai-ao-funeral-chorar\/#article\",\"isPartOf\":{\"@id\":\"https:\/\/portaltela.pt\/noticias\/2026\/02\/26\/homem-mata-namorada-a-pancadas-chama-o-inem-e-vai-ao-funeral-chorar\/\"},\"author\":{\"name\":\"Telinha\",\"@id\":\"https:\/\/portaltela.pt\/#\/schema\/person\/c4278d4a6028830caff9ee44b42d32ed\"},\"headline\":\"Homem mata namorada a pancadas, chama o INEM e vai ao funeral chorar\",\"datePublished\":\"2026-02-26T10:27:02+00:00\",\"mainEntityOfPage\":{\"@id\":\"https:\/\/portaltela.pt\/noticias\/2026\/02\/26\/homem-mata-namorada-a-pancadas-chama-o-inem-e-vai-ao-funeral-chorar\/\"},\"wordCount\":149,\"image\":{\"@id\":\"https:\/\/portaltela.pt\/noticias\/2026\/02\/26\/homem-mata-namorada-a-pancadas-chama-o-inem-e-vai-ao-funeral-chorar\/#primaryimage\"},\"thumbnailUrl\":\"https:\/\/portaltela.pt\/s.01k8rhncp4jt1\/2026\/02\/img_1280x722uu2026-02-25-16-12-16-2268970.jpg\",\"keywords\":[\"crime de homic\u00eddio\",\"detidos\",\"homic\u00eddio\",\"urg\u00eancias\",\"viol\u00eancia\",\"viol\u00eancia dom\u00e9stica\"],\"articleSection\":[\"Not\u00edcias\"],\"inLanguage\":\"pt-PT\"},{\"@type\":\"WebPage\",\"@id\":\"https:\/\/portaltela.pt\/noticias\/2026\/02\/26\/homem-mata-namorada-a-pancadas-chama-o-inem-e-vai-ao-funeral-chorar\/\",\"url\":\"https:\/\/portaltela.pt\/noticias\/2026\/02\/26\/homem-mata-namorada-a-pancadas-chama-o-inem-e-vai-ao-funeral-chorar\/\",\"name\":\"Homem mata namorada a pancadas, chama o INEM e vai ao funeral chorar - Portal Tela Portugal\",\"isPartOf\":{\"@id\":\"https:\/\/portaltela.pt\/#website\"},\"primaryImageOfPage\":{\"@id\":\"https:\/\/portaltela.pt\/noticias\/2026\/02\/26\/homem-mata-namorada-a-pancadas-chama-o-inem-e-vai-ao-funeral-chorar\/#primaryimage\"},\"image\":{\"@id\":\"https:\/\/portaltela.pt\/noticias\/2026\/02\/26\/homem-mata-namorada-a-pancadas-chama-o-inem-e-vai-ao-funeral-chorar\/#primaryimage\"},\"thumbnailUrl\":\"https:\/\/portaltela.pt\/s.01k8rhncp4jt1\/2026\/02\/img_1280x722uu2026-02-25-16-12-16-2268970.jpg\",\"datePublished\":\"2026-02-26T10:27:02+00:00\",\"author\":{\"@id\":\"https:\/\/portaltela.pt\/#\/schema\/person\/c4278d4a6028830caff9ee44b42d32ed\"},\"breadcrumb\":{\"@id\":\"https:\/\/portaltela.pt\/noticias\/2026\/02\/26\/homem-mata-namorada-a-pancadas-chama-o-inem-e-vai-ao-funeral-chorar\/#breadcrumb\"},\"inLanguage\":\"pt-PT\",\"potentialAction\":[{\"@type\":\"ReadAction\",\"target\":[\"https:\/\/portaltela.pt\/noticias\/2026\/02\/26\/homem-mata-namorada-a-pancadas-chama-o-inem-e-vai-ao-funeral-chorar\/\"]}]},{\"@type\":\"ImageObject\",\"inLanguage\":\"pt-PT\",\"@id\":\"https:\/\/portaltela.pt\/noticias\/2026\/02\/26\/homem-mata-namorada-a-pancadas-chama-o-inem-e-vai-ao-funeral-chorar\/#primaryimage\",\"url\":\"https:\/\/portaltela.pt\/s.01k8rhncp4jt1\/2026\/02\/img_1280x722uu2026-02-25-16-12-16-2268970.jpg\",\"contentUrl\":\"https:\/\/portaltela.pt\/s.01k8rhncp4jt1\/2026\/02\/img_1280x722uu2026-02-25-16-12-16-2268970.jpg\",\"width\":796,\"height\":448,\"caption\":\"Photo\"},{\"@type\":\"BreadcrumbList\",\"@id\":\"https:\/\/portaltela.pt\/noticias\/2026\/02\/26\/homem-mata-namorada-a-pancadas-chama-o-inem-e-vai-ao-funeral-chorar\/#breadcrumb\",\"itemListElement\":[{\"@type\":\"ListItem\",\"position\":1,\"name\":\"In\u00edcio\",\"item\":\"https:\/\/portaltela.pt\/\"},{\"@type\":\"ListItem\",\"position\":2,\"name\":\"Homem mata namorada a pancadas, chama o INEM e vai ao funeral chorar\"}]},{\"@type\":\"WebSite\",\"@id\":\"https:\/\/portaltela.pt\/#website\",\"url\":\"https:\/\/portaltela.pt\/\",\"name\":\"Portal Tela Portugal\",\"description\":\"\",\"potentialAction\":[{\"@type\":\"SearchAction\",\"target\":{\"@type\":\"EntryPoint\",\"urlTemplate\":\"https:\/\/portaltela.pt\/?s={search_term_string}\"},\"query-input\":{\"@type\":\"PropertyValueSpecification\",\"valueRequired\":true,\"valueName\":\"search_term_string\"}}],\"inLanguage\":\"pt-PT\"},{\"@type\":\"Person\",\"@id\":\"https:\/\/portaltela.pt\/#\/schema\/person\/c4278d4a6028830caff9ee44b42d32ed\",\"name\":\"Telinha\",\"image\":{\"@type\":\"ImageObject\",\"inLanguage\":\"pt-PT\",\"@id\":\"https:\/\/portaltela.pt\/s.01k8rhncp4jt1\/2025\/11\/talking-bot-125x125.png\",\"url\":\"https:\/\/portaltela.pt\/s.01k8rhncp4jt1\/2025\/11\/talking-bot-125x125.png\",\"contentUrl\":\"https:\/\/portaltela.pt\/s.01k8rhncp4jt1\/2025\/11\/talking-bot-125x125.png\",\"caption\":\"Telinha\"},\"sameAs\":[\"https:\/\/portaltela.pt\/\"],\"url\":\"https:\/\/portaltela.pt\/por\/367410592786\/\"}]}<\/script>\n<!-- \/ Yoast SEO plugin. -->","yoast_head_json":{"title":"Homem mata namorada a pancadas, chama o INEM e vai ao funeral chorar - Portal Tela Portugal","robots":{"index":"index","follow":"follow","max-snippet":"max-snippet:-1","max-image-preview":"max-image-preview:large","max-video-preview":"max-video-preview:-1"},"og_locale":"pt_PT","og_type":"article","og_title":"Homem mata namorada a pancadas, chama o INEM e vai ao funeral chorar - Portal Tela Portugal","og_description":"O arguido alegou que a v\u00edtima tinha sofrido aneurisma cerebral. A v\u00edtima foi morta por agress\u00e3o f\u00edsica, segundo a acusa\u00e7\u00e3o. Ap\u00f3s o crime, o homem chamou o INEM. O suspeito esteve presente no funeral da v\u00edtima, chorando a perda. Duas semanas depois, o arguido foi detido pelas autoridades.","og_url":"https:\/\/portaltela.pt\/noticias\/2026\/02\/26\/homem-mata-namorada-a-pancadas-chama-o-inem-e-vai-ao-funeral-chorar\/","og_site_name":"Portal Tela Portugal","article_published_time":"2026-02-26T10:27:02+00:00","author":"Telinha","twitter_card":"summary_large_image","twitter_misc":{"Escrito por":"Telinha","Tempo estimado de leitura":"1 minuto"},"schema":{"@context":"https:\/\/schema.org","@graph":[{"@type":"Article","@id":"https:\/\/portaltela.pt\/noticias\/2026\/02\/26\/homem-mata-namorada-a-pancadas-chama-o-inem-e-vai-ao-funeral-chorar\/#article","isPartOf":{"@id":"https:\/\/portaltela.pt\/noticias\/2026\/02\/26\/homem-mata-namorada-a-pancadas-chama-o-inem-e-vai-ao-funeral-chorar\/"},"author":{"name":"Telinha","@id":"https:\/\/portaltela.pt\/#\/schema\/person\/c4278d4a6028830caff9ee44b42d32ed"},"headline":"Homem mata namorada a pancadas, chama o INEM e vai ao funeral chorar","datePublished":"2026-02-26T10:27:02+00:00","mainEntityOfPage":{"@id":"https:\/\/portaltela.pt\/noticias\/2026\/02\/26\/homem-mata-namorada-a-pancadas-chama-o-inem-e-vai-ao-funeral-chorar\/"},"wordCount":149,"image":{"@id":"https:\/\/portaltela.pt\/noticias\/2026\/02\/26\/homem-mata-namorada-a-pancadas-chama-o-inem-e-vai-ao-funeral-chorar\/#primaryimage"},"thumbnailUrl":"https:\/\/portaltela.pt\/s.01k8rhncp4jt1\/2026\/02\/img_1280x722uu2026-02-25-16-12-16-2268970.jpg","keywords":["crime de homic\u00eddio","detidos","homic\u00eddio","urg\u00eancias","viol\u00eancia","viol\u00eancia dom\u00e9stica"],"articleSection":["Not\u00edcias"],"inLanguage":"pt-PT"},{"@type":"WebPage","@id":"https:\/\/portaltela.pt\/noticias\/2026\/02\/26\/homem-mata-namorada-a-pancadas-chama-o-inem-e-vai-ao-funeral-chorar\/","url":"https:\/\/portaltela.pt\/noticias\/2026\/02\/26\/homem-mata-namorada-a-pancadas-chama-o-inem-e-vai-ao-funeral-chorar\/","name":"Homem mata namorada a pancadas, chama o INEM e vai ao funeral chorar - Portal Tela Portugal","isPartOf":{"@id":"https:\/\/portaltela.pt\/#website"},"primaryImageOfPage":{"@id":"https:\/\/portaltela.pt\/noticias\/2026\/02\/26\/homem-mata-namorada-a-pancadas-chama-o-inem-e-vai-ao-funeral-chorar\/#primaryimage"},"image":{"@id":"https:\/\/portaltela.pt\/noticias\/2026\/02\/26\/homem-mata-namorada-a-pancadas-chama-o-inem-e-vai-ao-funeral-chorar\/#primaryimage"},"thumbnailUrl":"https:\/\/portaltela.pt\/s.01k8rhncp4jt1\/2026\/02\/img_1280x722uu2026-02-25-16-12-16-2268970.jpg","datePublished":"2026-02-26T10:27:02+00:00","author":{"@id":"https:\/\/portaltela.pt\/#\/schema\/person\/c4278d4a6028830caff9ee44b42d32ed"},"breadcrumb":{"@id":"https:\/\/portaltela.pt\/noticias\/2026\/02\/26\/homem-mata-namorada-a-pancadas-chama-o-inem-e-vai-ao-funeral-chorar\/#breadcrumb"},"inLanguage":"pt-PT","potentialAction":[{"@type":"ReadAction","target":["https:\/\/portaltela.pt\/noticias\/2026\/02\/26\/homem-mata-namorada-a-pancadas-chama-o-inem-e-vai-ao-funeral-chorar\/"]}]},{"@type":"ImageObject","inLanguage":"pt-PT","@id":"https:\/\/portaltela.pt\/noticias\/2026\/02\/26\/homem-mata-namorada-a-pancadas-chama-o-inem-e-vai-ao-funeral-chorar\/#primaryimage","url":"https:\/\/portaltela.pt\/s.01k8rhncp4jt1\/2026\/02\/img_1280x722uu2026-02-25-16-12-16-2268970.jpg","contentUrl":"https:\/\/portaltela.pt\/s.01k8rhncp4jt1\/2026\/02\/img_1280x722uu2026-02-25-16-12-16-2268970.jpg","width":796,"height":448,"caption":"Photo"},{"@type":"BreadcrumbList","@id":"https:\/\/portaltela.pt\/noticias\/2026\/02\/26\/homem-mata-namorada-a-pancadas-chama-o-inem-e-vai-ao-funeral-chorar\/#breadcrumb","itemListElement":[{"@type":"ListItem","position":1,"name":"In\u00edcio","item":"https:\/\/portaltela.pt\/"},{"@type":"ListItem","position":2,"name":"Homem mata namorada a pancadas, chama o INEM e vai ao funeral chorar"}]},{"@type":"WebSite","@id":"https:\/\/portaltela.pt\/#website","url":"https:\/\/portaltela.pt\/","name":"Portal Tela Portugal","description":"","potentialAction":[{"@type":"SearchAction","target":{"@type":"EntryPoint","urlTemplate":"https:\/\/portaltela.pt\/?s={search_term_string}"},"query-input":{"@type":"PropertyValueSpecification","valueRequired":true,"valueName":"search_term_string"}}],"inLanguage":"pt-PT"},{"@type":"Person","@id":"https:\/\/portaltela.pt\/#\/schema\/person\/c4278d4a6028830caff9ee44b42d32ed","name":"Telinha","image":{"@type":"ImageObject","inLanguage":"pt-PT","@id":"https:\/\/portaltela.pt\/s.01k8rhncp4jt1\/2025\/11\/talking-bot-125x125.png","url":"https:\/\/portaltela.pt\/s.01k8rhncp4jt1\/2025\/11\/talking-bot-125x125.png","contentUrl":"https:\/\/portaltela.pt\/s.01k8rhncp4jt1\/2025\/11\/talking-bot-125x125.png","caption":"Telinha"},"sameAs":["https:\/\/portaltela.pt\/"],"url":"https:\/\/portaltela.pt\/por\/367410592786\/"}]}},"_links":{"self":[{"href":"https:\/\/portaltela.pt\/api\/wp\/v2\/posts\/388731","targetHints":{"allow":["GET"]}}],"collection":[{"href":"https:\/\/portaltela.pt\/api\/wp\/v2\/posts"}],"about":[{"href":"https:\/\/portaltela.pt\/api\/wp\/v2\/types\/post"}],"author":[{"embeddable":true,"href":"https:\/\/portaltela.pt\/api\/wp\/v2\/users\/2"}],"replies":[{"embeddable":true,"href":"https:\/\/portaltela.pt\/api\/wp\/v2\/comments?post=388731"}],"version-history":[{"count":0,"href":"https:\/\/portaltela.pt\/api\/wp\/v2\/posts\/388731\/revisions"}],"wp:featuredmedia":[{"embeddable":true,"href":"https:\/\/portaltela.pt\/api\/wp\/v2\/media\/388739"}],"wp:attachment":[{"href":"https:\/\/portaltela.pt\/api\/wp\/v2\/media?parent=388731"}],"wp:term":[{"taxonomy":"category","embeddable":true,"href":"https:\/\/portaltela.pt\/api\/wp\/v2\/categories?post=388731"},{"taxonomy":"post_tag","embeddable":true,"href":"https:\/\/portaltela.pt\/api\/wp\/v2\/tags?post=388731"}],"curies":[{"name":"wp","href":"https:\/\/api.w.org\/{rel}","templated":true}]}}