{"id":388728,"date":"2026-02-26T07:28:00","date_gmt":"2026-02-26T10:28:00","guid":{"rendered":"https:\/\/portaltela.pt\/noticias\/2026\/02\/26\/confianca-dos-consumidores-cai-em-fevereiro-clima-economico-aumenta\/"},"modified":"2026-02-26T07:28:00","modified_gmt":"2026-02-26T10:28:00","slug":"confianca-dos-consumidores-cai-em-fevereiro-clima-economico-aumenta","status":"publish","type":"post","link":"https:\/\/portaltela.pt\/noticias\/economia\/2026\/02\/26\/confianca-dos-consumidores-cai-em-fevereiro-clima-economico-aumenta\/","title":{"rendered":"Confian\u00e7a dos consumidores cai em fevereiro; clima econ\u00f3mico aumenta"},"content":{"rendered":"<p>O indicador de confian\u00e7a dos consumidores caiu em fevereiro, segundo o Instituto Nacional de Estat\u00edstica (INE). O clima econ\u00f3mico tamb\u00e9m aumentou ligeiramente ap\u00f3s uma queda em janeiro.<\/p>\n<p>O INE explica que a evolu\u00e7\u00e3o foi sustentada por contribui\u00e7\u00f5es negativas em todas as componentes da confian\u00e7a: perspetivas de compra de bens duradouros, situa\u00e7\u00e3o econ\u00f3mica do pa\u00eds e, em menor medida, opini\u00f5es sobre a situa\u00e7\u00e3o financeira familiar.<\/p>\n<p>Ainda sobre os pre\u00e7os, o saldo de opini\u00f5es sobre a evolu\u00e7\u00e3o passada dos pre\u00e7os subiu, enquanto as expectativas de pre\u00e7o futuro aumentaram entre dezembro e fevereiro, ap\u00f3s tr\u00eas meses de queda.<\/p>\n<h3>Din\u00e2mica do clima econ\u00f3mico por setores<\/h3>\n<p>O indicador de clima econ\u00f3mico, baseado em empresas, aumentou ligeiramente em fevereiro. A confian\u00e7a subiu nos servi\u00e7os e na ind\u00fastria transformadora, mas recuou no com\u00e9rcio, e na constru\u00e7\u00e3o e obras p\u00fablicas.<\/p>\n<p>Nos servi\u00e7os, houve melhoria da procura e da carteira de encomendas. Na ind\u00fastria transformadora, o impulso positivo refletiu perspetivas de produ\u00e7\u00e3o. Em contrapartida, o com\u00e9rcio registou decr\u00e9scimo de confian\u00e7a e a constru\u00e7\u00e3o emitiu perspetivas negativas de emprego.<\/p>\n<p>Os saldos das expectativas de pre\u00e7os de venda por setor tamb\u00e9m mostraram varia\u00e7\u00f5es: avultaram nos servi\u00e7os, reduziram-se na ind\u00fastria, com\u00e9rcio e constru\u00e7\u00e3o.<\/p>\n","protected":false},"excerpt":{"rendered":"<ul>\n<li>O indicador de confian\u00e7a dos consumidores caiu em fevereiro, segundo o Instituto Nacional de Estat\u00edstica (INE), ap\u00f3s dois meses de subida.<\/li>\n<li>O indicador de clima econ\u00f3mico aumentou levemente em fevereiro, ap\u00f3s queda em janeiro, com ganhos em servi\u00e7os e ind\u00fastria transformadora e perdas no com\u00e9rcio e constru\u00e7\u00e3o.<\/li>\n<li>Entre os consumidores, perspetivas sobre a evolu\u00e7\u00e3o futura da realiza\u00e7\u00e3o de compras importantes, a situa\u00e7\u00e3o econ\u00f3mica do pa\u00eds e a situa\u00e7\u00e3o financeira do agregado familiar contribu\u00edram negativamente para a confian\u00e7a.<\/li>\n<li>Os saldos de expectativas sobre a evolu\u00e7\u00e3o futura dos pre\u00e7os aumentaram entre dezembro e fevereiro, ap\u00f3s descidas nos tr\u00eas meses anteriores.<\/li>\n<li>A confian\u00e7a setorial manteve-se positiva nos servi\u00e7os e na ind\u00fastria transformadora, mas diminuiu no com\u00e9rcio e na constru\u00e7\u00e3o e obras p\u00fablicas.<\/li>\n<\/ul>\n","protected":false},"author":2,"featured_media":388742,"comment_status":"closed","ping_status":"closed","sticky":false,"template":"","format":"standard","meta":{"footnotes":""},"categories":[2,1],"tags":[6115,718,5872,28,4431,727],"class_list":["post-388728","post","type-post","status-publish","format-standard","has-post-thumbnail","hentry","category-economia","category-noticias","tag-_economia","tag-construcao","tag-crescimento-economico","tag-economia","tag-industria-transformadora","tag-servicos"],"yoast_head":"<!-- This site is optimized with the Yoast SEO plugin v27.2 - https:\/\/yoast.com\/product\/yoast-seo-wordpress\/ -->\n<title>Confian\u00e7a dos consumidores cai em fevereiro; clima econ\u00f3mico aumenta - Portal Tela Portugal<\/title>\n<meta name=\"robots\" content=\"index, follow, max-snippet:-1, max-image-preview:large, max-video-preview:-1\" \/>\n<meta property=\"og:locale\" content=\"pt_PT\" \/>\n<meta property=\"og:type\" content=\"article\" \/>\n<meta property=\"og:title\" content=\"Confian\u00e7a dos consumidores cai em fevereiro; clima econ\u00f3mico aumenta - Portal Tela Portugal\" \/>\n<meta property=\"og:description\" content=\"O indicador de confian\u00e7a dos consumidores caiu em fevereiro, segundo o Instituto Nacional de Estat\u00edstica (INE), ap\u00f3s dois meses de subida. O indicador de clima econ\u00f3mico aumentou levemente em fevereiro, ap\u00f3s queda em janeiro, com ganhos em servi\u00e7os e ind\u00fastria transformadora e perdas no com\u00e9rcio e constru\u00e7\u00e3o. Entre os consumidores, perspetivas sobre a evolu\u00e7\u00e3o futura da realiza\u00e7\u00e3o de compras importantes, a situa\u00e7\u00e3o econ\u00f3mica do pa\u00eds e a situa\u00e7\u00e3o financeira do agregado familiar contribu\u00edram negativamente para a confian\u00e7a. Os saldos de expectativas sobre a evolu\u00e7\u00e3o futura dos pre\u00e7os aumentaram entre dezembro e fevereiro, ap\u00f3s descidas nos tr\u00eas meses anteriores. A confian\u00e7a setorial manteve-se positiva nos servi\u00e7os e na ind\u00fastria transformadora, mas diminuiu no com\u00e9rcio e na constru\u00e7\u00e3o e obras p\u00fablicas.\" \/>\n<meta property=\"og:url\" content=\"https:\/\/portaltela.pt\/noticias\/2026\/02\/26\/confianca-dos-consumidores-cai-em-fevereiro-clima-economico-aumenta\/\" \/>\n<meta property=\"og:site_name\" content=\"Portal Tela Portugal\" \/>\n<meta property=\"article:published_time\" content=\"2026-02-26T10:28:00+00:00\" \/>\n<meta name=\"author\" content=\"Telinha\" \/>\n<meta name=\"twitter:card\" content=\"summary_large_image\" \/>\n<meta name=\"twitter:label1\" content=\"Escrito por\" \/>\n\t<meta name=\"twitter:data1\" content=\"Telinha\" \/>\n\t<meta name=\"twitter:label2\" content=\"Tempo estimado de leitura\" \/>\n\t<meta name=\"twitter:data2\" content=\"1 minuto\" \/>\n<script type=\"application\/ld+json\" class=\"yoast-schema-graph\">{\"@context\":\"https:\/\/schema.org\",\"@graph\":[{\"@type\":\"Article\",\"@id\":\"https:\/\/portaltela.pt\/noticias\/2026\/02\/26\/confianca-dos-consumidores-cai-em-fevereiro-clima-economico-aumenta\/#article\",\"isPartOf\":{\"@id\":\"https:\/\/portaltela.pt\/noticias\/2026\/02\/26\/confianca-dos-consumidores-cai-em-fevereiro-clima-economico-aumenta\/\"},\"author\":{\"name\":\"Telinha\",\"@id\":\"https:\/\/portaltela.pt\/#\/schema\/person\/c4278d4a6028830caff9ee44b42d32ed\"},\"headline\":\"Confian\u00e7a dos consumidores cai em fevereiro; clima econ\u00f3mico aumenta\",\"datePublished\":\"2026-02-26T10:28:00+00:00\",\"mainEntityOfPage\":{\"@id\":\"https:\/\/portaltela.pt\/noticias\/2026\/02\/26\/confianca-dos-consumidores-cai-em-fevereiro-clima-economico-aumenta\/\"},\"wordCount\":245,\"image\":{\"@id\":\"https:\/\/portaltela.pt\/noticias\/2026\/02\/26\/confianca-dos-consumidores-cai-em-fevereiro-clima-economico-aumenta\/#primaryimage\"},\"thumbnailUrl\":\"https:\/\/portaltela.pt\/s.01k8rhncp4jt1\/2026\/02\/img_1500x1000uu2025-06-26-09-33-48-2218696.jpg\",\"keywords\":[\"_economia\",\"Constru\u00e7\u00e3o\",\"crescimento econ\u00f3mico\",\"economia\",\"ind\u00fastria transformadora\",\"servi\u00e7os\"],\"articleSection\":[\"Economia\",\"Not\u00edcias\"],\"inLanguage\":\"pt-PT\"},{\"@type\":\"WebPage\",\"@id\":\"https:\/\/portaltela.pt\/noticias\/2026\/02\/26\/confianca-dos-consumidores-cai-em-fevereiro-clima-economico-aumenta\/\",\"url\":\"https:\/\/portaltela.pt\/noticias\/2026\/02\/26\/confianca-dos-consumidores-cai-em-fevereiro-clima-economico-aumenta\/\",\"name\":\"Confian\u00e7a dos consumidores cai em fevereiro; clima econ\u00f3mico aumenta - Portal Tela Portugal\",\"isPartOf\":{\"@id\":\"https:\/\/portaltela.pt\/#website\"},\"primaryImageOfPage\":{\"@id\":\"https:\/\/portaltela.pt\/noticias\/2026\/02\/26\/confianca-dos-consumidores-cai-em-fevereiro-clima-economico-aumenta\/#primaryimage\"},\"image\":{\"@id\":\"https:\/\/portaltela.pt\/noticias\/2026\/02\/26\/confianca-dos-consumidores-cai-em-fevereiro-clima-economico-aumenta\/#primaryimage\"},\"thumbnailUrl\":\"https:\/\/portaltela.pt\/s.01k8rhncp4jt1\/2026\/02\/img_1500x1000uu2025-06-26-09-33-48-2218696.jpg\",\"datePublished\":\"2026-02-26T10:28:00+00:00\",\"author\":{\"@id\":\"https:\/\/portaltela.pt\/#\/schema\/person\/c4278d4a6028830caff9ee44b42d32ed\"},\"breadcrumb\":{\"@id\":\"https:\/\/portaltela.pt\/noticias\/2026\/02\/26\/confianca-dos-consumidores-cai-em-fevereiro-clima-economico-aumenta\/#breadcrumb\"},\"inLanguage\":\"pt-PT\",\"potentialAction\":[{\"@type\":\"ReadAction\",\"target\":[\"https:\/\/portaltela.pt\/noticias\/2026\/02\/26\/confianca-dos-consumidores-cai-em-fevereiro-clima-economico-aumenta\/\"]}]},{\"@type\":\"ImageObject\",\"inLanguage\":\"pt-PT\",\"@id\":\"https:\/\/portaltela.pt\/noticias\/2026\/02\/26\/confianca-dos-consumidores-cai-em-fevereiro-clima-economico-aumenta\/#primaryimage\",\"url\":\"https:\/\/portaltela.pt\/s.01k8rhncp4jt1\/2026\/02\/img_1500x1000uu2025-06-26-09-33-48-2218696.jpg\",\"contentUrl\":\"https:\/\/portaltela.pt\/s.01k8rhncp4jt1\/2026\/02\/img_1500x1000uu2025-06-26-09-33-48-2218696.jpg\",\"width\":796,\"height\":448,\"caption\":\"Recibo de compras com produtos como p\u00e3o, pretzels e mistura para bolo\"},{\"@type\":\"BreadcrumbList\",\"@id\":\"https:\/\/portaltela.pt\/noticias\/2026\/02\/26\/confianca-dos-consumidores-cai-em-fevereiro-clima-economico-aumenta\/#breadcrumb\",\"itemListElement\":[{\"@type\":\"ListItem\",\"position\":1,\"name\":\"In\u00edcio\",\"item\":\"https:\/\/portaltela.pt\/\"},{\"@type\":\"ListItem\",\"position\":2,\"name\":\"Confian\u00e7a dos consumidores cai em fevereiro; clima econ\u00f3mico aumenta\"}]},{\"@type\":\"WebSite\",\"@id\":\"https:\/\/portaltela.pt\/#website\",\"url\":\"https:\/\/portaltela.pt\/\",\"name\":\"Portal Tela Portugal\",\"description\":\"\",\"potentialAction\":[{\"@type\":\"SearchAction\",\"target\":{\"@type\":\"EntryPoint\",\"urlTemplate\":\"https:\/\/portaltela.pt\/?s={search_term_string}\"},\"query-input\":{\"@type\":\"PropertyValueSpecification\",\"valueRequired\":true,\"valueName\":\"search_term_string\"}}],\"inLanguage\":\"pt-PT\"},{\"@type\":\"Person\",\"@id\":\"https:\/\/portaltela.pt\/#\/schema\/person\/c4278d4a6028830caff9ee44b42d32ed\",\"name\":\"Telinha\",\"image\":{\"@type\":\"ImageObject\",\"inLanguage\":\"pt-PT\",\"@id\":\"https:\/\/portaltela.pt\/s.01k8rhncp4jt1\/2025\/11\/talking-bot-125x125.png\",\"url\":\"https:\/\/portaltela.pt\/s.01k8rhncp4jt1\/2025\/11\/talking-bot-125x125.png\",\"contentUrl\":\"https:\/\/portaltela.pt\/s.01k8rhncp4jt1\/2025\/11\/talking-bot-125x125.png\",\"caption\":\"Telinha\"},\"sameAs\":[\"https:\/\/portaltela.pt\/\"],\"url\":\"https:\/\/portaltela.pt\/por\/367410592786\/\"}]}<\/script>\n<!-- \/ Yoast SEO plugin. -->","yoast_head_json":{"title":"Confian\u00e7a dos consumidores cai em fevereiro; clima econ\u00f3mico aumenta - Portal Tela Portugal","robots":{"index":"index","follow":"follow","max-snippet":"max-snippet:-1","max-image-preview":"max-image-preview:large","max-video-preview":"max-video-preview:-1"},"og_locale":"pt_PT","og_type":"article","og_title":"Confian\u00e7a dos consumidores cai em fevereiro; clima econ\u00f3mico aumenta - Portal Tela Portugal","og_description":"O indicador de confian\u00e7a dos consumidores caiu em fevereiro, segundo o Instituto Nacional de Estat\u00edstica (INE), ap\u00f3s dois meses de subida. O indicador de clima econ\u00f3mico aumentou levemente em fevereiro, ap\u00f3s queda em janeiro, com ganhos em servi\u00e7os e ind\u00fastria transformadora e perdas no com\u00e9rcio e constru\u00e7\u00e3o. Entre os consumidores, perspetivas sobre a evolu\u00e7\u00e3o futura da realiza\u00e7\u00e3o de compras importantes, a situa\u00e7\u00e3o econ\u00f3mica do pa\u00eds e a situa\u00e7\u00e3o financeira do agregado familiar contribu\u00edram negativamente para a confian\u00e7a. Os saldos de expectativas sobre a evolu\u00e7\u00e3o futura dos pre\u00e7os aumentaram entre dezembro e fevereiro, ap\u00f3s descidas nos tr\u00eas meses anteriores. A confian\u00e7a setorial manteve-se positiva nos servi\u00e7os e na ind\u00fastria transformadora, mas diminuiu no com\u00e9rcio e na constru\u00e7\u00e3o e obras p\u00fablicas.","og_url":"https:\/\/portaltela.pt\/noticias\/2026\/02\/26\/confianca-dos-consumidores-cai-em-fevereiro-clima-economico-aumenta\/","og_site_name":"Portal Tela Portugal","article_published_time":"2026-02-26T10:28:00+00:00","author":"Telinha","twitter_card":"summary_large_image","twitter_misc":{"Escrito por":"Telinha","Tempo estimado de leitura":"1 minuto"},"schema":{"@context":"https:\/\/schema.org","@graph":[{"@type":"Article","@id":"https:\/\/portaltela.pt\/noticias\/2026\/02\/26\/confianca-dos-consumidores-cai-em-fevereiro-clima-economico-aumenta\/#article","isPartOf":{"@id":"https:\/\/portaltela.pt\/noticias\/2026\/02\/26\/confianca-dos-consumidores-cai-em-fevereiro-clima-economico-aumenta\/"},"author":{"name":"Telinha","@id":"https:\/\/portaltela.pt\/#\/schema\/person\/c4278d4a6028830caff9ee44b42d32ed"},"headline":"Confian\u00e7a dos consumidores cai em fevereiro; clima econ\u00f3mico aumenta","datePublished":"2026-02-26T10:28:00+00:00","mainEntityOfPage":{"@id":"https:\/\/portaltela.pt\/noticias\/2026\/02\/26\/confianca-dos-consumidores-cai-em-fevereiro-clima-economico-aumenta\/"},"wordCount":245,"image":{"@id":"https:\/\/portaltela.pt\/noticias\/2026\/02\/26\/confianca-dos-consumidores-cai-em-fevereiro-clima-economico-aumenta\/#primaryimage"},"thumbnailUrl":"https:\/\/portaltela.pt\/s.01k8rhncp4jt1\/2026\/02\/img_1500x1000uu2025-06-26-09-33-48-2218696.jpg","keywords":["_economia","Constru\u00e7\u00e3o","crescimento econ\u00f3mico","economia","ind\u00fastria transformadora","servi\u00e7os"],"articleSection":["Economia","Not\u00edcias"],"inLanguage":"pt-PT"},{"@type":"WebPage","@id":"https:\/\/portaltela.pt\/noticias\/2026\/02\/26\/confianca-dos-consumidores-cai-em-fevereiro-clima-economico-aumenta\/","url":"https:\/\/portaltela.pt\/noticias\/2026\/02\/26\/confianca-dos-consumidores-cai-em-fevereiro-clima-economico-aumenta\/","name":"Confian\u00e7a dos consumidores cai em fevereiro; clima econ\u00f3mico aumenta - Portal Tela Portugal","isPartOf":{"@id":"https:\/\/portaltela.pt\/#website"},"primaryImageOfPage":{"@id":"https:\/\/portaltela.pt\/noticias\/2026\/02\/26\/confianca-dos-consumidores-cai-em-fevereiro-clima-economico-aumenta\/#primaryimage"},"image":{"@id":"https:\/\/portaltela.pt\/noticias\/2026\/02\/26\/confianca-dos-consumidores-cai-em-fevereiro-clima-economico-aumenta\/#primaryimage"},"thumbnailUrl":"https:\/\/portaltela.pt\/s.01k8rhncp4jt1\/2026\/02\/img_1500x1000uu2025-06-26-09-33-48-2218696.jpg","datePublished":"2026-02-26T10:28:00+00:00","author":{"@id":"https:\/\/portaltela.pt\/#\/schema\/person\/c4278d4a6028830caff9ee44b42d32ed"},"breadcrumb":{"@id":"https:\/\/portaltela.pt\/noticias\/2026\/02\/26\/confianca-dos-consumidores-cai-em-fevereiro-clima-economico-aumenta\/#breadcrumb"},"inLanguage":"pt-PT","potentialAction":[{"@type":"ReadAction","target":["https:\/\/portaltela.pt\/noticias\/2026\/02\/26\/confianca-dos-consumidores-cai-em-fevereiro-clima-economico-aumenta\/"]}]},{"@type":"ImageObject","inLanguage":"pt-PT","@id":"https:\/\/portaltela.pt\/noticias\/2026\/02\/26\/confianca-dos-consumidores-cai-em-fevereiro-clima-economico-aumenta\/#primaryimage","url":"https:\/\/portaltela.pt\/s.01k8rhncp4jt1\/2026\/02\/img_1500x1000uu2025-06-26-09-33-48-2218696.jpg","contentUrl":"https:\/\/portaltela.pt\/s.01k8rhncp4jt1\/2026\/02\/img_1500x1000uu2025-06-26-09-33-48-2218696.jpg","width":796,"height":448,"caption":"Recibo de compras com produtos como p\u00e3o, pretzels e mistura para bolo"},{"@type":"BreadcrumbList","@id":"https:\/\/portaltela.pt\/noticias\/2026\/02\/26\/confianca-dos-consumidores-cai-em-fevereiro-clima-economico-aumenta\/#breadcrumb","itemListElement":[{"@type":"ListItem","position":1,"name":"In\u00edcio","item":"https:\/\/portaltela.pt\/"},{"@type":"ListItem","position":2,"name":"Confian\u00e7a dos consumidores cai em fevereiro; clima econ\u00f3mico aumenta"}]},{"@type":"WebSite","@id":"https:\/\/portaltela.pt\/#website","url":"https:\/\/portaltela.pt\/","name":"Portal Tela Portugal","description":"","potentialAction":[{"@type":"SearchAction","target":{"@type":"EntryPoint","urlTemplate":"https:\/\/portaltela.pt\/?s={search_term_string}"},"query-input":{"@type":"PropertyValueSpecification","valueRequired":true,"valueName":"search_term_string"}}],"inLanguage":"pt-PT"},{"@type":"Person","@id":"https:\/\/portaltela.pt\/#\/schema\/person\/c4278d4a6028830caff9ee44b42d32ed","name":"Telinha","image":{"@type":"ImageObject","inLanguage":"pt-PT","@id":"https:\/\/portaltela.pt\/s.01k8rhncp4jt1\/2025\/11\/talking-bot-125x125.png","url":"https:\/\/portaltela.pt\/s.01k8rhncp4jt1\/2025\/11\/talking-bot-125x125.png","contentUrl":"https:\/\/portaltela.pt\/s.01k8rhncp4jt1\/2025\/11\/talking-bot-125x125.png","caption":"Telinha"},"sameAs":["https:\/\/portaltela.pt\/"],"url":"https:\/\/portaltela.pt\/por\/367410592786\/"}]}},"_links":{"self":[{"href":"https:\/\/portaltela.pt\/api\/wp\/v2\/posts\/388728","targetHints":{"allow":["GET"]}}],"collection":[{"href":"https:\/\/portaltela.pt\/api\/wp\/v2\/posts"}],"about":[{"href":"https:\/\/portaltela.pt\/api\/wp\/v2\/types\/post"}],"author":[{"embeddable":true,"href":"https:\/\/portaltela.pt\/api\/wp\/v2\/users\/2"}],"replies":[{"embeddable":true,"href":"https:\/\/portaltela.pt\/api\/wp\/v2\/comments?post=388728"}],"version-history":[{"count":0,"href":"https:\/\/portaltela.pt\/api\/wp\/v2\/posts\/388728\/revisions"}],"wp:featuredmedia":[{"embeddable":true,"href":"https:\/\/portaltela.pt\/api\/wp\/v2\/media\/388742"}],"wp:attachment":[{"href":"https:\/\/portaltela.pt\/api\/wp\/v2\/media?parent=388728"}],"wp:term":[{"taxonomy":"category","embeddable":true,"href":"https:\/\/portaltela.pt\/api\/wp\/v2\/categories?post=388728"},{"taxonomy":"post_tag","embeddable":true,"href":"https:\/\/portaltela.pt\/api\/wp\/v2\/tags?post=388728"}],"curies":[{"name":"wp","href":"https:\/\/api.w.org\/{rel}","templated":true}]}}