{"id":388727,"date":"2026-02-26T07:21:00","date_gmt":"2026-02-26T10:21:00","guid":{"rendered":"https:\/\/portaltela.pt\/noticias\/2026\/02\/26\/reves-na-devolucao-do-hospital-de-santo-tirso-ha-vontade-de-avancar\/"},"modified":"2026-02-26T07:21:00","modified_gmt":"2026-02-26T10:21:00","slug":"reves-na-devolucao-do-hospital-de-santo-tirso-ha-vontade-de-avancar","status":"publish","type":"post","link":"https:\/\/portaltela.pt\/noticias\/2026\/02\/26\/reves-na-devolucao-do-hospital-de-santo-tirso-ha-vontade-de-avancar\/","title":{"rendered":"Rev\u00e9s na devolu\u00e7\u00e3o do hospital de Santo Tirso, h\u00e1 vontade de avan\u00e7ar"},"content":{"rendered":"<p>O processo de devolu\u00e7\u00e3o do Hospital Conde de S\u00e3o Bento, em Santo Tirso, \u00e0 miseric\u00f3rdia local sofreu um rev\u00e9s inicial. O desacordo inicial dava conta da falta de vontade do parceiro celebrar a transi\u00e7\u00e3o, o que colocava em causa o calend\u00e1rio original.<\/p>\n<p>Contudo, o Secret\u00e1rio de Estado respons\u00e1vel afirmou que a posi\u00e7\u00e3o do parceiro ter\u00e1 mudado recentemente, abrindo espa\u00e7o para avanzar com o acordo. N\u00e3o houve esclarecimentos adicionais sobre os compromissos ou prazos exatos.<\/p>\n<p>No caso do Hospital de S\u00e3o Jo\u00e3o da Madeira, a situa\u00e7\u00e3o apresenta-se de forma mais favor\u00e1vel. O processo encontra-se na fase final, com indicadores de conclus\u00e3o iminente e passos administrativos j\u00e1 em curso.<\/p>\n<p>As duas opera\u00e7\u00f5es integram um conjunto de medidas para reorganizar a rede hospitalar na regi\u00e3o, mantendo o objetivo de assegurar a gest\u00e3o e funcionamento dos servi\u00e7os de sa\u00fade. N\u00e3o foram divulgadas novas datas de assinatura ou implementa\u00e7\u00e3o.<\/p>\n<h3>Santo Tirso<\/h3>\n<p>A situa\u00e7\u00e3o na cidade de Santo Tirso envolve a anualidade de contratos, a disponibilidade da miseric\u00f3rdia local e a avalia\u00e7\u00e3o de encargos log\u00edsticos. A expectativa \u00e9 que se consolide a transi\u00e7\u00e3o nos pr\u00f3ximos meses, conforme informa\u00e7\u00f5es oficiais.<\/p>\n<h3>S\u00e3o Jo\u00e3o da Madeira<\/h3>\n<p>Em S\u00e3o Jo\u00e3o da Madeira, o processo est\u00e1 pr\u00f3ximo do desfecho, com a conclus\u00e3o prevista ap\u00f3s os tr\u00e2mites formais necess\u00e1rios. As autoridades n\u00e3o comentaram prazos definitivos ou impactos operacionais.<\/p>\n","protected":false},"excerpt":{"rendered":"<ul>\n<li>A devolu\u00e7\u00e3o do Hospital Conde de S\u00e3o Bento, em Santo Tirso, \u00e0 miseric\u00f3rdia local sofreu um rev\u00e9s, mas h\u00e1 vontade para avan\u00e7ar.<\/li>\n<li>O secret\u00e1rio de Estado disse que o parceiro n\u00e3o mostrou vontade em receber o hospital, mas a situa\u00e7\u00e3o ter\u00e1 alterado recentemente.<\/li>\n<li>Em Santo Tirso, o processo de transi\u00e7\u00e3o manter\u00e1 o objetivo de avan\u00e7ar com a entrega \u00e0 miseric\u00f3rdia local.<\/li>\n<li>O processo de transfer\u00eancia do Hospital de S\u00e3o Jo\u00e3o da Madeira est\u00e1 na fase final.<\/li>\n<li>Os dois casos integram a reconfigura\u00e7\u00e3o do sector da sa\u00fade na regi\u00e3o.<\/li>\n<\/ul>\n","protected":false},"author":2,"featured_media":388737,"comment_status":"closed","ping_status":"closed","sticky":false,"template":"","format":"standard","meta":{"footnotes":""},"categories":[1],"tags":[4846,633,982,1146,6390,271],"class_list":["post-388727","post","type-post","status-publish","format-standard","has-post-thumbnail","hentry","category-noticias","tag-administracao-local","tag-hospital","tag-porto","tag-santo-tirso","tag-sao-joao-da-madeira","tag-saude-publica"],"yoast_head":"<!-- This site is optimized with the Yoast SEO plugin v27.2 - https:\/\/yoast.com\/product\/yoast-seo-wordpress\/ -->\n<title>Rev\u00e9s na devolu\u00e7\u00e3o do hospital de Santo Tirso, h\u00e1 vontade de avan\u00e7ar - Portal Tela Portugal<\/title>\n<meta name=\"robots\" content=\"index, follow, max-snippet:-1, max-image-preview:large, max-video-preview:-1\" \/>\n<meta property=\"og:locale\" content=\"pt_PT\" \/>\n<meta property=\"og:type\" content=\"article\" \/>\n<meta property=\"og:title\" content=\"Rev\u00e9s na devolu\u00e7\u00e3o do hospital de Santo Tirso, h\u00e1 vontade de avan\u00e7ar - Portal Tela Portugal\" \/>\n<meta property=\"og:description\" content=\"A devolu\u00e7\u00e3o do Hospital Conde de S\u00e3o Bento, em Santo Tirso, \u00e0 miseric\u00f3rdia local sofreu um rev\u00e9s, mas h\u00e1 vontade para avan\u00e7ar. O secret\u00e1rio de Estado disse que o parceiro n\u00e3o mostrou vontade em receber o hospital, mas a situa\u00e7\u00e3o ter\u00e1 alterado recentemente. Em Santo Tirso, o processo de transi\u00e7\u00e3o manter\u00e1 o objetivo de avan\u00e7ar com a entrega \u00e0 miseric\u00f3rdia local. O processo de transfer\u00eancia do Hospital de S\u00e3o Jo\u00e3o da Madeira est\u00e1 na fase final. Os dois casos integram a reconfigura\u00e7\u00e3o do sector da sa\u00fade na regi\u00e3o.\" \/>\n<meta property=\"og:url\" content=\"https:\/\/portaltela.pt\/noticias\/2026\/02\/26\/reves-na-devolucao-do-hospital-de-santo-tirso-ha-vontade-de-avancar\/\" \/>\n<meta property=\"og:site_name\" content=\"Portal Tela Portugal\" \/>\n<meta property=\"article:published_time\" content=\"2026-02-26T10:21:00+00:00\" \/>\n<meta name=\"author\" content=\"Telinha\" \/>\n<meta name=\"twitter:card\" content=\"summary_large_image\" \/>\n<meta name=\"twitter:label1\" content=\"Escrito por\" \/>\n\t<meta name=\"twitter:data1\" content=\"Telinha\" \/>\n\t<meta name=\"twitter:label2\" content=\"Tempo estimado de leitura\" \/>\n\t<meta name=\"twitter:data2\" content=\"1 minuto\" \/>\n<script type=\"application\/ld+json\" class=\"yoast-schema-graph\">{\"@context\":\"https:\/\/schema.org\",\"@graph\":[{\"@type\":\"Article\",\"@id\":\"https:\/\/portaltela.pt\/noticias\/2026\/02\/26\/reves-na-devolucao-do-hospital-de-santo-tirso-ha-vontade-de-avancar\/#article\",\"isPartOf\":{\"@id\":\"https:\/\/portaltela.pt\/noticias\/2026\/02\/26\/reves-na-devolucao-do-hospital-de-santo-tirso-ha-vontade-de-avancar\/\"},\"author\":{\"name\":\"Telinha\",\"@id\":\"https:\/\/portaltela.pt\/#\/schema\/person\/c4278d4a6028830caff9ee44b42d32ed\"},\"headline\":\"Rev\u00e9s na devolu\u00e7\u00e3o do hospital de Santo Tirso, h\u00e1 vontade de avan\u00e7ar\",\"datePublished\":\"2026-02-26T10:21:00+00:00\",\"mainEntityOfPage\":{\"@id\":\"https:\/\/portaltela.pt\/noticias\/2026\/02\/26\/reves-na-devolucao-do-hospital-de-santo-tirso-ha-vontade-de-avancar\/\"},\"wordCount\":269,\"image\":{\"@id\":\"https:\/\/portaltela.pt\/noticias\/2026\/02\/26\/reves-na-devolucao-do-hospital-de-santo-tirso-ha-vontade-de-avancar\/#primaryimage\"},\"thumbnailUrl\":\"https:\/\/portaltela.pt\/s.01k8rhncp4jt1\/2026\/02\/2069818.jpg\",\"keywords\":[\"Administra\u00e7\u00e3o Local\",\"hospital\",\"Porto\",\"Santo Tirso\",\"S\u00e3o Jo\u00e3o da Madeira\",\"sa\u00fade p\u00fablica\"],\"articleSection\":[\"Not\u00edcias\"],\"inLanguage\":\"pt-PT\"},{\"@type\":\"WebPage\",\"@id\":\"https:\/\/portaltela.pt\/noticias\/2026\/02\/26\/reves-na-devolucao-do-hospital-de-santo-tirso-ha-vontade-de-avancar\/\",\"url\":\"https:\/\/portaltela.pt\/noticias\/2026\/02\/26\/reves-na-devolucao-do-hospital-de-santo-tirso-ha-vontade-de-avancar\/\",\"name\":\"Rev\u00e9s na devolu\u00e7\u00e3o do hospital de Santo Tirso, h\u00e1 vontade de avan\u00e7ar - Portal Tela Portugal\",\"isPartOf\":{\"@id\":\"https:\/\/portaltela.pt\/#website\"},\"primaryImageOfPage\":{\"@id\":\"https:\/\/portaltela.pt\/noticias\/2026\/02\/26\/reves-na-devolucao-do-hospital-de-santo-tirso-ha-vontade-de-avancar\/#primaryimage\"},\"image\":{\"@id\":\"https:\/\/portaltela.pt\/noticias\/2026\/02\/26\/reves-na-devolucao-do-hospital-de-santo-tirso-ha-vontade-de-avancar\/#primaryimage\"},\"thumbnailUrl\":\"https:\/\/portaltela.pt\/s.01k8rhncp4jt1\/2026\/02\/2069818.jpg\",\"datePublished\":\"2026-02-26T10:21:00+00:00\",\"author\":{\"@id\":\"https:\/\/portaltela.pt\/#\/schema\/person\/c4278d4a6028830caff9ee44b42d32ed\"},\"breadcrumb\":{\"@id\":\"https:\/\/portaltela.pt\/noticias\/2026\/02\/26\/reves-na-devolucao-do-hospital-de-santo-tirso-ha-vontade-de-avancar\/#breadcrumb\"},\"inLanguage\":\"pt-PT\",\"potentialAction\":[{\"@type\":\"ReadAction\",\"target\":[\"https:\/\/portaltela.pt\/noticias\/2026\/02\/26\/reves-na-devolucao-do-hospital-de-santo-tirso-ha-vontade-de-avancar\/\"]}]},{\"@type\":\"ImageObject\",\"inLanguage\":\"pt-PT\",\"@id\":\"https:\/\/portaltela.pt\/noticias\/2026\/02\/26\/reves-na-devolucao-do-hospital-de-santo-tirso-ha-vontade-de-avancar\/#primaryimage\",\"url\":\"https:\/\/portaltela.pt\/s.01k8rhncp4jt1\/2026\/02\/2069818.jpg\",\"contentUrl\":\"https:\/\/portaltela.pt\/s.01k8rhncp4jt1\/2026\/02\/2069818.jpg\",\"width\":796,\"height\":448,\"caption\":\"Manuel Lemos, presidente da Uniao das Miseric\u00f3rdias Portuguesas, garante que a miseric\u00f3rdia de Santo Tirso quer retomar as negocia\u00e7\u00f5es\"},{\"@type\":\"BreadcrumbList\",\"@id\":\"https:\/\/portaltela.pt\/noticias\/2026\/02\/26\/reves-na-devolucao-do-hospital-de-santo-tirso-ha-vontade-de-avancar\/#breadcrumb\",\"itemListElement\":[{\"@type\":\"ListItem\",\"position\":1,\"name\":\"In\u00edcio\",\"item\":\"https:\/\/portaltela.pt\/\"},{\"@type\":\"ListItem\",\"position\":2,\"name\":\"Rev\u00e9s na devolu\u00e7\u00e3o do hospital de Santo Tirso, h\u00e1 vontade de avan\u00e7ar\"}]},{\"@type\":\"WebSite\",\"@id\":\"https:\/\/portaltela.pt\/#website\",\"url\":\"https:\/\/portaltela.pt\/\",\"name\":\"Portal Tela Portugal\",\"description\":\"\",\"potentialAction\":[{\"@type\":\"SearchAction\",\"target\":{\"@type\":\"EntryPoint\",\"urlTemplate\":\"https:\/\/portaltela.pt\/?s={search_term_string}\"},\"query-input\":{\"@type\":\"PropertyValueSpecification\",\"valueRequired\":true,\"valueName\":\"search_term_string\"}}],\"inLanguage\":\"pt-PT\"},{\"@type\":\"Person\",\"@id\":\"https:\/\/portaltela.pt\/#\/schema\/person\/c4278d4a6028830caff9ee44b42d32ed\",\"name\":\"Telinha\",\"image\":{\"@type\":\"ImageObject\",\"inLanguage\":\"pt-PT\",\"@id\":\"https:\/\/portaltela.pt\/s.01k8rhncp4jt1\/2025\/11\/talking-bot-125x125.png\",\"url\":\"https:\/\/portaltela.pt\/s.01k8rhncp4jt1\/2025\/11\/talking-bot-125x125.png\",\"contentUrl\":\"https:\/\/portaltela.pt\/s.01k8rhncp4jt1\/2025\/11\/talking-bot-125x125.png\",\"caption\":\"Telinha\"},\"sameAs\":[\"https:\/\/portaltela.pt\/\"],\"url\":\"https:\/\/portaltela.pt\/por\/367410592786\/\"}]}<\/script>\n<!-- \/ Yoast SEO plugin. -->","yoast_head_json":{"title":"Rev\u00e9s na devolu\u00e7\u00e3o do hospital de Santo Tirso, h\u00e1 vontade de avan\u00e7ar - Portal Tela Portugal","robots":{"index":"index","follow":"follow","max-snippet":"max-snippet:-1","max-image-preview":"max-image-preview:large","max-video-preview":"max-video-preview:-1"},"og_locale":"pt_PT","og_type":"article","og_title":"Rev\u00e9s na devolu\u00e7\u00e3o do hospital de Santo Tirso, h\u00e1 vontade de avan\u00e7ar - Portal Tela Portugal","og_description":"A devolu\u00e7\u00e3o do Hospital Conde de S\u00e3o Bento, em Santo Tirso, \u00e0 miseric\u00f3rdia local sofreu um rev\u00e9s, mas h\u00e1 vontade para avan\u00e7ar. O secret\u00e1rio de Estado disse que o parceiro n\u00e3o mostrou vontade em receber o hospital, mas a situa\u00e7\u00e3o ter\u00e1 alterado recentemente. Em Santo Tirso, o processo de transi\u00e7\u00e3o manter\u00e1 o objetivo de avan\u00e7ar com a entrega \u00e0 miseric\u00f3rdia local. O processo de transfer\u00eancia do Hospital de S\u00e3o Jo\u00e3o da Madeira est\u00e1 na fase final. Os dois casos integram a reconfigura\u00e7\u00e3o do sector da sa\u00fade na regi\u00e3o.","og_url":"https:\/\/portaltela.pt\/noticias\/2026\/02\/26\/reves-na-devolucao-do-hospital-de-santo-tirso-ha-vontade-de-avancar\/","og_site_name":"Portal Tela Portugal","article_published_time":"2026-02-26T10:21:00+00:00","author":"Telinha","twitter_card":"summary_large_image","twitter_misc":{"Escrito por":"Telinha","Tempo estimado de leitura":"1 minuto"},"schema":{"@context":"https:\/\/schema.org","@graph":[{"@type":"Article","@id":"https:\/\/portaltela.pt\/noticias\/2026\/02\/26\/reves-na-devolucao-do-hospital-de-santo-tirso-ha-vontade-de-avancar\/#article","isPartOf":{"@id":"https:\/\/portaltela.pt\/noticias\/2026\/02\/26\/reves-na-devolucao-do-hospital-de-santo-tirso-ha-vontade-de-avancar\/"},"author":{"name":"Telinha","@id":"https:\/\/portaltela.pt\/#\/schema\/person\/c4278d4a6028830caff9ee44b42d32ed"},"headline":"Rev\u00e9s na devolu\u00e7\u00e3o do hospital de Santo Tirso, h\u00e1 vontade de avan\u00e7ar","datePublished":"2026-02-26T10:21:00+00:00","mainEntityOfPage":{"@id":"https:\/\/portaltela.pt\/noticias\/2026\/02\/26\/reves-na-devolucao-do-hospital-de-santo-tirso-ha-vontade-de-avancar\/"},"wordCount":269,"image":{"@id":"https:\/\/portaltela.pt\/noticias\/2026\/02\/26\/reves-na-devolucao-do-hospital-de-santo-tirso-ha-vontade-de-avancar\/#primaryimage"},"thumbnailUrl":"https:\/\/portaltela.pt\/s.01k8rhncp4jt1\/2026\/02\/2069818.jpg","keywords":["Administra\u00e7\u00e3o Local","hospital","Porto","Santo Tirso","S\u00e3o Jo\u00e3o da Madeira","sa\u00fade p\u00fablica"],"articleSection":["Not\u00edcias"],"inLanguage":"pt-PT"},{"@type":"WebPage","@id":"https:\/\/portaltela.pt\/noticias\/2026\/02\/26\/reves-na-devolucao-do-hospital-de-santo-tirso-ha-vontade-de-avancar\/","url":"https:\/\/portaltela.pt\/noticias\/2026\/02\/26\/reves-na-devolucao-do-hospital-de-santo-tirso-ha-vontade-de-avancar\/","name":"Rev\u00e9s na devolu\u00e7\u00e3o do hospital de Santo Tirso, h\u00e1 vontade de avan\u00e7ar - Portal Tela Portugal","isPartOf":{"@id":"https:\/\/portaltela.pt\/#website"},"primaryImageOfPage":{"@id":"https:\/\/portaltela.pt\/noticias\/2026\/02\/26\/reves-na-devolucao-do-hospital-de-santo-tirso-ha-vontade-de-avancar\/#primaryimage"},"image":{"@id":"https:\/\/portaltela.pt\/noticias\/2026\/02\/26\/reves-na-devolucao-do-hospital-de-santo-tirso-ha-vontade-de-avancar\/#primaryimage"},"thumbnailUrl":"https:\/\/portaltela.pt\/s.01k8rhncp4jt1\/2026\/02\/2069818.jpg","datePublished":"2026-02-26T10:21:00+00:00","author":{"@id":"https:\/\/portaltela.pt\/#\/schema\/person\/c4278d4a6028830caff9ee44b42d32ed"},"breadcrumb":{"@id":"https:\/\/portaltela.pt\/noticias\/2026\/02\/26\/reves-na-devolucao-do-hospital-de-santo-tirso-ha-vontade-de-avancar\/#breadcrumb"},"inLanguage":"pt-PT","potentialAction":[{"@type":"ReadAction","target":["https:\/\/portaltela.pt\/noticias\/2026\/02\/26\/reves-na-devolucao-do-hospital-de-santo-tirso-ha-vontade-de-avancar\/"]}]},{"@type":"ImageObject","inLanguage":"pt-PT","@id":"https:\/\/portaltela.pt\/noticias\/2026\/02\/26\/reves-na-devolucao-do-hospital-de-santo-tirso-ha-vontade-de-avancar\/#primaryimage","url":"https:\/\/portaltela.pt\/s.01k8rhncp4jt1\/2026\/02\/2069818.jpg","contentUrl":"https:\/\/portaltela.pt\/s.01k8rhncp4jt1\/2026\/02\/2069818.jpg","width":796,"height":448,"caption":"Manuel Lemos, presidente da Uniao das Miseric\u00f3rdias Portuguesas, garante que a miseric\u00f3rdia de Santo Tirso quer retomar as negocia\u00e7\u00f5es"},{"@type":"BreadcrumbList","@id":"https:\/\/portaltela.pt\/noticias\/2026\/02\/26\/reves-na-devolucao-do-hospital-de-santo-tirso-ha-vontade-de-avancar\/#breadcrumb","itemListElement":[{"@type":"ListItem","position":1,"name":"In\u00edcio","item":"https:\/\/portaltela.pt\/"},{"@type":"ListItem","position":2,"name":"Rev\u00e9s na devolu\u00e7\u00e3o do hospital de Santo Tirso, h\u00e1 vontade de avan\u00e7ar"}]},{"@type":"WebSite","@id":"https:\/\/portaltela.pt\/#website","url":"https:\/\/portaltela.pt\/","name":"Portal Tela Portugal","description":"","potentialAction":[{"@type":"SearchAction","target":{"@type":"EntryPoint","urlTemplate":"https:\/\/portaltela.pt\/?s={search_term_string}"},"query-input":{"@type":"PropertyValueSpecification","valueRequired":true,"valueName":"search_term_string"}}],"inLanguage":"pt-PT"},{"@type":"Person","@id":"https:\/\/portaltela.pt\/#\/schema\/person\/c4278d4a6028830caff9ee44b42d32ed","name":"Telinha","image":{"@type":"ImageObject","inLanguage":"pt-PT","@id":"https:\/\/portaltela.pt\/s.01k8rhncp4jt1\/2025\/11\/talking-bot-125x125.png","url":"https:\/\/portaltela.pt\/s.01k8rhncp4jt1\/2025\/11\/talking-bot-125x125.png","contentUrl":"https:\/\/portaltela.pt\/s.01k8rhncp4jt1\/2025\/11\/talking-bot-125x125.png","caption":"Telinha"},"sameAs":["https:\/\/portaltela.pt\/"],"url":"https:\/\/portaltela.pt\/por\/367410592786\/"}]}},"_links":{"self":[{"href":"https:\/\/portaltela.pt\/api\/wp\/v2\/posts\/388727","targetHints":{"allow":["GET"]}}],"collection":[{"href":"https:\/\/portaltela.pt\/api\/wp\/v2\/posts"}],"about":[{"href":"https:\/\/portaltela.pt\/api\/wp\/v2\/types\/post"}],"author":[{"embeddable":true,"href":"https:\/\/portaltela.pt\/api\/wp\/v2\/users\/2"}],"replies":[{"embeddable":true,"href":"https:\/\/portaltela.pt\/api\/wp\/v2\/comments?post=388727"}],"version-history":[{"count":0,"href":"https:\/\/portaltela.pt\/api\/wp\/v2\/posts\/388727\/revisions"}],"wp:featuredmedia":[{"embeddable":true,"href":"https:\/\/portaltela.pt\/api\/wp\/v2\/media\/388737"}],"wp:attachment":[{"href":"https:\/\/portaltela.pt\/api\/wp\/v2\/media?parent=388727"}],"wp:term":[{"taxonomy":"category","embeddable":true,"href":"https:\/\/portaltela.pt\/api\/wp\/v2\/categories?post=388727"},{"taxonomy":"post_tag","embeddable":true,"href":"https:\/\/portaltela.pt\/api\/wp\/v2\/tags?post=388727"}],"curies":[{"name":"wp","href":"https:\/\/api.w.org\/{rel}","templated":true}]}}