{"id":388721,"date":"2026-02-26T07:32:07","date_gmt":"2026-02-26T10:32:07","guid":{"rendered":"https:\/\/portaltela.pt\/noticias\/2026\/02\/26\/defesa-aerea-europeia-a-alternativa-ao-patriot-podera-vir-da-alemanha\/"},"modified":"2026-02-26T07:32:07","modified_gmt":"2026-02-26T10:32:07","slug":"defesa-aerea-europeia-a-alternativa-ao-patriot-podera-vir-da-alemanha","status":"publish","type":"post","link":"https:\/\/portaltela.pt\/noticias\/2026\/02\/26\/defesa-aerea-europeia-a-alternativa-ao-patriot-podera-vir-da-alemanha\/","title":{"rendered":"Defesa a\u00e9rea europeia: a alternativa ao Patriot poder\u00e1 vir da Alemanha"},"content":{"rendered":"<p>Durante a Enforce Tac, feira alem\u00e3 de seguran\u00e7a e defesa, a Diehl Defence apresentou um lan\u00e7ador de m\u00edsseis para o sistema IRIS-T. A inova\u00e7\u00e3o combina as variantes de m\u00e9dio e longo alcance, o IRIS-T SLM e o IRIS-T SLX, num \u00fanico ve\u00edculo capaz de disparar ambos.<\/p>\n<p>O novo lan\u00e7ador permite misturar m\u00edsseis de diferentes variantes, aumentando a flexibilidade operacional. O IRIS-T SLM j\u00e1 opera com centro de comando m\u00f3vel, radar e ve\u00edculos de lan\u00e7amento. O radar permite detetar alvos a at\u00e9 250 km.<\/p>\n<p>A variante IRIS-T SLX eleva o alcance de interce\u00e7\u00e3o para cerca de 80 km, oferecendo uma camada adicional entre o IRIS-T SLM e o sistema Patriot. O SLX, contudo, n\u00e3o foi concebido para defesa contra m\u00edsseis bal\u00edsticos.<\/p>\n<p>Ao contr\u00e1rio do Patriot, o IRIS-T SLX ainda n\u00e3o tem capacidade para m\u00edsseis bal\u00edsticos, mas o IRIS-T j\u00e1 intercepta drones, aeronaves e m\u00edsseis de cruzeiro. A concentra\u00e7\u00e3o de capacidades sugere foco europeu de defesa a\u00e9rea integrada.<\/p>\n<p>O Patriot, criado pelos EUA, continua a ser um dos sistemas mais usados no Ocidente, com maturidade tecnol\u00f3gica e v\u00e1rias atualiza\u00e7\u00f5es que incluem capacidades de combate a m\u00edsseis bal\u00edsticos com a fam\u00edlia PAC-3 MSE. O custo unit\u00e1rio de uma bateria \u00e9 elevado.<\/p>\n<p>A procura por sistemas de defesa a\u00e9rea cresceu com a guerra na Ucr\u00e2nia, que revelou vulnerabilidades perante ataques com m\u00edsseis modernos. Kiev tem pedido apoio refor\u00e7ado aos aliados para proteger cidades e infraestruturas cr\u00edticas.<\/p>\n<p>Segundo informa\u00e7\u00f5es, a Alemanha j\u00e1 forneceu Patriot \u00e0 Ucr\u00e2nia nos \u00faltimos anos. N\u00e3o se espera um substituto imediato para o Patriot at\u00e9 ao final da d\u00e9cada, mas o IRIS-T complementa a defesa a\u00e9rea europeia com uma solu\u00e7\u00e3o regional.<\/p>\n<h3>Subt\u00edtulo<\/h3>\n<p>A produ\u00e7\u00e3o e a coopera\u00e7\u00e3o europeia<\/p>\n<p>A ind\u00fastria de defesa europeia tem mostrado interesse em reduzir depend\u00eancias externas. O IRIS-T, desenvolvido na Alemanha, pode ganhar novas fun\u00e7\u00f5es com o novo lan\u00e7ador conjunto, aumentando a resposta regional a amea\u00e7as a\u00e9reas.<\/p>\n<h3>Subt\u00edtulo<\/h3>\n<p>Contexto operacional<\/p>\n<p>A combina\u00e7\u00e3o SLM\/SLX oferece uma plataforma \u00fanica para interceptar diferentes tipos de alvos. A capacidade de integra\u00e7\u00e3o com outras redes de defesa \u00e9 avaliada como um fator-chave para refor\u00e7ar a prote\u00e7\u00e3o de \u00e1reas urbanas na Europa.<\/p>\n","protected":false},"excerpt":{"rendered":"<ul>\n<li>A Alemanha apresentou um lan\u00e7ador conjunto para IRIS\u2011T SLM (m\u00e9dio alcance) e IRIS\u2011T SLX (longo alcance), capaz de disparar ambas as variantes mesmo em mistura.<\/li>\n<li>O sistema IRIS\u2011T SLM acrescenta uma camada entre o IRIS\u2011T SLM e o Patriot, sendo o SLX ainda n\u00e3o concebido para defesa contra m\u00edsseis bal\u00edsticos.<\/li>\n<li>O IRIS\u2011T SLM deteta alvos a at\u00e9 250 quil\u00f3metros e os m\u00edsseis interceptam a at\u00e9 40 quil\u00f3metros, a uma altitude de at\u00e9 20 quil\u00f3metros; o SLX chega a at\u00e9 80 quil\u00f3metros de alcance de interce\u00e7\u00e3o.<\/li>\n<li>O Patriot, desenvolvido pelos EUA, continua a ser o sistema de refer\u00eancia ocidental, com capacidades avan\u00e7adas e, em vers\u00f5es PAC\u20113 MSE, capacidade de abatimento de m\u00edsseis bal\u00edsticos, mas \u00e9 caro e exige tempo de instala\u00e7\u00e3o.<\/li>\n<li>A procura mundial pelo Patriot tem aumentado devido \u00e0 guerra na Ucr\u00e2nia; a Alemanha j\u00e1 entregou Patriot \u00e0 Ucr\u00e2nia e n\u00e3o se espera um substituto at\u00e9 ao final da d\u00e9cada.<\/li>\n<\/ul>\n","protected":false},"author":2,"featured_media":388734,"comment_status":"closed","ping_status":"closed","sticky":false,"template":"","format":"standard","meta":{"footnotes":""},"categories":[1],"tags":[1603,182,3787,2487,255,153],"class_list":["post-388721","post","type-post","status-publish","format-standard","has-post-thumbnail","hentry","category-noticias","tag-alemanha","tag-armas","tag-defesa-antimisseis","tag-europa","tag-industria","tag-tecnologia"],"yoast_head":"<!-- This site is optimized with the Yoast SEO plugin v27.2 - https:\/\/yoast.com\/product\/yoast-seo-wordpress\/ -->\n<title>Defesa a\u00e9rea europeia: a alternativa ao Patriot poder\u00e1 vir da Alemanha - Portal Tela Portugal<\/title>\n<meta name=\"robots\" content=\"index, follow, max-snippet:-1, max-image-preview:large, max-video-preview:-1\" \/>\n<meta property=\"og:locale\" content=\"pt_PT\" \/>\n<meta property=\"og:type\" content=\"article\" \/>\n<meta property=\"og:title\" content=\"Defesa a\u00e9rea europeia: a alternativa ao Patriot poder\u00e1 vir da Alemanha - Portal Tela Portugal\" \/>\n<meta property=\"og:description\" content=\"A Alemanha apresentou um lan\u00e7ador conjunto para IRIS\u2011T SLM (m\u00e9dio alcance) e IRIS\u2011T SLX (longo alcance), capaz de disparar ambas as variantes mesmo em mistura. O sistema IRIS\u2011T SLM acrescenta uma camada entre o IRIS\u2011T SLM e o Patriot, sendo o SLX ainda n\u00e3o concebido para defesa contra m\u00edsseis bal\u00edsticos. O IRIS\u2011T SLM deteta alvos a at\u00e9 250 quil\u00f3metros e os m\u00edsseis interceptam a at\u00e9 40 quil\u00f3metros, a uma altitude de at\u00e9 20 quil\u00f3metros; o SLX chega a at\u00e9 80 quil\u00f3metros de alcance de interce\u00e7\u00e3o. O Patriot, desenvolvido pelos EUA, continua a ser o sistema de refer\u00eancia ocidental, com capacidades avan\u00e7adas e, em vers\u00f5es PAC\u20113 MSE, capacidade de abatimento de m\u00edsseis bal\u00edsticos, mas \u00e9 caro e exige tempo de instala\u00e7\u00e3o. A procura mundial pelo Patriot tem aumentado devido \u00e0 guerra na Ucr\u00e2nia; a Alemanha j\u00e1 entregou Patriot \u00e0 Ucr\u00e2nia e n\u00e3o se espera um substituto at\u00e9 ao final da d\u00e9cada.\" \/>\n<meta property=\"og:url\" content=\"https:\/\/portaltela.pt\/noticias\/2026\/02\/26\/defesa-aerea-europeia-a-alternativa-ao-patriot-podera-vir-da-alemanha\/\" \/>\n<meta property=\"og:site_name\" content=\"Portal Tela Portugal\" \/>\n<meta property=\"article:published_time\" content=\"2026-02-26T10:32:07+00:00\" \/>\n<meta name=\"author\" content=\"Telinha\" \/>\n<meta name=\"twitter:card\" content=\"summary_large_image\" \/>\n<meta name=\"twitter:label1\" content=\"Escrito por\" \/>\n\t<meta name=\"twitter:data1\" content=\"Telinha\" \/>\n\t<meta name=\"twitter:label2\" content=\"Tempo estimado de leitura\" \/>\n\t<meta name=\"twitter:data2\" content=\"2 minutos\" \/>\n<script type=\"application\/ld+json\" class=\"yoast-schema-graph\">{\"@context\":\"https:\/\/schema.org\",\"@graph\":[{\"@type\":\"Article\",\"@id\":\"https:\/\/portaltela.pt\/noticias\/2026\/02\/26\/defesa-aerea-europeia-a-alternativa-ao-patriot-podera-vir-da-alemanha\/#article\",\"isPartOf\":{\"@id\":\"https:\/\/portaltela.pt\/noticias\/2026\/02\/26\/defesa-aerea-europeia-a-alternativa-ao-patriot-podera-vir-da-alemanha\/\"},\"author\":{\"name\":\"Telinha\",\"@id\":\"https:\/\/portaltela.pt\/#\/schema\/person\/c4278d4a6028830caff9ee44b42d32ed\"},\"headline\":\"Defesa a\u00e9rea europeia: a alternativa ao Patriot poder\u00e1 vir da Alemanha\",\"datePublished\":\"2026-02-26T10:32:07+00:00\",\"mainEntityOfPage\":{\"@id\":\"https:\/\/portaltela.pt\/noticias\/2026\/02\/26\/defesa-aerea-europeia-a-alternativa-ao-patriot-podera-vir-da-alemanha\/\"},\"wordCount\":411,\"image\":{\"@id\":\"https:\/\/portaltela.pt\/noticias\/2026\/02\/26\/defesa-aerea-europeia-a-alternativa-ao-patriot-podera-vir-da-alemanha\/#primaryimage\"},\"thumbnailUrl\":\"https:\/\/portaltela.pt\/s.01k8rhncp4jt1\/2026\/02\/1536x864_cmsv2_387ee5a3-4eac-5d87-8903-9d23183e9f3e-9665236.jpg\",\"keywords\":[\"Alemanha\",\"armas\",\"defesa antim\u00edsseis\",\"Europa\",\"ind\u00fastria\",\"tecnologia\"],\"articleSection\":[\"Not\u00edcias\"],\"inLanguage\":\"pt-PT\"},{\"@type\":\"WebPage\",\"@id\":\"https:\/\/portaltela.pt\/noticias\/2026\/02\/26\/defesa-aerea-europeia-a-alternativa-ao-patriot-podera-vir-da-alemanha\/\",\"url\":\"https:\/\/portaltela.pt\/noticias\/2026\/02\/26\/defesa-aerea-europeia-a-alternativa-ao-patriot-podera-vir-da-alemanha\/\",\"name\":\"Defesa a\u00e9rea europeia: a alternativa ao Patriot poder\u00e1 vir da Alemanha - Portal Tela Portugal\",\"isPartOf\":{\"@id\":\"https:\/\/portaltela.pt\/#website\"},\"primaryImageOfPage\":{\"@id\":\"https:\/\/portaltela.pt\/noticias\/2026\/02\/26\/defesa-aerea-europeia-a-alternativa-ao-patriot-podera-vir-da-alemanha\/#primaryimage\"},\"image\":{\"@id\":\"https:\/\/portaltela.pt\/noticias\/2026\/02\/26\/defesa-aerea-europeia-a-alternativa-ao-patriot-podera-vir-da-alemanha\/#primaryimage\"},\"thumbnailUrl\":\"https:\/\/portaltela.pt\/s.01k8rhncp4jt1\/2026\/02\/1536x864_cmsv2_387ee5a3-4eac-5d87-8903-9d23183e9f3e-9665236.jpg\",\"datePublished\":\"2026-02-26T10:32:07+00:00\",\"author\":{\"@id\":\"https:\/\/portaltela.pt\/#\/schema\/person\/c4278d4a6028830caff9ee44b42d32ed\"},\"breadcrumb\":{\"@id\":\"https:\/\/portaltela.pt\/noticias\/2026\/02\/26\/defesa-aerea-europeia-a-alternativa-ao-patriot-podera-vir-da-alemanha\/#breadcrumb\"},\"inLanguage\":\"pt-PT\",\"potentialAction\":[{\"@type\":\"ReadAction\",\"target\":[\"https:\/\/portaltela.pt\/noticias\/2026\/02\/26\/defesa-aerea-europeia-a-alternativa-ao-patriot-podera-vir-da-alemanha\/\"]}]},{\"@type\":\"ImageObject\",\"inLanguage\":\"pt-PT\",\"@id\":\"https:\/\/portaltela.pt\/noticias\/2026\/02\/26\/defesa-aerea-europeia-a-alternativa-ao-patriot-podera-vir-da-alemanha\/#primaryimage\",\"url\":\"https:\/\/portaltela.pt\/s.01k8rhncp4jt1\/2026\/02\/1536x864_cmsv2_387ee5a3-4eac-5d87-8903-9d23183e9f3e-9665236.jpg\",\"contentUrl\":\"https:\/\/portaltela.pt\/s.01k8rhncp4jt1\/2026\/02\/1536x864_cmsv2_387ee5a3-4eac-5d87-8903-9d23183e9f3e-9665236.jpg\",\"width\":796,\"height\":448,\"caption\":\"Ve\u00edculos do sistema de defesa a\u00e9rea IRIS-T SLM no terreno do quartel de Todendorf, em Todendorf, 4 de setembro de 2024\"},{\"@type\":\"BreadcrumbList\",\"@id\":\"https:\/\/portaltela.pt\/noticias\/2026\/02\/26\/defesa-aerea-europeia-a-alternativa-ao-patriot-podera-vir-da-alemanha\/#breadcrumb\",\"itemListElement\":[{\"@type\":\"ListItem\",\"position\":1,\"name\":\"In\u00edcio\",\"item\":\"https:\/\/portaltela.pt\/\"},{\"@type\":\"ListItem\",\"position\":2,\"name\":\"Defesa a\u00e9rea europeia: a alternativa ao Patriot poder\u00e1 vir da Alemanha\"}]},{\"@type\":\"WebSite\",\"@id\":\"https:\/\/portaltela.pt\/#website\",\"url\":\"https:\/\/portaltela.pt\/\",\"name\":\"Portal Tela Portugal\",\"description\":\"\",\"potentialAction\":[{\"@type\":\"SearchAction\",\"target\":{\"@type\":\"EntryPoint\",\"urlTemplate\":\"https:\/\/portaltela.pt\/?s={search_term_string}\"},\"query-input\":{\"@type\":\"PropertyValueSpecification\",\"valueRequired\":true,\"valueName\":\"search_term_string\"}}],\"inLanguage\":\"pt-PT\"},{\"@type\":\"Person\",\"@id\":\"https:\/\/portaltela.pt\/#\/schema\/person\/c4278d4a6028830caff9ee44b42d32ed\",\"name\":\"Telinha\",\"image\":{\"@type\":\"ImageObject\",\"inLanguage\":\"pt-PT\",\"@id\":\"https:\/\/portaltela.pt\/s.01k8rhncp4jt1\/2025\/11\/talking-bot-125x125.png\",\"url\":\"https:\/\/portaltela.pt\/s.01k8rhncp4jt1\/2025\/11\/talking-bot-125x125.png\",\"contentUrl\":\"https:\/\/portaltela.pt\/s.01k8rhncp4jt1\/2025\/11\/talking-bot-125x125.png\",\"caption\":\"Telinha\"},\"sameAs\":[\"https:\/\/portaltela.pt\/\"],\"url\":\"https:\/\/portaltela.pt\/por\/367410592786\/\"}]}<\/script>\n<!-- \/ Yoast SEO plugin. -->","yoast_head_json":{"title":"Defesa a\u00e9rea europeia: a alternativa ao Patriot poder\u00e1 vir da Alemanha - Portal Tela Portugal","robots":{"index":"index","follow":"follow","max-snippet":"max-snippet:-1","max-image-preview":"max-image-preview:large","max-video-preview":"max-video-preview:-1"},"og_locale":"pt_PT","og_type":"article","og_title":"Defesa a\u00e9rea europeia: a alternativa ao Patriot poder\u00e1 vir da Alemanha - Portal Tela Portugal","og_description":"A Alemanha apresentou um lan\u00e7ador conjunto para IRIS\u2011T SLM (m\u00e9dio alcance) e IRIS\u2011T SLX (longo alcance), capaz de disparar ambas as variantes mesmo em mistura. O sistema IRIS\u2011T SLM acrescenta uma camada entre o IRIS\u2011T SLM e o Patriot, sendo o SLX ainda n\u00e3o concebido para defesa contra m\u00edsseis bal\u00edsticos. O IRIS\u2011T SLM deteta alvos a at\u00e9 250 quil\u00f3metros e os m\u00edsseis interceptam a at\u00e9 40 quil\u00f3metros, a uma altitude de at\u00e9 20 quil\u00f3metros; o SLX chega a at\u00e9 80 quil\u00f3metros de alcance de interce\u00e7\u00e3o. O Patriot, desenvolvido pelos EUA, continua a ser o sistema de refer\u00eancia ocidental, com capacidades avan\u00e7adas e, em vers\u00f5es PAC\u20113 MSE, capacidade de abatimento de m\u00edsseis bal\u00edsticos, mas \u00e9 caro e exige tempo de instala\u00e7\u00e3o. A procura mundial pelo Patriot tem aumentado devido \u00e0 guerra na Ucr\u00e2nia; a Alemanha j\u00e1 entregou Patriot \u00e0 Ucr\u00e2nia e n\u00e3o se espera um substituto at\u00e9 ao final da d\u00e9cada.","og_url":"https:\/\/portaltela.pt\/noticias\/2026\/02\/26\/defesa-aerea-europeia-a-alternativa-ao-patriot-podera-vir-da-alemanha\/","og_site_name":"Portal Tela Portugal","article_published_time":"2026-02-26T10:32:07+00:00","author":"Telinha","twitter_card":"summary_large_image","twitter_misc":{"Escrito por":"Telinha","Tempo estimado de leitura":"2 minutos"},"schema":{"@context":"https:\/\/schema.org","@graph":[{"@type":"Article","@id":"https:\/\/portaltela.pt\/noticias\/2026\/02\/26\/defesa-aerea-europeia-a-alternativa-ao-patriot-podera-vir-da-alemanha\/#article","isPartOf":{"@id":"https:\/\/portaltela.pt\/noticias\/2026\/02\/26\/defesa-aerea-europeia-a-alternativa-ao-patriot-podera-vir-da-alemanha\/"},"author":{"name":"Telinha","@id":"https:\/\/portaltela.pt\/#\/schema\/person\/c4278d4a6028830caff9ee44b42d32ed"},"headline":"Defesa a\u00e9rea europeia: a alternativa ao Patriot poder\u00e1 vir da Alemanha","datePublished":"2026-02-26T10:32:07+00:00","mainEntityOfPage":{"@id":"https:\/\/portaltela.pt\/noticias\/2026\/02\/26\/defesa-aerea-europeia-a-alternativa-ao-patriot-podera-vir-da-alemanha\/"},"wordCount":411,"image":{"@id":"https:\/\/portaltela.pt\/noticias\/2026\/02\/26\/defesa-aerea-europeia-a-alternativa-ao-patriot-podera-vir-da-alemanha\/#primaryimage"},"thumbnailUrl":"https:\/\/portaltela.pt\/s.01k8rhncp4jt1\/2026\/02\/1536x864_cmsv2_387ee5a3-4eac-5d87-8903-9d23183e9f3e-9665236.jpg","keywords":["Alemanha","armas","defesa antim\u00edsseis","Europa","ind\u00fastria","tecnologia"],"articleSection":["Not\u00edcias"],"inLanguage":"pt-PT"},{"@type":"WebPage","@id":"https:\/\/portaltela.pt\/noticias\/2026\/02\/26\/defesa-aerea-europeia-a-alternativa-ao-patriot-podera-vir-da-alemanha\/","url":"https:\/\/portaltela.pt\/noticias\/2026\/02\/26\/defesa-aerea-europeia-a-alternativa-ao-patriot-podera-vir-da-alemanha\/","name":"Defesa a\u00e9rea europeia: a alternativa ao Patriot poder\u00e1 vir da Alemanha - Portal Tela Portugal","isPartOf":{"@id":"https:\/\/portaltela.pt\/#website"},"primaryImageOfPage":{"@id":"https:\/\/portaltela.pt\/noticias\/2026\/02\/26\/defesa-aerea-europeia-a-alternativa-ao-patriot-podera-vir-da-alemanha\/#primaryimage"},"image":{"@id":"https:\/\/portaltela.pt\/noticias\/2026\/02\/26\/defesa-aerea-europeia-a-alternativa-ao-patriot-podera-vir-da-alemanha\/#primaryimage"},"thumbnailUrl":"https:\/\/portaltela.pt\/s.01k8rhncp4jt1\/2026\/02\/1536x864_cmsv2_387ee5a3-4eac-5d87-8903-9d23183e9f3e-9665236.jpg","datePublished":"2026-02-26T10:32:07+00:00","author":{"@id":"https:\/\/portaltela.pt\/#\/schema\/person\/c4278d4a6028830caff9ee44b42d32ed"},"breadcrumb":{"@id":"https:\/\/portaltela.pt\/noticias\/2026\/02\/26\/defesa-aerea-europeia-a-alternativa-ao-patriot-podera-vir-da-alemanha\/#breadcrumb"},"inLanguage":"pt-PT","potentialAction":[{"@type":"ReadAction","target":["https:\/\/portaltela.pt\/noticias\/2026\/02\/26\/defesa-aerea-europeia-a-alternativa-ao-patriot-podera-vir-da-alemanha\/"]}]},{"@type":"ImageObject","inLanguage":"pt-PT","@id":"https:\/\/portaltela.pt\/noticias\/2026\/02\/26\/defesa-aerea-europeia-a-alternativa-ao-patriot-podera-vir-da-alemanha\/#primaryimage","url":"https:\/\/portaltela.pt\/s.01k8rhncp4jt1\/2026\/02\/1536x864_cmsv2_387ee5a3-4eac-5d87-8903-9d23183e9f3e-9665236.jpg","contentUrl":"https:\/\/portaltela.pt\/s.01k8rhncp4jt1\/2026\/02\/1536x864_cmsv2_387ee5a3-4eac-5d87-8903-9d23183e9f3e-9665236.jpg","width":796,"height":448,"caption":"Ve\u00edculos do sistema de defesa a\u00e9rea IRIS-T SLM no terreno do quartel de Todendorf, em Todendorf, 4 de setembro de 2024"},{"@type":"BreadcrumbList","@id":"https:\/\/portaltela.pt\/noticias\/2026\/02\/26\/defesa-aerea-europeia-a-alternativa-ao-patriot-podera-vir-da-alemanha\/#breadcrumb","itemListElement":[{"@type":"ListItem","position":1,"name":"In\u00edcio","item":"https:\/\/portaltela.pt\/"},{"@type":"ListItem","position":2,"name":"Defesa a\u00e9rea europeia: a alternativa ao Patriot poder\u00e1 vir da Alemanha"}]},{"@type":"WebSite","@id":"https:\/\/portaltela.pt\/#website","url":"https:\/\/portaltela.pt\/","name":"Portal Tela Portugal","description":"","potentialAction":[{"@type":"SearchAction","target":{"@type":"EntryPoint","urlTemplate":"https:\/\/portaltela.pt\/?s={search_term_string}"},"query-input":{"@type":"PropertyValueSpecification","valueRequired":true,"valueName":"search_term_string"}}],"inLanguage":"pt-PT"},{"@type":"Person","@id":"https:\/\/portaltela.pt\/#\/schema\/person\/c4278d4a6028830caff9ee44b42d32ed","name":"Telinha","image":{"@type":"ImageObject","inLanguage":"pt-PT","@id":"https:\/\/portaltela.pt\/s.01k8rhncp4jt1\/2025\/11\/talking-bot-125x125.png","url":"https:\/\/portaltela.pt\/s.01k8rhncp4jt1\/2025\/11\/talking-bot-125x125.png","contentUrl":"https:\/\/portaltela.pt\/s.01k8rhncp4jt1\/2025\/11\/talking-bot-125x125.png","caption":"Telinha"},"sameAs":["https:\/\/portaltela.pt\/"],"url":"https:\/\/portaltela.pt\/por\/367410592786\/"}]}},"_links":{"self":[{"href":"https:\/\/portaltela.pt\/api\/wp\/v2\/posts\/388721","targetHints":{"allow":["GET"]}}],"collection":[{"href":"https:\/\/portaltela.pt\/api\/wp\/v2\/posts"}],"about":[{"href":"https:\/\/portaltela.pt\/api\/wp\/v2\/types\/post"}],"author":[{"embeddable":true,"href":"https:\/\/portaltela.pt\/api\/wp\/v2\/users\/2"}],"replies":[{"embeddable":true,"href":"https:\/\/portaltela.pt\/api\/wp\/v2\/comments?post=388721"}],"version-history":[{"count":0,"href":"https:\/\/portaltela.pt\/api\/wp\/v2\/posts\/388721\/revisions"}],"wp:featuredmedia":[{"embeddable":true,"href":"https:\/\/portaltela.pt\/api\/wp\/v2\/media\/388734"}],"wp:attachment":[{"href":"https:\/\/portaltela.pt\/api\/wp\/v2\/media?parent=388721"}],"wp:term":[{"taxonomy":"category","embeddable":true,"href":"https:\/\/portaltela.pt\/api\/wp\/v2\/categories?post=388721"},{"taxonomy":"post_tag","embeddable":true,"href":"https:\/\/portaltela.pt\/api\/wp\/v2\/tags?post=388721"}],"curies":[{"name":"wp","href":"https:\/\/api.w.org\/{rel}","templated":true}]}}