{"id":388709,"date":"2026-02-26T07:04:27","date_gmt":"2026-02-26T10:04:27","guid":{"rendered":"https:\/\/portaltela.pt\/noticias\/2026\/02\/26\/capitania-do-funchal-prolonga-avisos-para-o-mar-da-madeira-ate-sexta-feira\/"},"modified":"2026-02-26T07:04:27","modified_gmt":"2026-02-26T10:04:27","slug":"capitania-do-funchal-prolonga-avisos-para-o-mar-da-madeira-ate-sexta-feira","status":"publish","type":"post","link":"https:\/\/portaltela.pt\/noticias\/2026\/02\/26\/capitania-do-funchal-prolonga-avisos-para-o-mar-da-madeira-ate-sexta-feira\/","title":{"rendered":"Capitania do Funchal prolonga avisos para o mar da Madeira at\u00e9 sexta-feira"},"content":{"rendered":"<p>A Capitania do Porto do Funchal atualizou hoje os avisos de agita\u00e7\u00e3o e vento fortes para Madeira, prolongando-os at\u00e9 \u00e0s 06h00 de sexta-feira. A medida baseia-se nas previs\u00f5es do IPMA e abrange costas norte e sul, bem como \u00e1reas montanhosas da regi\u00e3o.<\/p>\n<p>Segundo o IPMA, as rajadas podem atingir entre 75 e 95 km\/h nas zonas costeiras, enquanto no mar o vento deve manter intensidade entre 51 e 61 km\/h. A agita\u00e7\u00e3o mar\u00edtima prev\u00ea ondas na ordem de 3 a 4 metros na costa norte e at\u00e9 3 metros na costa sul, na sua parte oeste.<\/p>\n<p>A visibilidade no mar \u00e9 descrita como boa a moderada. A Capitania recomenda \u00e0 comunidade mar\u00edtima e ao p\u00fablico cuidado na prepara\u00e7\u00e3o para viagens mar\u00edtimas e na perman\u00eancia em zonas costeiras, diante das condi\u00e7\u00f5es previstas.<\/p>\n<h3>Estado do mar e recomenda\u00e7\u00f5es<\/h3>\n<p>As autoridades destacam a necessidade de precau\u00e7\u00e3o em portos, praias e acessos costeiros. N\u00e3o se prev\u00ea mudan\u00e7a substancial das condi\u00e7\u00f5es at\u00e9 sexta-feira, mantendo-se o aviso vigente para a totalidade do arquip\u00e9lago.<\/p>\n","protected":false},"excerpt":{"rendered":"<ul>\n<li>A Capitania do Porto do Funchal prolongou os avisos de agita\u00e7\u00e3o e vento fortes para o arquip\u00e9lago da Madeira at\u00e9 \u00e0s 06h00 de sexta-feira.<\/li>\n<li>A atualiza\u00e7\u00e3o baseia-se nas previs\u00f5es do IPMA, que colocou costas norte e sul, e zonas montanhosas da Madeira sob aviso amarelo devido ao vento.<\/li>\n<li>Rajadas previstas entre 75 e 95 quil\u00f3metros por hora, com vento no mar entre 51 e 61 quil\u00f3metros por hora.<\/li>\n<li>Ondas na costa norte de 3 a 4 metros; na costa sul, at\u00e9 3 metros na zona mais ocidental.<\/li>\n<li>Visibilidade no mar \u00e9 boa a moderada; recomenda-se cuidado \u00e0 comunidade mar\u00edtima e \u00e0 popula\u00e7\u00e3o em geral.<\/li>\n<\/ul>\n","protected":false},"author":2,"featured_media":388713,"comment_status":"closed","ping_status":"closed","sticky":false,"template":"","format":"standard","meta":{"footnotes":""},"categories":[1],"tags":[183,4199,859,1713,5013,4782],"class_list":["post-388709","post","type-post","status-publish","format-standard","has-post-thumbnail","hentry","category-noticias","tag-agitacao-maritima","tag-costa-norte","tag-madeira","tag-mar","tag-portos","tag-vento"],"yoast_head":"<!-- This site is optimized with the Yoast SEO plugin v27.2 - https:\/\/yoast.com\/product\/yoast-seo-wordpress\/ -->\n<title>Capitania do Funchal prolonga avisos para o mar da Madeira at\u00e9 sexta-feira - Portal Tela Portugal<\/title>\n<meta name=\"robots\" content=\"index, follow, max-snippet:-1, max-image-preview:large, max-video-preview:-1\" \/>\n<meta property=\"og:locale\" content=\"pt_PT\" \/>\n<meta property=\"og:type\" content=\"article\" \/>\n<meta property=\"og:title\" content=\"Capitania do Funchal prolonga avisos para o mar da Madeira at\u00e9 sexta-feira - Portal Tela Portugal\" \/>\n<meta property=\"og:description\" content=\"A Capitania do Porto do Funchal prolongou os avisos de agita\u00e7\u00e3o e vento fortes para o arquip\u00e9lago da Madeira at\u00e9 \u00e0s 06h00 de sexta-feira. A atualiza\u00e7\u00e3o baseia-se nas previs\u00f5es do IPMA, que colocou costas norte e sul, e zonas montanhosas da Madeira sob aviso amarelo devido ao vento. Rajadas previstas entre 75 e 95 quil\u00f3metros por hora, com vento no mar entre 51 e 61 quil\u00f3metros por hora. Ondas na costa norte de 3 a 4 metros; na costa sul, at\u00e9 3 metros na zona mais ocidental. Visibilidade no mar \u00e9 boa a moderada; recomenda-se cuidado \u00e0 comunidade mar\u00edtima e \u00e0 popula\u00e7\u00e3o em geral.\" \/>\n<meta property=\"og:url\" content=\"https:\/\/portaltela.pt\/noticias\/2026\/02\/26\/capitania-do-funchal-prolonga-avisos-para-o-mar-da-madeira-ate-sexta-feira\/\" \/>\n<meta property=\"og:site_name\" content=\"Portal Tela Portugal\" \/>\n<meta property=\"article:published_time\" content=\"2026-02-26T10:04:27+00:00\" \/>\n<meta name=\"author\" content=\"Telinha\" \/>\n<meta name=\"twitter:card\" content=\"summary_large_image\" \/>\n<meta name=\"twitter:label1\" content=\"Escrito por\" \/>\n\t<meta name=\"twitter:data1\" content=\"Telinha\" \/>\n\t<meta name=\"twitter:label2\" content=\"Tempo estimado de leitura\" \/>\n\t<meta name=\"twitter:data2\" content=\"1 minuto\" \/>\n<script type=\"application\/ld+json\" class=\"yoast-schema-graph\">{\"@context\":\"https:\/\/schema.org\",\"@graph\":[{\"@type\":\"Article\",\"@id\":\"https:\/\/portaltela.pt\/noticias\/2026\/02\/26\/capitania-do-funchal-prolonga-avisos-para-o-mar-da-madeira-ate-sexta-feira\/#article\",\"isPartOf\":{\"@id\":\"https:\/\/portaltela.pt\/noticias\/2026\/02\/26\/capitania-do-funchal-prolonga-avisos-para-o-mar-da-madeira-ate-sexta-feira\/\"},\"author\":{\"name\":\"Telinha\",\"@id\":\"https:\/\/portaltela.pt\/#\/schema\/person\/c4278d4a6028830caff9ee44b42d32ed\"},\"headline\":\"Capitania do Funchal prolonga avisos para o mar da Madeira at\u00e9 sexta-feira\",\"datePublished\":\"2026-02-26T10:04:27+00:00\",\"mainEntityOfPage\":{\"@id\":\"https:\/\/portaltela.pt\/noticias\/2026\/02\/26\/capitania-do-funchal-prolonga-avisos-para-o-mar-da-madeira-ate-sexta-feira\/\"},\"wordCount\":189,\"image\":{\"@id\":\"https:\/\/portaltela.pt\/noticias\/2026\/02\/26\/capitania-do-funchal-prolonga-avisos-para-o-mar-da-madeira-ate-sexta-feira\/#primaryimage\"},\"thumbnailUrl\":\"https:\/\/portaltela.pt\/s.01k8rhncp4jt1\/2026\/02\/img_1500x1000uu2014-12-11-13-20-00-423300.jpg\",\"keywords\":[\"agita\u00e7\u00e3o mar\u00edtima\",\"Costa Norte\",\"Madeira\",\"mar\",\"Portos\",\"vento\"],\"articleSection\":[\"Not\u00edcias\"],\"inLanguage\":\"pt-PT\"},{\"@type\":\"WebPage\",\"@id\":\"https:\/\/portaltela.pt\/noticias\/2026\/02\/26\/capitania-do-funchal-prolonga-avisos-para-o-mar-da-madeira-ate-sexta-feira\/\",\"url\":\"https:\/\/portaltela.pt\/noticias\/2026\/02\/26\/capitania-do-funchal-prolonga-avisos-para-o-mar-da-madeira-ate-sexta-feira\/\",\"name\":\"Capitania do Funchal prolonga avisos para o mar da Madeira at\u00e9 sexta-feira - Portal Tela Portugal\",\"isPartOf\":{\"@id\":\"https:\/\/portaltela.pt\/#website\"},\"primaryImageOfPage\":{\"@id\":\"https:\/\/portaltela.pt\/noticias\/2026\/02\/26\/capitania-do-funchal-prolonga-avisos-para-o-mar-da-madeira-ate-sexta-feira\/#primaryimage\"},\"image\":{\"@id\":\"https:\/\/portaltela.pt\/noticias\/2026\/02\/26\/capitania-do-funchal-prolonga-avisos-para-o-mar-da-madeira-ate-sexta-feira\/#primaryimage\"},\"thumbnailUrl\":\"https:\/\/portaltela.pt\/s.01k8rhncp4jt1\/2026\/02\/img_1500x1000uu2014-12-11-13-20-00-423300.jpg\",\"datePublished\":\"2026-02-26T10:04:27+00:00\",\"author\":{\"@id\":\"https:\/\/portaltela.pt\/#\/schema\/person\/c4278d4a6028830caff9ee44b42d32ed\"},\"breadcrumb\":{\"@id\":\"https:\/\/portaltela.pt\/noticias\/2026\/02\/26\/capitania-do-funchal-prolonga-avisos-para-o-mar-da-madeira-ate-sexta-feira\/#breadcrumb\"},\"inLanguage\":\"pt-PT\",\"potentialAction\":[{\"@type\":\"ReadAction\",\"target\":[\"https:\/\/portaltela.pt\/noticias\/2026\/02\/26\/capitania-do-funchal-prolonga-avisos-para-o-mar-da-madeira-ate-sexta-feira\/\"]}]},{\"@type\":\"ImageObject\",\"inLanguage\":\"pt-PT\",\"@id\":\"https:\/\/portaltela.pt\/noticias\/2026\/02\/26\/capitania-do-funchal-prolonga-avisos-para-o-mar-da-madeira-ate-sexta-feira\/#primaryimage\",\"url\":\"https:\/\/portaltela.pt\/s.01k8rhncp4jt1\/2026\/02\/img_1500x1000uu2014-12-11-13-20-00-423300.jpg\",\"contentUrl\":\"https:\/\/portaltela.pt\/s.01k8rhncp4jt1\/2026\/02\/img_1500x1000uu2014-12-11-13-20-00-423300.jpg\",\"width\":796,\"height\":448,\"caption\":\"Agita\u00e7\u00e3o mar\u00edtima\"},{\"@type\":\"BreadcrumbList\",\"@id\":\"https:\/\/portaltela.pt\/noticias\/2026\/02\/26\/capitania-do-funchal-prolonga-avisos-para-o-mar-da-madeira-ate-sexta-feira\/#breadcrumb\",\"itemListElement\":[{\"@type\":\"ListItem\",\"position\":1,\"name\":\"In\u00edcio\",\"item\":\"https:\/\/portaltela.pt\/\"},{\"@type\":\"ListItem\",\"position\":2,\"name\":\"Capitania do Funchal prolonga avisos para o mar da Madeira at\u00e9 sexta-feira\"}]},{\"@type\":\"WebSite\",\"@id\":\"https:\/\/portaltela.pt\/#website\",\"url\":\"https:\/\/portaltela.pt\/\",\"name\":\"Portal Tela Portugal\",\"description\":\"\",\"potentialAction\":[{\"@type\":\"SearchAction\",\"target\":{\"@type\":\"EntryPoint\",\"urlTemplate\":\"https:\/\/portaltela.pt\/?s={search_term_string}\"},\"query-input\":{\"@type\":\"PropertyValueSpecification\",\"valueRequired\":true,\"valueName\":\"search_term_string\"}}],\"inLanguage\":\"pt-PT\"},{\"@type\":\"Person\",\"@id\":\"https:\/\/portaltela.pt\/#\/schema\/person\/c4278d4a6028830caff9ee44b42d32ed\",\"name\":\"Telinha\",\"image\":{\"@type\":\"ImageObject\",\"inLanguage\":\"pt-PT\",\"@id\":\"https:\/\/portaltela.pt\/s.01k8rhncp4jt1\/2025\/11\/talking-bot-125x125.png\",\"url\":\"https:\/\/portaltela.pt\/s.01k8rhncp4jt1\/2025\/11\/talking-bot-125x125.png\",\"contentUrl\":\"https:\/\/portaltela.pt\/s.01k8rhncp4jt1\/2025\/11\/talking-bot-125x125.png\",\"caption\":\"Telinha\"},\"sameAs\":[\"https:\/\/portaltela.pt\/\"],\"url\":\"https:\/\/portaltela.pt\/por\/367410592786\/\"}]}<\/script>\n<!-- \/ Yoast SEO plugin. -->","yoast_head_json":{"title":"Capitania do Funchal prolonga avisos para o mar da Madeira at\u00e9 sexta-feira - Portal Tela Portugal","robots":{"index":"index","follow":"follow","max-snippet":"max-snippet:-1","max-image-preview":"max-image-preview:large","max-video-preview":"max-video-preview:-1"},"og_locale":"pt_PT","og_type":"article","og_title":"Capitania do Funchal prolonga avisos para o mar da Madeira at\u00e9 sexta-feira - Portal Tela Portugal","og_description":"A Capitania do Porto do Funchal prolongou os avisos de agita\u00e7\u00e3o e vento fortes para o arquip\u00e9lago da Madeira at\u00e9 \u00e0s 06h00 de sexta-feira. A atualiza\u00e7\u00e3o baseia-se nas previs\u00f5es do IPMA, que colocou costas norte e sul, e zonas montanhosas da Madeira sob aviso amarelo devido ao vento. Rajadas previstas entre 75 e 95 quil\u00f3metros por hora, com vento no mar entre 51 e 61 quil\u00f3metros por hora. Ondas na costa norte de 3 a 4 metros; na costa sul, at\u00e9 3 metros na zona mais ocidental. Visibilidade no mar \u00e9 boa a moderada; recomenda-se cuidado \u00e0 comunidade mar\u00edtima e \u00e0 popula\u00e7\u00e3o em geral.","og_url":"https:\/\/portaltela.pt\/noticias\/2026\/02\/26\/capitania-do-funchal-prolonga-avisos-para-o-mar-da-madeira-ate-sexta-feira\/","og_site_name":"Portal Tela Portugal","article_published_time":"2026-02-26T10:04:27+00:00","author":"Telinha","twitter_card":"summary_large_image","twitter_misc":{"Escrito por":"Telinha","Tempo estimado de leitura":"1 minuto"},"schema":{"@context":"https:\/\/schema.org","@graph":[{"@type":"Article","@id":"https:\/\/portaltela.pt\/noticias\/2026\/02\/26\/capitania-do-funchal-prolonga-avisos-para-o-mar-da-madeira-ate-sexta-feira\/#article","isPartOf":{"@id":"https:\/\/portaltela.pt\/noticias\/2026\/02\/26\/capitania-do-funchal-prolonga-avisos-para-o-mar-da-madeira-ate-sexta-feira\/"},"author":{"name":"Telinha","@id":"https:\/\/portaltela.pt\/#\/schema\/person\/c4278d4a6028830caff9ee44b42d32ed"},"headline":"Capitania do Funchal prolonga avisos para o mar da Madeira at\u00e9 sexta-feira","datePublished":"2026-02-26T10:04:27+00:00","mainEntityOfPage":{"@id":"https:\/\/portaltela.pt\/noticias\/2026\/02\/26\/capitania-do-funchal-prolonga-avisos-para-o-mar-da-madeira-ate-sexta-feira\/"},"wordCount":189,"image":{"@id":"https:\/\/portaltela.pt\/noticias\/2026\/02\/26\/capitania-do-funchal-prolonga-avisos-para-o-mar-da-madeira-ate-sexta-feira\/#primaryimage"},"thumbnailUrl":"https:\/\/portaltela.pt\/s.01k8rhncp4jt1\/2026\/02\/img_1500x1000uu2014-12-11-13-20-00-423300.jpg","keywords":["agita\u00e7\u00e3o mar\u00edtima","Costa Norte","Madeira","mar","Portos","vento"],"articleSection":["Not\u00edcias"],"inLanguage":"pt-PT"},{"@type":"WebPage","@id":"https:\/\/portaltela.pt\/noticias\/2026\/02\/26\/capitania-do-funchal-prolonga-avisos-para-o-mar-da-madeira-ate-sexta-feira\/","url":"https:\/\/portaltela.pt\/noticias\/2026\/02\/26\/capitania-do-funchal-prolonga-avisos-para-o-mar-da-madeira-ate-sexta-feira\/","name":"Capitania do Funchal prolonga avisos para o mar da Madeira at\u00e9 sexta-feira - Portal Tela Portugal","isPartOf":{"@id":"https:\/\/portaltela.pt\/#website"},"primaryImageOfPage":{"@id":"https:\/\/portaltela.pt\/noticias\/2026\/02\/26\/capitania-do-funchal-prolonga-avisos-para-o-mar-da-madeira-ate-sexta-feira\/#primaryimage"},"image":{"@id":"https:\/\/portaltela.pt\/noticias\/2026\/02\/26\/capitania-do-funchal-prolonga-avisos-para-o-mar-da-madeira-ate-sexta-feira\/#primaryimage"},"thumbnailUrl":"https:\/\/portaltela.pt\/s.01k8rhncp4jt1\/2026\/02\/img_1500x1000uu2014-12-11-13-20-00-423300.jpg","datePublished":"2026-02-26T10:04:27+00:00","author":{"@id":"https:\/\/portaltela.pt\/#\/schema\/person\/c4278d4a6028830caff9ee44b42d32ed"},"breadcrumb":{"@id":"https:\/\/portaltela.pt\/noticias\/2026\/02\/26\/capitania-do-funchal-prolonga-avisos-para-o-mar-da-madeira-ate-sexta-feira\/#breadcrumb"},"inLanguage":"pt-PT","potentialAction":[{"@type":"ReadAction","target":["https:\/\/portaltela.pt\/noticias\/2026\/02\/26\/capitania-do-funchal-prolonga-avisos-para-o-mar-da-madeira-ate-sexta-feira\/"]}]},{"@type":"ImageObject","inLanguage":"pt-PT","@id":"https:\/\/portaltela.pt\/noticias\/2026\/02\/26\/capitania-do-funchal-prolonga-avisos-para-o-mar-da-madeira-ate-sexta-feira\/#primaryimage","url":"https:\/\/portaltela.pt\/s.01k8rhncp4jt1\/2026\/02\/img_1500x1000uu2014-12-11-13-20-00-423300.jpg","contentUrl":"https:\/\/portaltela.pt\/s.01k8rhncp4jt1\/2026\/02\/img_1500x1000uu2014-12-11-13-20-00-423300.jpg","width":796,"height":448,"caption":"Agita\u00e7\u00e3o mar\u00edtima"},{"@type":"BreadcrumbList","@id":"https:\/\/portaltela.pt\/noticias\/2026\/02\/26\/capitania-do-funchal-prolonga-avisos-para-o-mar-da-madeira-ate-sexta-feira\/#breadcrumb","itemListElement":[{"@type":"ListItem","position":1,"name":"In\u00edcio","item":"https:\/\/portaltela.pt\/"},{"@type":"ListItem","position":2,"name":"Capitania do Funchal prolonga avisos para o mar da Madeira at\u00e9 sexta-feira"}]},{"@type":"WebSite","@id":"https:\/\/portaltela.pt\/#website","url":"https:\/\/portaltela.pt\/","name":"Portal Tela Portugal","description":"","potentialAction":[{"@type":"SearchAction","target":{"@type":"EntryPoint","urlTemplate":"https:\/\/portaltela.pt\/?s={search_term_string}"},"query-input":{"@type":"PropertyValueSpecification","valueRequired":true,"valueName":"search_term_string"}}],"inLanguage":"pt-PT"},{"@type":"Person","@id":"https:\/\/portaltela.pt\/#\/schema\/person\/c4278d4a6028830caff9ee44b42d32ed","name":"Telinha","image":{"@type":"ImageObject","inLanguage":"pt-PT","@id":"https:\/\/portaltela.pt\/s.01k8rhncp4jt1\/2025\/11\/talking-bot-125x125.png","url":"https:\/\/portaltela.pt\/s.01k8rhncp4jt1\/2025\/11\/talking-bot-125x125.png","contentUrl":"https:\/\/portaltela.pt\/s.01k8rhncp4jt1\/2025\/11\/talking-bot-125x125.png","caption":"Telinha"},"sameAs":["https:\/\/portaltela.pt\/"],"url":"https:\/\/portaltela.pt\/por\/367410592786\/"}]}},"_links":{"self":[{"href":"https:\/\/portaltela.pt\/api\/wp\/v2\/posts\/388709","targetHints":{"allow":["GET"]}}],"collection":[{"href":"https:\/\/portaltela.pt\/api\/wp\/v2\/posts"}],"about":[{"href":"https:\/\/portaltela.pt\/api\/wp\/v2\/types\/post"}],"author":[{"embeddable":true,"href":"https:\/\/portaltela.pt\/api\/wp\/v2\/users\/2"}],"replies":[{"embeddable":true,"href":"https:\/\/portaltela.pt\/api\/wp\/v2\/comments?post=388709"}],"version-history":[{"count":0,"href":"https:\/\/portaltela.pt\/api\/wp\/v2\/posts\/388709\/revisions"}],"wp:featuredmedia":[{"embeddable":true,"href":"https:\/\/portaltela.pt\/api\/wp\/v2\/media\/388713"}],"wp:attachment":[{"href":"https:\/\/portaltela.pt\/api\/wp\/v2\/media?parent=388709"}],"wp:term":[{"taxonomy":"category","embeddable":true,"href":"https:\/\/portaltela.pt\/api\/wp\/v2\/categories?post=388709"},{"taxonomy":"post_tag","embeddable":true,"href":"https:\/\/portaltela.pt\/api\/wp\/v2\/tags?post=388709"}],"curies":[{"name":"wp","href":"https:\/\/api.w.org\/{rel}","templated":true}]}}