{"id":388674,"date":"2026-02-26T07:02:08","date_gmt":"2026-02-26T10:02:08","guid":{"rendered":"https:\/\/portaltela.pt\/noticias\/2026\/02\/26\/ue-quer-comprar-produtos-europeus-sera-que-consegue\/"},"modified":"2026-02-26T07:02:08","modified_gmt":"2026-02-26T10:02:08","slug":"ue-quer-comprar-produtos-europeus-sera-que-consegue","status":"publish","type":"post","link":"https:\/\/portaltela.pt\/noticias\/economia\/2026\/02\/26\/ue-quer-comprar-produtos-europeus-sera-que-consegue\/","title":{"rendered":"UE quer comprar produtos europeus \u2014 ser\u00e1 que consegue?"},"content":{"rendered":"<p>A Uni\u00e3o Europeia prepara-se para apresentar o plano de a\u00e7\u00e3o \u201cUma Europa, Um Mercado\u201d, centrado no Buy European, na cimeira de mar\u00e7o de 2026. A ideia \u00e9 usar financiamento p\u00fablico para apoiar a ind\u00fastria europeia, num contexto econ\u00f3mico complexo. O objetivo \u00e9 refor\u00e7ar o mercado \u00fanico at\u00e9 2027.<\/p>\n<p>A iniciativa surge como resposta \u00e0 pol\u00edtica norte-americana Buy American, mas envolve equilibrar 27 economias, regras da OMC e com\u00e9rcio aberto. A proposta esteve prevista para antes do Natal, mas foi adiada devido \u00e0 falta de acordo entre os Estados-membros.<\/p>\n<p>Entrelinhas: a defesa mant\u00e9m-se como exce\u00e7\u00e3o de consenso. Especialistas destacam que compras militares europeias reduzem depend\u00eancias externas, mas alertam para o risco de vulnerabilidade geopol\u00edtica. Arguiu-se que autonomia estrat\u00e9gica depende de tecnologia desenvolvida na Europa.<\/p>\n<p>Para alguns, o sucesso n\u00e3o se mede apenas pela quota de mercado. A liga\u00e7\u00e3o entre competitividade, inova\u00e7\u00e3o e cria\u00e7\u00e3o de empregos \u00e9 apontada como essencial para o crescimento sustent\u00e1vel da ind\u00fastria europeia. O debate envolve v\u00e1rias estrat\u00e9gias de apoio industrial.<\/p>\n<p>Diagn\u00f3stico sem rodeios: a UE enfrenta limita\u00e7\u00f5es nas bases industriais e nas cadeias de abastecimento. Defende-se uma sele\u00e7\u00e3o direcionada a setores verdadeiramente estrat\u00e9gicos, fundamentada em an\u00e1lises rigorosas, n\u00e3o apenas por conveni\u00eancia pol\u00edtica. Existem tens\u00f5es entre pa\u00edses maiores e menores sobre custos e benef\u00edcios.<\/p>\n<p>Desafios pr\u00e1ticos das cadeias de abastecimento<\/p>\n<p>Especialistas indicam que impor prefer\u00eancias europeias pode elevar custos, principalmente quando a Europa depende de componentes importados. Um caso t\u00edpico envolve projetos internacionais com componentes de v\u00e1rios pa\u00edses, onde exigir produ\u00e7\u00e3o local pode dificultar a atribui\u00e7\u00e3o de contratos.<\/p>\n<p>Olhando aos aliados, importa manter parcerias de confian\u00e7a para evitar retalia\u00e7\u00f5es comerciais. Excluir pa\u00edses como Canad\u00e1, Reino Unido ou membros do Mercosul pode reduzir a coopera\u00e7\u00e3o e prejudicar exporta\u00e7\u00f5es europeias, segundo a an\u00e1lise de especialistas.<\/p>\n<p>Pr\u00f3ximos passos<\/p>\n<p>A proposta da Comiss\u00e3o para o Buy European dever\u00e1 ser apresentada em meados de mar\u00e7o, com limiares de valor acrescentado na UE entre 60% e 80% para setores estrat\u00e9gicos. Haver\u00e1 exce\u00e7\u00f5es de parceria entre pa\u00edses aliados.<\/p>\n<p>Nove Estados-membros j\u00e1 assinalaram que qualquer prefer\u00eancia deve ser um recurso extremo, tempor\u00e1rio e espec\u00edfico para setores definidos. O acordo pol\u00edtico parece pr\u00f3ximo, mas os detalhes t\u00e9cnicos continuam por definir.<\/p>\n","protected":false},"excerpt":{"rendered":"<ul>\n<li>A Comiss\u00e3o Europeia prepara um amplo plano de a\u00e7\u00e3o, com o Buy European no centro, para chegar \u00e0 cimeira de mar\u00e7o de 2026, visando apoiar a ind\u00fastria europeia com dinheiro p\u00fablico.<\/li>\n<li>A ideia \u00e9 orientar contrata\u00e7\u00e3o p\u00fablica e financiamento industrial para produ\u00e7\u00e3o sediada na UE em setores estrat\u00e9gicos, incluindo defesa, tecnologias limpas, semicondutores, qu\u00edmicos e autom\u00f3vel, procurando responder ao Buy American dos EUA.<\/li>\n<li>Existem diverg\u00eancias entre Estados-membros: Fran\u00e7a defende regras r\u00edgidas de conte\u00fado local, enquanto a Alemanha aposta numa abordagem mais flex\u00edvel, com parceiros como Canad\u00e1, Reino Unido e Noruega.<\/li>\n<li>Especialistas alertam que impor restri\u00e7\u00f5es pode elevar custos, reduzir inova\u00e7\u00e3o e dificultar cadeias de abastecimento, especialmente sem acordos de parceria com aliados.<\/li>\n<li>Os passos seguintes apontam para uma proposta em meados de mar\u00e7o, com limiares de valor acrescentado na UE entre 60% e 80% e exce\u00e7\u00f5es para parceiros de confian\u00e7a, mas os detalhes t\u00e9cnicos ainda est\u00e3o em aberto.<\/li>\n<\/ul>\n","protected":false},"author":2,"featured_media":388692,"comment_status":"closed","ping_status":"closed","sticky":false,"template":"","format":"standard","meta":{"footnotes":""},"categories":[2,1],"tags":[244,3368,190,28,2156,2055],"class_list":["post-388674","post","type-post","status-publish","format-standard","has-post-thumbnail","hentry","category-economia","category-noticias","tag-comercio","tag-comercio-internacional","tag-desenvolvimento-economico","tag-economia","tag-investimento-direto-estrangeiro","tag-uniao-europeia"],"yoast_head":"<!-- This site is optimized with the Yoast SEO plugin v27.2 - https:\/\/yoast.com\/product\/yoast-seo-wordpress\/ -->\n<title>UE quer comprar produtos europeus \u2014 ser\u00e1 que consegue? - Portal Tela Portugal<\/title>\n<meta name=\"robots\" content=\"index, follow, max-snippet:-1, max-image-preview:large, max-video-preview:-1\" \/>\n<meta property=\"og:locale\" content=\"pt_PT\" \/>\n<meta property=\"og:type\" content=\"article\" \/>\n<meta property=\"og:title\" content=\"UE quer comprar produtos europeus \u2014 ser\u00e1 que consegue? - Portal Tela Portugal\" \/>\n<meta property=\"og:description\" content=\"A Comiss\u00e3o Europeia prepara um amplo plano de a\u00e7\u00e3o, com o Buy European no centro, para chegar \u00e0 cimeira de mar\u00e7o de 2026, visando apoiar a ind\u00fastria europeia com dinheiro p\u00fablico. A ideia \u00e9 orientar contrata\u00e7\u00e3o p\u00fablica e financiamento industrial para produ\u00e7\u00e3o sediada na UE em setores estrat\u00e9gicos, incluindo defesa, tecnologias limpas, semicondutores, qu\u00edmicos e autom\u00f3vel, procurando responder ao Buy American dos EUA. Existem diverg\u00eancias entre Estados-membros: Fran\u00e7a defende regras r\u00edgidas de conte\u00fado local, enquanto a Alemanha aposta numa abordagem mais flex\u00edvel, com parceiros como Canad\u00e1, Reino Unido e Noruega. Especialistas alertam que impor restri\u00e7\u00f5es pode elevar custos, reduzir inova\u00e7\u00e3o e dificultar cadeias de abastecimento, especialmente sem acordos de parceria com aliados. Os passos seguintes apontam para uma proposta em meados de mar\u00e7o, com limiares de valor acrescentado na UE entre 60% e 80% e exce\u00e7\u00f5es para parceiros de confian\u00e7a, mas os detalhes t\u00e9cnicos ainda est\u00e3o em aberto.\" \/>\n<meta property=\"og:url\" content=\"https:\/\/portaltela.pt\/noticias\/2026\/02\/26\/ue-quer-comprar-produtos-europeus-sera-que-consegue\/\" \/>\n<meta property=\"og:site_name\" content=\"Portal Tela Portugal\" \/>\n<meta property=\"article:published_time\" content=\"2026-02-26T10:02:08+00:00\" \/>\n<meta name=\"author\" content=\"Telinha\" \/>\n<meta name=\"twitter:card\" content=\"summary_large_image\" \/>\n<meta name=\"twitter:label1\" content=\"Escrito por\" \/>\n\t<meta name=\"twitter:data1\" content=\"Telinha\" \/>\n\t<meta name=\"twitter:label2\" content=\"Tempo estimado de leitura\" \/>\n\t<meta name=\"twitter:data2\" content=\"2 minutos\" \/>\n<script type=\"application\/ld+json\" class=\"yoast-schema-graph\">{\"@context\":\"https:\/\/schema.org\",\"@graph\":[{\"@type\":\"Article\",\"@id\":\"https:\/\/portaltela.pt\/noticias\/2026\/02\/26\/ue-quer-comprar-produtos-europeus-sera-que-consegue\/#article\",\"isPartOf\":{\"@id\":\"https:\/\/portaltela.pt\/noticias\/2026\/02\/26\/ue-quer-comprar-produtos-europeus-sera-que-consegue\/\"},\"author\":{\"name\":\"Telinha\",\"@id\":\"https:\/\/portaltela.pt\/#\/schema\/person\/c4278d4a6028830caff9ee44b42d32ed\"},\"headline\":\"UE quer comprar produtos europeus \u2014 ser\u00e1 que consegue?\",\"datePublished\":\"2026-02-26T10:02:08+00:00\",\"mainEntityOfPage\":{\"@id\":\"https:\/\/portaltela.pt\/noticias\/2026\/02\/26\/ue-quer-comprar-produtos-europeus-sera-que-consegue\/\"},\"wordCount\":409,\"image\":{\"@id\":\"https:\/\/portaltela.pt\/noticias\/2026\/02\/26\/ue-quer-comprar-produtos-europeus-sera-que-consegue\/#primaryimage\"},\"thumbnailUrl\":\"https:\/\/portaltela.pt\/s.01k8rhncp4jt1\/2026\/02\/1536x864_cmsv2_71f2d520-d0ab-55eb-b003-357908b9375d-9665704.jpg\",\"keywords\":[\"com\u00e9rcio\",\"com\u00e9rcio internacional\",\"Desenvolvimento econ\u00f3mico\",\"economia\",\"Investimento Direto Estrangeiro\",\"Uni\u00e3o Europeia\"],\"articleSection\":[\"Economia\",\"Not\u00edcias\"],\"inLanguage\":\"pt-PT\"},{\"@type\":\"WebPage\",\"@id\":\"https:\/\/portaltela.pt\/noticias\/2026\/02\/26\/ue-quer-comprar-produtos-europeus-sera-que-consegue\/\",\"url\":\"https:\/\/portaltela.pt\/noticias\/2026\/02\/26\/ue-quer-comprar-produtos-europeus-sera-que-consegue\/\",\"name\":\"UE quer comprar produtos europeus \u2014 ser\u00e1 que consegue? - Portal Tela Portugal\",\"isPartOf\":{\"@id\":\"https:\/\/portaltela.pt\/#website\"},\"primaryImageOfPage\":{\"@id\":\"https:\/\/portaltela.pt\/noticias\/2026\/02\/26\/ue-quer-comprar-produtos-europeus-sera-que-consegue\/#primaryimage\"},\"image\":{\"@id\":\"https:\/\/portaltela.pt\/noticias\/2026\/02\/26\/ue-quer-comprar-produtos-europeus-sera-que-consegue\/#primaryimage\"},\"thumbnailUrl\":\"https:\/\/portaltela.pt\/s.01k8rhncp4jt1\/2026\/02\/1536x864_cmsv2_71f2d520-d0ab-55eb-b003-357908b9375d-9665704.jpg\",\"datePublished\":\"2026-02-26T10:02:08+00:00\",\"author\":{\"@id\":\"https:\/\/portaltela.pt\/#\/schema\/person\/c4278d4a6028830caff9ee44b42d32ed\"},\"breadcrumb\":{\"@id\":\"https:\/\/portaltela.pt\/noticias\/2026\/02\/26\/ue-quer-comprar-produtos-europeus-sera-que-consegue\/#breadcrumb\"},\"inLanguage\":\"pt-PT\",\"potentialAction\":[{\"@type\":\"ReadAction\",\"target\":[\"https:\/\/portaltela.pt\/noticias\/2026\/02\/26\/ue-quer-comprar-produtos-europeus-sera-que-consegue\/\"]}]},{\"@type\":\"ImageObject\",\"inLanguage\":\"pt-PT\",\"@id\":\"https:\/\/portaltela.pt\/noticias\/2026\/02\/26\/ue-quer-comprar-produtos-europeus-sera-que-consegue\/#primaryimage\",\"url\":\"https:\/\/portaltela.pt\/s.01k8rhncp4jt1\/2026\/02\/1536x864_cmsv2_71f2d520-d0ab-55eb-b003-357908b9375d-9665704.jpg\",\"contentUrl\":\"https:\/\/portaltela.pt\/s.01k8rhncp4jt1\/2026\/02\/1536x864_cmsv2_71f2d520-d0ab-55eb-b003-357908b9375d-9665704.jpg\",\"width\":796,\"height\":448,\"caption\":\"L\u00edderes da UE no castelo de Alden Biesen, em Bilzen-Hoeselt\"},{\"@type\":\"BreadcrumbList\",\"@id\":\"https:\/\/portaltela.pt\/noticias\/2026\/02\/26\/ue-quer-comprar-produtos-europeus-sera-que-consegue\/#breadcrumb\",\"itemListElement\":[{\"@type\":\"ListItem\",\"position\":1,\"name\":\"In\u00edcio\",\"item\":\"https:\/\/portaltela.pt\/\"},{\"@type\":\"ListItem\",\"position\":2,\"name\":\"UE quer comprar produtos europeus \u2014 ser\u00e1 que consegue?\"}]},{\"@type\":\"WebSite\",\"@id\":\"https:\/\/portaltela.pt\/#website\",\"url\":\"https:\/\/portaltela.pt\/\",\"name\":\"Portal Tela Portugal\",\"description\":\"\",\"potentialAction\":[{\"@type\":\"SearchAction\",\"target\":{\"@type\":\"EntryPoint\",\"urlTemplate\":\"https:\/\/portaltela.pt\/?s={search_term_string}\"},\"query-input\":{\"@type\":\"PropertyValueSpecification\",\"valueRequired\":true,\"valueName\":\"search_term_string\"}}],\"inLanguage\":\"pt-PT\"},{\"@type\":\"Person\",\"@id\":\"https:\/\/portaltela.pt\/#\/schema\/person\/c4278d4a6028830caff9ee44b42d32ed\",\"name\":\"Telinha\",\"image\":{\"@type\":\"ImageObject\",\"inLanguage\":\"pt-PT\",\"@id\":\"https:\/\/portaltela.pt\/s.01k8rhncp4jt1\/2025\/11\/talking-bot-125x125.png\",\"url\":\"https:\/\/portaltela.pt\/s.01k8rhncp4jt1\/2025\/11\/talking-bot-125x125.png\",\"contentUrl\":\"https:\/\/portaltela.pt\/s.01k8rhncp4jt1\/2025\/11\/talking-bot-125x125.png\",\"caption\":\"Telinha\"},\"sameAs\":[\"https:\/\/portaltela.pt\/\"],\"url\":\"https:\/\/portaltela.pt\/por\/367410592786\/\"}]}<\/script>\n<!-- \/ Yoast SEO plugin. -->","yoast_head_json":{"title":"UE quer comprar produtos europeus \u2014 ser\u00e1 que consegue? - Portal Tela Portugal","robots":{"index":"index","follow":"follow","max-snippet":"max-snippet:-1","max-image-preview":"max-image-preview:large","max-video-preview":"max-video-preview:-1"},"og_locale":"pt_PT","og_type":"article","og_title":"UE quer comprar produtos europeus \u2014 ser\u00e1 que consegue? - Portal Tela Portugal","og_description":"A Comiss\u00e3o Europeia prepara um amplo plano de a\u00e7\u00e3o, com o Buy European no centro, para chegar \u00e0 cimeira de mar\u00e7o de 2026, visando apoiar a ind\u00fastria europeia com dinheiro p\u00fablico. A ideia \u00e9 orientar contrata\u00e7\u00e3o p\u00fablica e financiamento industrial para produ\u00e7\u00e3o sediada na UE em setores estrat\u00e9gicos, incluindo defesa, tecnologias limpas, semicondutores, qu\u00edmicos e autom\u00f3vel, procurando responder ao Buy American dos EUA. Existem diverg\u00eancias entre Estados-membros: Fran\u00e7a defende regras r\u00edgidas de conte\u00fado local, enquanto a Alemanha aposta numa abordagem mais flex\u00edvel, com parceiros como Canad\u00e1, Reino Unido e Noruega. Especialistas alertam que impor restri\u00e7\u00f5es pode elevar custos, reduzir inova\u00e7\u00e3o e dificultar cadeias de abastecimento, especialmente sem acordos de parceria com aliados. Os passos seguintes apontam para uma proposta em meados de mar\u00e7o, com limiares de valor acrescentado na UE entre 60% e 80% e exce\u00e7\u00f5es para parceiros de confian\u00e7a, mas os detalhes t\u00e9cnicos ainda est\u00e3o em aberto.","og_url":"https:\/\/portaltela.pt\/noticias\/2026\/02\/26\/ue-quer-comprar-produtos-europeus-sera-que-consegue\/","og_site_name":"Portal Tela Portugal","article_published_time":"2026-02-26T10:02:08+00:00","author":"Telinha","twitter_card":"summary_large_image","twitter_misc":{"Escrito por":"Telinha","Tempo estimado de leitura":"2 minutos"},"schema":{"@context":"https:\/\/schema.org","@graph":[{"@type":"Article","@id":"https:\/\/portaltela.pt\/noticias\/2026\/02\/26\/ue-quer-comprar-produtos-europeus-sera-que-consegue\/#article","isPartOf":{"@id":"https:\/\/portaltela.pt\/noticias\/2026\/02\/26\/ue-quer-comprar-produtos-europeus-sera-que-consegue\/"},"author":{"name":"Telinha","@id":"https:\/\/portaltela.pt\/#\/schema\/person\/c4278d4a6028830caff9ee44b42d32ed"},"headline":"UE quer comprar produtos europeus \u2014 ser\u00e1 que consegue?","datePublished":"2026-02-26T10:02:08+00:00","mainEntityOfPage":{"@id":"https:\/\/portaltela.pt\/noticias\/2026\/02\/26\/ue-quer-comprar-produtos-europeus-sera-que-consegue\/"},"wordCount":409,"image":{"@id":"https:\/\/portaltela.pt\/noticias\/2026\/02\/26\/ue-quer-comprar-produtos-europeus-sera-que-consegue\/#primaryimage"},"thumbnailUrl":"https:\/\/portaltela.pt\/s.01k8rhncp4jt1\/2026\/02\/1536x864_cmsv2_71f2d520-d0ab-55eb-b003-357908b9375d-9665704.jpg","keywords":["com\u00e9rcio","com\u00e9rcio internacional","Desenvolvimento econ\u00f3mico","economia","Investimento Direto Estrangeiro","Uni\u00e3o Europeia"],"articleSection":["Economia","Not\u00edcias"],"inLanguage":"pt-PT"},{"@type":"WebPage","@id":"https:\/\/portaltela.pt\/noticias\/2026\/02\/26\/ue-quer-comprar-produtos-europeus-sera-que-consegue\/","url":"https:\/\/portaltela.pt\/noticias\/2026\/02\/26\/ue-quer-comprar-produtos-europeus-sera-que-consegue\/","name":"UE quer comprar produtos europeus \u2014 ser\u00e1 que consegue? - Portal Tela Portugal","isPartOf":{"@id":"https:\/\/portaltela.pt\/#website"},"primaryImageOfPage":{"@id":"https:\/\/portaltela.pt\/noticias\/2026\/02\/26\/ue-quer-comprar-produtos-europeus-sera-que-consegue\/#primaryimage"},"image":{"@id":"https:\/\/portaltela.pt\/noticias\/2026\/02\/26\/ue-quer-comprar-produtos-europeus-sera-que-consegue\/#primaryimage"},"thumbnailUrl":"https:\/\/portaltela.pt\/s.01k8rhncp4jt1\/2026\/02\/1536x864_cmsv2_71f2d520-d0ab-55eb-b003-357908b9375d-9665704.jpg","datePublished":"2026-02-26T10:02:08+00:00","author":{"@id":"https:\/\/portaltela.pt\/#\/schema\/person\/c4278d4a6028830caff9ee44b42d32ed"},"breadcrumb":{"@id":"https:\/\/portaltela.pt\/noticias\/2026\/02\/26\/ue-quer-comprar-produtos-europeus-sera-que-consegue\/#breadcrumb"},"inLanguage":"pt-PT","potentialAction":[{"@type":"ReadAction","target":["https:\/\/portaltela.pt\/noticias\/2026\/02\/26\/ue-quer-comprar-produtos-europeus-sera-que-consegue\/"]}]},{"@type":"ImageObject","inLanguage":"pt-PT","@id":"https:\/\/portaltela.pt\/noticias\/2026\/02\/26\/ue-quer-comprar-produtos-europeus-sera-que-consegue\/#primaryimage","url":"https:\/\/portaltela.pt\/s.01k8rhncp4jt1\/2026\/02\/1536x864_cmsv2_71f2d520-d0ab-55eb-b003-357908b9375d-9665704.jpg","contentUrl":"https:\/\/portaltela.pt\/s.01k8rhncp4jt1\/2026\/02\/1536x864_cmsv2_71f2d520-d0ab-55eb-b003-357908b9375d-9665704.jpg","width":796,"height":448,"caption":"L\u00edderes da UE no castelo de Alden Biesen, em Bilzen-Hoeselt"},{"@type":"BreadcrumbList","@id":"https:\/\/portaltela.pt\/noticias\/2026\/02\/26\/ue-quer-comprar-produtos-europeus-sera-que-consegue\/#breadcrumb","itemListElement":[{"@type":"ListItem","position":1,"name":"In\u00edcio","item":"https:\/\/portaltela.pt\/"},{"@type":"ListItem","position":2,"name":"UE quer comprar produtos europeus \u2014 ser\u00e1 que consegue?"}]},{"@type":"WebSite","@id":"https:\/\/portaltela.pt\/#website","url":"https:\/\/portaltela.pt\/","name":"Portal Tela Portugal","description":"","potentialAction":[{"@type":"SearchAction","target":{"@type":"EntryPoint","urlTemplate":"https:\/\/portaltela.pt\/?s={search_term_string}"},"query-input":{"@type":"PropertyValueSpecification","valueRequired":true,"valueName":"search_term_string"}}],"inLanguage":"pt-PT"},{"@type":"Person","@id":"https:\/\/portaltela.pt\/#\/schema\/person\/c4278d4a6028830caff9ee44b42d32ed","name":"Telinha","image":{"@type":"ImageObject","inLanguage":"pt-PT","@id":"https:\/\/portaltela.pt\/s.01k8rhncp4jt1\/2025\/11\/talking-bot-125x125.png","url":"https:\/\/portaltela.pt\/s.01k8rhncp4jt1\/2025\/11\/talking-bot-125x125.png","contentUrl":"https:\/\/portaltela.pt\/s.01k8rhncp4jt1\/2025\/11\/talking-bot-125x125.png","caption":"Telinha"},"sameAs":["https:\/\/portaltela.pt\/"],"url":"https:\/\/portaltela.pt\/por\/367410592786\/"}]}},"_links":{"self":[{"href":"https:\/\/portaltela.pt\/api\/wp\/v2\/posts\/388674","targetHints":{"allow":["GET"]}}],"collection":[{"href":"https:\/\/portaltela.pt\/api\/wp\/v2\/posts"}],"about":[{"href":"https:\/\/portaltela.pt\/api\/wp\/v2\/types\/post"}],"author":[{"embeddable":true,"href":"https:\/\/portaltela.pt\/api\/wp\/v2\/users\/2"}],"replies":[{"embeddable":true,"href":"https:\/\/portaltela.pt\/api\/wp\/v2\/comments?post=388674"}],"version-history":[{"count":0,"href":"https:\/\/portaltela.pt\/api\/wp\/v2\/posts\/388674\/revisions"}],"wp:featuredmedia":[{"embeddable":true,"href":"https:\/\/portaltela.pt\/api\/wp\/v2\/media\/388692"}],"wp:attachment":[{"href":"https:\/\/portaltela.pt\/api\/wp\/v2\/media?parent=388674"}],"wp:term":[{"taxonomy":"category","embeddable":true,"href":"https:\/\/portaltela.pt\/api\/wp\/v2\/categories?post=388674"},{"taxonomy":"post_tag","embeddable":true,"href":"https:\/\/portaltela.pt\/api\/wp\/v2\/tags?post=388674"}],"curies":[{"name":"wp","href":"https:\/\/api.w.org\/{rel}","templated":true}]}}