{"id":388668,"date":"2026-02-26T07:01:57","date_gmt":"2026-02-26T10:01:57","guid":{"rendered":"https:\/\/portaltela.pt\/noticias\/2026\/02\/26\/setores-com-maior-crescimento-de-vagas-na-uniao-europeia\/"},"modified":"2026-02-26T07:01:57","modified_gmt":"2026-02-26T10:01:57","slug":"setores-com-maior-crescimento-de-vagas-na-uniao-europeia","status":"publish","type":"post","link":"https:\/\/portaltela.pt\/noticias\/2026\/02\/26\/setores-com-maior-crescimento-de-vagas-na-uniao-europeia\/","title":{"rendered":"Setores com maior crescimento de vagas na Uni\u00e3o Europeia"},"content":{"rendered":"<p>O mercado de trabalho da Uni\u00e3o Europeia manteve-se robusto no in\u00edcio de 2026, registando empregos em n\u00edveis recordes face ao contexto econ\u00f3mico global. V\u00e1rios setores, por\u00e9m, sentem dificuldades em preencher lacunas deixadas pela pandemia de covid-19. Dados do Eurostat ajudam a perceber onde h\u00e1 mais vagas abertas.<\/p>\n<p>Entre 2019 e 2023, o setor da ind\u00fastria transformadora registou o maior aumento de vagas dispon\u00edveis, com um salto de 4,2%. A institui\u00e7\u00e3o aponta que confinamentos, interrup\u00e7\u00f5es da cadeia de abastecimento e o \u00eaxodo de trabalhadores contribu\u00edram para a recupera\u00e7\u00e3o tardia do setor.<\/p>\n<h3>Mudan\u00e7as por fun\u00e7\u00e3o<\/h3>\n<p>As taxas de desocupa\u00e7\u00e3o mais altas, em 2023, ocorreram entre gestores de vendas, marketing e desenvolvimento (3%), seguidos de trabalhadores de vendas (2,8%), de transportes e armazenamento (2,5%) e de apoio administrativo (2,4%). Estas \u00e1reas lideram as necessidades de m\u00e3o de obra.<\/p>\n<p>Em contrapartida, certas profiss\u00f5es registaram descidas no n\u00edvel de vagas entre 2019 e 2023, nomeadamente t\u00e9cnicos de ci\u00eancias da vida (-2,6%), profissionais de bases de dados e redes (-1,7%) e programadores\/analistas de software (-1,5%).<\/p>\n<p>Alegadamente, parte da queda nestes setores deve-se ao avan\u00e7o da automatiza\u00e7\u00e3o e da IA. Ainda assim, a procura por especialidades em ci\u00eancia de dados ou terapias gen\u00e9ticas mant\u00e9m-se elevada, segundo o Eurostat.<\/p>\n<h3>Perspectiva por \u00e1reas t\u00e9cnicas<\/h3>\n<p>Mesmo com o recuo de vagas em alguns campos, o aumento relativo das vagas n\u00e3o significa diminui\u00e7\u00e3o de postos: a procura de bases de dados e redes manteve-se acima da m\u00e9dia. Em 2023, a taxa de vagas para este grupo ficou em 5,1%.<\/p>\n<p>Para programadores e analistas de software, a taxa de vagas atingiu 6,9% em 2023, com aumento de 0,5% no per\u00edodo analisado, aponta o Eurostat. O foco permanece em \u00e1reas com alta especializa\u00e7\u00e3o.<\/p>\n<p>Por outro lado, setores com aumentos de vagas viram quedas na percentagem de trabalhadores dispon\u00edveis: transportes e armazenamento (-0,2%) e vendas (-0,1%) entre 2019 e 2023.<\/p>\n","protected":false},"excerpt":{"rendered":"<ul>\n<li>Dados do Eurostat apontam que, entre 2019 e 2023, o setor da ind\u00fastria transformadora registou o maior aumento de vagas dispon\u00edveis, com um aumento de 4,2%.<\/li>\n<li>As taxas de desocupa\u00e7\u00e3o mais altas, entre 2019 e 2023, ocorreram em gest\u00e3o de vendas, marketing e desenvolvimento (3%), trabalhadores de vendas (2,8%), transporte e armazenamento (2,5%) e apoio administrativo (2,4%).<\/li>\n<li>Por outro lado, t\u00e9cnicos de ci\u00eancias da vida, profissionais de bases de dados e redes e programadores\/analistas de software registaram as maiores descidas nas vagas dispon\u00edveis no per\u00edodo.<\/li>\n<li>Especialistas apontam, em parte, a automatiza\u00e7\u00e3o e a IA como fatores na redu\u00e7\u00e3o da \ud544\uc694idade de certas fun\u00e7\u00f5es, apesar da procura continuar elevada em \u00e1reas especializadas.<\/li>\n<li>Mesmo com quedas setoriais, \u00e1reas como bases de dados, redes e software mant\u00eam n\u00fameros de vagas acima da m\u00e9dia, refletindo uma procura persistente por compet\u00eancias t\u00e9cnicas.<\/li>\n<\/ul>\n","protected":false},"author":2,"featured_media":388681,"comment_status":"closed","ping_status":"closed","sticky":false,"template":"","format":"standard","meta":{"footnotes":""},"categories":[1],"tags":[2935,6388,28,1006,51,153],"class_list":["post-388668","post","type-post","status-publish","format-standard","has-post-thumbnail","hentry","category-noticias","tag-automatizacao","tag-bases-de-dados-e-redes","tag-economia","tag-emprego","tag-inteligencia-artificial","tag-tecnologia"],"yoast_head":"<!-- This site is optimized with the Yoast SEO plugin v27.2 - https:\/\/yoast.com\/product\/yoast-seo-wordpress\/ -->\n<title>Setores com maior crescimento de vagas na Uni\u00e3o Europeia - Portal Tela Portugal<\/title>\n<meta name=\"robots\" content=\"index, follow, max-snippet:-1, max-image-preview:large, max-video-preview:-1\" \/>\n<meta property=\"og:locale\" content=\"pt_PT\" \/>\n<meta property=\"og:type\" content=\"article\" \/>\n<meta property=\"og:title\" content=\"Setores com maior crescimento de vagas na Uni\u00e3o Europeia - Portal Tela Portugal\" \/>\n<meta property=\"og:description\" content=\"Dados do Eurostat apontam que, entre 2019 e 2023, o setor da ind\u00fastria transformadora registou o maior aumento de vagas dispon\u00edveis, com um aumento de 4,2%. As taxas de desocupa\u00e7\u00e3o mais altas, entre 2019 e 2023, ocorreram em gest\u00e3o de vendas, marketing e desenvolvimento (3%), trabalhadores de vendas (2,8%), transporte e armazenamento (2,5%) e apoio administrativo (2,4%). Por outro lado, t\u00e9cnicos de ci\u00eancias da vida, profissionais de bases de dados e redes e programadores\/analistas de software registaram as maiores descidas nas vagas dispon\u00edveis no per\u00edodo. Especialistas apontam, em parte, a automatiza\u00e7\u00e3o e a IA como fatores na redu\u00e7\u00e3o da \ud544\uc694idade de certas fun\u00e7\u00f5es, apesar da procura continuar elevada em \u00e1reas especializadas. Mesmo com quedas setoriais, \u00e1reas como bases de dados, redes e software mant\u00eam n\u00fameros de vagas acima da m\u00e9dia, refletindo uma procura persistente por compet\u00eancias t\u00e9cnicas.\" \/>\n<meta property=\"og:url\" content=\"https:\/\/portaltela.pt\/noticias\/2026\/02\/26\/setores-com-maior-crescimento-de-vagas-na-uniao-europeia\/\" \/>\n<meta property=\"og:site_name\" content=\"Portal Tela Portugal\" \/>\n<meta property=\"article:published_time\" content=\"2026-02-26T10:01:57+00:00\" \/>\n<meta name=\"author\" content=\"Telinha\" \/>\n<meta name=\"twitter:card\" content=\"summary_large_image\" \/>\n<meta name=\"twitter:label1\" content=\"Escrito por\" \/>\n\t<meta name=\"twitter:data1\" content=\"Telinha\" \/>\n\t<meta name=\"twitter:label2\" content=\"Tempo estimado de leitura\" \/>\n\t<meta name=\"twitter:data2\" content=\"2 minutos\" \/>\n<script type=\"application\/ld+json\" class=\"yoast-schema-graph\">{\"@context\":\"https:\/\/schema.org\",\"@graph\":[{\"@type\":\"Article\",\"@id\":\"https:\/\/portaltela.pt\/noticias\/2026\/02\/26\/setores-com-maior-crescimento-de-vagas-na-uniao-europeia\/#article\",\"isPartOf\":{\"@id\":\"https:\/\/portaltela.pt\/noticias\/2026\/02\/26\/setores-com-maior-crescimento-de-vagas-na-uniao-europeia\/\"},\"author\":{\"name\":\"Telinha\",\"@id\":\"https:\/\/portaltela.pt\/#\/schema\/person\/c4278d4a6028830caff9ee44b42d32ed\"},\"headline\":\"Setores com maior crescimento de vagas na Uni\u00e3o Europeia\",\"datePublished\":\"2026-02-26T10:01:57+00:00\",\"mainEntityOfPage\":{\"@id\":\"https:\/\/portaltela.pt\/noticias\/2026\/02\/26\/setores-com-maior-crescimento-de-vagas-na-uniao-europeia\/\"},\"wordCount\":331,\"image\":{\"@id\":\"https:\/\/portaltela.pt\/noticias\/2026\/02\/26\/setores-com-maior-crescimento-de-vagas-na-uniao-europeia\/#primaryimage\"},\"thumbnailUrl\":\"https:\/\/portaltela.pt\/s.01k8rhncp4jt1\/2026\/02\/1536x864_cmsv2_95a541ef-e1f0-56dd-ac72-67b5fdf18933-9663674.jpg\",\"keywords\":[\"automatiza\u00e7\u00e3o\",\"bases de dados e redes\",\"economia\",\"emprego\",\"intelig\u00eancia artificial\",\"tecnologia\"],\"articleSection\":[\"Not\u00edcias\"],\"inLanguage\":\"pt-PT\"},{\"@type\":\"WebPage\",\"@id\":\"https:\/\/portaltela.pt\/noticias\/2026\/02\/26\/setores-com-maior-crescimento-de-vagas-na-uniao-europeia\/\",\"url\":\"https:\/\/portaltela.pt\/noticias\/2026\/02\/26\/setores-com-maior-crescimento-de-vagas-na-uniao-europeia\/\",\"name\":\"Setores com maior crescimento de vagas na Uni\u00e3o Europeia - Portal Tela Portugal\",\"isPartOf\":{\"@id\":\"https:\/\/portaltela.pt\/#website\"},\"primaryImageOfPage\":{\"@id\":\"https:\/\/portaltela.pt\/noticias\/2026\/02\/26\/setores-com-maior-crescimento-de-vagas-na-uniao-europeia\/#primaryimage\"},\"image\":{\"@id\":\"https:\/\/portaltela.pt\/noticias\/2026\/02\/26\/setores-com-maior-crescimento-de-vagas-na-uniao-europeia\/#primaryimage\"},\"thumbnailUrl\":\"https:\/\/portaltela.pt\/s.01k8rhncp4jt1\/2026\/02\/1536x864_cmsv2_95a541ef-e1f0-56dd-ac72-67b5fdf18933-9663674.jpg\",\"datePublished\":\"2026-02-26T10:01:57+00:00\",\"author\":{\"@id\":\"https:\/\/portaltela.pt\/#\/schema\/person\/c4278d4a6028830caff9ee44b42d32ed\"},\"breadcrumb\":{\"@id\":\"https:\/\/portaltela.pt\/noticias\/2026\/02\/26\/setores-com-maior-crescimento-de-vagas-na-uniao-europeia\/#breadcrumb\"},\"inLanguage\":\"pt-PT\",\"potentialAction\":[{\"@type\":\"ReadAction\",\"target\":[\"https:\/\/portaltela.pt\/noticias\/2026\/02\/26\/setores-com-maior-crescimento-de-vagas-na-uniao-europeia\/\"]}]},{\"@type\":\"ImageObject\",\"inLanguage\":\"pt-PT\",\"@id\":\"https:\/\/portaltela.pt\/noticias\/2026\/02\/26\/setores-com-maior-crescimento-de-vagas-na-uniao-europeia\/#primaryimage\",\"url\":\"https:\/\/portaltela.pt\/s.01k8rhncp4jt1\/2026\/02\/1536x864_cmsv2_95a541ef-e1f0-56dd-ac72-67b5fdf18933-9663674.jpg\",\"contentUrl\":\"https:\/\/portaltela.pt\/s.01k8rhncp4jt1\/2026\/02\/1536x864_cmsv2_95a541ef-e1f0-56dd-ac72-67b5fdf18933-9663674.jpg\",\"width\":796,\"height\":448,\"caption\":\"V\u00e1rios sectores viram a sua taxa de ofertas de emprego aumentar desde a pandemia\"},{\"@type\":\"BreadcrumbList\",\"@id\":\"https:\/\/portaltela.pt\/noticias\/2026\/02\/26\/setores-com-maior-crescimento-de-vagas-na-uniao-europeia\/#breadcrumb\",\"itemListElement\":[{\"@type\":\"ListItem\",\"position\":1,\"name\":\"In\u00edcio\",\"item\":\"https:\/\/portaltela.pt\/\"},{\"@type\":\"ListItem\",\"position\":2,\"name\":\"Setores com maior crescimento de vagas na Uni\u00e3o Europeia\"}]},{\"@type\":\"WebSite\",\"@id\":\"https:\/\/portaltela.pt\/#website\",\"url\":\"https:\/\/portaltela.pt\/\",\"name\":\"Portal Tela Portugal\",\"description\":\"\",\"potentialAction\":[{\"@type\":\"SearchAction\",\"target\":{\"@type\":\"EntryPoint\",\"urlTemplate\":\"https:\/\/portaltela.pt\/?s={search_term_string}\"},\"query-input\":{\"@type\":\"PropertyValueSpecification\",\"valueRequired\":true,\"valueName\":\"search_term_string\"}}],\"inLanguage\":\"pt-PT\"},{\"@type\":\"Person\",\"@id\":\"https:\/\/portaltela.pt\/#\/schema\/person\/c4278d4a6028830caff9ee44b42d32ed\",\"name\":\"Telinha\",\"image\":{\"@type\":\"ImageObject\",\"inLanguage\":\"pt-PT\",\"@id\":\"https:\/\/portaltela.pt\/s.01k8rhncp4jt1\/2025\/11\/talking-bot-125x125.png\",\"url\":\"https:\/\/portaltela.pt\/s.01k8rhncp4jt1\/2025\/11\/talking-bot-125x125.png\",\"contentUrl\":\"https:\/\/portaltela.pt\/s.01k8rhncp4jt1\/2025\/11\/talking-bot-125x125.png\",\"caption\":\"Telinha\"},\"sameAs\":[\"https:\/\/portaltela.pt\/\"],\"url\":\"https:\/\/portaltela.pt\/por\/367410592786\/\"}]}<\/script>\n<!-- \/ Yoast SEO plugin. -->","yoast_head_json":{"title":"Setores com maior crescimento de vagas na Uni\u00e3o Europeia - Portal Tela Portugal","robots":{"index":"index","follow":"follow","max-snippet":"max-snippet:-1","max-image-preview":"max-image-preview:large","max-video-preview":"max-video-preview:-1"},"og_locale":"pt_PT","og_type":"article","og_title":"Setores com maior crescimento de vagas na Uni\u00e3o Europeia - Portal Tela Portugal","og_description":"Dados do Eurostat apontam que, entre 2019 e 2023, o setor da ind\u00fastria transformadora registou o maior aumento de vagas dispon\u00edveis, com um aumento de 4,2%. As taxas de desocupa\u00e7\u00e3o mais altas, entre 2019 e 2023, ocorreram em gest\u00e3o de vendas, marketing e desenvolvimento (3%), trabalhadores de vendas (2,8%), transporte e armazenamento (2,5%) e apoio administrativo (2,4%). Por outro lado, t\u00e9cnicos de ci\u00eancias da vida, profissionais de bases de dados e redes e programadores\/analistas de software registaram as maiores descidas nas vagas dispon\u00edveis no per\u00edodo. Especialistas apontam, em parte, a automatiza\u00e7\u00e3o e a IA como fatores na redu\u00e7\u00e3o da \ud544\uc694idade de certas fun\u00e7\u00f5es, apesar da procura continuar elevada em \u00e1reas especializadas. Mesmo com quedas setoriais, \u00e1reas como bases de dados, redes e software mant\u00eam n\u00fameros de vagas acima da m\u00e9dia, refletindo uma procura persistente por compet\u00eancias t\u00e9cnicas.","og_url":"https:\/\/portaltela.pt\/noticias\/2026\/02\/26\/setores-com-maior-crescimento-de-vagas-na-uniao-europeia\/","og_site_name":"Portal Tela Portugal","article_published_time":"2026-02-26T10:01:57+00:00","author":"Telinha","twitter_card":"summary_large_image","twitter_misc":{"Escrito por":"Telinha","Tempo estimado de leitura":"2 minutos"},"schema":{"@context":"https:\/\/schema.org","@graph":[{"@type":"Article","@id":"https:\/\/portaltela.pt\/noticias\/2026\/02\/26\/setores-com-maior-crescimento-de-vagas-na-uniao-europeia\/#article","isPartOf":{"@id":"https:\/\/portaltela.pt\/noticias\/2026\/02\/26\/setores-com-maior-crescimento-de-vagas-na-uniao-europeia\/"},"author":{"name":"Telinha","@id":"https:\/\/portaltela.pt\/#\/schema\/person\/c4278d4a6028830caff9ee44b42d32ed"},"headline":"Setores com maior crescimento de vagas na Uni\u00e3o Europeia","datePublished":"2026-02-26T10:01:57+00:00","mainEntityOfPage":{"@id":"https:\/\/portaltela.pt\/noticias\/2026\/02\/26\/setores-com-maior-crescimento-de-vagas-na-uniao-europeia\/"},"wordCount":331,"image":{"@id":"https:\/\/portaltela.pt\/noticias\/2026\/02\/26\/setores-com-maior-crescimento-de-vagas-na-uniao-europeia\/#primaryimage"},"thumbnailUrl":"https:\/\/portaltela.pt\/s.01k8rhncp4jt1\/2026\/02\/1536x864_cmsv2_95a541ef-e1f0-56dd-ac72-67b5fdf18933-9663674.jpg","keywords":["automatiza\u00e7\u00e3o","bases de dados e redes","economia","emprego","intelig\u00eancia artificial","tecnologia"],"articleSection":["Not\u00edcias"],"inLanguage":"pt-PT"},{"@type":"WebPage","@id":"https:\/\/portaltela.pt\/noticias\/2026\/02\/26\/setores-com-maior-crescimento-de-vagas-na-uniao-europeia\/","url":"https:\/\/portaltela.pt\/noticias\/2026\/02\/26\/setores-com-maior-crescimento-de-vagas-na-uniao-europeia\/","name":"Setores com maior crescimento de vagas na Uni\u00e3o Europeia - Portal Tela Portugal","isPartOf":{"@id":"https:\/\/portaltela.pt\/#website"},"primaryImageOfPage":{"@id":"https:\/\/portaltela.pt\/noticias\/2026\/02\/26\/setores-com-maior-crescimento-de-vagas-na-uniao-europeia\/#primaryimage"},"image":{"@id":"https:\/\/portaltela.pt\/noticias\/2026\/02\/26\/setores-com-maior-crescimento-de-vagas-na-uniao-europeia\/#primaryimage"},"thumbnailUrl":"https:\/\/portaltela.pt\/s.01k8rhncp4jt1\/2026\/02\/1536x864_cmsv2_95a541ef-e1f0-56dd-ac72-67b5fdf18933-9663674.jpg","datePublished":"2026-02-26T10:01:57+00:00","author":{"@id":"https:\/\/portaltela.pt\/#\/schema\/person\/c4278d4a6028830caff9ee44b42d32ed"},"breadcrumb":{"@id":"https:\/\/portaltela.pt\/noticias\/2026\/02\/26\/setores-com-maior-crescimento-de-vagas-na-uniao-europeia\/#breadcrumb"},"inLanguage":"pt-PT","potentialAction":[{"@type":"ReadAction","target":["https:\/\/portaltela.pt\/noticias\/2026\/02\/26\/setores-com-maior-crescimento-de-vagas-na-uniao-europeia\/"]}]},{"@type":"ImageObject","inLanguage":"pt-PT","@id":"https:\/\/portaltela.pt\/noticias\/2026\/02\/26\/setores-com-maior-crescimento-de-vagas-na-uniao-europeia\/#primaryimage","url":"https:\/\/portaltela.pt\/s.01k8rhncp4jt1\/2026\/02\/1536x864_cmsv2_95a541ef-e1f0-56dd-ac72-67b5fdf18933-9663674.jpg","contentUrl":"https:\/\/portaltela.pt\/s.01k8rhncp4jt1\/2026\/02\/1536x864_cmsv2_95a541ef-e1f0-56dd-ac72-67b5fdf18933-9663674.jpg","width":796,"height":448,"caption":"V\u00e1rios sectores viram a sua taxa de ofertas de emprego aumentar desde a pandemia"},{"@type":"BreadcrumbList","@id":"https:\/\/portaltela.pt\/noticias\/2026\/02\/26\/setores-com-maior-crescimento-de-vagas-na-uniao-europeia\/#breadcrumb","itemListElement":[{"@type":"ListItem","position":1,"name":"In\u00edcio","item":"https:\/\/portaltela.pt\/"},{"@type":"ListItem","position":2,"name":"Setores com maior crescimento de vagas na Uni\u00e3o Europeia"}]},{"@type":"WebSite","@id":"https:\/\/portaltela.pt\/#website","url":"https:\/\/portaltela.pt\/","name":"Portal Tela Portugal","description":"","potentialAction":[{"@type":"SearchAction","target":{"@type":"EntryPoint","urlTemplate":"https:\/\/portaltela.pt\/?s={search_term_string}"},"query-input":{"@type":"PropertyValueSpecification","valueRequired":true,"valueName":"search_term_string"}}],"inLanguage":"pt-PT"},{"@type":"Person","@id":"https:\/\/portaltela.pt\/#\/schema\/person\/c4278d4a6028830caff9ee44b42d32ed","name":"Telinha","image":{"@type":"ImageObject","inLanguage":"pt-PT","@id":"https:\/\/portaltela.pt\/s.01k8rhncp4jt1\/2025\/11\/talking-bot-125x125.png","url":"https:\/\/portaltela.pt\/s.01k8rhncp4jt1\/2025\/11\/talking-bot-125x125.png","contentUrl":"https:\/\/portaltela.pt\/s.01k8rhncp4jt1\/2025\/11\/talking-bot-125x125.png","caption":"Telinha"},"sameAs":["https:\/\/portaltela.pt\/"],"url":"https:\/\/portaltela.pt\/por\/367410592786\/"}]}},"_links":{"self":[{"href":"https:\/\/portaltela.pt\/api\/wp\/v2\/posts\/388668","targetHints":{"allow":["GET"]}}],"collection":[{"href":"https:\/\/portaltela.pt\/api\/wp\/v2\/posts"}],"about":[{"href":"https:\/\/portaltela.pt\/api\/wp\/v2\/types\/post"}],"author":[{"embeddable":true,"href":"https:\/\/portaltela.pt\/api\/wp\/v2\/users\/2"}],"replies":[{"embeddable":true,"href":"https:\/\/portaltela.pt\/api\/wp\/v2\/comments?post=388668"}],"version-history":[{"count":0,"href":"https:\/\/portaltela.pt\/api\/wp\/v2\/posts\/388668\/revisions"}],"wp:featuredmedia":[{"embeddable":true,"href":"https:\/\/portaltela.pt\/api\/wp\/v2\/media\/388681"}],"wp:attachment":[{"href":"https:\/\/portaltela.pt\/api\/wp\/v2\/media?parent=388668"}],"wp:term":[{"taxonomy":"category","embeddable":true,"href":"https:\/\/portaltela.pt\/api\/wp\/v2\/categories?post=388668"},{"taxonomy":"post_tag","embeddable":true,"href":"https:\/\/portaltela.pt\/api\/wp\/v2\/tags?post=388668"}],"curies":[{"name":"wp","href":"https:\/\/api.w.org\/{rel}","templated":true}]}}