{"id":388662,"date":"2026-02-26T06:35:16","date_gmt":"2026-02-26T09:35:16","guid":{"rendered":"https:\/\/portaltela.pt\/noticias\/2026\/02\/26\/apartamento-de-luxo-de-epstein-em-paris-foi-cenario-de-crimes\/"},"modified":"2026-02-26T06:35:16","modified_gmt":"2026-02-26T09:35:16","slug":"apartamento-de-luxo-de-epstein-em-paris-foi-cenario-de-crimes","status":"publish","type":"post","link":"https:\/\/portaltela.pt\/noticias\/2026\/02\/26\/apartamento-de-luxo-de-epstein-em-paris-foi-cenario-de-crimes\/","title":{"rendered":"Apartamento de luxo de Epstein em Paris foi cen\u00e1rio de crimes"},"content":{"rendered":"<p>Portugal, 26 Fev 2026 \u2013 Investiga\u00e7\u00e3o parisiense revelou que um apartamento de luxo na Avenida Foch, em Paris, foi utilizado como cen\u00e1rio de crimes graves. A casa, avaliada em 11,5 milh\u00f5es de euros, apresentava ambiente perturbador com fotos de Epstein, animais embalsamados e uma sala de massagens.<\/p>\n<p>Segundo a Procuradoria de Paris, as investiga\u00e7\u00f5es decorrem h\u00e1 semanas, ap\u00f3s men\u00e7\u00f5es nos ficheiros do Departamento de Justi\u00e7a dos EUA. O im\u00f3vel teve como h\u00f3spedes figuras associadas a Epstein e continha v\u00e1rias imagens do procurado com mulheres nuas, al\u00e9m de brinquedos sexuais.<\/p>\n<p>V\u00e1rias autoridades portuguesas participam no cruzamento de dados e j\u00e1 apelaram a potenciais v\u00edtimas para colaborarem com a investiga\u00e7\u00e3o. A investiga\u00e7\u00e3o foca crimes de natureza sexual e financeira envolvendo cidad\u00e3os franceses.<\/p>\n<h3>Investiga\u00e7\u00e3o em Paris<\/h3>\n<p>As autoridades francesas descrevem o im\u00f3vel como pe\u00e7a-chave na rede internacional de tr\u00e1fico sexual associada a Epstein. A a\u00e7\u00e3o decorreu ap\u00f3s interc\u00e2mbio de informa\u00e7\u00f5es com a justi\u00e7a norte-americana e envolve an\u00e1lise de milh\u00f5es de documentos.<\/p>\n<p>O Minist\u00e9rio P\u00fablico nomeou cinco magistrados para coordenar o cruzamento de dados. A avalia\u00e7\u00e3o inclui liga\u00e7\u00f5es entre o apartamento parisiense e outros locais de atividade suspeita, tanto na Europa como fora dela.<\/p>\n<h3>Caso Bill Gates<\/h3>\n<p>De modo separado, surgem informa\u00e7\u00f5es sobre declara\u00e7\u00f5es feitas por Bill Gates, que reconheceu casos extraconjugais envolvendo duas mulheres russas durante o casamento com Melinda French Gates. O fundador afirmou ter viajado no avi\u00e3o particular de Epstein, sem admitir qualquer crime.<\/p>\n<p>Gates comunicou aos colaboradores da funda\u00e7\u00e3o que n\u00e3o houve participa\u00e7\u00e3o em atividades ilegais e que as fotos eram solicita\u00e7\u00f5es de Epstein para sess\u00f5es formais de fotografia. O ve\u00edculo de comunica\u00e7\u00e3o norte-americano Reports confirmou os relatos.<\/p>\n","protected":false},"excerpt":{"rendered":"<ul>\n<li>Apartamento na Avenida Foch, em Paris, avaliado em 11,5 milh\u00f5es de euros, foi inspecionado pela pol\u00edcia e revelou fotos de Epstein com mulheres nua e uma sala de massagens.<\/li>\n<li>O im\u00f3vel recebeu visitas de personalidades como Andr\u00e9 Mountbatten-Windsor ou Peter Mandelson e pode ter sido usado como base europeia da rede de tr\u00e1fico sexual, com animais embalsamados e paredes vermelhas nas 18 assoalhadas.<\/li>\n<li>A investiga\u00e7\u00e3o teve origem em men\u00e7\u00f5es nos ficheiros do Departamento de Justi\u00e7a dos Estados Unidos; o Minist\u00e9rio P\u00fablico nomeou cinco magistrados para cruzar dados de crimes sexuais ou financeiros envolvendo cidad\u00e3os franceses.<\/li>\n<li>Entre as provas constam imagens de Epstein com mulheres nuas, brinquedos sexuais e a sala de massagens, cuja constru\u00e7\u00e3o foi justificada pelo mordomo brasileiro como destinada a receber um grande n\u00famero de mulheres.<\/li>\n<li>Bill Gates reconheceu ter mantido casos extraconjugais com duas mulheres russas e pediu desculpa, dizendo que viajou no avi\u00e3o de Epstein e que n\u00e3o cometeu crimes; afirmou que as fotos foram tiradas a pedido de Epstein.<\/li>\n<\/ul>\n","protected":false},"author":2,"featured_media":388664,"comment_status":"closed","ping_status":"closed","sticky":false,"template":"","format":"standard","meta":{"footnotes":""},"categories":[1],"tags":[4780,177,3990,2297,2181,3475],"class_list":["post-388662","post","type-post","status-publish","format-standard","has-post-thumbnail","hentry","category-noticias","tag-crime-economico","tag-crimes","tag-crimes-sexuais","tag-investigacoes-internacionais","tag-protecao-de-menores","tag-trafico-de-seres-humanos"],"yoast_head":"<!-- This site is optimized with the Yoast SEO plugin v27.2 - https:\/\/yoast.com\/product\/yoast-seo-wordpress\/ -->\n<title>Apartamento de luxo de Epstein em Paris foi cen\u00e1rio de crimes - Portal Tela Portugal<\/title>\n<meta name=\"robots\" content=\"index, follow, max-snippet:-1, max-image-preview:large, max-video-preview:-1\" \/>\n<meta property=\"og:locale\" content=\"pt_PT\" \/>\n<meta property=\"og:type\" content=\"article\" \/>\n<meta property=\"og:title\" content=\"Apartamento de luxo de Epstein em Paris foi cen\u00e1rio de crimes - Portal Tela Portugal\" \/>\n<meta property=\"og:description\" content=\"Apartamento na Avenida Foch, em Paris, avaliado em 11,5 milh\u00f5es de euros, foi inspecionado pela pol\u00edcia e revelou fotos de Epstein com mulheres nua e uma sala de massagens. O im\u00f3vel recebeu visitas de personalidades como Andr\u00e9 Mountbatten-Windsor ou Peter Mandelson e pode ter sido usado como base europeia da rede de tr\u00e1fico sexual, com animais embalsamados e paredes vermelhas nas 18 assoalhadas. A investiga\u00e7\u00e3o teve origem em men\u00e7\u00f5es nos ficheiros do Departamento de Justi\u00e7a dos Estados Unidos; o Minist\u00e9rio P\u00fablico nomeou cinco magistrados para cruzar dados de crimes sexuais ou financeiros envolvendo cidad\u00e3os franceses. Entre as provas constam imagens de Epstein com mulheres nuas, brinquedos sexuais e a sala de massagens, cuja constru\u00e7\u00e3o foi justificada pelo mordomo brasileiro como destinada a receber um grande n\u00famero de mulheres. Bill Gates reconheceu ter mantido casos extraconjugais com duas mulheres russas e pediu desculpa, dizendo que viajou no avi\u00e3o de Epstein e que n\u00e3o cometeu crimes; afirmou que as fotos foram tiradas a pedido de Epstein.\" \/>\n<meta property=\"og:url\" content=\"https:\/\/portaltela.pt\/noticias\/2026\/02\/26\/apartamento-de-luxo-de-epstein-em-paris-foi-cenario-de-crimes\/\" \/>\n<meta property=\"og:site_name\" content=\"Portal Tela Portugal\" \/>\n<meta property=\"article:published_time\" content=\"2026-02-26T09:35:16+00:00\" \/>\n<meta name=\"author\" content=\"Telinha\" \/>\n<meta name=\"twitter:card\" content=\"summary_large_image\" \/>\n<meta name=\"twitter:label1\" content=\"Escrito por\" \/>\n\t<meta name=\"twitter:data1\" content=\"Telinha\" \/>\n\t<meta name=\"twitter:label2\" content=\"Tempo estimado de leitura\" \/>\n\t<meta name=\"twitter:data2\" content=\"2 minutos\" \/>\n<script type=\"application\/ld+json\" class=\"yoast-schema-graph\">{\"@context\":\"https:\/\/schema.org\",\"@graph\":[{\"@type\":\"Article\",\"@id\":\"https:\/\/portaltela.pt\/noticias\/2026\/02\/26\/apartamento-de-luxo-de-epstein-em-paris-foi-cenario-de-crimes\/#article\",\"isPartOf\":{\"@id\":\"https:\/\/portaltela.pt\/noticias\/2026\/02\/26\/apartamento-de-luxo-de-epstein-em-paris-foi-cenario-de-crimes\/\"},\"author\":{\"name\":\"Telinha\",\"@id\":\"https:\/\/portaltela.pt\/#\/schema\/person\/c4278d4a6028830caff9ee44b42d32ed\"},\"headline\":\"Apartamento de luxo de Epstein em Paris foi cen\u00e1rio de crimes\",\"datePublished\":\"2026-02-26T09:35:16+00:00\",\"mainEntityOfPage\":{\"@id\":\"https:\/\/portaltela.pt\/noticias\/2026\/02\/26\/apartamento-de-luxo-de-epstein-em-paris-foi-cenario-de-crimes\/\"},\"wordCount\":317,\"image\":{\"@id\":\"https:\/\/portaltela.pt\/noticias\/2026\/02\/26\/apartamento-de-luxo-de-epstein-em-paris-foi-cenario-de-crimes\/#primaryimage\"},\"thumbnailUrl\":\"https:\/\/portaltela.pt\/s.01k8rhncp4jt1\/2026\/02\/img_1280x721uu2026-02-26-09-26-55-2269091-im-639076949579425494.jpg\",\"keywords\":[\"crime econ\u00f3mico\",\"crimes\",\"crimes sexuais\",\"investiga\u00e7\u00f5es internacionais\",\"prote\u00e7\u00e3o de menores\",\"tr\u00e1fico de seres humanos\"],\"articleSection\":[\"Not\u00edcias\"],\"inLanguage\":\"pt-PT\"},{\"@type\":\"WebPage\",\"@id\":\"https:\/\/portaltela.pt\/noticias\/2026\/02\/26\/apartamento-de-luxo-de-epstein-em-paris-foi-cenario-de-crimes\/\",\"url\":\"https:\/\/portaltela.pt\/noticias\/2026\/02\/26\/apartamento-de-luxo-de-epstein-em-paris-foi-cenario-de-crimes\/\",\"name\":\"Apartamento de luxo de Epstein em Paris foi cen\u00e1rio de crimes - Portal Tela Portugal\",\"isPartOf\":{\"@id\":\"https:\/\/portaltela.pt\/#website\"},\"primaryImageOfPage\":{\"@id\":\"https:\/\/portaltela.pt\/noticias\/2026\/02\/26\/apartamento-de-luxo-de-epstein-em-paris-foi-cenario-de-crimes\/#primaryimage\"},\"image\":{\"@id\":\"https:\/\/portaltela.pt\/noticias\/2026\/02\/26\/apartamento-de-luxo-de-epstein-em-paris-foi-cenario-de-crimes\/#primaryimage\"},\"thumbnailUrl\":\"https:\/\/portaltela.pt\/s.01k8rhncp4jt1\/2026\/02\/img_1280x721uu2026-02-26-09-26-55-2269091-im-639076949579425494.jpg\",\"datePublished\":\"2026-02-26T09:35:16+00:00\",\"author\":{\"@id\":\"https:\/\/portaltela.pt\/#\/schema\/person\/c4278d4a6028830caff9ee44b42d32ed\"},\"breadcrumb\":{\"@id\":\"https:\/\/portaltela.pt\/noticias\/2026\/02\/26\/apartamento-de-luxo-de-epstein-em-paris-foi-cenario-de-crimes\/#breadcrumb\"},\"inLanguage\":\"pt-PT\",\"potentialAction\":[{\"@type\":\"ReadAction\",\"target\":[\"https:\/\/portaltela.pt\/noticias\/2026\/02\/26\/apartamento-de-luxo-de-epstein-em-paris-foi-cenario-de-crimes\/\"]}]},{\"@type\":\"ImageObject\",\"inLanguage\":\"pt-PT\",\"@id\":\"https:\/\/portaltela.pt\/noticias\/2026\/02\/26\/apartamento-de-luxo-de-epstein-em-paris-foi-cenario-de-crimes\/#primaryimage\",\"url\":\"https:\/\/portaltela.pt\/s.01k8rhncp4jt1\/2026\/02\/img_1280x721uu2026-02-26-09-26-55-2269091-im-639076949579425494.jpg\",\"contentUrl\":\"https:\/\/portaltela.pt\/s.01k8rhncp4jt1\/2026\/02\/img_1280x721uu2026-02-26-09-26-55-2269091-im-639076949579425494.jpg\",\"width\":796,\"height\":448,\"caption\":\"Pr\u00e9dio da Avenida Foch (22), em Paris, onde Epstein tinha casa\"},{\"@type\":\"BreadcrumbList\",\"@id\":\"https:\/\/portaltela.pt\/noticias\/2026\/02\/26\/apartamento-de-luxo-de-epstein-em-paris-foi-cenario-de-crimes\/#breadcrumb\",\"itemListElement\":[{\"@type\":\"ListItem\",\"position\":1,\"name\":\"In\u00edcio\",\"item\":\"https:\/\/portaltela.pt\/\"},{\"@type\":\"ListItem\",\"position\":2,\"name\":\"Apartamento de luxo de Epstein em Paris foi cen\u00e1rio de crimes\"}]},{\"@type\":\"WebSite\",\"@id\":\"https:\/\/portaltela.pt\/#website\",\"url\":\"https:\/\/portaltela.pt\/\",\"name\":\"Portal Tela Portugal\",\"description\":\"\",\"potentialAction\":[{\"@type\":\"SearchAction\",\"target\":{\"@type\":\"EntryPoint\",\"urlTemplate\":\"https:\/\/portaltela.pt\/?s={search_term_string}\"},\"query-input\":{\"@type\":\"PropertyValueSpecification\",\"valueRequired\":true,\"valueName\":\"search_term_string\"}}],\"inLanguage\":\"pt-PT\"},{\"@type\":\"Person\",\"@id\":\"https:\/\/portaltela.pt\/#\/schema\/person\/c4278d4a6028830caff9ee44b42d32ed\",\"name\":\"Telinha\",\"image\":{\"@type\":\"ImageObject\",\"inLanguage\":\"pt-PT\",\"@id\":\"https:\/\/portaltela.pt\/s.01k8rhncp4jt1\/2025\/11\/talking-bot-125x125.png\",\"url\":\"https:\/\/portaltela.pt\/s.01k8rhncp4jt1\/2025\/11\/talking-bot-125x125.png\",\"contentUrl\":\"https:\/\/portaltela.pt\/s.01k8rhncp4jt1\/2025\/11\/talking-bot-125x125.png\",\"caption\":\"Telinha\"},\"sameAs\":[\"https:\/\/portaltela.pt\/\"],\"url\":\"https:\/\/portaltela.pt\/por\/367410592786\/\"}]}<\/script>\n<!-- \/ Yoast SEO plugin. -->","yoast_head_json":{"title":"Apartamento de luxo de Epstein em Paris foi cen\u00e1rio de crimes - Portal Tela Portugal","robots":{"index":"index","follow":"follow","max-snippet":"max-snippet:-1","max-image-preview":"max-image-preview:large","max-video-preview":"max-video-preview:-1"},"og_locale":"pt_PT","og_type":"article","og_title":"Apartamento de luxo de Epstein em Paris foi cen\u00e1rio de crimes - Portal Tela Portugal","og_description":"Apartamento na Avenida Foch, em Paris, avaliado em 11,5 milh\u00f5es de euros, foi inspecionado pela pol\u00edcia e revelou fotos de Epstein com mulheres nua e uma sala de massagens. O im\u00f3vel recebeu visitas de personalidades como Andr\u00e9 Mountbatten-Windsor ou Peter Mandelson e pode ter sido usado como base europeia da rede de tr\u00e1fico sexual, com animais embalsamados e paredes vermelhas nas 18 assoalhadas. A investiga\u00e7\u00e3o teve origem em men\u00e7\u00f5es nos ficheiros do Departamento de Justi\u00e7a dos Estados Unidos; o Minist\u00e9rio P\u00fablico nomeou cinco magistrados para cruzar dados de crimes sexuais ou financeiros envolvendo cidad\u00e3os franceses. Entre as provas constam imagens de Epstein com mulheres nuas, brinquedos sexuais e a sala de massagens, cuja constru\u00e7\u00e3o foi justificada pelo mordomo brasileiro como destinada a receber um grande n\u00famero de mulheres. Bill Gates reconheceu ter mantido casos extraconjugais com duas mulheres russas e pediu desculpa, dizendo que viajou no avi\u00e3o de Epstein e que n\u00e3o cometeu crimes; afirmou que as fotos foram tiradas a pedido de Epstein.","og_url":"https:\/\/portaltela.pt\/noticias\/2026\/02\/26\/apartamento-de-luxo-de-epstein-em-paris-foi-cenario-de-crimes\/","og_site_name":"Portal Tela Portugal","article_published_time":"2026-02-26T09:35:16+00:00","author":"Telinha","twitter_card":"summary_large_image","twitter_misc":{"Escrito por":"Telinha","Tempo estimado de leitura":"2 minutos"},"schema":{"@context":"https:\/\/schema.org","@graph":[{"@type":"Article","@id":"https:\/\/portaltela.pt\/noticias\/2026\/02\/26\/apartamento-de-luxo-de-epstein-em-paris-foi-cenario-de-crimes\/#article","isPartOf":{"@id":"https:\/\/portaltela.pt\/noticias\/2026\/02\/26\/apartamento-de-luxo-de-epstein-em-paris-foi-cenario-de-crimes\/"},"author":{"name":"Telinha","@id":"https:\/\/portaltela.pt\/#\/schema\/person\/c4278d4a6028830caff9ee44b42d32ed"},"headline":"Apartamento de luxo de Epstein em Paris foi cen\u00e1rio de crimes","datePublished":"2026-02-26T09:35:16+00:00","mainEntityOfPage":{"@id":"https:\/\/portaltela.pt\/noticias\/2026\/02\/26\/apartamento-de-luxo-de-epstein-em-paris-foi-cenario-de-crimes\/"},"wordCount":317,"image":{"@id":"https:\/\/portaltela.pt\/noticias\/2026\/02\/26\/apartamento-de-luxo-de-epstein-em-paris-foi-cenario-de-crimes\/#primaryimage"},"thumbnailUrl":"https:\/\/portaltela.pt\/s.01k8rhncp4jt1\/2026\/02\/img_1280x721uu2026-02-26-09-26-55-2269091-im-639076949579425494.jpg","keywords":["crime econ\u00f3mico","crimes","crimes sexuais","investiga\u00e7\u00f5es internacionais","prote\u00e7\u00e3o de menores","tr\u00e1fico de seres humanos"],"articleSection":["Not\u00edcias"],"inLanguage":"pt-PT"},{"@type":"WebPage","@id":"https:\/\/portaltela.pt\/noticias\/2026\/02\/26\/apartamento-de-luxo-de-epstein-em-paris-foi-cenario-de-crimes\/","url":"https:\/\/portaltela.pt\/noticias\/2026\/02\/26\/apartamento-de-luxo-de-epstein-em-paris-foi-cenario-de-crimes\/","name":"Apartamento de luxo de Epstein em Paris foi cen\u00e1rio de crimes - Portal Tela Portugal","isPartOf":{"@id":"https:\/\/portaltela.pt\/#website"},"primaryImageOfPage":{"@id":"https:\/\/portaltela.pt\/noticias\/2026\/02\/26\/apartamento-de-luxo-de-epstein-em-paris-foi-cenario-de-crimes\/#primaryimage"},"image":{"@id":"https:\/\/portaltela.pt\/noticias\/2026\/02\/26\/apartamento-de-luxo-de-epstein-em-paris-foi-cenario-de-crimes\/#primaryimage"},"thumbnailUrl":"https:\/\/portaltela.pt\/s.01k8rhncp4jt1\/2026\/02\/img_1280x721uu2026-02-26-09-26-55-2269091-im-639076949579425494.jpg","datePublished":"2026-02-26T09:35:16+00:00","author":{"@id":"https:\/\/portaltela.pt\/#\/schema\/person\/c4278d4a6028830caff9ee44b42d32ed"},"breadcrumb":{"@id":"https:\/\/portaltela.pt\/noticias\/2026\/02\/26\/apartamento-de-luxo-de-epstein-em-paris-foi-cenario-de-crimes\/#breadcrumb"},"inLanguage":"pt-PT","potentialAction":[{"@type":"ReadAction","target":["https:\/\/portaltela.pt\/noticias\/2026\/02\/26\/apartamento-de-luxo-de-epstein-em-paris-foi-cenario-de-crimes\/"]}]},{"@type":"ImageObject","inLanguage":"pt-PT","@id":"https:\/\/portaltela.pt\/noticias\/2026\/02\/26\/apartamento-de-luxo-de-epstein-em-paris-foi-cenario-de-crimes\/#primaryimage","url":"https:\/\/portaltela.pt\/s.01k8rhncp4jt1\/2026\/02\/img_1280x721uu2026-02-26-09-26-55-2269091-im-639076949579425494.jpg","contentUrl":"https:\/\/portaltela.pt\/s.01k8rhncp4jt1\/2026\/02\/img_1280x721uu2026-02-26-09-26-55-2269091-im-639076949579425494.jpg","width":796,"height":448,"caption":"Pr\u00e9dio da Avenida Foch (22), em Paris, onde Epstein tinha casa"},{"@type":"BreadcrumbList","@id":"https:\/\/portaltela.pt\/noticias\/2026\/02\/26\/apartamento-de-luxo-de-epstein-em-paris-foi-cenario-de-crimes\/#breadcrumb","itemListElement":[{"@type":"ListItem","position":1,"name":"In\u00edcio","item":"https:\/\/portaltela.pt\/"},{"@type":"ListItem","position":2,"name":"Apartamento de luxo de Epstein em Paris foi cen\u00e1rio de crimes"}]},{"@type":"WebSite","@id":"https:\/\/portaltela.pt\/#website","url":"https:\/\/portaltela.pt\/","name":"Portal Tela Portugal","description":"","potentialAction":[{"@type":"SearchAction","target":{"@type":"EntryPoint","urlTemplate":"https:\/\/portaltela.pt\/?s={search_term_string}"},"query-input":{"@type":"PropertyValueSpecification","valueRequired":true,"valueName":"search_term_string"}}],"inLanguage":"pt-PT"},{"@type":"Person","@id":"https:\/\/portaltela.pt\/#\/schema\/person\/c4278d4a6028830caff9ee44b42d32ed","name":"Telinha","image":{"@type":"ImageObject","inLanguage":"pt-PT","@id":"https:\/\/portaltela.pt\/s.01k8rhncp4jt1\/2025\/11\/talking-bot-125x125.png","url":"https:\/\/portaltela.pt\/s.01k8rhncp4jt1\/2025\/11\/talking-bot-125x125.png","contentUrl":"https:\/\/portaltela.pt\/s.01k8rhncp4jt1\/2025\/11\/talking-bot-125x125.png","caption":"Telinha"},"sameAs":["https:\/\/portaltela.pt\/"],"url":"https:\/\/portaltela.pt\/por\/367410592786\/"}]}},"_links":{"self":[{"href":"https:\/\/portaltela.pt\/api\/wp\/v2\/posts\/388662","targetHints":{"allow":["GET"]}}],"collection":[{"href":"https:\/\/portaltela.pt\/api\/wp\/v2\/posts"}],"about":[{"href":"https:\/\/portaltela.pt\/api\/wp\/v2\/types\/post"}],"author":[{"embeddable":true,"href":"https:\/\/portaltela.pt\/api\/wp\/v2\/users\/2"}],"replies":[{"embeddable":true,"href":"https:\/\/portaltela.pt\/api\/wp\/v2\/comments?post=388662"}],"version-history":[{"count":0,"href":"https:\/\/portaltela.pt\/api\/wp\/v2\/posts\/388662\/revisions"}],"wp:featuredmedia":[{"embeddable":true,"href":"https:\/\/portaltela.pt\/api\/wp\/v2\/media\/388664"}],"wp:attachment":[{"href":"https:\/\/portaltela.pt\/api\/wp\/v2\/media?parent=388662"}],"wp:term":[{"taxonomy":"category","embeddable":true,"href":"https:\/\/portaltela.pt\/api\/wp\/v2\/categories?post=388662"},{"taxonomy":"post_tag","embeddable":true,"href":"https:\/\/portaltela.pt\/api\/wp\/v2\/tags?post=388662"}],"curies":[{"name":"wp","href":"https:\/\/api.w.org\/{rel}","templated":true}]}}