{"id":388649,"date":"2026-02-26T06:29:00","date_gmt":"2026-02-26T09:29:00","guid":{"rendered":"https:\/\/portaltela.pt\/noticias\/2026\/02\/26\/pecuaria-em-leiria-perde-200-leitoes-a-espera-de-luz-que-nao-chegou-2\/"},"modified":"2026-02-26T06:29:00","modified_gmt":"2026-02-26T09:29:00","slug":"pecuaria-em-leiria-perde-200-leitoes-a-espera-de-luz-que-nao-chegou-2","status":"publish","type":"post","link":"https:\/\/portaltela.pt\/noticias\/2026\/02\/26\/pecuaria-em-leiria-perde-200-leitoes-a-espera-de-luz-que-nao-chegou-2\/","title":{"rendered":"Pecu\u00e1ria em Leiria perde 200 leit\u00f5es \u00e0 espera de luz que n\u00e3o chegou"},"content":{"rendered":"<p>Um produtor da Bidoeira de Cima, em Leiria, viu cerca de 200 leit\u00f5es morrer ao longo de quase um m\u00eas sem acesso \u00e0 rede de energia el\u00e9trica, necess\u00e1ria para aquecer e iluminar a explora\u00e7\u00e3o durante a noite. A interrup\u00e7\u00e3o ocorreu ap\u00f3s a passagem de uma depress\u00e3o meteorol\u00f3gica.<\/p>\n<p>Joaquim Sousa e o irm\u00e3o Manuel recorreram a um gerador adquirido ap\u00f3s a tempestade para mitigar os impactos da falta de luz. \u00c0 noite, o equipamento era retirado por receio de roubo, numa zona rural afastada de aldeias.<\/p>\n<p>A luz s\u00f3 voltou \u00e0 explora\u00e7\u00e3o recentemente. Durante o per\u00edodo sem energia, as leit\u00f5es sofreram com o frio, diarreia e pouca mobilidade, sinais de alerta para quem cria. Maternidades com l\u00e2mpadas reduziram os riscos, mas sem ilumina\u00e7\u00e3o, os leit\u00f5es pr\u00f3ximos \u00e0s m\u00e3es ficaram vulner\u00e1veis.<\/p>\n<p>Joaquim recorda que teve sorte por conseguir o gerador a 1300 euros nos primeiros dias, mas estima ter gasto j\u00e1 mais de mil euros em gasolina. O produtor afirma que a situa\u00e7\u00e3o afetou n\u00e3o s\u00f3 os animais, mas tamb\u00e9m a opera\u00e7\u00e3o familiar, que j\u00e1 funciona h\u00e1 50 anos para abastecer restaurantes locais.<\/p>\n<p>A E-Redes, empresa respons\u00e1vel pela rede, tinha prometido desloca\u00e7\u00f5es frequentes sem que as equipas aparecessem, deixando a explora\u00e7\u00e3o sem assist\u00eancia por um m\u00eas. No total, a reposi\u00e7\u00e3o da energia era urgente, sobretudo devido ao aumento da procura de leit\u00f5es para a P\u00e1scoa.<\/p>\n<p>Apesar de a luz ter regressado, os propriet\u00e1rios consideram que o peso financeiro e emocional da situa\u00e7\u00e3o persiste. A fam\u00edlia Sousa continua a gerir a explora\u00e7\u00e3o entre Leiria e a regi\u00e3o, com foco na recupera\u00e7\u00e3o dos animais afetados e na estabilidade da produ\u00e7\u00e3o.<\/p>\n","protected":false},"excerpt":{"rendered":"<ul>\n<li>Explora\u00e7\u00e3o pecu\u00e1ria na Bidoeira de Cima, Leiria, perdeu cerca de 200 leit\u00f5es por quase um m\u00eas sem acesso \u00e0 rede el\u00e9ctrica, essencial para aquecer e iluminar \u00e0 noite.<\/li>\n<li>Os irm\u00e3os Joaquim e Manuel usaram um gerador adquirido ap\u00f3s a tempestade, mas o equipamento era retirado \u00e0 noite por medo de assaltos.<\/li>\n<li>Os leit\u00f5es morreram sobretudo por frio, com diarreia e esmagamento por parte das m\u00e3es quando n\u00e3o havia ilumina\u00e7\u00e3o nos ninhos.<\/li>\n<li>A luz s\u00f3 regressou depois de um m\u00eas; o propriet\u00e1rio refere custos superiores a mil euros em gasolina e pagou 1.300 euros pelo gerador nos dias iniciais.<\/li>\n<li>A explora\u00e7\u00e3o, de 50 anos de atividade, abastece restaurantes na Boa Vista, em Leiria, e na Bairrada, enfrentando uma situa\u00e7\u00e3o dif\u00edcil durante o per\u00edodo de maior parto para a P\u00e1scoa.<\/li>\n<\/ul>\n","protected":false},"author":2,"featured_media":388657,"comment_status":"closed","ping_status":"closed","sticky":false,"template":"","format":"standard","meta":{"footnotes":""},"categories":[1],"tags":[4729,3091,5037,174,1385,3499],"class_list":["post-388649","post","type-post","status-publish","format-standard","has-post-thumbnail","hentry","category-noticias","tag-abastecimento-de-energia","tag-animais","tag-e-redes","tag-energia","tag-leiria","tag-pecuaria"],"yoast_head":"<!-- This site is optimized with the Yoast SEO plugin v27.2 - https:\/\/yoast.com\/product\/yoast-seo-wordpress\/ -->\n<title>Pecu\u00e1ria em Leiria perde 200 leit\u00f5es \u00e0 espera de luz que n\u00e3o chegou - Portal Tela Portugal<\/title>\n<meta name=\"robots\" content=\"index, follow, max-snippet:-1, max-image-preview:large, max-video-preview:-1\" \/>\n<meta property=\"og:locale\" content=\"pt_PT\" \/>\n<meta property=\"og:type\" content=\"article\" \/>\n<meta property=\"og:title\" content=\"Pecu\u00e1ria em Leiria perde 200 leit\u00f5es \u00e0 espera de luz que n\u00e3o chegou - Portal Tela Portugal\" \/>\n<meta property=\"og:description\" content=\"Explora\u00e7\u00e3o pecu\u00e1ria na Bidoeira de Cima, Leiria, perdeu cerca de 200 leit\u00f5es por quase um m\u00eas sem acesso \u00e0 rede el\u00e9ctrica, essencial para aquecer e iluminar \u00e0 noite. Os irm\u00e3os Joaquim e Manuel usaram um gerador adquirido ap\u00f3s a tempestade, mas o equipamento era retirado \u00e0 noite por medo de assaltos. Os leit\u00f5es morreram sobretudo por frio, com diarreia e esmagamento por parte das m\u00e3es quando n\u00e3o havia ilumina\u00e7\u00e3o nos ninhos. A luz s\u00f3 regressou depois de um m\u00eas; o propriet\u00e1rio refere custos superiores a mil euros em gasolina e pagou 1.300 euros pelo gerador nos dias iniciais. A explora\u00e7\u00e3o, de 50 anos de atividade, abastece restaurantes na Boa Vista, em Leiria, e na Bairrada, enfrentando uma situa\u00e7\u00e3o dif\u00edcil durante o per\u00edodo de maior parto para a P\u00e1scoa.\" \/>\n<meta property=\"og:url\" content=\"https:\/\/portaltela.pt\/noticias\/2026\/02\/26\/pecuaria-em-leiria-perde-200-leitoes-a-espera-de-luz-que-nao-chegou-2\/\" \/>\n<meta property=\"og:site_name\" content=\"Portal Tela Portugal\" \/>\n<meta property=\"article:published_time\" content=\"2026-02-26T09:29:00+00:00\" \/>\n<meta name=\"author\" content=\"Telinha\" \/>\n<meta name=\"twitter:card\" content=\"summary_large_image\" \/>\n<meta name=\"twitter:label1\" content=\"Escrito por\" \/>\n\t<meta name=\"twitter:data1\" content=\"Telinha\" \/>\n\t<meta name=\"twitter:label2\" content=\"Tempo estimado de leitura\" \/>\n\t<meta name=\"twitter:data2\" content=\"1 minuto\" \/>\n<script type=\"application\/ld+json\" class=\"yoast-schema-graph\">{\"@context\":\"https:\/\/schema.org\",\"@graph\":[{\"@type\":\"Article\",\"@id\":\"https:\/\/portaltela.pt\/noticias\/2026\/02\/26\/pecuaria-em-leiria-perde-200-leitoes-a-espera-de-luz-que-nao-chegou-2\/#article\",\"isPartOf\":{\"@id\":\"https:\/\/portaltela.pt\/noticias\/2026\/02\/26\/pecuaria-em-leiria-perde-200-leitoes-a-espera-de-luz-que-nao-chegou-2\/\"},\"author\":{\"name\":\"Telinha\",\"@id\":\"https:\/\/portaltela.pt\/#\/schema\/person\/c4278d4a6028830caff9ee44b42d32ed\"},\"headline\":\"Pecu\u00e1ria em Leiria perde 200 leit\u00f5es \u00e0 espera de luz que n\u00e3o chegou\",\"datePublished\":\"2026-02-26T09:29:00+00:00\",\"mainEntityOfPage\":{\"@id\":\"https:\/\/portaltela.pt\/noticias\/2026\/02\/26\/pecuaria-em-leiria-perde-200-leitoes-a-espera-de-luz-que-nao-chegou-2\/\"},\"wordCount\":313,\"image\":{\"@id\":\"https:\/\/portaltela.pt\/noticias\/2026\/02\/26\/pecuaria-em-leiria-perde-200-leitoes-a-espera-de-luz-que-nao-chegou-2\/#primaryimage\"},\"thumbnailUrl\":\"https:\/\/portaltela.pt\/s.01k8rhncp4jt1\/2026\/02\/image-1892.jpg\",\"keywords\":[\"abastecimento de energia\",\"animais\",\"E-Redes\",\"energia\",\"Leiria\",\"pecu\u00e1ria\"],\"articleSection\":[\"Not\u00edcias\"],\"inLanguage\":\"pt-PT\"},{\"@type\":\"WebPage\",\"@id\":\"https:\/\/portaltela.pt\/noticias\/2026\/02\/26\/pecuaria-em-leiria-perde-200-leitoes-a-espera-de-luz-que-nao-chegou-2\/\",\"url\":\"https:\/\/portaltela.pt\/noticias\/2026\/02\/26\/pecuaria-em-leiria-perde-200-leitoes-a-espera-de-luz-que-nao-chegou-2\/\",\"name\":\"Pecu\u00e1ria em Leiria perde 200 leit\u00f5es \u00e0 espera de luz que n\u00e3o chegou - Portal Tela Portugal\",\"isPartOf\":{\"@id\":\"https:\/\/portaltela.pt\/#website\"},\"primaryImageOfPage\":{\"@id\":\"https:\/\/portaltela.pt\/noticias\/2026\/02\/26\/pecuaria-em-leiria-perde-200-leitoes-a-espera-de-luz-que-nao-chegou-2\/#primaryimage\"},\"image\":{\"@id\":\"https:\/\/portaltela.pt\/noticias\/2026\/02\/26\/pecuaria-em-leiria-perde-200-leitoes-a-espera-de-luz-que-nao-chegou-2\/#primaryimage\"},\"thumbnailUrl\":\"https:\/\/portaltela.pt\/s.01k8rhncp4jt1\/2026\/02\/image-1892.jpg\",\"datePublished\":\"2026-02-26T09:29:00+00:00\",\"author\":{\"@id\":\"https:\/\/portaltela.pt\/#\/schema\/person\/c4278d4a6028830caff9ee44b42d32ed\"},\"breadcrumb\":{\"@id\":\"https:\/\/portaltela.pt\/noticias\/2026\/02\/26\/pecuaria-em-leiria-perde-200-leitoes-a-espera-de-luz-que-nao-chegou-2\/#breadcrumb\"},\"inLanguage\":\"pt-PT\",\"potentialAction\":[{\"@type\":\"ReadAction\",\"target\":[\"https:\/\/portaltela.pt\/noticias\/2026\/02\/26\/pecuaria-em-leiria-perde-200-leitoes-a-espera-de-luz-que-nao-chegou-2\/\"]}]},{\"@type\":\"ImageObject\",\"inLanguage\":\"pt-PT\",\"@id\":\"https:\/\/portaltela.pt\/noticias\/2026\/02\/26\/pecuaria-em-leiria-perde-200-leitoes-a-espera-de-luz-que-nao-chegou-2\/#primaryimage\",\"url\":\"https:\/\/portaltela.pt\/s.01k8rhncp4jt1\/2026\/02\/image-1892.jpg\",\"contentUrl\":\"https:\/\/portaltela.pt\/s.01k8rhncp4jt1\/2026\/02\/image-1892.jpg\",\"width\":796,\"height\":448,\"caption\":\"Os irm\u00e3os Manuel e Joaquim Sousa s\u00e3o propriet\u00e1rios da pecu\u00e1ria Suinovalor que j\u00e1 perdeu mais de 200 leit\u00f5es\"},{\"@type\":\"BreadcrumbList\",\"@id\":\"https:\/\/portaltela.pt\/noticias\/2026\/02\/26\/pecuaria-em-leiria-perde-200-leitoes-a-espera-de-luz-que-nao-chegou-2\/#breadcrumb\",\"itemListElement\":[{\"@type\":\"ListItem\",\"position\":1,\"name\":\"In\u00edcio\",\"item\":\"https:\/\/portaltela.pt\/\"},{\"@type\":\"ListItem\",\"position\":2,\"name\":\"Pecu\u00e1ria em Leiria perde 200 leit\u00f5es \u00e0 espera de luz que n\u00e3o chegou\"}]},{\"@type\":\"WebSite\",\"@id\":\"https:\/\/portaltela.pt\/#website\",\"url\":\"https:\/\/portaltela.pt\/\",\"name\":\"Portal Tela Portugal\",\"description\":\"\",\"potentialAction\":[{\"@type\":\"SearchAction\",\"target\":{\"@type\":\"EntryPoint\",\"urlTemplate\":\"https:\/\/portaltela.pt\/?s={search_term_string}\"},\"query-input\":{\"@type\":\"PropertyValueSpecification\",\"valueRequired\":true,\"valueName\":\"search_term_string\"}}],\"inLanguage\":\"pt-PT\"},{\"@type\":\"Person\",\"@id\":\"https:\/\/portaltela.pt\/#\/schema\/person\/c4278d4a6028830caff9ee44b42d32ed\",\"name\":\"Telinha\",\"image\":{\"@type\":\"ImageObject\",\"inLanguage\":\"pt-PT\",\"@id\":\"https:\/\/portaltela.pt\/s.01k8rhncp4jt1\/2025\/11\/talking-bot-125x125.png\",\"url\":\"https:\/\/portaltela.pt\/s.01k8rhncp4jt1\/2025\/11\/talking-bot-125x125.png\",\"contentUrl\":\"https:\/\/portaltela.pt\/s.01k8rhncp4jt1\/2025\/11\/talking-bot-125x125.png\",\"caption\":\"Telinha\"},\"sameAs\":[\"https:\/\/portaltela.pt\/\"],\"url\":\"https:\/\/portaltela.pt\/por\/367410592786\/\"}]}<\/script>\n<!-- \/ Yoast SEO plugin. -->","yoast_head_json":{"title":"Pecu\u00e1ria em Leiria perde 200 leit\u00f5es \u00e0 espera de luz que n\u00e3o chegou - Portal Tela Portugal","robots":{"index":"index","follow":"follow","max-snippet":"max-snippet:-1","max-image-preview":"max-image-preview:large","max-video-preview":"max-video-preview:-1"},"og_locale":"pt_PT","og_type":"article","og_title":"Pecu\u00e1ria em Leiria perde 200 leit\u00f5es \u00e0 espera de luz que n\u00e3o chegou - Portal Tela Portugal","og_description":"Explora\u00e7\u00e3o pecu\u00e1ria na Bidoeira de Cima, Leiria, perdeu cerca de 200 leit\u00f5es por quase um m\u00eas sem acesso \u00e0 rede el\u00e9ctrica, essencial para aquecer e iluminar \u00e0 noite. Os irm\u00e3os Joaquim e Manuel usaram um gerador adquirido ap\u00f3s a tempestade, mas o equipamento era retirado \u00e0 noite por medo de assaltos. Os leit\u00f5es morreram sobretudo por frio, com diarreia e esmagamento por parte das m\u00e3es quando n\u00e3o havia ilumina\u00e7\u00e3o nos ninhos. A luz s\u00f3 regressou depois de um m\u00eas; o propriet\u00e1rio refere custos superiores a mil euros em gasolina e pagou 1.300 euros pelo gerador nos dias iniciais. A explora\u00e7\u00e3o, de 50 anos de atividade, abastece restaurantes na Boa Vista, em Leiria, e na Bairrada, enfrentando uma situa\u00e7\u00e3o dif\u00edcil durante o per\u00edodo de maior parto para a P\u00e1scoa.","og_url":"https:\/\/portaltela.pt\/noticias\/2026\/02\/26\/pecuaria-em-leiria-perde-200-leitoes-a-espera-de-luz-que-nao-chegou-2\/","og_site_name":"Portal Tela Portugal","article_published_time":"2026-02-26T09:29:00+00:00","author":"Telinha","twitter_card":"summary_large_image","twitter_misc":{"Escrito por":"Telinha","Tempo estimado de leitura":"1 minuto"},"schema":{"@context":"https:\/\/schema.org","@graph":[{"@type":"Article","@id":"https:\/\/portaltela.pt\/noticias\/2026\/02\/26\/pecuaria-em-leiria-perde-200-leitoes-a-espera-de-luz-que-nao-chegou-2\/#article","isPartOf":{"@id":"https:\/\/portaltela.pt\/noticias\/2026\/02\/26\/pecuaria-em-leiria-perde-200-leitoes-a-espera-de-luz-que-nao-chegou-2\/"},"author":{"name":"Telinha","@id":"https:\/\/portaltela.pt\/#\/schema\/person\/c4278d4a6028830caff9ee44b42d32ed"},"headline":"Pecu\u00e1ria em Leiria perde 200 leit\u00f5es \u00e0 espera de luz que n\u00e3o chegou","datePublished":"2026-02-26T09:29:00+00:00","mainEntityOfPage":{"@id":"https:\/\/portaltela.pt\/noticias\/2026\/02\/26\/pecuaria-em-leiria-perde-200-leitoes-a-espera-de-luz-que-nao-chegou-2\/"},"wordCount":313,"image":{"@id":"https:\/\/portaltela.pt\/noticias\/2026\/02\/26\/pecuaria-em-leiria-perde-200-leitoes-a-espera-de-luz-que-nao-chegou-2\/#primaryimage"},"thumbnailUrl":"https:\/\/portaltela.pt\/s.01k8rhncp4jt1\/2026\/02\/image-1892.jpg","keywords":["abastecimento de energia","animais","E-Redes","energia","Leiria","pecu\u00e1ria"],"articleSection":["Not\u00edcias"],"inLanguage":"pt-PT"},{"@type":"WebPage","@id":"https:\/\/portaltela.pt\/noticias\/2026\/02\/26\/pecuaria-em-leiria-perde-200-leitoes-a-espera-de-luz-que-nao-chegou-2\/","url":"https:\/\/portaltela.pt\/noticias\/2026\/02\/26\/pecuaria-em-leiria-perde-200-leitoes-a-espera-de-luz-que-nao-chegou-2\/","name":"Pecu\u00e1ria em Leiria perde 200 leit\u00f5es \u00e0 espera de luz que n\u00e3o chegou - Portal Tela Portugal","isPartOf":{"@id":"https:\/\/portaltela.pt\/#website"},"primaryImageOfPage":{"@id":"https:\/\/portaltela.pt\/noticias\/2026\/02\/26\/pecuaria-em-leiria-perde-200-leitoes-a-espera-de-luz-que-nao-chegou-2\/#primaryimage"},"image":{"@id":"https:\/\/portaltela.pt\/noticias\/2026\/02\/26\/pecuaria-em-leiria-perde-200-leitoes-a-espera-de-luz-que-nao-chegou-2\/#primaryimage"},"thumbnailUrl":"https:\/\/portaltela.pt\/s.01k8rhncp4jt1\/2026\/02\/image-1892.jpg","datePublished":"2026-02-26T09:29:00+00:00","author":{"@id":"https:\/\/portaltela.pt\/#\/schema\/person\/c4278d4a6028830caff9ee44b42d32ed"},"breadcrumb":{"@id":"https:\/\/portaltela.pt\/noticias\/2026\/02\/26\/pecuaria-em-leiria-perde-200-leitoes-a-espera-de-luz-que-nao-chegou-2\/#breadcrumb"},"inLanguage":"pt-PT","potentialAction":[{"@type":"ReadAction","target":["https:\/\/portaltela.pt\/noticias\/2026\/02\/26\/pecuaria-em-leiria-perde-200-leitoes-a-espera-de-luz-que-nao-chegou-2\/"]}]},{"@type":"ImageObject","inLanguage":"pt-PT","@id":"https:\/\/portaltela.pt\/noticias\/2026\/02\/26\/pecuaria-em-leiria-perde-200-leitoes-a-espera-de-luz-que-nao-chegou-2\/#primaryimage","url":"https:\/\/portaltela.pt\/s.01k8rhncp4jt1\/2026\/02\/image-1892.jpg","contentUrl":"https:\/\/portaltela.pt\/s.01k8rhncp4jt1\/2026\/02\/image-1892.jpg","width":796,"height":448,"caption":"Os irm\u00e3os Manuel e Joaquim Sousa s\u00e3o propriet\u00e1rios da pecu\u00e1ria Suinovalor que j\u00e1 perdeu mais de 200 leit\u00f5es"},{"@type":"BreadcrumbList","@id":"https:\/\/portaltela.pt\/noticias\/2026\/02\/26\/pecuaria-em-leiria-perde-200-leitoes-a-espera-de-luz-que-nao-chegou-2\/#breadcrumb","itemListElement":[{"@type":"ListItem","position":1,"name":"In\u00edcio","item":"https:\/\/portaltela.pt\/"},{"@type":"ListItem","position":2,"name":"Pecu\u00e1ria em Leiria perde 200 leit\u00f5es \u00e0 espera de luz que n\u00e3o chegou"}]},{"@type":"WebSite","@id":"https:\/\/portaltela.pt\/#website","url":"https:\/\/portaltela.pt\/","name":"Portal Tela Portugal","description":"","potentialAction":[{"@type":"SearchAction","target":{"@type":"EntryPoint","urlTemplate":"https:\/\/portaltela.pt\/?s={search_term_string}"},"query-input":{"@type":"PropertyValueSpecification","valueRequired":true,"valueName":"search_term_string"}}],"inLanguage":"pt-PT"},{"@type":"Person","@id":"https:\/\/portaltela.pt\/#\/schema\/person\/c4278d4a6028830caff9ee44b42d32ed","name":"Telinha","image":{"@type":"ImageObject","inLanguage":"pt-PT","@id":"https:\/\/portaltela.pt\/s.01k8rhncp4jt1\/2025\/11\/talking-bot-125x125.png","url":"https:\/\/portaltela.pt\/s.01k8rhncp4jt1\/2025\/11\/talking-bot-125x125.png","contentUrl":"https:\/\/portaltela.pt\/s.01k8rhncp4jt1\/2025\/11\/talking-bot-125x125.png","caption":"Telinha"},"sameAs":["https:\/\/portaltela.pt\/"],"url":"https:\/\/portaltela.pt\/por\/367410592786\/"}]}},"_links":{"self":[{"href":"https:\/\/portaltela.pt\/api\/wp\/v2\/posts\/388649","targetHints":{"allow":["GET"]}}],"collection":[{"href":"https:\/\/portaltela.pt\/api\/wp\/v2\/posts"}],"about":[{"href":"https:\/\/portaltela.pt\/api\/wp\/v2\/types\/post"}],"author":[{"embeddable":true,"href":"https:\/\/portaltela.pt\/api\/wp\/v2\/users\/2"}],"replies":[{"embeddable":true,"href":"https:\/\/portaltela.pt\/api\/wp\/v2\/comments?post=388649"}],"version-history":[{"count":0,"href":"https:\/\/portaltela.pt\/api\/wp\/v2\/posts\/388649\/revisions"}],"wp:featuredmedia":[{"embeddable":true,"href":"https:\/\/portaltela.pt\/api\/wp\/v2\/media\/388657"}],"wp:attachment":[{"href":"https:\/\/portaltela.pt\/api\/wp\/v2\/media?parent=388649"}],"wp:term":[{"taxonomy":"category","embeddable":true,"href":"https:\/\/portaltela.pt\/api\/wp\/v2\/categories?post=388649"},{"taxonomy":"post_tag","embeddable":true,"href":"https:\/\/portaltela.pt\/api\/wp\/v2\/tags?post=388649"}],"curies":[{"name":"wp","href":"https:\/\/api.w.org\/{rel}","templated":true}]}}