{"id":388626,"date":"2026-02-26T06:01:00","date_gmt":"2026-02-26T09:01:00","guid":{"rendered":"https:\/\/portaltela.pt\/noticias\/2026\/02\/26\/cristiano-ronaldo-compra-25-do-almeria-para-contribuir-alem-dos-relvados\/"},"modified":"2026-02-26T06:01:00","modified_gmt":"2026-02-26T09:01:00","slug":"cristiano-ronaldo-compra-25-do-almeria-para-contribuir-alem-dos-relvados","status":"publish","type":"post","link":"https:\/\/portaltela.pt\/desporto\/futebol\/2026\/02\/26\/cristiano-ronaldo-compra-25-do-almeria-para-contribuir-alem-dos-relvados\/","title":{"rendered":"Cristiano Ronaldo compra 25% do Almer\u00eda para contribuir al\u00e9m dos relvados"},"content":{"rendered":"<p>Cristiano Ronaldo anunciou a aquisi\u00e7\u00e3o de 25% do UD Almer\u00eda, equipa da Segunda Divis\u00e3o espanhola que ocupa actualmente o 3.\u00ba lugar. A opera\u00e7\u00e3o foi comunicada pela CR7 Sports Investments, empresa criada para gerir os investimentos do jogador. O valor financeiro n\u00e3o foi divulgado.<\/p>\n<p>A confirma\u00e7\u00e3o chega num momento em que Ronaldo j\u00e1 joga pelo Al-Nassr, da Ar\u00e1bia Saudita. O presidente do Almer\u00eda \u00e9 Mohamed Al Khereiji, empres\u00e1rio conhecido no M\u00e9dio Oriente. O anuncio refor\u00e7a o objetivo de ampliar a carteira de investimentos de Ronaldo no futebol mundial.<\/p>\n<p>A decis\u00e3o reflete a aposta de Ronaldo na gest\u00e3o e no desenvolvimento de clubes, com base s\u00f3lida e potencial de crescimento no contexto competitivo espanhol. A CR7 Sports Investments surge como nova atividade empresarial do atleta.<\/p>\n<h3>Detalhes do acordo<\/h3>\n<p>A informa\u00e7\u00e3o p\u00fablica indica uma participa\u00e7\u00e3o de 25% no UD Almer\u00eda, com a opera\u00e7\u00e3o sendo gerida pela CR7 Sports Investments. Os n\u00fameros financeiros n\u00e3o foram tornados p\u00fablicos. A transa\u00e7\u00e3o marca a entrada de Ronaldo num clube espanhol da regi\u00e3o sul.<\/p>\n<p>O comunicado n\u00e3o detalha planos imediatos para a gest\u00e3o cotidiana do clube, mas ressalva o desejo de contribuir para o crescimento da equipa e da base de apoio. O neg\u00f3cio refor\u00e7a o v\u00ednculo entre o atleta e o mundo do futebol profissional.<\/p>\n<h3>Rea\u00e7\u00e3o e pr\u00f3ximos passos<\/h3>\n<p>O presidente do Almer\u00eda expressou satisfa\u00e7\u00e3o com a escolha de Ronaldo, destacando o conhecimento do campeonato e o potencial de desenvolvimento do clube. A imprensa local mencionou ainda a hip\u00f3tese de Ronaldo poder vir a representar o Almer\u00eda como jogador, em futuro pr\u00f3ximo.<\/p>\n<p>A comunidade desportiva aguarda os pr\u00f3ximos passos da parceria entre Ronaldo, a administra\u00e7\u00e3o do Almer\u00eda e a nova estrutura de gest\u00e3o. Mant\u00eam-se atentos os detalhes sobre o cronograma de integra\u00e7\u00e3o e eventuais contratos adicionais.<\/p>\n","protected":false},"excerpt":{"rendered":"<ul>\n<li>Cristiano Ronaldo comprou 25% do UD Almer\u00eda, clube da Segunda Divis\u00e3o espanhola, atrav\u00e9s da sua empresa CR7 Sports Investments.<\/li>\n<li>O neg\u00f3cio, cuja avalia\u00e7\u00e3o n\u00e3o foi divulgada, foi anunciado por comunicado oficial na quinta-feira.<\/li>\n<li>O Almer\u00eda \u00e9 atualmente o terceiro classificado no campeonato e compete no sul de Espanha.<\/li>\n<li>A CR7 Sports Investments \u00e9 uma subsidi\u00e1ria criada para consolidar e gerir os investimentos do jogador.<\/li>\n<li>O presidente do Almer\u00eda, Mohamed Al Khereiji, disse estar muito feliz com a escolha e mencionou a possibilidade de Ronaldo poder ser contratado ainda como jogador.<\/li>\n<\/ul>\n","protected":false},"author":2,"featured_media":388639,"comment_status":"closed","ping_status":"closed","sticky":false,"template":"","format":"standard","meta":{"footnotes":""},"categories":[21,24],"tags":[5975,1947,32,3338,5529],"class_list":["post-388626","post","type-post","status-publish","format-standard","has-post-thumbnail","hentry","category-desporto","category-futebol","tag-andaluzia","tag-cristiano-ronaldo","tag-futebol","tag-futebol-internacional","tag-investimentos"],"yoast_head":"<!-- This site is optimized with the Yoast SEO plugin v27.2 - https:\/\/yoast.com\/product\/yoast-seo-wordpress\/ -->\n<title>Cristiano Ronaldo compra 25% do Almer\u00eda para contribuir al\u00e9m dos relvados - Portal Tela Portugal<\/title>\n<meta name=\"robots\" content=\"index, follow, max-snippet:-1, max-image-preview:large, max-video-preview:-1\" \/>\n<meta property=\"og:locale\" content=\"pt_PT\" \/>\n<meta property=\"og:type\" content=\"article\" \/>\n<meta property=\"og:title\" content=\"Cristiano Ronaldo compra 25% do Almer\u00eda para contribuir al\u00e9m dos relvados - Portal Tela Portugal\" \/>\n<meta property=\"og:description\" content=\"Cristiano Ronaldo comprou 25% do UD Almer\u00eda, clube da Segunda Divis\u00e3o espanhola, atrav\u00e9s da sua empresa CR7 Sports Investments. O neg\u00f3cio, cuja avalia\u00e7\u00e3o n\u00e3o foi divulgada, foi anunciado por comunicado oficial na quinta-feira. O Almer\u00eda \u00e9 atualmente o terceiro classificado no campeonato e compete no sul de Espanha. A CR7 Sports Investments \u00e9 uma subsidi\u00e1ria criada para consolidar e gerir os investimentos do jogador. O presidente do Almer\u00eda, Mohamed Al Khereiji, disse estar muito feliz com a escolha e mencionou a possibilidade de Ronaldo poder ser contratado ainda como jogador.\" \/>\n<meta property=\"og:url\" content=\"https:\/\/portaltela.pt\/noticias\/2026\/02\/26\/cristiano-ronaldo-compra-25-do-almeria-para-contribuir-alem-dos-relvados\/\" \/>\n<meta property=\"og:site_name\" content=\"Portal Tela Portugal\" \/>\n<meta property=\"article:published_time\" content=\"2026-02-26T09:01:00+00:00\" \/>\n<meta name=\"author\" content=\"Telinha\" \/>\n<meta name=\"twitter:card\" content=\"summary_large_image\" \/>\n<meta name=\"twitter:label1\" content=\"Escrito por\" \/>\n\t<meta name=\"twitter:data1\" content=\"Telinha\" \/>\n\t<meta name=\"twitter:label2\" content=\"Tempo estimado de leitura\" \/>\n\t<meta name=\"twitter:data2\" content=\"2 minutos\" \/>\n<script type=\"application\/ld+json\" class=\"yoast-schema-graph\">{\"@context\":\"https:\/\/schema.org\",\"@graph\":[{\"@type\":\"Article\",\"@id\":\"https:\/\/portaltela.pt\/noticias\/2026\/02\/26\/cristiano-ronaldo-compra-25-do-almeria-para-contribuir-alem-dos-relvados\/#article\",\"isPartOf\":{\"@id\":\"https:\/\/portaltela.pt\/noticias\/2026\/02\/26\/cristiano-ronaldo-compra-25-do-almeria-para-contribuir-alem-dos-relvados\/\"},\"author\":{\"name\":\"Telinha\",\"@id\":\"https:\/\/portaltela.pt\/#\/schema\/person\/c4278d4a6028830caff9ee44b42d32ed\"},\"headline\":\"Cristiano Ronaldo compra 25% do Almer\u00eda para contribuir al\u00e9m dos relvados\",\"datePublished\":\"2026-02-26T09:01:00+00:00\",\"mainEntityOfPage\":{\"@id\":\"https:\/\/portaltela.pt\/noticias\/2026\/02\/26\/cristiano-ronaldo-compra-25-do-almeria-para-contribuir-alem-dos-relvados\/\"},\"wordCount\":339,\"image\":{\"@id\":\"https:\/\/portaltela.pt\/noticias\/2026\/02\/26\/cristiano-ronaldo-compra-25-do-almeria-para-contribuir-alem-dos-relvados\/#primaryimage\"},\"thumbnailUrl\":\"https:\/\/portaltela.pt\/s.01k8rhncp4jt1\/2026\/02\/img_920x518uu2026-02-14-19-27-32-2421611-im-639076934393423859.jpg\",\"keywords\":[\"Andaluzia\",\"Cristiano Ronaldo\",\"futebol\",\"futebol internacional\",\"investimentos\"],\"articleSection\":[\"Desporto\",\"Futebol\"],\"inLanguage\":\"pt-PT\"},{\"@type\":\"WebPage\",\"@id\":\"https:\/\/portaltela.pt\/noticias\/2026\/02\/26\/cristiano-ronaldo-compra-25-do-almeria-para-contribuir-alem-dos-relvados\/\",\"url\":\"https:\/\/portaltela.pt\/noticias\/2026\/02\/26\/cristiano-ronaldo-compra-25-do-almeria-para-contribuir-alem-dos-relvados\/\",\"name\":\"Cristiano Ronaldo compra 25% do Almer\u00eda para contribuir al\u00e9m dos relvados - Portal Tela Portugal\",\"isPartOf\":{\"@id\":\"https:\/\/portaltela.pt\/#website\"},\"primaryImageOfPage\":{\"@id\":\"https:\/\/portaltela.pt\/noticias\/2026\/02\/26\/cristiano-ronaldo-compra-25-do-almeria-para-contribuir-alem-dos-relvados\/#primaryimage\"},\"image\":{\"@id\":\"https:\/\/portaltela.pt\/noticias\/2026\/02\/26\/cristiano-ronaldo-compra-25-do-almeria-para-contribuir-alem-dos-relvados\/#primaryimage\"},\"thumbnailUrl\":\"https:\/\/portaltela.pt\/s.01k8rhncp4jt1\/2026\/02\/img_920x518uu2026-02-14-19-27-32-2421611-im-639076934393423859.jpg\",\"datePublished\":\"2026-02-26T09:01:00+00:00\",\"author\":{\"@id\":\"https:\/\/portaltela.pt\/#\/schema\/person\/c4278d4a6028830caff9ee44b42d32ed\"},\"breadcrumb\":{\"@id\":\"https:\/\/portaltela.pt\/noticias\/2026\/02\/26\/cristiano-ronaldo-compra-25-do-almeria-para-contribuir-alem-dos-relvados\/#breadcrumb\"},\"inLanguage\":\"pt-PT\",\"potentialAction\":[{\"@type\":\"ReadAction\",\"target\":[\"https:\/\/portaltela.pt\/noticias\/2026\/02\/26\/cristiano-ronaldo-compra-25-do-almeria-para-contribuir-alem-dos-relvados\/\"]}]},{\"@type\":\"ImageObject\",\"inLanguage\":\"pt-PT\",\"@id\":\"https:\/\/portaltela.pt\/noticias\/2026\/02\/26\/cristiano-ronaldo-compra-25-do-almeria-para-contribuir-alem-dos-relvados\/#primaryimage\",\"url\":\"https:\/\/portaltela.pt\/s.01k8rhncp4jt1\/2026\/02\/img_920x518uu2026-02-14-19-27-32-2421611-im-639076934393423859.jpg\",\"contentUrl\":\"https:\/\/portaltela.pt\/s.01k8rhncp4jt1\/2026\/02\/img_920x518uu2026-02-14-19-27-32-2421611-im-639076934393423859.jpg\",\"width\":796,\"height\":448,\"caption\":\"Cristiano Ronaldo\"},{\"@type\":\"BreadcrumbList\",\"@id\":\"https:\/\/portaltela.pt\/noticias\/2026\/02\/26\/cristiano-ronaldo-compra-25-do-almeria-para-contribuir-alem-dos-relvados\/#breadcrumb\",\"itemListElement\":[{\"@type\":\"ListItem\",\"position\":1,\"name\":\"In\u00edcio\",\"item\":\"https:\/\/portaltela.pt\/\"},{\"@type\":\"ListItem\",\"position\":2,\"name\":\"Cristiano Ronaldo compra 25% do Almer\u00eda para contribuir al\u00e9m dos relvados\"}]},{\"@type\":\"WebSite\",\"@id\":\"https:\/\/portaltela.pt\/#website\",\"url\":\"https:\/\/portaltela.pt\/\",\"name\":\"Portal Tela Portugal\",\"description\":\"\",\"potentialAction\":[{\"@type\":\"SearchAction\",\"target\":{\"@type\":\"EntryPoint\",\"urlTemplate\":\"https:\/\/portaltela.pt\/?s={search_term_string}\"},\"query-input\":{\"@type\":\"PropertyValueSpecification\",\"valueRequired\":true,\"valueName\":\"search_term_string\"}}],\"inLanguage\":\"pt-PT\"},{\"@type\":\"Person\",\"@id\":\"https:\/\/portaltela.pt\/#\/schema\/person\/c4278d4a6028830caff9ee44b42d32ed\",\"name\":\"Telinha\",\"image\":{\"@type\":\"ImageObject\",\"inLanguage\":\"pt-PT\",\"@id\":\"https:\/\/portaltela.pt\/s.01k8rhncp4jt1\/2025\/11\/talking-bot-125x125.png\",\"url\":\"https:\/\/portaltela.pt\/s.01k8rhncp4jt1\/2025\/11\/talking-bot-125x125.png\",\"contentUrl\":\"https:\/\/portaltela.pt\/s.01k8rhncp4jt1\/2025\/11\/talking-bot-125x125.png\",\"caption\":\"Telinha\"},\"sameAs\":[\"https:\/\/portaltela.pt\/\"],\"url\":\"https:\/\/portaltela.pt\/por\/367410592786\/\"}]}<\/script>\n<!-- \/ Yoast SEO plugin. -->","yoast_head_json":{"title":"Cristiano Ronaldo compra 25% do Almer\u00eda para contribuir al\u00e9m dos relvados - Portal Tela Portugal","robots":{"index":"index","follow":"follow","max-snippet":"max-snippet:-1","max-image-preview":"max-image-preview:large","max-video-preview":"max-video-preview:-1"},"og_locale":"pt_PT","og_type":"article","og_title":"Cristiano Ronaldo compra 25% do Almer\u00eda para contribuir al\u00e9m dos relvados - Portal Tela Portugal","og_description":"Cristiano Ronaldo comprou 25% do UD Almer\u00eda, clube da Segunda Divis\u00e3o espanhola, atrav\u00e9s da sua empresa CR7 Sports Investments. O neg\u00f3cio, cuja avalia\u00e7\u00e3o n\u00e3o foi divulgada, foi anunciado por comunicado oficial na quinta-feira. O Almer\u00eda \u00e9 atualmente o terceiro classificado no campeonato e compete no sul de Espanha. A CR7 Sports Investments \u00e9 uma subsidi\u00e1ria criada para consolidar e gerir os investimentos do jogador. O presidente do Almer\u00eda, Mohamed Al Khereiji, disse estar muito feliz com a escolha e mencionou a possibilidade de Ronaldo poder ser contratado ainda como jogador.","og_url":"https:\/\/portaltela.pt\/noticias\/2026\/02\/26\/cristiano-ronaldo-compra-25-do-almeria-para-contribuir-alem-dos-relvados\/","og_site_name":"Portal Tela Portugal","article_published_time":"2026-02-26T09:01:00+00:00","author":"Telinha","twitter_card":"summary_large_image","twitter_misc":{"Escrito por":"Telinha","Tempo estimado de leitura":"2 minutos"},"schema":{"@context":"https:\/\/schema.org","@graph":[{"@type":"Article","@id":"https:\/\/portaltela.pt\/noticias\/2026\/02\/26\/cristiano-ronaldo-compra-25-do-almeria-para-contribuir-alem-dos-relvados\/#article","isPartOf":{"@id":"https:\/\/portaltela.pt\/noticias\/2026\/02\/26\/cristiano-ronaldo-compra-25-do-almeria-para-contribuir-alem-dos-relvados\/"},"author":{"name":"Telinha","@id":"https:\/\/portaltela.pt\/#\/schema\/person\/c4278d4a6028830caff9ee44b42d32ed"},"headline":"Cristiano Ronaldo compra 25% do Almer\u00eda para contribuir al\u00e9m dos relvados","datePublished":"2026-02-26T09:01:00+00:00","mainEntityOfPage":{"@id":"https:\/\/portaltela.pt\/noticias\/2026\/02\/26\/cristiano-ronaldo-compra-25-do-almeria-para-contribuir-alem-dos-relvados\/"},"wordCount":339,"image":{"@id":"https:\/\/portaltela.pt\/noticias\/2026\/02\/26\/cristiano-ronaldo-compra-25-do-almeria-para-contribuir-alem-dos-relvados\/#primaryimage"},"thumbnailUrl":"https:\/\/portaltela.pt\/s.01k8rhncp4jt1\/2026\/02\/img_920x518uu2026-02-14-19-27-32-2421611-im-639076934393423859.jpg","keywords":["Andaluzia","Cristiano Ronaldo","futebol","futebol internacional","investimentos"],"articleSection":["Desporto","Futebol"],"inLanguage":"pt-PT"},{"@type":"WebPage","@id":"https:\/\/portaltela.pt\/noticias\/2026\/02\/26\/cristiano-ronaldo-compra-25-do-almeria-para-contribuir-alem-dos-relvados\/","url":"https:\/\/portaltela.pt\/noticias\/2026\/02\/26\/cristiano-ronaldo-compra-25-do-almeria-para-contribuir-alem-dos-relvados\/","name":"Cristiano Ronaldo compra 25% do Almer\u00eda para contribuir al\u00e9m dos relvados - Portal Tela Portugal","isPartOf":{"@id":"https:\/\/portaltela.pt\/#website"},"primaryImageOfPage":{"@id":"https:\/\/portaltela.pt\/noticias\/2026\/02\/26\/cristiano-ronaldo-compra-25-do-almeria-para-contribuir-alem-dos-relvados\/#primaryimage"},"image":{"@id":"https:\/\/portaltela.pt\/noticias\/2026\/02\/26\/cristiano-ronaldo-compra-25-do-almeria-para-contribuir-alem-dos-relvados\/#primaryimage"},"thumbnailUrl":"https:\/\/portaltela.pt\/s.01k8rhncp4jt1\/2026\/02\/img_920x518uu2026-02-14-19-27-32-2421611-im-639076934393423859.jpg","datePublished":"2026-02-26T09:01:00+00:00","author":{"@id":"https:\/\/portaltela.pt\/#\/schema\/person\/c4278d4a6028830caff9ee44b42d32ed"},"breadcrumb":{"@id":"https:\/\/portaltela.pt\/noticias\/2026\/02\/26\/cristiano-ronaldo-compra-25-do-almeria-para-contribuir-alem-dos-relvados\/#breadcrumb"},"inLanguage":"pt-PT","potentialAction":[{"@type":"ReadAction","target":["https:\/\/portaltela.pt\/noticias\/2026\/02\/26\/cristiano-ronaldo-compra-25-do-almeria-para-contribuir-alem-dos-relvados\/"]}]},{"@type":"ImageObject","inLanguage":"pt-PT","@id":"https:\/\/portaltela.pt\/noticias\/2026\/02\/26\/cristiano-ronaldo-compra-25-do-almeria-para-contribuir-alem-dos-relvados\/#primaryimage","url":"https:\/\/portaltela.pt\/s.01k8rhncp4jt1\/2026\/02\/img_920x518uu2026-02-14-19-27-32-2421611-im-639076934393423859.jpg","contentUrl":"https:\/\/portaltela.pt\/s.01k8rhncp4jt1\/2026\/02\/img_920x518uu2026-02-14-19-27-32-2421611-im-639076934393423859.jpg","width":796,"height":448,"caption":"Cristiano Ronaldo"},{"@type":"BreadcrumbList","@id":"https:\/\/portaltela.pt\/noticias\/2026\/02\/26\/cristiano-ronaldo-compra-25-do-almeria-para-contribuir-alem-dos-relvados\/#breadcrumb","itemListElement":[{"@type":"ListItem","position":1,"name":"In\u00edcio","item":"https:\/\/portaltela.pt\/"},{"@type":"ListItem","position":2,"name":"Cristiano Ronaldo compra 25% do Almer\u00eda para contribuir al\u00e9m dos relvados"}]},{"@type":"WebSite","@id":"https:\/\/portaltela.pt\/#website","url":"https:\/\/portaltela.pt\/","name":"Portal Tela Portugal","description":"","potentialAction":[{"@type":"SearchAction","target":{"@type":"EntryPoint","urlTemplate":"https:\/\/portaltela.pt\/?s={search_term_string}"},"query-input":{"@type":"PropertyValueSpecification","valueRequired":true,"valueName":"search_term_string"}}],"inLanguage":"pt-PT"},{"@type":"Person","@id":"https:\/\/portaltela.pt\/#\/schema\/person\/c4278d4a6028830caff9ee44b42d32ed","name":"Telinha","image":{"@type":"ImageObject","inLanguage":"pt-PT","@id":"https:\/\/portaltela.pt\/s.01k8rhncp4jt1\/2025\/11\/talking-bot-125x125.png","url":"https:\/\/portaltela.pt\/s.01k8rhncp4jt1\/2025\/11\/talking-bot-125x125.png","contentUrl":"https:\/\/portaltela.pt\/s.01k8rhncp4jt1\/2025\/11\/talking-bot-125x125.png","caption":"Telinha"},"sameAs":["https:\/\/portaltela.pt\/"],"url":"https:\/\/portaltela.pt\/por\/367410592786\/"}]}},"_links":{"self":[{"href":"https:\/\/portaltela.pt\/api\/wp\/v2\/posts\/388626","targetHints":{"allow":["GET"]}}],"collection":[{"href":"https:\/\/portaltela.pt\/api\/wp\/v2\/posts"}],"about":[{"href":"https:\/\/portaltela.pt\/api\/wp\/v2\/types\/post"}],"author":[{"embeddable":true,"href":"https:\/\/portaltela.pt\/api\/wp\/v2\/users\/2"}],"replies":[{"embeddable":true,"href":"https:\/\/portaltela.pt\/api\/wp\/v2\/comments?post=388626"}],"version-history":[{"count":0,"href":"https:\/\/portaltela.pt\/api\/wp\/v2\/posts\/388626\/revisions"}],"wp:featuredmedia":[{"embeddable":true,"href":"https:\/\/portaltela.pt\/api\/wp\/v2\/media\/388639"}],"wp:attachment":[{"href":"https:\/\/portaltela.pt\/api\/wp\/v2\/media?parent=388626"}],"wp:term":[{"taxonomy":"category","embeddable":true,"href":"https:\/\/portaltela.pt\/api\/wp\/v2\/categories?post=388626"},{"taxonomy":"post_tag","embeddable":true,"href":"https:\/\/portaltela.pt\/api\/wp\/v2\/tags?post=388626"}],"curies":[{"name":"wp","href":"https:\/\/api.w.org\/{rel}","templated":true}]}}