{"id":388622,"date":"2026-02-26T06:08:52","date_gmt":"2026-02-26T09:08:52","guid":{"rendered":"https:\/\/portaltela.pt\/noticias\/2026\/02\/26\/cristiano-ronaldo-compra-25-do-almeria-reforcando-ligacao-ao-clube\/"},"modified":"2026-02-26T06:08:52","modified_gmt":"2026-02-26T09:08:52","slug":"cristiano-ronaldo-compra-25-do-almeria-reforcando-ligacao-ao-clube","status":"publish","type":"post","link":"https:\/\/portaltela.pt\/desporto\/futebol\/2026\/02\/26\/cristiano-ronaldo-compra-25-do-almeria-reforcando-ligacao-ao-clube\/","title":{"rendered":"Cristiano Ronaldo compra 25% do Almer\u00eda, refor\u00e7ando liga\u00e7\u00e3o ao clube"},"content":{"rendered":"<p>Cristiano Ronaldo anunciou a aquisi\u00e7\u00e3o de 25% do UD Almer\u00eda, clube da Segunda Divis\u00e3o espanhola. A opera\u00e7\u00e3o foi realizada atrav\u00e9s da CR7 Sports Investments, a nova estrutura criada pela empresa do jogador para consolidar e gerir investimentos no futebol. O acordo n\u00e3o teve n\u00fameros financeiros revelados.<\/p>\n<p>O UD Almer\u00eda ocupa, no momento, a terceira posi\u00e7\u00e3o na competi\u00e7\u00e3o e est\u00e1 sediado no sul de Espanha. O presidente do clube \u00e9 Mohamed Al Khereiji, empres\u00e1rio amplamente conhecido no mundo \u00e1rabe. A CR7 Sports Investments funciona como subsidi\u00e1ria da CR7 SA, empresa que j\u00e1 geriu ativos vinculados ao projeto desportivo de Ronaldo.<\/p>\n<p>A decis\u00e3o reflete o objetivo de Ronaldo de expandir a sua carteira de investimentos no desporto, mantendo um papel de gest\u00e3o em estruturas de futebol profissional. Ronaldo, capit\u00e3o da sele\u00e7\u00e3o portuguesa, mencionou interesse em contribuir para o futebol al\u00e9m dos relvados, destacando o potencial de crescimento do UD Almer\u00eda.<\/p>\n<p>Mohamed Al Khereiji expressou satisfa\u00e7\u00e3o com a parceria, apontando que Ronaldo re\u00fane qualidade desportiva e conhecimento do campeonato espanhol. O dirigente enfatizou a aposta de longo prazo no desenvolvimento da equipa e da base do clube. A parceria vai ao encontro de uma estrat\u00e9gia de refor\u00e7o institucional do Almer\u00eda.<\/p>\n<p>Segundo o jornal La Voz de Almer\u00eda, h\u00e1 a possibilidade de Ronaldo ingressar no plantel como jogador no futuro, dependendo de circunst\u00e2ncias desportivas e contratuais. Utilizadores fortemente ligados ao clube destacam que a not\u00edcia amplia o realce internacional do Almer\u00eda e pode influenciar o planeamento desportivo para as pr\u00f3ximas temporadas.<\/p>\n","protected":false},"excerpt":{"rendered":"<ul>\n<li>Cristiano Ronaldo comprou 25% do UD Almer\u00eda, atual terceiro classificado da Segunda Divis\u00e3o espanhola, via CR7 Sports Investments.<\/li>\n<li>O neg\u00f3cio foi anunciado por meio de comunicado na quinta-feira, sem divulga\u00e7\u00e3o dos valores.<\/li>\n<li>Ronaldo \u00e9 jogador do Al-Nassr FC, e o presidente da Almer\u00eda \u00e9 Mohamed Al Khereiji.<\/li>\n<li>A CR7 Sports Investments \u00e9 subsidi\u00e1ria da CR7 SA criada para gerir os investimentos do atleta.<\/li>\n<li>O presidente Mohamed Al Khereiji afirmou estar feliz com a escolha e h\u00e1 possibilidade de Ronaldo ser contratado pelo clube no futuro.<\/li>\n<\/ul>\n","protected":false},"author":2,"featured_media":388635,"comment_status":"closed","ping_status":"closed","sticky":false,"template":"","format":"standard","meta":{"footnotes":""},"categories":[21,24],"tags":[5975,1947,152,32,81,5529],"class_list":["post-388622","post","type-post","status-publish","format-standard","has-post-thumbnail","hentry","category-desporto","category-futebol","tag-andaluzia","tag-cristiano-ronaldo","tag-desporto","tag-futebol","tag-internacionais","tag-investimentos"],"yoast_head":"<!-- This site is optimized with the Yoast SEO plugin v27.2 - https:\/\/yoast.com\/product\/yoast-seo-wordpress\/ -->\n<title>Cristiano Ronaldo compra 25% do Almer\u00eda, refor\u00e7ando liga\u00e7\u00e3o ao clube - Portal Tela Portugal<\/title>\n<meta name=\"robots\" content=\"index, follow, max-snippet:-1, max-image-preview:large, max-video-preview:-1\" \/>\n<meta property=\"og:locale\" content=\"pt_PT\" \/>\n<meta property=\"og:type\" content=\"article\" \/>\n<meta property=\"og:title\" content=\"Cristiano Ronaldo compra 25% do Almer\u00eda, refor\u00e7ando liga\u00e7\u00e3o ao clube - Portal Tela Portugal\" \/>\n<meta property=\"og:description\" content=\"Cristiano Ronaldo comprou 25% do UD Almer\u00eda, atual terceiro classificado da Segunda Divis\u00e3o espanhola, via CR7 Sports Investments. O neg\u00f3cio foi anunciado por meio de comunicado na quinta-feira, sem divulga\u00e7\u00e3o dos valores. Ronaldo \u00e9 jogador do Al-Nassr FC, e o presidente da Almer\u00eda \u00e9 Mohamed Al Khereiji. A CR7 Sports Investments \u00e9 subsidi\u00e1ria da CR7 SA criada para gerir os investimentos do atleta. O presidente Mohamed Al Khereiji afirmou estar feliz com a escolha e h\u00e1 possibilidade de Ronaldo ser contratado pelo clube no futuro.\" \/>\n<meta property=\"og:url\" content=\"https:\/\/portaltela.pt\/noticias\/2026\/02\/26\/cristiano-ronaldo-compra-25-do-almeria-reforcando-ligacao-ao-clube\/\" \/>\n<meta property=\"og:site_name\" content=\"Portal Tela Portugal\" \/>\n<meta property=\"article:published_time\" content=\"2026-02-26T09:08:52+00:00\" \/>\n<meta name=\"author\" content=\"Telinha\" \/>\n<meta name=\"twitter:card\" content=\"summary_large_image\" \/>\n<meta name=\"twitter:label1\" content=\"Escrito por\" \/>\n\t<meta name=\"twitter:data1\" content=\"Telinha\" \/>\n\t<meta name=\"twitter:label2\" content=\"Tempo estimado de leitura\" \/>\n\t<meta name=\"twitter:data2\" content=\"1 minuto\" \/>\n<script type=\"application\/ld+json\" class=\"yoast-schema-graph\">{\"@context\":\"https:\/\/schema.org\",\"@graph\":[{\"@type\":\"Article\",\"@id\":\"https:\/\/portaltela.pt\/noticias\/2026\/02\/26\/cristiano-ronaldo-compra-25-do-almeria-reforcando-ligacao-ao-clube\/#article\",\"isPartOf\":{\"@id\":\"https:\/\/portaltela.pt\/noticias\/2026\/02\/26\/cristiano-ronaldo-compra-25-do-almeria-reforcando-ligacao-ao-clube\/\"},\"author\":{\"name\":\"Telinha\",\"@id\":\"https:\/\/portaltela.pt\/#\/schema\/person\/c4278d4a6028830caff9ee44b42d32ed\"},\"headline\":\"Cristiano Ronaldo compra 25% do Almer\u00eda, refor\u00e7ando liga\u00e7\u00e3o ao clube\",\"datePublished\":\"2026-02-26T09:08:52+00:00\",\"mainEntityOfPage\":{\"@id\":\"https:\/\/portaltela.pt\/noticias\/2026\/02\/26\/cristiano-ronaldo-compra-25-do-almeria-reforcando-ligacao-ao-clube\/\"},\"wordCount\":285,\"image\":{\"@id\":\"https:\/\/portaltela.pt\/noticias\/2026\/02\/26\/cristiano-ronaldo-compra-25-do-almeria-reforcando-ligacao-ao-clube\/#primaryimage\"},\"thumbnailUrl\":\"https:\/\/portaltela.pt\/s.01k8rhncp4jt1\/2026\/02\/img_1500x1000uu2026-02-26-09-07-36-2269090.png\",\"keywords\":[\"Andaluzia\",\"Cristiano Ronaldo\",\"desporto\",\"futebol\",\"internacionais\",\"investimentos\"],\"articleSection\":[\"Desporto\",\"Futebol\"],\"inLanguage\":\"pt-PT\"},{\"@type\":\"WebPage\",\"@id\":\"https:\/\/portaltela.pt\/noticias\/2026\/02\/26\/cristiano-ronaldo-compra-25-do-almeria-reforcando-ligacao-ao-clube\/\",\"url\":\"https:\/\/portaltela.pt\/noticias\/2026\/02\/26\/cristiano-ronaldo-compra-25-do-almeria-reforcando-ligacao-ao-clube\/\",\"name\":\"Cristiano Ronaldo compra 25% do Almer\u00eda, refor\u00e7ando liga\u00e7\u00e3o ao clube - Portal Tela Portugal\",\"isPartOf\":{\"@id\":\"https:\/\/portaltela.pt\/#website\"},\"primaryImageOfPage\":{\"@id\":\"https:\/\/portaltela.pt\/noticias\/2026\/02\/26\/cristiano-ronaldo-compra-25-do-almeria-reforcando-ligacao-ao-clube\/#primaryimage\"},\"image\":{\"@id\":\"https:\/\/portaltela.pt\/noticias\/2026\/02\/26\/cristiano-ronaldo-compra-25-do-almeria-reforcando-ligacao-ao-clube\/#primaryimage\"},\"thumbnailUrl\":\"https:\/\/portaltela.pt\/s.01k8rhncp4jt1\/2026\/02\/img_1500x1000uu2026-02-26-09-07-36-2269090.png\",\"datePublished\":\"2026-02-26T09:08:52+00:00\",\"author\":{\"@id\":\"https:\/\/portaltela.pt\/#\/schema\/person\/c4278d4a6028830caff9ee44b42d32ed\"},\"breadcrumb\":{\"@id\":\"https:\/\/portaltela.pt\/noticias\/2026\/02\/26\/cristiano-ronaldo-compra-25-do-almeria-reforcando-ligacao-ao-clube\/#breadcrumb\"},\"inLanguage\":\"pt-PT\",\"potentialAction\":[{\"@type\":\"ReadAction\",\"target\":[\"https:\/\/portaltela.pt\/noticias\/2026\/02\/26\/cristiano-ronaldo-compra-25-do-almeria-reforcando-ligacao-ao-clube\/\"]}]},{\"@type\":\"ImageObject\",\"inLanguage\":\"pt-PT\",\"@id\":\"https:\/\/portaltela.pt\/noticias\/2026\/02\/26\/cristiano-ronaldo-compra-25-do-almeria-reforcando-ligacao-ao-clube\/#primaryimage\",\"url\":\"https:\/\/portaltela.pt\/s.01k8rhncp4jt1\/2026\/02\/img_1500x1000uu2026-02-26-09-07-36-2269090.png\",\"contentUrl\":\"https:\/\/portaltela.pt\/s.01k8rhncp4jt1\/2026\/02\/img_1500x1000uu2026-02-26-09-07-36-2269090.png\",\"width\":1500,\"height\":1000,\"caption\":\"Cristiano Ronaldo marca no regresso aos relvados\"},{\"@type\":\"BreadcrumbList\",\"@id\":\"https:\/\/portaltela.pt\/noticias\/2026\/02\/26\/cristiano-ronaldo-compra-25-do-almeria-reforcando-ligacao-ao-clube\/#breadcrumb\",\"itemListElement\":[{\"@type\":\"ListItem\",\"position\":1,\"name\":\"In\u00edcio\",\"item\":\"https:\/\/portaltela.pt\/\"},{\"@type\":\"ListItem\",\"position\":2,\"name\":\"Cristiano Ronaldo compra 25% do Almer\u00eda, refor\u00e7ando liga\u00e7\u00e3o ao clube\"}]},{\"@type\":\"WebSite\",\"@id\":\"https:\/\/portaltela.pt\/#website\",\"url\":\"https:\/\/portaltela.pt\/\",\"name\":\"Portal Tela Portugal\",\"description\":\"\",\"potentialAction\":[{\"@type\":\"SearchAction\",\"target\":{\"@type\":\"EntryPoint\",\"urlTemplate\":\"https:\/\/portaltela.pt\/?s={search_term_string}\"},\"query-input\":{\"@type\":\"PropertyValueSpecification\",\"valueRequired\":true,\"valueName\":\"search_term_string\"}}],\"inLanguage\":\"pt-PT\"},{\"@type\":\"Person\",\"@id\":\"https:\/\/portaltela.pt\/#\/schema\/person\/c4278d4a6028830caff9ee44b42d32ed\",\"name\":\"Telinha\",\"image\":{\"@type\":\"ImageObject\",\"inLanguage\":\"pt-PT\",\"@id\":\"https:\/\/portaltela.pt\/s.01k8rhncp4jt1\/2025\/11\/talking-bot-125x125.png\",\"url\":\"https:\/\/portaltela.pt\/s.01k8rhncp4jt1\/2025\/11\/talking-bot-125x125.png\",\"contentUrl\":\"https:\/\/portaltela.pt\/s.01k8rhncp4jt1\/2025\/11\/talking-bot-125x125.png\",\"caption\":\"Telinha\"},\"sameAs\":[\"https:\/\/portaltela.pt\/\"],\"url\":\"https:\/\/portaltela.pt\/por\/367410592786\/\"}]}<\/script>\n<!-- \/ Yoast SEO plugin. -->","yoast_head_json":{"title":"Cristiano Ronaldo compra 25% do Almer\u00eda, refor\u00e7ando liga\u00e7\u00e3o ao clube - Portal Tela Portugal","robots":{"index":"index","follow":"follow","max-snippet":"max-snippet:-1","max-image-preview":"max-image-preview:large","max-video-preview":"max-video-preview:-1"},"og_locale":"pt_PT","og_type":"article","og_title":"Cristiano Ronaldo compra 25% do Almer\u00eda, refor\u00e7ando liga\u00e7\u00e3o ao clube - Portal Tela Portugal","og_description":"Cristiano Ronaldo comprou 25% do UD Almer\u00eda, atual terceiro classificado da Segunda Divis\u00e3o espanhola, via CR7 Sports Investments. O neg\u00f3cio foi anunciado por meio de comunicado na quinta-feira, sem divulga\u00e7\u00e3o dos valores. Ronaldo \u00e9 jogador do Al-Nassr FC, e o presidente da Almer\u00eda \u00e9 Mohamed Al Khereiji. A CR7 Sports Investments \u00e9 subsidi\u00e1ria da CR7 SA criada para gerir os investimentos do atleta. O presidente Mohamed Al Khereiji afirmou estar feliz com a escolha e h\u00e1 possibilidade de Ronaldo ser contratado pelo clube no futuro.","og_url":"https:\/\/portaltela.pt\/noticias\/2026\/02\/26\/cristiano-ronaldo-compra-25-do-almeria-reforcando-ligacao-ao-clube\/","og_site_name":"Portal Tela Portugal","article_published_time":"2026-02-26T09:08:52+00:00","author":"Telinha","twitter_card":"summary_large_image","twitter_misc":{"Escrito por":"Telinha","Tempo estimado de leitura":"1 minuto"},"schema":{"@context":"https:\/\/schema.org","@graph":[{"@type":"Article","@id":"https:\/\/portaltela.pt\/noticias\/2026\/02\/26\/cristiano-ronaldo-compra-25-do-almeria-reforcando-ligacao-ao-clube\/#article","isPartOf":{"@id":"https:\/\/portaltela.pt\/noticias\/2026\/02\/26\/cristiano-ronaldo-compra-25-do-almeria-reforcando-ligacao-ao-clube\/"},"author":{"name":"Telinha","@id":"https:\/\/portaltela.pt\/#\/schema\/person\/c4278d4a6028830caff9ee44b42d32ed"},"headline":"Cristiano Ronaldo compra 25% do Almer\u00eda, refor\u00e7ando liga\u00e7\u00e3o ao clube","datePublished":"2026-02-26T09:08:52+00:00","mainEntityOfPage":{"@id":"https:\/\/portaltela.pt\/noticias\/2026\/02\/26\/cristiano-ronaldo-compra-25-do-almeria-reforcando-ligacao-ao-clube\/"},"wordCount":285,"image":{"@id":"https:\/\/portaltela.pt\/noticias\/2026\/02\/26\/cristiano-ronaldo-compra-25-do-almeria-reforcando-ligacao-ao-clube\/#primaryimage"},"thumbnailUrl":"https:\/\/portaltela.pt\/s.01k8rhncp4jt1\/2026\/02\/img_1500x1000uu2026-02-26-09-07-36-2269090.png","keywords":["Andaluzia","Cristiano Ronaldo","desporto","futebol","internacionais","investimentos"],"articleSection":["Desporto","Futebol"],"inLanguage":"pt-PT"},{"@type":"WebPage","@id":"https:\/\/portaltela.pt\/noticias\/2026\/02\/26\/cristiano-ronaldo-compra-25-do-almeria-reforcando-ligacao-ao-clube\/","url":"https:\/\/portaltela.pt\/noticias\/2026\/02\/26\/cristiano-ronaldo-compra-25-do-almeria-reforcando-ligacao-ao-clube\/","name":"Cristiano Ronaldo compra 25% do Almer\u00eda, refor\u00e7ando liga\u00e7\u00e3o ao clube - Portal Tela Portugal","isPartOf":{"@id":"https:\/\/portaltela.pt\/#website"},"primaryImageOfPage":{"@id":"https:\/\/portaltela.pt\/noticias\/2026\/02\/26\/cristiano-ronaldo-compra-25-do-almeria-reforcando-ligacao-ao-clube\/#primaryimage"},"image":{"@id":"https:\/\/portaltela.pt\/noticias\/2026\/02\/26\/cristiano-ronaldo-compra-25-do-almeria-reforcando-ligacao-ao-clube\/#primaryimage"},"thumbnailUrl":"https:\/\/portaltela.pt\/s.01k8rhncp4jt1\/2026\/02\/img_1500x1000uu2026-02-26-09-07-36-2269090.png","datePublished":"2026-02-26T09:08:52+00:00","author":{"@id":"https:\/\/portaltela.pt\/#\/schema\/person\/c4278d4a6028830caff9ee44b42d32ed"},"breadcrumb":{"@id":"https:\/\/portaltela.pt\/noticias\/2026\/02\/26\/cristiano-ronaldo-compra-25-do-almeria-reforcando-ligacao-ao-clube\/#breadcrumb"},"inLanguage":"pt-PT","potentialAction":[{"@type":"ReadAction","target":["https:\/\/portaltela.pt\/noticias\/2026\/02\/26\/cristiano-ronaldo-compra-25-do-almeria-reforcando-ligacao-ao-clube\/"]}]},{"@type":"ImageObject","inLanguage":"pt-PT","@id":"https:\/\/portaltela.pt\/noticias\/2026\/02\/26\/cristiano-ronaldo-compra-25-do-almeria-reforcando-ligacao-ao-clube\/#primaryimage","url":"https:\/\/portaltela.pt\/s.01k8rhncp4jt1\/2026\/02\/img_1500x1000uu2026-02-26-09-07-36-2269090.png","contentUrl":"https:\/\/portaltela.pt\/s.01k8rhncp4jt1\/2026\/02\/img_1500x1000uu2026-02-26-09-07-36-2269090.png","width":1500,"height":1000,"caption":"Cristiano Ronaldo marca no regresso aos relvados"},{"@type":"BreadcrumbList","@id":"https:\/\/portaltela.pt\/noticias\/2026\/02\/26\/cristiano-ronaldo-compra-25-do-almeria-reforcando-ligacao-ao-clube\/#breadcrumb","itemListElement":[{"@type":"ListItem","position":1,"name":"In\u00edcio","item":"https:\/\/portaltela.pt\/"},{"@type":"ListItem","position":2,"name":"Cristiano Ronaldo compra 25% do Almer\u00eda, refor\u00e7ando liga\u00e7\u00e3o ao clube"}]},{"@type":"WebSite","@id":"https:\/\/portaltela.pt\/#website","url":"https:\/\/portaltela.pt\/","name":"Portal Tela Portugal","description":"","potentialAction":[{"@type":"SearchAction","target":{"@type":"EntryPoint","urlTemplate":"https:\/\/portaltela.pt\/?s={search_term_string}"},"query-input":{"@type":"PropertyValueSpecification","valueRequired":true,"valueName":"search_term_string"}}],"inLanguage":"pt-PT"},{"@type":"Person","@id":"https:\/\/portaltela.pt\/#\/schema\/person\/c4278d4a6028830caff9ee44b42d32ed","name":"Telinha","image":{"@type":"ImageObject","inLanguage":"pt-PT","@id":"https:\/\/portaltela.pt\/s.01k8rhncp4jt1\/2025\/11\/talking-bot-125x125.png","url":"https:\/\/portaltela.pt\/s.01k8rhncp4jt1\/2025\/11\/talking-bot-125x125.png","contentUrl":"https:\/\/portaltela.pt\/s.01k8rhncp4jt1\/2025\/11\/talking-bot-125x125.png","caption":"Telinha"},"sameAs":["https:\/\/portaltela.pt\/"],"url":"https:\/\/portaltela.pt\/por\/367410592786\/"}]}},"_links":{"self":[{"href":"https:\/\/portaltela.pt\/api\/wp\/v2\/posts\/388622","targetHints":{"allow":["GET"]}}],"collection":[{"href":"https:\/\/portaltela.pt\/api\/wp\/v2\/posts"}],"about":[{"href":"https:\/\/portaltela.pt\/api\/wp\/v2\/types\/post"}],"author":[{"embeddable":true,"href":"https:\/\/portaltela.pt\/api\/wp\/v2\/users\/2"}],"replies":[{"embeddable":true,"href":"https:\/\/portaltela.pt\/api\/wp\/v2\/comments?post=388622"}],"version-history":[{"count":0,"href":"https:\/\/portaltela.pt\/api\/wp\/v2\/posts\/388622\/revisions"}],"wp:featuredmedia":[{"embeddable":true,"href":"https:\/\/portaltela.pt\/api\/wp\/v2\/media\/388635"}],"wp:attachment":[{"href":"https:\/\/portaltela.pt\/api\/wp\/v2\/media?parent=388622"}],"wp:term":[{"taxonomy":"category","embeddable":true,"href":"https:\/\/portaltela.pt\/api\/wp\/v2\/categories?post=388622"},{"taxonomy":"post_tag","embeddable":true,"href":"https:\/\/portaltela.pt\/api\/wp\/v2\/tags?post=388622"}],"curies":[{"name":"wp","href":"https:\/\/api.w.org\/{rel}","templated":true}]}}