{"id":388611,"date":"2026-02-26T05:49:00","date_gmt":"2026-02-26T08:49:00","guid":{"rendered":"https:\/\/portaltela.pt\/noticias\/2026\/02\/26\/bombeiros-pedem-plano-de-prevencao-de-incendios-de-emergencia-2\/"},"modified":"2026-02-26T05:49:00","modified_gmt":"2026-02-26T08:49:00","slug":"bombeiros-pedem-plano-de-prevencao-de-incendios-de-emergencia-2","status":"publish","type":"post","link":"https:\/\/portaltela.pt\/noticias\/2026\/02\/26\/bombeiros-pedem-plano-de-prevencao-de-incendios-de-emergencia-2\/","title":{"rendered":"Bombeiros pedem plano de preven\u00e7\u00e3o de inc\u00eandios de emerg\u00eancia"},"content":{"rendered":"<p>O presidente da Liga dos Bombeiros Portugueses (LBP) pediu um plano de emerg\u00eancia para preven\u00e7\u00e3o de inc\u00eandios, face aos danos causados pela depress\u00e3o Kristin, que afetou acessos da prote\u00e7\u00e3o civil, linhas de prote\u00e7\u00e3o e milhares de \u00e1rvores.<\/p>\n<p>Na pr\u00f3xima sexta-feira vai realizar-se uma reuni\u00e3o da Comiss\u00e3o Nacional de Emerg\u00eancia e Prote\u00e7\u00e3o Civil. A LBP espera que sejam deliberadas iniciativas para recondicionar territ\u00f3rios e permitir o acesso dos bombeiros \u00e0s zonas mais impactadas pelo fen\u00f3meno na regi\u00e3o centro.<\/p>\n<p>O dirigente aponta para a necessidade de reorganizar a distribui\u00e7\u00e3o de m\u00e1quinas de rasto, para abertura de aceiros e limpeza de caminhos, bem como para um aumento substancial da vigil\u00e2ncia nas \u00e1reas mais complexas.<\/p>\n<p>A toda a interven\u00e7\u00e3o segue-se ouvir a Autoridade Nacional de Emerg\u00eancia e Prote\u00e7\u00e3o Civil, para conhecer medidas a implementar face ao risco real das zonas afetadas.<\/p>\n<p>O objetivo \u00e9 coordenar um plano de preven\u00e7\u00e3o especial nas \u00e1reas com maior risco resultante do conjunto de tempestades, com vista a evitar novas cat\u00e1strofes na \u00e9poca de inc\u00eandios.<\/p>\n<p>Para sexta-feira, em Lisboa, est\u00e1 agendada a reuni\u00e3o da Autoridade Nacional de Emerg\u00eancia e Prote\u00e7\u00e3o Civil com v\u00e1rios parceiros para discutir os preparativos para a \u00e9poca de inc\u00eandios.<\/p>\n","protected":false},"excerpt":{"rendered":"<ul>\n<li>A Liga dos Bombeiros Portugueses pediu um plano de preven\u00e7\u00e3o de inc\u00eandios de emerg\u00eancia ap\u00f3s a depress\u00e3o Kristin causar danos na regi\u00e3o centro, incluindo acessos, linhas de prote\u00e7\u00e3o e milhares de \u00e1rvores.<\/li>\n<li>Na sexta-feira h\u00e1 uma reuni\u00e3o da Comiss\u00e3o Nacional de Emerg\u00eancia e Prote\u00e7\u00e3o Civil, com expectativa de delibera\u00e7\u00f5es para recondicionar territ\u00f3rios e facilitar o acesso dos bombeiros \u00e0s zonas mais impactadas.<\/li>\n<li>Segundo Ant\u00f3nio Nunes, a regulariza\u00e7\u00e3o do coberto vegetal e dos povoamentos em Leiria e Santar\u00e9m depende do uso intensivo de m\u00e1quinas de rasto para abrir aceiros e limpar caminhos, bem como maior vigil\u00e2ncia.<\/li>\n<li>O objetivo \u00e9 coordenar um plano de preven\u00e7\u00e3o especial para o risco acrescido gerado pelo comboio de tempestades, visando evitar nova cat\u00e1strofe durante a \u00e9poca de inc\u00eandios.<\/li>\n<li>Em Lisboa, a Autoridade Nacional de Emerg\u00eancia e Prote\u00e7\u00e3o Civil re\u00fane-se com parceiros para discutir os preparativos para a \u00e9poca de inc\u00eandios.<\/li>\n<\/ul>\n","protected":false},"author":2,"featured_media":388614,"comment_status":"closed","ping_status":"closed","sticky":false,"template":"","format":"standard","meta":{"footnotes":""},"categories":[1],"tags":[971,5928,2617,981,320,5545],"class_list":["post-388611","post","type-post","status-publish","format-standard","has-post-thumbnail","hentry","category-noticias","tag-bombeiros","tag-emergencia","tag-incendios","tag-lisboa","tag-protecao-civil","tag-zona-centro"],"yoast_head":"<!-- This site is optimized with the Yoast SEO plugin v27.2 - https:\/\/yoast.com\/product\/yoast-seo-wordpress\/ -->\n<title>Bombeiros pedem plano de preven\u00e7\u00e3o de inc\u00eandios de emerg\u00eancia - Portal Tela Portugal<\/title>\n<meta name=\"robots\" content=\"index, follow, max-snippet:-1, max-image-preview:large, max-video-preview:-1\" \/>\n<meta property=\"og:locale\" content=\"pt_PT\" \/>\n<meta property=\"og:type\" content=\"article\" \/>\n<meta property=\"og:title\" content=\"Bombeiros pedem plano de preven\u00e7\u00e3o de inc\u00eandios de emerg\u00eancia - Portal Tela Portugal\" \/>\n<meta property=\"og:description\" content=\"A Liga dos Bombeiros Portugueses pediu um plano de preven\u00e7\u00e3o de inc\u00eandios de emerg\u00eancia ap\u00f3s a depress\u00e3o Kristin causar danos na regi\u00e3o centro, incluindo acessos, linhas de prote\u00e7\u00e3o e milhares de \u00e1rvores. Na sexta-feira h\u00e1 uma reuni\u00e3o da Comiss\u00e3o Nacional de Emerg\u00eancia e Prote\u00e7\u00e3o Civil, com expectativa de delibera\u00e7\u00f5es para recondicionar territ\u00f3rios e facilitar o acesso dos bombeiros \u00e0s zonas mais impactadas. Segundo Ant\u00f3nio Nunes, a regulariza\u00e7\u00e3o do coberto vegetal e dos povoamentos em Leiria e Santar\u00e9m depende do uso intensivo de m\u00e1quinas de rasto para abrir aceiros e limpar caminhos, bem como maior vigil\u00e2ncia. O objetivo \u00e9 coordenar um plano de preven\u00e7\u00e3o especial para o risco acrescido gerado pelo comboio de tempestades, visando evitar nova cat\u00e1strofe durante a \u00e9poca de inc\u00eandios. Em Lisboa, a Autoridade Nacional de Emerg\u00eancia e Prote\u00e7\u00e3o Civil re\u00fane-se com parceiros para discutir os preparativos para a \u00e9poca de inc\u00eandios.\" \/>\n<meta property=\"og:url\" content=\"https:\/\/portaltela.pt\/noticias\/2026\/02\/26\/bombeiros-pedem-plano-de-prevencao-de-incendios-de-emergencia-2\/\" \/>\n<meta property=\"og:site_name\" content=\"Portal Tela Portugal\" \/>\n<meta property=\"article:published_time\" content=\"2026-02-26T08:49:00+00:00\" \/>\n<meta name=\"author\" content=\"Telinha\" \/>\n<meta name=\"twitter:card\" content=\"summary_large_image\" \/>\n<meta name=\"twitter:label1\" content=\"Escrito por\" \/>\n\t<meta name=\"twitter:data1\" content=\"Telinha\" \/>\n\t<meta name=\"twitter:label2\" content=\"Tempo estimado de leitura\" \/>\n\t<meta name=\"twitter:data2\" content=\"1 minuto\" \/>\n<script type=\"application\/ld+json\" class=\"yoast-schema-graph\">{\"@context\":\"https:\/\/schema.org\",\"@graph\":[{\"@type\":\"Article\",\"@id\":\"https:\/\/portaltela.pt\/noticias\/2026\/02\/26\/bombeiros-pedem-plano-de-prevencao-de-incendios-de-emergencia-2\/#article\",\"isPartOf\":{\"@id\":\"https:\/\/portaltela.pt\/noticias\/2026\/02\/26\/bombeiros-pedem-plano-de-prevencao-de-incendios-de-emergencia-2\/\"},\"author\":{\"name\":\"Telinha\",\"@id\":\"https:\/\/portaltela.pt\/#\/schema\/person\/c4278d4a6028830caff9ee44b42d32ed\"},\"headline\":\"Bombeiros pedem plano de preven\u00e7\u00e3o de inc\u00eandios de emerg\u00eancia\",\"datePublished\":\"2026-02-26T08:49:00+00:00\",\"mainEntityOfPage\":{\"@id\":\"https:\/\/portaltela.pt\/noticias\/2026\/02\/26\/bombeiros-pedem-plano-de-prevencao-de-incendios-de-emergencia-2\/\"},\"wordCount\":233,\"image\":{\"@id\":\"https:\/\/portaltela.pt\/noticias\/2026\/02\/26\/bombeiros-pedem-plano-de-prevencao-de-incendios-de-emergencia-2\/#primaryimage\"},\"thumbnailUrl\":\"https:\/\/portaltela.pt\/s.01k8rhncp4jt1\/2026\/02\/image-1891.jpg\",\"keywords\":[\"bombeiros\",\"emerg\u00eancia\",\"inc\u00eandios\",\"Lisboa\",\"prote\u00e7\u00e3o civil\",\"Zona Centro\"],\"articleSection\":[\"Not\u00edcias\"],\"inLanguage\":\"pt-PT\"},{\"@type\":\"WebPage\",\"@id\":\"https:\/\/portaltela.pt\/noticias\/2026\/02\/26\/bombeiros-pedem-plano-de-prevencao-de-incendios-de-emergencia-2\/\",\"url\":\"https:\/\/portaltela.pt\/noticias\/2026\/02\/26\/bombeiros-pedem-plano-de-prevencao-de-incendios-de-emergencia-2\/\",\"name\":\"Bombeiros pedem plano de preven\u00e7\u00e3o de inc\u00eandios de emerg\u00eancia - Portal Tela Portugal\",\"isPartOf\":{\"@id\":\"https:\/\/portaltela.pt\/#website\"},\"primaryImageOfPage\":{\"@id\":\"https:\/\/portaltela.pt\/noticias\/2026\/02\/26\/bombeiros-pedem-plano-de-prevencao-de-incendios-de-emergencia-2\/#primaryimage\"},\"image\":{\"@id\":\"https:\/\/portaltela.pt\/noticias\/2026\/02\/26\/bombeiros-pedem-plano-de-prevencao-de-incendios-de-emergencia-2\/#primaryimage\"},\"thumbnailUrl\":\"https:\/\/portaltela.pt\/s.01k8rhncp4jt1\/2026\/02\/image-1891.jpg\",\"datePublished\":\"2026-02-26T08:49:00+00:00\",\"author\":{\"@id\":\"https:\/\/portaltela.pt\/#\/schema\/person\/c4278d4a6028830caff9ee44b42d32ed\"},\"breadcrumb\":{\"@id\":\"https:\/\/portaltela.pt\/noticias\/2026\/02\/26\/bombeiros-pedem-plano-de-prevencao-de-incendios-de-emergencia-2\/#breadcrumb\"},\"inLanguage\":\"pt-PT\",\"potentialAction\":[{\"@type\":\"ReadAction\",\"target\":[\"https:\/\/portaltela.pt\/noticias\/2026\/02\/26\/bombeiros-pedem-plano-de-prevencao-de-incendios-de-emergencia-2\/\"]}]},{\"@type\":\"ImageObject\",\"inLanguage\":\"pt-PT\",\"@id\":\"https:\/\/portaltela.pt\/noticias\/2026\/02\/26\/bombeiros-pedem-plano-de-prevencao-de-incendios-de-emergencia-2\/#primaryimage\",\"url\":\"https:\/\/portaltela.pt\/s.01k8rhncp4jt1\/2026\/02\/image-1891.jpg\",\"contentUrl\":\"https:\/\/portaltela.pt\/s.01k8rhncp4jt1\/2026\/02\/image-1891.jpg\",\"width\":796,\"height\":448,\"caption\":\"Destrui\u00e7\u00e3o da Mata Nacional na Marinha Grande depois da passagem da depress\u00e3o Kristin\"},{\"@type\":\"BreadcrumbList\",\"@id\":\"https:\/\/portaltela.pt\/noticias\/2026\/02\/26\/bombeiros-pedem-plano-de-prevencao-de-incendios-de-emergencia-2\/#breadcrumb\",\"itemListElement\":[{\"@type\":\"ListItem\",\"position\":1,\"name\":\"In\u00edcio\",\"item\":\"https:\/\/portaltela.pt\/\"},{\"@type\":\"ListItem\",\"position\":2,\"name\":\"Bombeiros pedem plano de preven\u00e7\u00e3o de inc\u00eandios de emerg\u00eancia\"}]},{\"@type\":\"WebSite\",\"@id\":\"https:\/\/portaltela.pt\/#website\",\"url\":\"https:\/\/portaltela.pt\/\",\"name\":\"Portal Tela Portugal\",\"description\":\"\",\"potentialAction\":[{\"@type\":\"SearchAction\",\"target\":{\"@type\":\"EntryPoint\",\"urlTemplate\":\"https:\/\/portaltela.pt\/?s={search_term_string}\"},\"query-input\":{\"@type\":\"PropertyValueSpecification\",\"valueRequired\":true,\"valueName\":\"search_term_string\"}}],\"inLanguage\":\"pt-PT\"},{\"@type\":\"Person\",\"@id\":\"https:\/\/portaltela.pt\/#\/schema\/person\/c4278d4a6028830caff9ee44b42d32ed\",\"name\":\"Telinha\",\"image\":{\"@type\":\"ImageObject\",\"inLanguage\":\"pt-PT\",\"@id\":\"https:\/\/portaltela.pt\/s.01k8rhncp4jt1\/2025\/11\/talking-bot-125x125.png\",\"url\":\"https:\/\/portaltela.pt\/s.01k8rhncp4jt1\/2025\/11\/talking-bot-125x125.png\",\"contentUrl\":\"https:\/\/portaltela.pt\/s.01k8rhncp4jt1\/2025\/11\/talking-bot-125x125.png\",\"caption\":\"Telinha\"},\"sameAs\":[\"https:\/\/portaltela.pt\/\"],\"url\":\"https:\/\/portaltela.pt\/por\/367410592786\/\"}]}<\/script>\n<!-- \/ Yoast SEO plugin. -->","yoast_head_json":{"title":"Bombeiros pedem plano de preven\u00e7\u00e3o de inc\u00eandios de emerg\u00eancia - Portal Tela Portugal","robots":{"index":"index","follow":"follow","max-snippet":"max-snippet:-1","max-image-preview":"max-image-preview:large","max-video-preview":"max-video-preview:-1"},"og_locale":"pt_PT","og_type":"article","og_title":"Bombeiros pedem plano de preven\u00e7\u00e3o de inc\u00eandios de emerg\u00eancia - Portal Tela Portugal","og_description":"A Liga dos Bombeiros Portugueses pediu um plano de preven\u00e7\u00e3o de inc\u00eandios de emerg\u00eancia ap\u00f3s a depress\u00e3o Kristin causar danos na regi\u00e3o centro, incluindo acessos, linhas de prote\u00e7\u00e3o e milhares de \u00e1rvores. Na sexta-feira h\u00e1 uma reuni\u00e3o da Comiss\u00e3o Nacional de Emerg\u00eancia e Prote\u00e7\u00e3o Civil, com expectativa de delibera\u00e7\u00f5es para recondicionar territ\u00f3rios e facilitar o acesso dos bombeiros \u00e0s zonas mais impactadas. Segundo Ant\u00f3nio Nunes, a regulariza\u00e7\u00e3o do coberto vegetal e dos povoamentos em Leiria e Santar\u00e9m depende do uso intensivo de m\u00e1quinas de rasto para abrir aceiros e limpar caminhos, bem como maior vigil\u00e2ncia. O objetivo \u00e9 coordenar um plano de preven\u00e7\u00e3o especial para o risco acrescido gerado pelo comboio de tempestades, visando evitar nova cat\u00e1strofe durante a \u00e9poca de inc\u00eandios. Em Lisboa, a Autoridade Nacional de Emerg\u00eancia e Prote\u00e7\u00e3o Civil re\u00fane-se com parceiros para discutir os preparativos para a \u00e9poca de inc\u00eandios.","og_url":"https:\/\/portaltela.pt\/noticias\/2026\/02\/26\/bombeiros-pedem-plano-de-prevencao-de-incendios-de-emergencia-2\/","og_site_name":"Portal Tela Portugal","article_published_time":"2026-02-26T08:49:00+00:00","author":"Telinha","twitter_card":"summary_large_image","twitter_misc":{"Escrito por":"Telinha","Tempo estimado de leitura":"1 minuto"},"schema":{"@context":"https:\/\/schema.org","@graph":[{"@type":"Article","@id":"https:\/\/portaltela.pt\/noticias\/2026\/02\/26\/bombeiros-pedem-plano-de-prevencao-de-incendios-de-emergencia-2\/#article","isPartOf":{"@id":"https:\/\/portaltela.pt\/noticias\/2026\/02\/26\/bombeiros-pedem-plano-de-prevencao-de-incendios-de-emergencia-2\/"},"author":{"name":"Telinha","@id":"https:\/\/portaltela.pt\/#\/schema\/person\/c4278d4a6028830caff9ee44b42d32ed"},"headline":"Bombeiros pedem plano de preven\u00e7\u00e3o de inc\u00eandios de emerg\u00eancia","datePublished":"2026-02-26T08:49:00+00:00","mainEntityOfPage":{"@id":"https:\/\/portaltela.pt\/noticias\/2026\/02\/26\/bombeiros-pedem-plano-de-prevencao-de-incendios-de-emergencia-2\/"},"wordCount":233,"image":{"@id":"https:\/\/portaltela.pt\/noticias\/2026\/02\/26\/bombeiros-pedem-plano-de-prevencao-de-incendios-de-emergencia-2\/#primaryimage"},"thumbnailUrl":"https:\/\/portaltela.pt\/s.01k8rhncp4jt1\/2026\/02\/image-1891.jpg","keywords":["bombeiros","emerg\u00eancia","inc\u00eandios","Lisboa","prote\u00e7\u00e3o civil","Zona Centro"],"articleSection":["Not\u00edcias"],"inLanguage":"pt-PT"},{"@type":"WebPage","@id":"https:\/\/portaltela.pt\/noticias\/2026\/02\/26\/bombeiros-pedem-plano-de-prevencao-de-incendios-de-emergencia-2\/","url":"https:\/\/portaltela.pt\/noticias\/2026\/02\/26\/bombeiros-pedem-plano-de-prevencao-de-incendios-de-emergencia-2\/","name":"Bombeiros pedem plano de preven\u00e7\u00e3o de inc\u00eandios de emerg\u00eancia - Portal Tela Portugal","isPartOf":{"@id":"https:\/\/portaltela.pt\/#website"},"primaryImageOfPage":{"@id":"https:\/\/portaltela.pt\/noticias\/2026\/02\/26\/bombeiros-pedem-plano-de-prevencao-de-incendios-de-emergencia-2\/#primaryimage"},"image":{"@id":"https:\/\/portaltela.pt\/noticias\/2026\/02\/26\/bombeiros-pedem-plano-de-prevencao-de-incendios-de-emergencia-2\/#primaryimage"},"thumbnailUrl":"https:\/\/portaltela.pt\/s.01k8rhncp4jt1\/2026\/02\/image-1891.jpg","datePublished":"2026-02-26T08:49:00+00:00","author":{"@id":"https:\/\/portaltela.pt\/#\/schema\/person\/c4278d4a6028830caff9ee44b42d32ed"},"breadcrumb":{"@id":"https:\/\/portaltela.pt\/noticias\/2026\/02\/26\/bombeiros-pedem-plano-de-prevencao-de-incendios-de-emergencia-2\/#breadcrumb"},"inLanguage":"pt-PT","potentialAction":[{"@type":"ReadAction","target":["https:\/\/portaltela.pt\/noticias\/2026\/02\/26\/bombeiros-pedem-plano-de-prevencao-de-incendios-de-emergencia-2\/"]}]},{"@type":"ImageObject","inLanguage":"pt-PT","@id":"https:\/\/portaltela.pt\/noticias\/2026\/02\/26\/bombeiros-pedem-plano-de-prevencao-de-incendios-de-emergencia-2\/#primaryimage","url":"https:\/\/portaltela.pt\/s.01k8rhncp4jt1\/2026\/02\/image-1891.jpg","contentUrl":"https:\/\/portaltela.pt\/s.01k8rhncp4jt1\/2026\/02\/image-1891.jpg","width":796,"height":448,"caption":"Destrui\u00e7\u00e3o da Mata Nacional na Marinha Grande depois da passagem da depress\u00e3o Kristin"},{"@type":"BreadcrumbList","@id":"https:\/\/portaltela.pt\/noticias\/2026\/02\/26\/bombeiros-pedem-plano-de-prevencao-de-incendios-de-emergencia-2\/#breadcrumb","itemListElement":[{"@type":"ListItem","position":1,"name":"In\u00edcio","item":"https:\/\/portaltela.pt\/"},{"@type":"ListItem","position":2,"name":"Bombeiros pedem plano de preven\u00e7\u00e3o de inc\u00eandios de emerg\u00eancia"}]},{"@type":"WebSite","@id":"https:\/\/portaltela.pt\/#website","url":"https:\/\/portaltela.pt\/","name":"Portal Tela Portugal","description":"","potentialAction":[{"@type":"SearchAction","target":{"@type":"EntryPoint","urlTemplate":"https:\/\/portaltela.pt\/?s={search_term_string}"},"query-input":{"@type":"PropertyValueSpecification","valueRequired":true,"valueName":"search_term_string"}}],"inLanguage":"pt-PT"},{"@type":"Person","@id":"https:\/\/portaltela.pt\/#\/schema\/person\/c4278d4a6028830caff9ee44b42d32ed","name":"Telinha","image":{"@type":"ImageObject","inLanguage":"pt-PT","@id":"https:\/\/portaltela.pt\/s.01k8rhncp4jt1\/2025\/11\/talking-bot-125x125.png","url":"https:\/\/portaltela.pt\/s.01k8rhncp4jt1\/2025\/11\/talking-bot-125x125.png","contentUrl":"https:\/\/portaltela.pt\/s.01k8rhncp4jt1\/2025\/11\/talking-bot-125x125.png","caption":"Telinha"},"sameAs":["https:\/\/portaltela.pt\/"],"url":"https:\/\/portaltela.pt\/por\/367410592786\/"}]}},"_links":{"self":[{"href":"https:\/\/portaltela.pt\/api\/wp\/v2\/posts\/388611","targetHints":{"allow":["GET"]}}],"collection":[{"href":"https:\/\/portaltela.pt\/api\/wp\/v2\/posts"}],"about":[{"href":"https:\/\/portaltela.pt\/api\/wp\/v2\/types\/post"}],"author":[{"embeddable":true,"href":"https:\/\/portaltela.pt\/api\/wp\/v2\/users\/2"}],"replies":[{"embeddable":true,"href":"https:\/\/portaltela.pt\/api\/wp\/v2\/comments?post=388611"}],"version-history":[{"count":0,"href":"https:\/\/portaltela.pt\/api\/wp\/v2\/posts\/388611\/revisions"}],"wp:featuredmedia":[{"embeddable":true,"href":"https:\/\/portaltela.pt\/api\/wp\/v2\/media\/388614"}],"wp:attachment":[{"href":"https:\/\/portaltela.pt\/api\/wp\/v2\/media?parent=388611"}],"wp:term":[{"taxonomy":"category","embeddable":true,"href":"https:\/\/portaltela.pt\/api\/wp\/v2\/categories?post=388611"},{"taxonomy":"post_tag","embeddable":true,"href":"https:\/\/portaltela.pt\/api\/wp\/v2\/tags?post=388611"}],"curies":[{"name":"wp","href":"https:\/\/api.w.org\/{rel}","templated":true}]}}