{"id":388593,"date":"2026-02-26T05:39:00","date_gmt":"2026-02-26T08:39:00","guid":{"rendered":"https:\/\/portaltela.pt\/noticias\/2026\/02\/26\/hugo-soares-afirma-que-passos-errou-na-nomeacao-do-diretor-da-pj-para-ministro\/"},"modified":"2026-02-26T05:39:00","modified_gmt":"2026-02-26T08:39:00","slug":"hugo-soares-afirma-que-passos-errou-na-nomeacao-do-diretor-da-pj-para-ministro","status":"publish","type":"post","link":"https:\/\/portaltela.pt\/noticias\/politica\/2026\/02\/26\/hugo-soares-afirma-que-passos-errou-na-nomeacao-do-diretor-da-pj-para-ministro\/","title":{"rendered":"Hugo Soares afirma que Passos errou na nomea\u00e7\u00e3o do diretor da PJ para ministro"},"content":{"rendered":"<p>Hugo Soares, l\u00edder parlamentar e secret\u00e1rio-geral do PSD, questionou a cr\u00edtica de Passos Coelho \u00e0 nomea\u00e7\u00e3o do ex-diretor da PJ, Lu\u00eds Neves, para ministro da Administra\u00e7\u00e3o Interna, classificando-a como um tiro ao lado. O coment\u00e1rio foi feito em entrevista \u00e0 R\u00e1dio Renascen\u00e7a e ao jornal P\u00fablico.<\/p>\n<p>Soares sustenta que a nomea\u00e7\u00e3o foi amplamente elogiada e que a PJ est\u00e1 integrada no \u00e2mbito da Administra\u00e7\u00e3o P\u00fablica, motivo pelo qual um funcion\u00e1rio do Estado pode assumir um cargo ministerial. A defesa enfatiza a valoriza\u00e7\u00e3o dos quadros da institui\u00e7\u00e3o.<\/p>\n<p>O deputado recorda que a avalia\u00e7\u00e3o de Passos Coelho surge num contexto de consider\u00e1vel apoio \u00e0 decis\u00e3o, e rejeita qualquer equival\u00eancia com situa\u00e7\u00f5es anteriores envolvendo figuras p\u00fablicas. Afirmou, ainda, ter grande considera\u00e7\u00e3o pelo ex-primeiro-ministro.<\/p>\n<h3>Contexto e reac\u00e7\u00f5es<\/h3>\n<p>Passos Coelho tinha dito, numa confer\u00eancia em Porto, que a passagem direta de Lu\u00eds Neves da dire\u00e7\u00e3o nacional da PJ para o Governo era um precedente grave, comparando o caso ao afastamento de M\u00e1rio Centeno para o Banco de Portugal. O antigo l\u00edder do PSD afirmou que a nomea\u00e7\u00e3o pode comprometer a independ\u00eancia regulat\u00f3ria.<\/p>\n<p>Segundo a interven\u00e7\u00e3o, Passos reconheceu boas inten\u00e7\u00f5es por parte do governo ao convidar Neves, mas reiterou a preocupa\u00e7\u00e3o com o precedente criado pela transi\u00e7\u00e3o direta entre fun\u00e7\u00f5es. A confer\u00eancia foi organizada pela SEDES e pela AEP, com grava\u00e7\u00e3o pela r\u00e1dio Observador.<\/p>\n<p>Lu\u00eds Neves tomou posse na segunda-feira como ministro da Administra\u00e7\u00e3o Interna, no atual executivo liderado por Lu\u00eds Montenegro, composto pelo PSD e CDS-PP. A nomea\u00e7\u00e3o gerou rea\u00e7\u00f5es entre cr\u00edticos e defensores, variando entre d\u00favidas sobre independ\u00eancia regulat\u00f3ria e apoio \u00e0 valoriza\u00e7\u00e3o de quadros.<\/p>\n","protected":false},"excerpt":{"rendered":"<ul>\n<li>Hugo Soares, l\u00edder parlamentar e secret\u00e1rio-geral do PSD, afirmou que Passos Coelho deu &#8220;tiro ao lado&#8221; na cr\u00edtica \u00e0 nomea\u00e7\u00e3o de Lu\u00eds Neves, ex-diretor da Pol\u00edcia Judici\u00e1ria, para ministro da Administra\u00e7\u00e3o Interna.<\/li>\n<li>Soares disse que a nomea\u00e7\u00e3o foi elogiada quase de forma un\u00e2nime e que n\u00e3o v\u00ea problema nenhum em um funcion\u00e1rio do Estado ser ministro, lembrando que a Pol\u00edcia Judici\u00e1ria responde ao Governo.<\/li>\n<li>Criticou a compara\u00e7\u00e3o feita por Passos Coelho com a sa\u00edda de M\u00e1rio Centeno do Governo para o Banco de Portugal, dizendo que n\u00e3o \u00e9 o mesmo cen\u00e1rio.<\/li>\n<li>Passos Coelho considerou o precedente grave e, na confer\u00eancia no Porto, destacou a independ\u00eancia dos reguladores e a separa\u00e7\u00e3o de poderes.<\/li>\n<li>Lu\u00eds Neves tomou posse na segunda-feira como ministro da Administra\u00e7\u00e3o Interna; \u00e9 o terceiro ministro nos dois Executivos PSD\/CDS-PP liderados por Lu\u00eds Montenegro.<\/li>\n<\/ul>\n","protected":false},"author":2,"featured_media":388599,"comment_status":"closed","ping_status":"closed","sticky":false,"template":"","format":"standard","meta":{"footnotes":""},"categories":[1,5],"tags":[5806,34,2832,229,3695,2458],"class_list":["post-388593","post","type-post","status-publish","format-standard","has-post-thumbnail","hentry","category-noticias","category-politica","tag-a-administracao-interna","tag-governo","tag-politica","tag-politica-publica","tag-psd","tag-psd-cds"],"yoast_head":"<!-- This site is optimized with the Yoast SEO plugin v27.2 - https:\/\/yoast.com\/product\/yoast-seo-wordpress\/ -->\n<title>Hugo Soares afirma que Passos errou na nomea\u00e7\u00e3o do diretor da PJ para ministro - Portal Tela Portugal<\/title>\n<meta name=\"robots\" content=\"index, follow, max-snippet:-1, max-image-preview:large, max-video-preview:-1\" \/>\n<meta property=\"og:locale\" content=\"pt_PT\" \/>\n<meta property=\"og:type\" content=\"article\" \/>\n<meta property=\"og:title\" content=\"Hugo Soares afirma que Passos errou na nomea\u00e7\u00e3o do diretor da PJ para ministro - Portal Tela Portugal\" \/>\n<meta property=\"og:description\" content=\"Hugo Soares, l\u00edder parlamentar e secret\u00e1rio-geral do PSD, afirmou que Passos Coelho deu &quot;tiro ao lado&quot; na cr\u00edtica \u00e0 nomea\u00e7\u00e3o de Lu\u00eds Neves, ex-diretor da Pol\u00edcia Judici\u00e1ria, para ministro da Administra\u00e7\u00e3o Interna. Soares disse que a nomea\u00e7\u00e3o foi elogiada quase de forma un\u00e2nime e que n\u00e3o v\u00ea problema nenhum em um funcion\u00e1rio do Estado ser ministro, lembrando que a Pol\u00edcia Judici\u00e1ria responde ao Governo. Criticou a compara\u00e7\u00e3o feita por Passos Coelho com a sa\u00edda de M\u00e1rio Centeno do Governo para o Banco de Portugal, dizendo que n\u00e3o \u00e9 o mesmo cen\u00e1rio. Passos Coelho considerou o precedente grave e, na confer\u00eancia no Porto, destacou a independ\u00eancia dos reguladores e a separa\u00e7\u00e3o de poderes. Lu\u00eds Neves tomou posse na segunda-feira como ministro da Administra\u00e7\u00e3o Interna; \u00e9 o terceiro ministro nos dois Executivos PSD\/CDS-PP liderados por Lu\u00eds Montenegro.\" \/>\n<meta property=\"og:url\" content=\"https:\/\/portaltela.pt\/noticias\/2026\/02\/26\/hugo-soares-afirma-que-passos-errou-na-nomeacao-do-diretor-da-pj-para-ministro\/\" \/>\n<meta property=\"og:site_name\" content=\"Portal Tela Portugal\" \/>\n<meta property=\"article:published_time\" content=\"2026-02-26T08:39:00+00:00\" \/>\n<meta name=\"author\" content=\"Telinha\" \/>\n<meta name=\"twitter:card\" content=\"summary_large_image\" \/>\n<meta name=\"twitter:label1\" content=\"Escrito por\" \/>\n\t<meta name=\"twitter:data1\" content=\"Telinha\" \/>\n\t<meta name=\"twitter:label2\" content=\"Tempo estimado de leitura\" \/>\n\t<meta name=\"twitter:data2\" content=\"2 minutos\" \/>\n<script type=\"application\/ld+json\" class=\"yoast-schema-graph\">{\"@context\":\"https:\/\/schema.org\",\"@graph\":[{\"@type\":\"Article\",\"@id\":\"https:\/\/portaltela.pt\/noticias\/2026\/02\/26\/hugo-soares-afirma-que-passos-errou-na-nomeacao-do-diretor-da-pj-para-ministro\/#article\",\"isPartOf\":{\"@id\":\"https:\/\/portaltela.pt\/noticias\/2026\/02\/26\/hugo-soares-afirma-que-passos-errou-na-nomeacao-do-diretor-da-pj-para-ministro\/\"},\"author\":{\"name\":\"Telinha\",\"@id\":\"https:\/\/portaltela.pt\/#\/schema\/person\/c4278d4a6028830caff9ee44b42d32ed\"},\"headline\":\"Hugo Soares afirma que Passos errou na nomea\u00e7\u00e3o do diretor da PJ para ministro\",\"datePublished\":\"2026-02-26T08:39:00+00:00\",\"mainEntityOfPage\":{\"@id\":\"https:\/\/portaltela.pt\/noticias\/2026\/02\/26\/hugo-soares-afirma-que-passos-errou-na-nomeacao-do-diretor-da-pj-para-ministro\/\"},\"wordCount\":322,\"image\":{\"@id\":\"https:\/\/portaltela.pt\/noticias\/2026\/02\/26\/hugo-soares-afirma-que-passos-errou-na-nomeacao-do-diretor-da-pj-para-ministro\/#primaryimage\"},\"thumbnailUrl\":\"https:\/\/portaltela.pt\/s.01k8rhncp4jt1\/2026\/02\/image-1890.jpg\",\"keywords\":[\"A Administra\u00e7\u00e3o Interna\",\"governo\",\"pol\u00edtica\",\"pol\u00edtica p\u00fablica\",\"PSD\",\"PSD\/CDS\"],\"articleSection\":[\"Not\u00edcias\",\"Pol\u00edtica\"],\"inLanguage\":\"pt-PT\"},{\"@type\":\"WebPage\",\"@id\":\"https:\/\/portaltela.pt\/noticias\/2026\/02\/26\/hugo-soares-afirma-que-passos-errou-na-nomeacao-do-diretor-da-pj-para-ministro\/\",\"url\":\"https:\/\/portaltela.pt\/noticias\/2026\/02\/26\/hugo-soares-afirma-que-passos-errou-na-nomeacao-do-diretor-da-pj-para-ministro\/\",\"name\":\"Hugo Soares afirma que Passos errou na nomea\u00e7\u00e3o do diretor da PJ para ministro - Portal Tela Portugal\",\"isPartOf\":{\"@id\":\"https:\/\/portaltela.pt\/#website\"},\"primaryImageOfPage\":{\"@id\":\"https:\/\/portaltela.pt\/noticias\/2026\/02\/26\/hugo-soares-afirma-que-passos-errou-na-nomeacao-do-diretor-da-pj-para-ministro\/#primaryimage\"},\"image\":{\"@id\":\"https:\/\/portaltela.pt\/noticias\/2026\/02\/26\/hugo-soares-afirma-que-passos-errou-na-nomeacao-do-diretor-da-pj-para-ministro\/#primaryimage\"},\"thumbnailUrl\":\"https:\/\/portaltela.pt\/s.01k8rhncp4jt1\/2026\/02\/image-1890.jpg\",\"datePublished\":\"2026-02-26T08:39:00+00:00\",\"author\":{\"@id\":\"https:\/\/portaltela.pt\/#\/schema\/person\/c4278d4a6028830caff9ee44b42d32ed\"},\"breadcrumb\":{\"@id\":\"https:\/\/portaltela.pt\/noticias\/2026\/02\/26\/hugo-soares-afirma-que-passos-errou-na-nomeacao-do-diretor-da-pj-para-ministro\/#breadcrumb\"},\"inLanguage\":\"pt-PT\",\"potentialAction\":[{\"@type\":\"ReadAction\",\"target\":[\"https:\/\/portaltela.pt\/noticias\/2026\/02\/26\/hugo-soares-afirma-que-passos-errou-na-nomeacao-do-diretor-da-pj-para-ministro\/\"]}]},{\"@type\":\"ImageObject\",\"inLanguage\":\"pt-PT\",\"@id\":\"https:\/\/portaltela.pt\/noticias\/2026\/02\/26\/hugo-soares-afirma-que-passos-errou-na-nomeacao-do-diretor-da-pj-para-ministro\/#primaryimage\",\"url\":\"https:\/\/portaltela.pt\/s.01k8rhncp4jt1\/2026\/02\/image-1890.jpg\",\"contentUrl\":\"https:\/\/portaltela.pt\/s.01k8rhncp4jt1\/2026\/02\/image-1890.jpg\",\"width\":796,\"height\":448,\"caption\":\"Hugo Soares\"},{\"@type\":\"BreadcrumbList\",\"@id\":\"https:\/\/portaltela.pt\/noticias\/2026\/02\/26\/hugo-soares-afirma-que-passos-errou-na-nomeacao-do-diretor-da-pj-para-ministro\/#breadcrumb\",\"itemListElement\":[{\"@type\":\"ListItem\",\"position\":1,\"name\":\"In\u00edcio\",\"item\":\"https:\/\/portaltela.pt\/\"},{\"@type\":\"ListItem\",\"position\":2,\"name\":\"Hugo Soares afirma que Passos errou na nomea\u00e7\u00e3o do diretor da PJ para ministro\"}]},{\"@type\":\"WebSite\",\"@id\":\"https:\/\/portaltela.pt\/#website\",\"url\":\"https:\/\/portaltela.pt\/\",\"name\":\"Portal Tela Portugal\",\"description\":\"\",\"potentialAction\":[{\"@type\":\"SearchAction\",\"target\":{\"@type\":\"EntryPoint\",\"urlTemplate\":\"https:\/\/portaltela.pt\/?s={search_term_string}\"},\"query-input\":{\"@type\":\"PropertyValueSpecification\",\"valueRequired\":true,\"valueName\":\"search_term_string\"}}],\"inLanguage\":\"pt-PT\"},{\"@type\":\"Person\",\"@id\":\"https:\/\/portaltela.pt\/#\/schema\/person\/c4278d4a6028830caff9ee44b42d32ed\",\"name\":\"Telinha\",\"image\":{\"@type\":\"ImageObject\",\"inLanguage\":\"pt-PT\",\"@id\":\"https:\/\/portaltela.pt\/s.01k8rhncp4jt1\/2025\/11\/talking-bot-125x125.png\",\"url\":\"https:\/\/portaltela.pt\/s.01k8rhncp4jt1\/2025\/11\/talking-bot-125x125.png\",\"contentUrl\":\"https:\/\/portaltela.pt\/s.01k8rhncp4jt1\/2025\/11\/talking-bot-125x125.png\",\"caption\":\"Telinha\"},\"sameAs\":[\"https:\/\/portaltela.pt\/\"],\"url\":\"https:\/\/portaltela.pt\/por\/367410592786\/\"}]}<\/script>\n<!-- \/ Yoast SEO plugin. -->","yoast_head_json":{"title":"Hugo Soares afirma que Passos errou na nomea\u00e7\u00e3o do diretor da PJ para ministro - Portal Tela Portugal","robots":{"index":"index","follow":"follow","max-snippet":"max-snippet:-1","max-image-preview":"max-image-preview:large","max-video-preview":"max-video-preview:-1"},"og_locale":"pt_PT","og_type":"article","og_title":"Hugo Soares afirma que Passos errou na nomea\u00e7\u00e3o do diretor da PJ para ministro - Portal Tela Portugal","og_description":"Hugo Soares, l\u00edder parlamentar e secret\u00e1rio-geral do PSD, afirmou que Passos Coelho deu \"tiro ao lado\" na cr\u00edtica \u00e0 nomea\u00e7\u00e3o de Lu\u00eds Neves, ex-diretor da Pol\u00edcia Judici\u00e1ria, para ministro da Administra\u00e7\u00e3o Interna. Soares disse que a nomea\u00e7\u00e3o foi elogiada quase de forma un\u00e2nime e que n\u00e3o v\u00ea problema nenhum em um funcion\u00e1rio do Estado ser ministro, lembrando que a Pol\u00edcia Judici\u00e1ria responde ao Governo. Criticou a compara\u00e7\u00e3o feita por Passos Coelho com a sa\u00edda de M\u00e1rio Centeno do Governo para o Banco de Portugal, dizendo que n\u00e3o \u00e9 o mesmo cen\u00e1rio. Passos Coelho considerou o precedente grave e, na confer\u00eancia no Porto, destacou a independ\u00eancia dos reguladores e a separa\u00e7\u00e3o de poderes. Lu\u00eds Neves tomou posse na segunda-feira como ministro da Administra\u00e7\u00e3o Interna; \u00e9 o terceiro ministro nos dois Executivos PSD\/CDS-PP liderados por Lu\u00eds Montenegro.","og_url":"https:\/\/portaltela.pt\/noticias\/2026\/02\/26\/hugo-soares-afirma-que-passos-errou-na-nomeacao-do-diretor-da-pj-para-ministro\/","og_site_name":"Portal Tela Portugal","article_published_time":"2026-02-26T08:39:00+00:00","author":"Telinha","twitter_card":"summary_large_image","twitter_misc":{"Escrito por":"Telinha","Tempo estimado de leitura":"2 minutos"},"schema":{"@context":"https:\/\/schema.org","@graph":[{"@type":"Article","@id":"https:\/\/portaltela.pt\/noticias\/2026\/02\/26\/hugo-soares-afirma-que-passos-errou-na-nomeacao-do-diretor-da-pj-para-ministro\/#article","isPartOf":{"@id":"https:\/\/portaltela.pt\/noticias\/2026\/02\/26\/hugo-soares-afirma-que-passos-errou-na-nomeacao-do-diretor-da-pj-para-ministro\/"},"author":{"name":"Telinha","@id":"https:\/\/portaltela.pt\/#\/schema\/person\/c4278d4a6028830caff9ee44b42d32ed"},"headline":"Hugo Soares afirma que Passos errou na nomea\u00e7\u00e3o do diretor da PJ para ministro","datePublished":"2026-02-26T08:39:00+00:00","mainEntityOfPage":{"@id":"https:\/\/portaltela.pt\/noticias\/2026\/02\/26\/hugo-soares-afirma-que-passos-errou-na-nomeacao-do-diretor-da-pj-para-ministro\/"},"wordCount":322,"image":{"@id":"https:\/\/portaltela.pt\/noticias\/2026\/02\/26\/hugo-soares-afirma-que-passos-errou-na-nomeacao-do-diretor-da-pj-para-ministro\/#primaryimage"},"thumbnailUrl":"https:\/\/portaltela.pt\/s.01k8rhncp4jt1\/2026\/02\/image-1890.jpg","keywords":["A Administra\u00e7\u00e3o Interna","governo","pol\u00edtica","pol\u00edtica p\u00fablica","PSD","PSD\/CDS"],"articleSection":["Not\u00edcias","Pol\u00edtica"],"inLanguage":"pt-PT"},{"@type":"WebPage","@id":"https:\/\/portaltela.pt\/noticias\/2026\/02\/26\/hugo-soares-afirma-que-passos-errou-na-nomeacao-do-diretor-da-pj-para-ministro\/","url":"https:\/\/portaltela.pt\/noticias\/2026\/02\/26\/hugo-soares-afirma-que-passos-errou-na-nomeacao-do-diretor-da-pj-para-ministro\/","name":"Hugo Soares afirma que Passos errou na nomea\u00e7\u00e3o do diretor da PJ para ministro - Portal Tela Portugal","isPartOf":{"@id":"https:\/\/portaltela.pt\/#website"},"primaryImageOfPage":{"@id":"https:\/\/portaltela.pt\/noticias\/2026\/02\/26\/hugo-soares-afirma-que-passos-errou-na-nomeacao-do-diretor-da-pj-para-ministro\/#primaryimage"},"image":{"@id":"https:\/\/portaltela.pt\/noticias\/2026\/02\/26\/hugo-soares-afirma-que-passos-errou-na-nomeacao-do-diretor-da-pj-para-ministro\/#primaryimage"},"thumbnailUrl":"https:\/\/portaltela.pt\/s.01k8rhncp4jt1\/2026\/02\/image-1890.jpg","datePublished":"2026-02-26T08:39:00+00:00","author":{"@id":"https:\/\/portaltela.pt\/#\/schema\/person\/c4278d4a6028830caff9ee44b42d32ed"},"breadcrumb":{"@id":"https:\/\/portaltela.pt\/noticias\/2026\/02\/26\/hugo-soares-afirma-que-passos-errou-na-nomeacao-do-diretor-da-pj-para-ministro\/#breadcrumb"},"inLanguage":"pt-PT","potentialAction":[{"@type":"ReadAction","target":["https:\/\/portaltela.pt\/noticias\/2026\/02\/26\/hugo-soares-afirma-que-passos-errou-na-nomeacao-do-diretor-da-pj-para-ministro\/"]}]},{"@type":"ImageObject","inLanguage":"pt-PT","@id":"https:\/\/portaltela.pt\/noticias\/2026\/02\/26\/hugo-soares-afirma-que-passos-errou-na-nomeacao-do-diretor-da-pj-para-ministro\/#primaryimage","url":"https:\/\/portaltela.pt\/s.01k8rhncp4jt1\/2026\/02\/image-1890.jpg","contentUrl":"https:\/\/portaltela.pt\/s.01k8rhncp4jt1\/2026\/02\/image-1890.jpg","width":796,"height":448,"caption":"Hugo Soares"},{"@type":"BreadcrumbList","@id":"https:\/\/portaltela.pt\/noticias\/2026\/02\/26\/hugo-soares-afirma-que-passos-errou-na-nomeacao-do-diretor-da-pj-para-ministro\/#breadcrumb","itemListElement":[{"@type":"ListItem","position":1,"name":"In\u00edcio","item":"https:\/\/portaltela.pt\/"},{"@type":"ListItem","position":2,"name":"Hugo Soares afirma que Passos errou na nomea\u00e7\u00e3o do diretor da PJ para ministro"}]},{"@type":"WebSite","@id":"https:\/\/portaltela.pt\/#website","url":"https:\/\/portaltela.pt\/","name":"Portal Tela Portugal","description":"","potentialAction":[{"@type":"SearchAction","target":{"@type":"EntryPoint","urlTemplate":"https:\/\/portaltela.pt\/?s={search_term_string}"},"query-input":{"@type":"PropertyValueSpecification","valueRequired":true,"valueName":"search_term_string"}}],"inLanguage":"pt-PT"},{"@type":"Person","@id":"https:\/\/portaltela.pt\/#\/schema\/person\/c4278d4a6028830caff9ee44b42d32ed","name":"Telinha","image":{"@type":"ImageObject","inLanguage":"pt-PT","@id":"https:\/\/portaltela.pt\/s.01k8rhncp4jt1\/2025\/11\/talking-bot-125x125.png","url":"https:\/\/portaltela.pt\/s.01k8rhncp4jt1\/2025\/11\/talking-bot-125x125.png","contentUrl":"https:\/\/portaltela.pt\/s.01k8rhncp4jt1\/2025\/11\/talking-bot-125x125.png","caption":"Telinha"},"sameAs":["https:\/\/portaltela.pt\/"],"url":"https:\/\/portaltela.pt\/por\/367410592786\/"}]}},"_links":{"self":[{"href":"https:\/\/portaltela.pt\/api\/wp\/v2\/posts\/388593","targetHints":{"allow":["GET"]}}],"collection":[{"href":"https:\/\/portaltela.pt\/api\/wp\/v2\/posts"}],"about":[{"href":"https:\/\/portaltela.pt\/api\/wp\/v2\/types\/post"}],"author":[{"embeddable":true,"href":"https:\/\/portaltela.pt\/api\/wp\/v2\/users\/2"}],"replies":[{"embeddable":true,"href":"https:\/\/portaltela.pt\/api\/wp\/v2\/comments?post=388593"}],"version-history":[{"count":0,"href":"https:\/\/portaltela.pt\/api\/wp\/v2\/posts\/388593\/revisions"}],"wp:featuredmedia":[{"embeddable":true,"href":"https:\/\/portaltela.pt\/api\/wp\/v2\/media\/388599"}],"wp:attachment":[{"href":"https:\/\/portaltela.pt\/api\/wp\/v2\/media?parent=388593"}],"wp:term":[{"taxonomy":"category","embeddable":true,"href":"https:\/\/portaltela.pt\/api\/wp\/v2\/categories?post=388593"},{"taxonomy":"post_tag","embeddable":true,"href":"https:\/\/portaltela.pt\/api\/wp\/v2\/tags?post=388593"}],"curies":[{"name":"wp","href":"https:\/\/api.w.org\/{rel}","templated":true}]}}