{"id":388585,"date":"2026-02-26T05:32:42","date_gmt":"2026-02-26T08:32:42","guid":{"rendered":"https:\/\/portaltela.pt\/noticias\/2026\/02\/26\/madrid-e-o-melhor-destino-europeu-para-2026-portugal-tem-duas-cidades-no-top\/"},"modified":"2026-02-26T05:32:42","modified_gmt":"2026-02-26T08:32:42","slug":"madrid-e-o-melhor-destino-europeu-para-2026-portugal-tem-duas-cidades-no-top","status":"publish","type":"post","link":"https:\/\/portaltela.pt\/noticias\/2026\/02\/26\/madrid-e-o-melhor-destino-europeu-para-2026-portugal-tem-duas-cidades-no-top\/","title":{"rendered":"Madrid \u00e9 o melhor destino europeu para 2026; Portugal tem duas cidades no top"},"content":{"rendered":"<p>Madrid foi eleita o melhor destino da Europa para 2026 pela European Best Destinations. A lista baseia-se numa vota\u00e7\u00e3o realizada entre viajantes, ap\u00f3s uma sele\u00e7\u00e3o que analisou dados de turismo.<\/p>\n<p>A capital espanhola destacou-se pela combina\u00e7\u00e3o entre patrim\u00f3nio e modernidade, incluindo museus, bairros din\u00e2micos, espa\u00e7os verdes e uma oferta gastron\u00f3mica diversificada. A miss\u00e3o da organiza\u00e7\u00e3o \u00e9 apresentar destinos com maior impulso para o pr\u00f3ximo ano.<\/p>\n<p>Em abril, Madrid recebe grandes nomes da m\u00fasica com a lusitana expectativa de novos espet\u00e1culos de peso. Rosal\u00eda, Bad Bunny e BTS est\u00e3o entre os artistas anunciados para 2026, segundo a programa\u00e7\u00e3o j\u00e1 divulgada.<\/p>\n<h3>M\u00fasica, desporto e gastronomia<\/h3>\n<p>O Grande Pr\u00e9mio de Espanha de F\u00f3rmula 1 acontece em Madrid em setembro, integrando obras no Madring, o circuito urbano em constru\u00e7\u00e3o junto ao IFEMA. Em 2028, Barcelona-Catalunha alterna com o evento no pa\u00eds vizinho.<\/p>\n<p>Madrid contabiliza 31 restaurantes com estrela Michelin em 2026, incluindo Ram\u00f3n Freixa Atelier e EMi, rec\u00e9m-indicados. O Espacio Mistral, dedicado a v\u00e1rias artes, abriu as portas em 2025 para programa\u00e7\u00e3o diversificada.<\/p>\n<h3>It\u00e1lia domina o top 20<\/h3>\n<p>Entre os 20 destinos mais procurados, sete s\u00e3o italianos, num dom\u00ednio que inclui Verona em 4.\u00ba lugar e Burano em 8.\u00ba. Outros nomes italianos aparecem emial n\u00famero: Cefal\u00f9, Bosa, Ravello, Procida e Taormina.<\/p>\n<p>A Espanha surge com Almer\u00eda e Begur no top 20, enquanto Portugal tem C\u00e2mara de Lobos (Madeira) em 6.\u00ba, Lisboa em 9.\u00ba e a Costa Vicentina em 12.\u00ba. Gr\u00e9cia tamb\u00e9m aparece com v\u00e1rias entradas no ranking.<\/p>\n<h3>Como s\u00e3o decididos os destinos<\/h3>\n<p>A escolha parte de uma an\u00e1lise de cerca de 500 cidades, vilas e regi\u00f5es, com dados de chegadas, dormidas, interesse e visibilidade. Segue-se uma lista de 42 destinos priorizados para vota\u00e7\u00e3o.<\/p>\n<p>Os viajantes podem votar at\u00e9 tr\u00eas vezes, desde que n\u00e3o escolham destinos do pr\u00f3prio pa\u00eds. Foram contabilizados 1,3 milh\u00f5es de votos, segundo a organiza\u00e7\u00e3o.<\/p>\n","protected":false},"excerpt":{"rendered":"<ul>\n<li>Madrid foi nomeada o melhor destino da Europa para 2026 pela European Best Destinations, ap\u00f3s vota\u00e7\u00e3o entre 42 destinos e sele\u00e7\u00e3o de 20 vencedores.<\/li>\n<li>A lista destaca o equil\u00edbrio entre patrim\u00f3nio, modernidade, museus, gastronomia e momentos de lazer na capital espanhola.<\/li>\n<li>It\u00e1lia domina o top 20, com Verona em 4.\u00ba lugar e outras cidades como Burano, Cefal\u00f9, Bosa, Ravello, Procida e Taormina entre os nomes.<\/li>\n<li>Portugal surge no ranking com C\u00e2mara de Lobos (Madeira) em sexto, Lisboa em nono e a Costa Vicentina em 12.\u00ba lugar.<\/li>\n<li>Madrid acolhe o Grande Pr\u00e9mio de Espanha de F\u00f3rmula 1 em setembro, com obras no circuito urbano Madring em prepara\u00e7\u00e3o para futuras edi\u00e7\u00f5es.<\/li>\n<\/ul>\n","protected":false},"author":2,"featured_media":388592,"comment_status":"closed","ping_status":"closed","sticky":false,"template":"","format":"standard","meta":{"footnotes":""},"categories":[1],"tags":[6284,2189,1857,981,859,169],"class_list":["post-388585","post","type-post","status-publish","format-standard","has-post-thumbnail","hentry","category-noticias","tag-costa-vicentina","tag-espana","tag-italia","tag-lisboa","tag-madeira","tag-turismo"],"yoast_head":"<!-- This site is optimized with the Yoast SEO plugin v27.2 - https:\/\/yoast.com\/product\/yoast-seo-wordpress\/ -->\n<title>Madrid \u00e9 o melhor destino europeu para 2026; Portugal tem duas cidades no top - Portal Tela Portugal<\/title>\n<meta name=\"robots\" content=\"index, follow, max-snippet:-1, max-image-preview:large, max-video-preview:-1\" \/>\n<meta property=\"og:locale\" content=\"pt_PT\" \/>\n<meta property=\"og:type\" content=\"article\" \/>\n<meta property=\"og:title\" content=\"Madrid \u00e9 o melhor destino europeu para 2026; Portugal tem duas cidades no top - Portal Tela Portugal\" \/>\n<meta property=\"og:description\" content=\"Madrid foi nomeada o melhor destino da Europa para 2026 pela European Best Destinations, ap\u00f3s vota\u00e7\u00e3o entre 42 destinos e sele\u00e7\u00e3o de 20 vencedores. A lista destaca o equil\u00edbrio entre patrim\u00f3nio, modernidade, museus, gastronomia e momentos de lazer na capital espanhola. It\u00e1lia domina o top 20, com Verona em 4.\u00ba lugar e outras cidades como Burano, Cefal\u00f9, Bosa, Ravello, Procida e Taormina entre os nomes. Portugal surge no ranking com C\u00e2mara de Lobos (Madeira) em sexto, Lisboa em nono e a Costa Vicentina em 12.\u00ba lugar. Madrid acolhe o Grande Pr\u00e9mio de Espanha de F\u00f3rmula 1 em setembro, com obras no circuito urbano Madring em prepara\u00e7\u00e3o para futuras edi\u00e7\u00f5es.\" \/>\n<meta property=\"og:url\" content=\"https:\/\/portaltela.pt\/noticias\/2026\/02\/26\/madrid-e-o-melhor-destino-europeu-para-2026-portugal-tem-duas-cidades-no-top\/\" \/>\n<meta property=\"og:site_name\" content=\"Portal Tela Portugal\" \/>\n<meta property=\"article:published_time\" content=\"2026-02-26T08:32:42+00:00\" \/>\n<meta name=\"author\" content=\"Telinha\" \/>\n<meta name=\"twitter:card\" content=\"summary_large_image\" \/>\n<meta name=\"twitter:label1\" content=\"Escrito por\" \/>\n\t<meta name=\"twitter:data1\" content=\"Telinha\" \/>\n\t<meta name=\"twitter:label2\" content=\"Tempo estimado de leitura\" \/>\n\t<meta name=\"twitter:data2\" content=\"2 minutos\" \/>\n<script type=\"application\/ld+json\" class=\"yoast-schema-graph\">{\"@context\":\"https:\/\/schema.org\",\"@graph\":[{\"@type\":\"Article\",\"@id\":\"https:\/\/portaltela.pt\/noticias\/2026\/02\/26\/madrid-e-o-melhor-destino-europeu-para-2026-portugal-tem-duas-cidades-no-top\/#article\",\"isPartOf\":{\"@id\":\"https:\/\/portaltela.pt\/noticias\/2026\/02\/26\/madrid-e-o-melhor-destino-europeu-para-2026-portugal-tem-duas-cidades-no-top\/\"},\"author\":{\"name\":\"Telinha\",\"@id\":\"https:\/\/portaltela.pt\/#\/schema\/person\/c4278d4a6028830caff9ee44b42d32ed\"},\"headline\":\"Madrid \u00e9 o melhor destino europeu para 2026; Portugal tem duas cidades no top\",\"datePublished\":\"2026-02-26T08:32:42+00:00\",\"mainEntityOfPage\":{\"@id\":\"https:\/\/portaltela.pt\/noticias\/2026\/02\/26\/madrid-e-o-melhor-destino-europeu-para-2026-portugal-tem-duas-cidades-no-top\/\"},\"wordCount\":340,\"image\":{\"@id\":\"https:\/\/portaltela.pt\/noticias\/2026\/02\/26\/madrid-e-o-melhor-destino-europeu-para-2026-portugal-tem-duas-cidades-no-top\/#primaryimage\"},\"thumbnailUrl\":\"https:\/\/portaltela.pt\/s.01k8rhncp4jt1\/2026\/02\/1536x864_cmsv2_b16756fa-d78e-575d-8cd5-172126bfbb98-9655486.jpg\",\"keywords\":[\"Costa Vicentina\",\"Espa\u00f1a\",\"It\u00e1lia\",\"Lisboa\",\"Madeira\",\"turismo\"],\"articleSection\":[\"Not\u00edcias\"],\"inLanguage\":\"pt-PT\"},{\"@type\":\"WebPage\",\"@id\":\"https:\/\/portaltela.pt\/noticias\/2026\/02\/26\/madrid-e-o-melhor-destino-europeu-para-2026-portugal-tem-duas-cidades-no-top\/\",\"url\":\"https:\/\/portaltela.pt\/noticias\/2026\/02\/26\/madrid-e-o-melhor-destino-europeu-para-2026-portugal-tem-duas-cidades-no-top\/\",\"name\":\"Madrid \u00e9 o melhor destino europeu para 2026; Portugal tem duas cidades no top - Portal Tela Portugal\",\"isPartOf\":{\"@id\":\"https:\/\/portaltela.pt\/#website\"},\"primaryImageOfPage\":{\"@id\":\"https:\/\/portaltela.pt\/noticias\/2026\/02\/26\/madrid-e-o-melhor-destino-europeu-para-2026-portugal-tem-duas-cidades-no-top\/#primaryimage\"},\"image\":{\"@id\":\"https:\/\/portaltela.pt\/noticias\/2026\/02\/26\/madrid-e-o-melhor-destino-europeu-para-2026-portugal-tem-duas-cidades-no-top\/#primaryimage\"},\"thumbnailUrl\":\"https:\/\/portaltela.pt\/s.01k8rhncp4jt1\/2026\/02\/1536x864_cmsv2_b16756fa-d78e-575d-8cd5-172126bfbb98-9655486.jpg\",\"datePublished\":\"2026-02-26T08:32:42+00:00\",\"author\":{\"@id\":\"https:\/\/portaltela.pt\/#\/schema\/person\/c4278d4a6028830caff9ee44b42d32ed\"},\"breadcrumb\":{\"@id\":\"https:\/\/portaltela.pt\/noticias\/2026\/02\/26\/madrid-e-o-melhor-destino-europeu-para-2026-portugal-tem-duas-cidades-no-top\/#breadcrumb\"},\"inLanguage\":\"pt-PT\",\"potentialAction\":[{\"@type\":\"ReadAction\",\"target\":[\"https:\/\/portaltela.pt\/noticias\/2026\/02\/26\/madrid-e-o-melhor-destino-europeu-para-2026-portugal-tem-duas-cidades-no-top\/\"]}]},{\"@type\":\"ImageObject\",\"inLanguage\":\"pt-PT\",\"@id\":\"https:\/\/portaltela.pt\/noticias\/2026\/02\/26\/madrid-e-o-melhor-destino-europeu-para-2026-portugal-tem-duas-cidades-no-top\/#primaryimage\",\"url\":\"https:\/\/portaltela.pt\/s.01k8rhncp4jt1\/2026\/02\/1536x864_cmsv2_b16756fa-d78e-575d-8cd5-172126bfbb98-9655486.jpg\",\"contentUrl\":\"https:\/\/portaltela.pt\/s.01k8rhncp4jt1\/2026\/02\/1536x864_cmsv2_b16756fa-d78e-575d-8cd5-172126bfbb98-9655486.jpg\",\"width\":796,\"height\":448,\"caption\":\"Madrid, capital espanhola, \u00e9 o melhor destino da Europa para 2026\"},{\"@type\":\"BreadcrumbList\",\"@id\":\"https:\/\/portaltela.pt\/noticias\/2026\/02\/26\/madrid-e-o-melhor-destino-europeu-para-2026-portugal-tem-duas-cidades-no-top\/#breadcrumb\",\"itemListElement\":[{\"@type\":\"ListItem\",\"position\":1,\"name\":\"In\u00edcio\",\"item\":\"https:\/\/portaltela.pt\/\"},{\"@type\":\"ListItem\",\"position\":2,\"name\":\"Madrid \u00e9 o melhor destino europeu para 2026; Portugal tem duas cidades no top\"}]},{\"@type\":\"WebSite\",\"@id\":\"https:\/\/portaltela.pt\/#website\",\"url\":\"https:\/\/portaltela.pt\/\",\"name\":\"Portal Tela Portugal\",\"description\":\"\",\"potentialAction\":[{\"@type\":\"SearchAction\",\"target\":{\"@type\":\"EntryPoint\",\"urlTemplate\":\"https:\/\/portaltela.pt\/?s={search_term_string}\"},\"query-input\":{\"@type\":\"PropertyValueSpecification\",\"valueRequired\":true,\"valueName\":\"search_term_string\"}}],\"inLanguage\":\"pt-PT\"},{\"@type\":\"Person\",\"@id\":\"https:\/\/portaltela.pt\/#\/schema\/person\/c4278d4a6028830caff9ee44b42d32ed\",\"name\":\"Telinha\",\"image\":{\"@type\":\"ImageObject\",\"inLanguage\":\"pt-PT\",\"@id\":\"https:\/\/portaltela.pt\/s.01k8rhncp4jt1\/2025\/11\/talking-bot-125x125.png\",\"url\":\"https:\/\/portaltela.pt\/s.01k8rhncp4jt1\/2025\/11\/talking-bot-125x125.png\",\"contentUrl\":\"https:\/\/portaltela.pt\/s.01k8rhncp4jt1\/2025\/11\/talking-bot-125x125.png\",\"caption\":\"Telinha\"},\"sameAs\":[\"https:\/\/portaltela.pt\/\"],\"url\":\"https:\/\/portaltela.pt\/por\/367410592786\/\"}]}<\/script>\n<!-- \/ Yoast SEO plugin. -->","yoast_head_json":{"title":"Madrid \u00e9 o melhor destino europeu para 2026; Portugal tem duas cidades no top - Portal Tela Portugal","robots":{"index":"index","follow":"follow","max-snippet":"max-snippet:-1","max-image-preview":"max-image-preview:large","max-video-preview":"max-video-preview:-1"},"og_locale":"pt_PT","og_type":"article","og_title":"Madrid \u00e9 o melhor destino europeu para 2026; Portugal tem duas cidades no top - Portal Tela Portugal","og_description":"Madrid foi nomeada o melhor destino da Europa para 2026 pela European Best Destinations, ap\u00f3s vota\u00e7\u00e3o entre 42 destinos e sele\u00e7\u00e3o de 20 vencedores. A lista destaca o equil\u00edbrio entre patrim\u00f3nio, modernidade, museus, gastronomia e momentos de lazer na capital espanhola. It\u00e1lia domina o top 20, com Verona em 4.\u00ba lugar e outras cidades como Burano, Cefal\u00f9, Bosa, Ravello, Procida e Taormina entre os nomes. Portugal surge no ranking com C\u00e2mara de Lobos (Madeira) em sexto, Lisboa em nono e a Costa Vicentina em 12.\u00ba lugar. Madrid acolhe o Grande Pr\u00e9mio de Espanha de F\u00f3rmula 1 em setembro, com obras no circuito urbano Madring em prepara\u00e7\u00e3o para futuras edi\u00e7\u00f5es.","og_url":"https:\/\/portaltela.pt\/noticias\/2026\/02\/26\/madrid-e-o-melhor-destino-europeu-para-2026-portugal-tem-duas-cidades-no-top\/","og_site_name":"Portal Tela Portugal","article_published_time":"2026-02-26T08:32:42+00:00","author":"Telinha","twitter_card":"summary_large_image","twitter_misc":{"Escrito por":"Telinha","Tempo estimado de leitura":"2 minutos"},"schema":{"@context":"https:\/\/schema.org","@graph":[{"@type":"Article","@id":"https:\/\/portaltela.pt\/noticias\/2026\/02\/26\/madrid-e-o-melhor-destino-europeu-para-2026-portugal-tem-duas-cidades-no-top\/#article","isPartOf":{"@id":"https:\/\/portaltela.pt\/noticias\/2026\/02\/26\/madrid-e-o-melhor-destino-europeu-para-2026-portugal-tem-duas-cidades-no-top\/"},"author":{"name":"Telinha","@id":"https:\/\/portaltela.pt\/#\/schema\/person\/c4278d4a6028830caff9ee44b42d32ed"},"headline":"Madrid \u00e9 o melhor destino europeu para 2026; Portugal tem duas cidades no top","datePublished":"2026-02-26T08:32:42+00:00","mainEntityOfPage":{"@id":"https:\/\/portaltela.pt\/noticias\/2026\/02\/26\/madrid-e-o-melhor-destino-europeu-para-2026-portugal-tem-duas-cidades-no-top\/"},"wordCount":340,"image":{"@id":"https:\/\/portaltela.pt\/noticias\/2026\/02\/26\/madrid-e-o-melhor-destino-europeu-para-2026-portugal-tem-duas-cidades-no-top\/#primaryimage"},"thumbnailUrl":"https:\/\/portaltela.pt\/s.01k8rhncp4jt1\/2026\/02\/1536x864_cmsv2_b16756fa-d78e-575d-8cd5-172126bfbb98-9655486.jpg","keywords":["Costa Vicentina","Espa\u00f1a","It\u00e1lia","Lisboa","Madeira","turismo"],"articleSection":["Not\u00edcias"],"inLanguage":"pt-PT"},{"@type":"WebPage","@id":"https:\/\/portaltela.pt\/noticias\/2026\/02\/26\/madrid-e-o-melhor-destino-europeu-para-2026-portugal-tem-duas-cidades-no-top\/","url":"https:\/\/portaltela.pt\/noticias\/2026\/02\/26\/madrid-e-o-melhor-destino-europeu-para-2026-portugal-tem-duas-cidades-no-top\/","name":"Madrid \u00e9 o melhor destino europeu para 2026; Portugal tem duas cidades no top - Portal Tela Portugal","isPartOf":{"@id":"https:\/\/portaltela.pt\/#website"},"primaryImageOfPage":{"@id":"https:\/\/portaltela.pt\/noticias\/2026\/02\/26\/madrid-e-o-melhor-destino-europeu-para-2026-portugal-tem-duas-cidades-no-top\/#primaryimage"},"image":{"@id":"https:\/\/portaltela.pt\/noticias\/2026\/02\/26\/madrid-e-o-melhor-destino-europeu-para-2026-portugal-tem-duas-cidades-no-top\/#primaryimage"},"thumbnailUrl":"https:\/\/portaltela.pt\/s.01k8rhncp4jt1\/2026\/02\/1536x864_cmsv2_b16756fa-d78e-575d-8cd5-172126bfbb98-9655486.jpg","datePublished":"2026-02-26T08:32:42+00:00","author":{"@id":"https:\/\/portaltela.pt\/#\/schema\/person\/c4278d4a6028830caff9ee44b42d32ed"},"breadcrumb":{"@id":"https:\/\/portaltela.pt\/noticias\/2026\/02\/26\/madrid-e-o-melhor-destino-europeu-para-2026-portugal-tem-duas-cidades-no-top\/#breadcrumb"},"inLanguage":"pt-PT","potentialAction":[{"@type":"ReadAction","target":["https:\/\/portaltela.pt\/noticias\/2026\/02\/26\/madrid-e-o-melhor-destino-europeu-para-2026-portugal-tem-duas-cidades-no-top\/"]}]},{"@type":"ImageObject","inLanguage":"pt-PT","@id":"https:\/\/portaltela.pt\/noticias\/2026\/02\/26\/madrid-e-o-melhor-destino-europeu-para-2026-portugal-tem-duas-cidades-no-top\/#primaryimage","url":"https:\/\/portaltela.pt\/s.01k8rhncp4jt1\/2026\/02\/1536x864_cmsv2_b16756fa-d78e-575d-8cd5-172126bfbb98-9655486.jpg","contentUrl":"https:\/\/portaltela.pt\/s.01k8rhncp4jt1\/2026\/02\/1536x864_cmsv2_b16756fa-d78e-575d-8cd5-172126bfbb98-9655486.jpg","width":796,"height":448,"caption":"Madrid, capital espanhola, \u00e9 o melhor destino da Europa para 2026"},{"@type":"BreadcrumbList","@id":"https:\/\/portaltela.pt\/noticias\/2026\/02\/26\/madrid-e-o-melhor-destino-europeu-para-2026-portugal-tem-duas-cidades-no-top\/#breadcrumb","itemListElement":[{"@type":"ListItem","position":1,"name":"In\u00edcio","item":"https:\/\/portaltela.pt\/"},{"@type":"ListItem","position":2,"name":"Madrid \u00e9 o melhor destino europeu para 2026; Portugal tem duas cidades no top"}]},{"@type":"WebSite","@id":"https:\/\/portaltela.pt\/#website","url":"https:\/\/portaltela.pt\/","name":"Portal Tela Portugal","description":"","potentialAction":[{"@type":"SearchAction","target":{"@type":"EntryPoint","urlTemplate":"https:\/\/portaltela.pt\/?s={search_term_string}"},"query-input":{"@type":"PropertyValueSpecification","valueRequired":true,"valueName":"search_term_string"}}],"inLanguage":"pt-PT"},{"@type":"Person","@id":"https:\/\/portaltela.pt\/#\/schema\/person\/c4278d4a6028830caff9ee44b42d32ed","name":"Telinha","image":{"@type":"ImageObject","inLanguage":"pt-PT","@id":"https:\/\/portaltela.pt\/s.01k8rhncp4jt1\/2025\/11\/talking-bot-125x125.png","url":"https:\/\/portaltela.pt\/s.01k8rhncp4jt1\/2025\/11\/talking-bot-125x125.png","contentUrl":"https:\/\/portaltela.pt\/s.01k8rhncp4jt1\/2025\/11\/talking-bot-125x125.png","caption":"Telinha"},"sameAs":["https:\/\/portaltela.pt\/"],"url":"https:\/\/portaltela.pt\/por\/367410592786\/"}]}},"_links":{"self":[{"href":"https:\/\/portaltela.pt\/api\/wp\/v2\/posts\/388585","targetHints":{"allow":["GET"]}}],"collection":[{"href":"https:\/\/portaltela.pt\/api\/wp\/v2\/posts"}],"about":[{"href":"https:\/\/portaltela.pt\/api\/wp\/v2\/types\/post"}],"author":[{"embeddable":true,"href":"https:\/\/portaltela.pt\/api\/wp\/v2\/users\/2"}],"replies":[{"embeddable":true,"href":"https:\/\/portaltela.pt\/api\/wp\/v2\/comments?post=388585"}],"version-history":[{"count":0,"href":"https:\/\/portaltela.pt\/api\/wp\/v2\/posts\/388585\/revisions"}],"wp:featuredmedia":[{"embeddable":true,"href":"https:\/\/portaltela.pt\/api\/wp\/v2\/media\/388592"}],"wp:attachment":[{"href":"https:\/\/portaltela.pt\/api\/wp\/v2\/media?parent=388585"}],"wp:term":[{"taxonomy":"category","embeddable":true,"href":"https:\/\/portaltela.pt\/api\/wp\/v2\/categories?post=388585"},{"taxonomy":"post_tag","embeddable":true,"href":"https:\/\/portaltela.pt\/api\/wp\/v2\/tags?post=388585"}],"curies":[{"name":"wp","href":"https:\/\/api.w.org\/{rel}","templated":true}]}}