{"id":388547,"date":"2026-02-26T04:58:00","date_gmt":"2026-02-26T07:58:00","guid":{"rendered":"https:\/\/portaltela.pt\/noticias\/2026\/02\/26\/governo-dos-eua-reavalia-documentos-do-caso-epstein-com-ligacoes-a-trump\/"},"modified":"2026-02-26T04:58:00","modified_gmt":"2026-02-26T07:58:00","slug":"governo-dos-eua-reavalia-documentos-do-caso-epstein-com-ligacoes-a-trump","status":"publish","type":"post","link":"https:\/\/portaltela.pt\/noticias\/politica\/2026\/02\/26\/governo-dos-eua-reavalia-documentos-do-caso-epstein-com-ligacoes-a-trump\/","title":{"rendered":"Governo dos EUA reavalia documentos do caso Epstein com liga\u00e7\u00f5es a Trump"},"content":{"rendered":"<p>O Departamento de Justi\u00e7a dos Estados Unidos comprometeu-se a reexaminar documentos do caso Epstein, ap\u00f3s acusa\u00e7\u00f5es de oculta\u00e7\u00e3o de ficheiros que mencionavam Donald Trump. O foco envolve alega\u00e7\u00f5es de agress\u00e3o sexual a menores. A not\u00edcia surge na sequ\u00eancia de informa\u00e7\u00f5es passadas pela NPR.<\/p>\n<p>Segundo a NPR, v\u00e1rios documentos que mencionam acusa\u00e7\u00f5es ligadas a Jeffrey Epstein e que evocam Donald Trump foram retirados da base de dados p\u00fablica. O DOJ confirmou que est\u00e1 a rever os ficheiros classificados nesta categoria.<\/p>\n<p>O DOJ indicou que, em conformidade com a investiga\u00e7\u00e3o e as regras de divulga\u00e7\u00e3o, documentos mal classificados podem vir a ser tornados p\u00fablicos. A decis\u00e3o acompanha ordens legais para divulgar arquivos sobre Epstein, quando aplic\u00e1vel.<\/p>\n<h3>Revela\u00e7\u00e3o de documentos n\u00e3o p\u00fablicos e alega\u00e7\u00f5es de encobrimento<\/h3>\n<p>O New York Times reportou que entre os documentos n\u00e3o publicados constariam notas da pol\u00edcia federal com resumos de interrogat\u00f3rios de 2019. Uma mulher afirmou ter sido agredida quando era menor, envolvendo Epstein e Trump.<\/p>\n<p>Representantes democratas da comiss\u00e3o de supervis\u00e3o da C\u00e2mara dos Estados Unidos afirmaram ter observado poss\u00edveis reten\u00e7\u00f5es de interrogat\u00f3rios do FBI. Alegam que tais a\u00e7\u00f5es poderiam configurar obstru\u00e7\u00e3o de justi\u00e7a no \u00e2mbito de investiga\u00e7\u00f5es federais.<\/p>\n<p>O DOJ j\u00e1 informou que n\u00e3o houve supress\u00e3o de conte\u00fados relevantes, apenas duplicados ou mat\u00e9rias vedadas por lei. Em janeiro, o \u00f3rg\u00e3o disponibilizou mais de tr\u00eas milh\u00f5es de p\u00e1ginas do dossi\u00ea Epstein, com partes censuradas.<\/p>\n<p>V\u00edtimas de Epstein continuam a exigir investiga\u00e7\u00e3o aprofundada sobre poss\u00edveis c\u00famplices do criminoso sexual condenado. Donald Trump tem reiterado, publicamente, que n\u00e3o tinha conhecimento de abusos e que rompeu a rela\u00e7\u00e3o com Epstein antes de os casos ganharem contornos judiciais.<\/p>\n","protected":false},"excerpt":{"rendered":"<ul>\n<li>O Departamento de Justi\u00e7a dos EUA comprometeu-se a reexaminar documentos do caso Epstein depois de acusa\u00e7\u00f5es de oculta\u00e7\u00e3o de ficheiros que mencionavam Donald Trump.<\/li>\n<li>A NPR informou que o DOJ, liderado por Pam Bondi, teria impedido a publica\u00e7\u00e3o de documentos relacionados com acusa\u00e7\u00f5es de abuso sexual de menor contra Trump.<\/li>\n<li>V\u00e1rios documentos que mencionavam Epstein e Trump teriam sido retirados da base de dados p\u00fablica, segundo o jornal.<\/li>\n<li>O DOJ informou que est\u00e1 a rever ficheiros sinalizados e que, se algum documento for mal classificado, poder\u00e1 ser divulgado conforme a lei.<\/li>\n<li>O New York Times revelou que, entre os materiais n\u00e3o publicados, est\u00e3o notas de interrogat\u00f3rios do FBI sobre uma alega\u00e7\u00e3o de agress\u00e3o de 2019 envolvendo uma mulher e Epstein e Trump.<\/li>\n<\/ul>\n","protected":false},"author":2,"featured_media":388551,"comment_status":"closed","ping_status":"closed","sticky":false,"template":"","format":"standard","meta":{"footnotes":""},"categories":[1,5],"tags":[1796,2079,4953,5212,215,909],"class_list":["post-388547","post","type-post","status-publish","format-standard","has-post-thumbnail","hentry","category-noticias","category-politica","tag-abuso-sexual-de-menor-dependente","tag-agressoes","tag-donald-trump","tag-fbi","tag-investigacao","tag-obstrucao-da-justica"],"yoast_head":"<!-- This site is optimized with the Yoast SEO plugin v27.2 - https:\/\/yoast.com\/product\/yoast-seo-wordpress\/ -->\n<title>Governo dos EUA reavalia documentos do caso Epstein com liga\u00e7\u00f5es a Trump - Portal Tela Portugal<\/title>\n<meta name=\"robots\" content=\"index, follow, max-snippet:-1, max-image-preview:large, max-video-preview:-1\" \/>\n<meta property=\"og:locale\" content=\"pt_PT\" \/>\n<meta property=\"og:type\" content=\"article\" \/>\n<meta property=\"og:title\" content=\"Governo dos EUA reavalia documentos do caso Epstein com liga\u00e7\u00f5es a Trump - Portal Tela Portugal\" \/>\n<meta property=\"og:description\" content=\"O Departamento de Justi\u00e7a dos EUA comprometeu-se a reexaminar documentos do caso Epstein depois de acusa\u00e7\u00f5es de oculta\u00e7\u00e3o de ficheiros que mencionavam Donald Trump. A NPR informou que o DOJ, liderado por Pam Bondi, teria impedido a publica\u00e7\u00e3o de documentos relacionados com acusa\u00e7\u00f5es de abuso sexual de menor contra Trump. V\u00e1rios documentos que mencionavam Epstein e Trump teriam sido retirados da base de dados p\u00fablica, segundo o jornal. O DOJ informou que est\u00e1 a rever ficheiros sinalizados e que, se algum documento for mal classificado, poder\u00e1 ser divulgado conforme a lei. O New York Times revelou que, entre os materiais n\u00e3o publicados, est\u00e3o notas de interrogat\u00f3rios do FBI sobre uma alega\u00e7\u00e3o de agress\u00e3o de 2019 envolvendo uma mulher e Epstein e Trump.\" \/>\n<meta property=\"og:url\" content=\"https:\/\/portaltela.pt\/noticias\/2026\/02\/26\/governo-dos-eua-reavalia-documentos-do-caso-epstein-com-ligacoes-a-trump\/\" \/>\n<meta property=\"og:site_name\" content=\"Portal Tela Portugal\" \/>\n<meta property=\"article:published_time\" content=\"2026-02-26T07:58:00+00:00\" \/>\n<meta name=\"author\" content=\"Telinha\" \/>\n<meta name=\"twitter:card\" content=\"summary_large_image\" \/>\n<meta name=\"twitter:label1\" content=\"Escrito por\" \/>\n\t<meta name=\"twitter:data1\" content=\"Telinha\" \/>\n\t<meta name=\"twitter:label2\" content=\"Tempo estimado de leitura\" \/>\n\t<meta name=\"twitter:data2\" content=\"2 minutos\" \/>\n<script type=\"application\/ld+json\" class=\"yoast-schema-graph\">{\"@context\":\"https:\/\/schema.org\",\"@graph\":[{\"@type\":\"Article\",\"@id\":\"https:\/\/portaltela.pt\/noticias\/2026\/02\/26\/governo-dos-eua-reavalia-documentos-do-caso-epstein-com-ligacoes-a-trump\/#article\",\"isPartOf\":{\"@id\":\"https:\/\/portaltela.pt\/noticias\/2026\/02\/26\/governo-dos-eua-reavalia-documentos-do-caso-epstein-com-ligacoes-a-trump\/\"},\"author\":{\"name\":\"Telinha\",\"@id\":\"https:\/\/portaltela.pt\/#\/schema\/person\/c4278d4a6028830caff9ee44b42d32ed\"},\"headline\":\"Governo dos EUA reavalia documentos do caso Epstein com liga\u00e7\u00f5es a Trump\",\"datePublished\":\"2026-02-26T07:58:00+00:00\",\"mainEntityOfPage\":{\"@id\":\"https:\/\/portaltela.pt\/noticias\/2026\/02\/26\/governo-dos-eua-reavalia-documentos-do-caso-epstein-com-ligacoes-a-trump\/\"},\"wordCount\":327,\"image\":{\"@id\":\"https:\/\/portaltela.pt\/noticias\/2026\/02\/26\/governo-dos-eua-reavalia-documentos-do-caso-epstein-com-ligacoes-a-trump\/#primaryimage\"},\"thumbnailUrl\":\"https:\/\/portaltela.pt\/s.01k8rhncp4jt1\/2026\/02\/2069862.jpg\",\"keywords\":[\"abuso sexual de menor dependente\",\"agress\u00f5es\",\"Donald Trump\",\"FBI\",\"investiga\u00e7\u00e3o\",\"obstru\u00e7\u00e3o da justi\u00e7a\"],\"articleSection\":[\"Not\u00edcias\",\"Pol\u00edtica\"],\"inLanguage\":\"pt-PT\"},{\"@type\":\"WebPage\",\"@id\":\"https:\/\/portaltela.pt\/noticias\/2026\/02\/26\/governo-dos-eua-reavalia-documentos-do-caso-epstein-com-ligacoes-a-trump\/\",\"url\":\"https:\/\/portaltela.pt\/noticias\/2026\/02\/26\/governo-dos-eua-reavalia-documentos-do-caso-epstein-com-ligacoes-a-trump\/\",\"name\":\"Governo dos EUA reavalia documentos do caso Epstein com liga\u00e7\u00f5es a Trump - Portal Tela Portugal\",\"isPartOf\":{\"@id\":\"https:\/\/portaltela.pt\/#website\"},\"primaryImageOfPage\":{\"@id\":\"https:\/\/portaltela.pt\/noticias\/2026\/02\/26\/governo-dos-eua-reavalia-documentos-do-caso-epstein-com-ligacoes-a-trump\/#primaryimage\"},\"image\":{\"@id\":\"https:\/\/portaltela.pt\/noticias\/2026\/02\/26\/governo-dos-eua-reavalia-documentos-do-caso-epstein-com-ligacoes-a-trump\/#primaryimage\"},\"thumbnailUrl\":\"https:\/\/portaltela.pt\/s.01k8rhncp4jt1\/2026\/02\/2069862.jpg\",\"datePublished\":\"2026-02-26T07:58:00+00:00\",\"author\":{\"@id\":\"https:\/\/portaltela.pt\/#\/schema\/person\/c4278d4a6028830caff9ee44b42d32ed\"},\"breadcrumb\":{\"@id\":\"https:\/\/portaltela.pt\/noticias\/2026\/02\/26\/governo-dos-eua-reavalia-documentos-do-caso-epstein-com-ligacoes-a-trump\/#breadcrumb\"},\"inLanguage\":\"pt-PT\",\"potentialAction\":[{\"@type\":\"ReadAction\",\"target\":[\"https:\/\/portaltela.pt\/noticias\/2026\/02\/26\/governo-dos-eua-reavalia-documentos-do-caso-epstein-com-ligacoes-a-trump\/\"]}]},{\"@type\":\"ImageObject\",\"inLanguage\":\"pt-PT\",\"@id\":\"https:\/\/portaltela.pt\/noticias\/2026\/02\/26\/governo-dos-eua-reavalia-documentos-do-caso-epstein-com-ligacoes-a-trump\/#primaryimage\",\"url\":\"https:\/\/portaltela.pt\/s.01k8rhncp4jt1\/2026\/02\/2069862.jpg\",\"contentUrl\":\"https:\/\/portaltela.pt\/s.01k8rhncp4jt1\/2026\/02\/2069862.jpg\",\"width\":796,\"height\":448,\"caption\":\"Governo dos EUA acusado de esconder emails com liga\u00e7\u00f5es a Donald Trump\"},{\"@type\":\"BreadcrumbList\",\"@id\":\"https:\/\/portaltela.pt\/noticias\/2026\/02\/26\/governo-dos-eua-reavalia-documentos-do-caso-epstein-com-ligacoes-a-trump\/#breadcrumb\",\"itemListElement\":[{\"@type\":\"ListItem\",\"position\":1,\"name\":\"In\u00edcio\",\"item\":\"https:\/\/portaltela.pt\/\"},{\"@type\":\"ListItem\",\"position\":2,\"name\":\"Governo dos EUA reavalia documentos do caso Epstein com liga\u00e7\u00f5es a Trump\"}]},{\"@type\":\"WebSite\",\"@id\":\"https:\/\/portaltela.pt\/#website\",\"url\":\"https:\/\/portaltela.pt\/\",\"name\":\"Portal Tela Portugal\",\"description\":\"\",\"potentialAction\":[{\"@type\":\"SearchAction\",\"target\":{\"@type\":\"EntryPoint\",\"urlTemplate\":\"https:\/\/portaltela.pt\/?s={search_term_string}\"},\"query-input\":{\"@type\":\"PropertyValueSpecification\",\"valueRequired\":true,\"valueName\":\"search_term_string\"}}],\"inLanguage\":\"pt-PT\"},{\"@type\":\"Person\",\"@id\":\"https:\/\/portaltela.pt\/#\/schema\/person\/c4278d4a6028830caff9ee44b42d32ed\",\"name\":\"Telinha\",\"image\":{\"@type\":\"ImageObject\",\"inLanguage\":\"pt-PT\",\"@id\":\"https:\/\/portaltela.pt\/s.01k8rhncp4jt1\/2025\/11\/talking-bot-125x125.png\",\"url\":\"https:\/\/portaltela.pt\/s.01k8rhncp4jt1\/2025\/11\/talking-bot-125x125.png\",\"contentUrl\":\"https:\/\/portaltela.pt\/s.01k8rhncp4jt1\/2025\/11\/talking-bot-125x125.png\",\"caption\":\"Telinha\"},\"sameAs\":[\"https:\/\/portaltela.pt\/\"],\"url\":\"https:\/\/portaltela.pt\/por\/367410592786\/\"}]}<\/script>\n<!-- \/ Yoast SEO plugin. -->","yoast_head_json":{"title":"Governo dos EUA reavalia documentos do caso Epstein com liga\u00e7\u00f5es a Trump - Portal Tela Portugal","robots":{"index":"index","follow":"follow","max-snippet":"max-snippet:-1","max-image-preview":"max-image-preview:large","max-video-preview":"max-video-preview:-1"},"og_locale":"pt_PT","og_type":"article","og_title":"Governo dos EUA reavalia documentos do caso Epstein com liga\u00e7\u00f5es a Trump - Portal Tela Portugal","og_description":"O Departamento de Justi\u00e7a dos EUA comprometeu-se a reexaminar documentos do caso Epstein depois de acusa\u00e7\u00f5es de oculta\u00e7\u00e3o de ficheiros que mencionavam Donald Trump. A NPR informou que o DOJ, liderado por Pam Bondi, teria impedido a publica\u00e7\u00e3o de documentos relacionados com acusa\u00e7\u00f5es de abuso sexual de menor contra Trump. V\u00e1rios documentos que mencionavam Epstein e Trump teriam sido retirados da base de dados p\u00fablica, segundo o jornal. O DOJ informou que est\u00e1 a rever ficheiros sinalizados e que, se algum documento for mal classificado, poder\u00e1 ser divulgado conforme a lei. O New York Times revelou que, entre os materiais n\u00e3o publicados, est\u00e3o notas de interrogat\u00f3rios do FBI sobre uma alega\u00e7\u00e3o de agress\u00e3o de 2019 envolvendo uma mulher e Epstein e Trump.","og_url":"https:\/\/portaltela.pt\/noticias\/2026\/02\/26\/governo-dos-eua-reavalia-documentos-do-caso-epstein-com-ligacoes-a-trump\/","og_site_name":"Portal Tela Portugal","article_published_time":"2026-02-26T07:58:00+00:00","author":"Telinha","twitter_card":"summary_large_image","twitter_misc":{"Escrito por":"Telinha","Tempo estimado de leitura":"2 minutos"},"schema":{"@context":"https:\/\/schema.org","@graph":[{"@type":"Article","@id":"https:\/\/portaltela.pt\/noticias\/2026\/02\/26\/governo-dos-eua-reavalia-documentos-do-caso-epstein-com-ligacoes-a-trump\/#article","isPartOf":{"@id":"https:\/\/portaltela.pt\/noticias\/2026\/02\/26\/governo-dos-eua-reavalia-documentos-do-caso-epstein-com-ligacoes-a-trump\/"},"author":{"name":"Telinha","@id":"https:\/\/portaltela.pt\/#\/schema\/person\/c4278d4a6028830caff9ee44b42d32ed"},"headline":"Governo dos EUA reavalia documentos do caso Epstein com liga\u00e7\u00f5es a Trump","datePublished":"2026-02-26T07:58:00+00:00","mainEntityOfPage":{"@id":"https:\/\/portaltela.pt\/noticias\/2026\/02\/26\/governo-dos-eua-reavalia-documentos-do-caso-epstein-com-ligacoes-a-trump\/"},"wordCount":327,"image":{"@id":"https:\/\/portaltela.pt\/noticias\/2026\/02\/26\/governo-dos-eua-reavalia-documentos-do-caso-epstein-com-ligacoes-a-trump\/#primaryimage"},"thumbnailUrl":"https:\/\/portaltela.pt\/s.01k8rhncp4jt1\/2026\/02\/2069862.jpg","keywords":["abuso sexual de menor dependente","agress\u00f5es","Donald Trump","FBI","investiga\u00e7\u00e3o","obstru\u00e7\u00e3o da justi\u00e7a"],"articleSection":["Not\u00edcias","Pol\u00edtica"],"inLanguage":"pt-PT"},{"@type":"WebPage","@id":"https:\/\/portaltela.pt\/noticias\/2026\/02\/26\/governo-dos-eua-reavalia-documentos-do-caso-epstein-com-ligacoes-a-trump\/","url":"https:\/\/portaltela.pt\/noticias\/2026\/02\/26\/governo-dos-eua-reavalia-documentos-do-caso-epstein-com-ligacoes-a-trump\/","name":"Governo dos EUA reavalia documentos do caso Epstein com liga\u00e7\u00f5es a Trump - Portal Tela Portugal","isPartOf":{"@id":"https:\/\/portaltela.pt\/#website"},"primaryImageOfPage":{"@id":"https:\/\/portaltela.pt\/noticias\/2026\/02\/26\/governo-dos-eua-reavalia-documentos-do-caso-epstein-com-ligacoes-a-trump\/#primaryimage"},"image":{"@id":"https:\/\/portaltela.pt\/noticias\/2026\/02\/26\/governo-dos-eua-reavalia-documentos-do-caso-epstein-com-ligacoes-a-trump\/#primaryimage"},"thumbnailUrl":"https:\/\/portaltela.pt\/s.01k8rhncp4jt1\/2026\/02\/2069862.jpg","datePublished":"2026-02-26T07:58:00+00:00","author":{"@id":"https:\/\/portaltela.pt\/#\/schema\/person\/c4278d4a6028830caff9ee44b42d32ed"},"breadcrumb":{"@id":"https:\/\/portaltela.pt\/noticias\/2026\/02\/26\/governo-dos-eua-reavalia-documentos-do-caso-epstein-com-ligacoes-a-trump\/#breadcrumb"},"inLanguage":"pt-PT","potentialAction":[{"@type":"ReadAction","target":["https:\/\/portaltela.pt\/noticias\/2026\/02\/26\/governo-dos-eua-reavalia-documentos-do-caso-epstein-com-ligacoes-a-trump\/"]}]},{"@type":"ImageObject","inLanguage":"pt-PT","@id":"https:\/\/portaltela.pt\/noticias\/2026\/02\/26\/governo-dos-eua-reavalia-documentos-do-caso-epstein-com-ligacoes-a-trump\/#primaryimage","url":"https:\/\/portaltela.pt\/s.01k8rhncp4jt1\/2026\/02\/2069862.jpg","contentUrl":"https:\/\/portaltela.pt\/s.01k8rhncp4jt1\/2026\/02\/2069862.jpg","width":796,"height":448,"caption":"Governo dos EUA acusado de esconder emails com liga\u00e7\u00f5es a Donald Trump"},{"@type":"BreadcrumbList","@id":"https:\/\/portaltela.pt\/noticias\/2026\/02\/26\/governo-dos-eua-reavalia-documentos-do-caso-epstein-com-ligacoes-a-trump\/#breadcrumb","itemListElement":[{"@type":"ListItem","position":1,"name":"In\u00edcio","item":"https:\/\/portaltela.pt\/"},{"@type":"ListItem","position":2,"name":"Governo dos EUA reavalia documentos do caso Epstein com liga\u00e7\u00f5es a Trump"}]},{"@type":"WebSite","@id":"https:\/\/portaltela.pt\/#website","url":"https:\/\/portaltela.pt\/","name":"Portal Tela Portugal","description":"","potentialAction":[{"@type":"SearchAction","target":{"@type":"EntryPoint","urlTemplate":"https:\/\/portaltela.pt\/?s={search_term_string}"},"query-input":{"@type":"PropertyValueSpecification","valueRequired":true,"valueName":"search_term_string"}}],"inLanguage":"pt-PT"},{"@type":"Person","@id":"https:\/\/portaltela.pt\/#\/schema\/person\/c4278d4a6028830caff9ee44b42d32ed","name":"Telinha","image":{"@type":"ImageObject","inLanguage":"pt-PT","@id":"https:\/\/portaltela.pt\/s.01k8rhncp4jt1\/2025\/11\/talking-bot-125x125.png","url":"https:\/\/portaltela.pt\/s.01k8rhncp4jt1\/2025\/11\/talking-bot-125x125.png","contentUrl":"https:\/\/portaltela.pt\/s.01k8rhncp4jt1\/2025\/11\/talking-bot-125x125.png","caption":"Telinha"},"sameAs":["https:\/\/portaltela.pt\/"],"url":"https:\/\/portaltela.pt\/por\/367410592786\/"}]}},"_links":{"self":[{"href":"https:\/\/portaltela.pt\/api\/wp\/v2\/posts\/388547","targetHints":{"allow":["GET"]}}],"collection":[{"href":"https:\/\/portaltela.pt\/api\/wp\/v2\/posts"}],"about":[{"href":"https:\/\/portaltela.pt\/api\/wp\/v2\/types\/post"}],"author":[{"embeddable":true,"href":"https:\/\/portaltela.pt\/api\/wp\/v2\/users\/2"}],"replies":[{"embeddable":true,"href":"https:\/\/portaltela.pt\/api\/wp\/v2\/comments?post=388547"}],"version-history":[{"count":0,"href":"https:\/\/portaltela.pt\/api\/wp\/v2\/posts\/388547\/revisions"}],"wp:featuredmedia":[{"embeddable":true,"href":"https:\/\/portaltela.pt\/api\/wp\/v2\/media\/388551"}],"wp:attachment":[{"href":"https:\/\/portaltela.pt\/api\/wp\/v2\/media?parent=388547"}],"wp:term":[{"taxonomy":"category","embeddable":true,"href":"https:\/\/portaltela.pt\/api\/wp\/v2\/categories?post=388547"},{"taxonomy":"post_tag","embeddable":true,"href":"https:\/\/portaltela.pt\/api\/wp\/v2\/tags?post=388547"}],"curies":[{"name":"wp","href":"https:\/\/api.w.org\/{rel}","templated":true}]}}