{"id":388528,"date":"2026-02-26T04:40:00","date_gmt":"2026-02-26T07:40:00","guid":{"rendered":"https:\/\/portaltela.pt\/noticias\/2026\/02\/26\/ponte-pedonal-no-rio-lima-vira-varanda-para-a-historica-torre-eiffel\/"},"modified":"2026-02-26T04:40:00","modified_gmt":"2026-02-26T07:40:00","slug":"ponte-pedonal-no-rio-lima-vira-varanda-para-a-historica-torre-eiffel","status":"publish","type":"post","link":"https:\/\/portaltela.pt\/noticias\/2026\/02\/26\/ponte-pedonal-no-rio-lima-vira-varanda-para-a-historica-torre-eiffel\/","title":{"rendered":"Ponte pedonal no rio Lima vira varanda para a hist\u00f3rica Torre Eiffel"},"content":{"rendered":"<p>A ponte pedonal e cicl\u00e1vel sobre o rio Lima, em Viana do Castelo, foi apresentada ap\u00f3s vencer um concurso p\u00fablico internacional. A travessia, que ficar\u00e1 junto \u00e0 ponte Eiffel, \u00e9 descrita como suspensa por tirantes e ter\u00e1 um tabuleiro em forma de &#8220;S&#8221;.<\/p>\n<p>O projeto \u00e9 assinado pela Armando Rito Engenharia, de Portugal, em parceria com a brit\u00e2nica Knight Architects. A inspira\u00e7\u00e3o vem das ondas do mar e dos mastros dos veleiros que cruzam as \u00e1guas do Lima.<\/p>\n<p>A obra visa criar uma liga\u00e7\u00e3o pedonal segura e integrada no espa\u00e7o urbano, promovendo a circula\u00e7\u00e3o de residentes e visitantes. A decis\u00e3o de adjudica\u00e7\u00e3o foi anunciada pela entidade respons\u00e1vel pelo concurso p\u00fablico.<\/p>\n","protected":false},"excerpt":{"rendered":"<ul>\n<li>Em Viana do Castelo, o rio Lima ter\u00e1 uma nova ponte pedonal e cicl\u00e1vel, junto \u00e0 centen\u00e1ria ponte Eiffel.<\/li>\n<li>A travessia, em liga\u00e7\u00e3o suspensa por tirantes, tem o tabuleiro em formato de \u201cS\u201d e inspira-se nas ondula\u00e7\u00f5es do mar e nos mastros de veleiros.<\/li>\n<li>O projeto \u00e9 da Armando Rito Engenharia, em parceria com a Knight Architects (Reino Unido).<\/li>\n<li>A conce\u00e7\u00e3o foi apresentada ap\u00f3s vencer um concurso p\u00fablico internacional para a liga\u00e7\u00e3o sobre o rio.<\/li>\n<\/ul>\n","protected":false},"author":2,"featured_media":388532,"comment_status":"closed","ping_status":"closed","sticky":false,"template":"","format":"standard","meta":{"footnotes":""},"categories":[1],"tags":[142,3105,3263,1014,189,1530],"class_list":["post-388528","post","type-post","status-publish","format-standard","has-post-thumbnail","hentry","category-noticias","tag-arquitetura","tag-engenharia-civil","tag-mobilidade-urbana","tag-portugal","tag-urbanismo","tag-viana-do-castelo"],"yoast_head":"<!-- This site is optimized with the Yoast SEO plugin v27.2 - https:\/\/yoast.com\/product\/yoast-seo-wordpress\/ -->\n<title>Ponte pedonal no rio Lima vira varanda para a hist\u00f3rica Torre Eiffel - Portal Tela Portugal<\/title>\n<meta name=\"robots\" content=\"index, follow, max-snippet:-1, max-image-preview:large, max-video-preview:-1\" \/>\n<meta property=\"og:locale\" content=\"pt_PT\" \/>\n<meta property=\"og:type\" content=\"article\" \/>\n<meta property=\"og:title\" content=\"Ponte pedonal no rio Lima vira varanda para a hist\u00f3rica Torre Eiffel - Portal Tela Portugal\" \/>\n<meta property=\"og:description\" content=\"Em Viana do Castelo, o rio Lima ter\u00e1 uma nova ponte pedonal e cicl\u00e1vel, junto \u00e0 centen\u00e1ria ponte Eiffel. A travessia, em liga\u00e7\u00e3o suspensa por tirantes, tem o tabuleiro em formato de \u201cS\u201d e inspira-se nas ondula\u00e7\u00f5es do mar e nos mastros de veleiros. O projeto \u00e9 da Armando Rito Engenharia, em parceria com a Knight Architects (Reino Unido). A conce\u00e7\u00e3o foi apresentada ap\u00f3s vencer um concurso p\u00fablico internacional para a liga\u00e7\u00e3o sobre o rio.\" \/>\n<meta property=\"og:url\" content=\"https:\/\/portaltela.pt\/noticias\/2026\/02\/26\/ponte-pedonal-no-rio-lima-vira-varanda-para-a-historica-torre-eiffel\/\" \/>\n<meta property=\"og:site_name\" content=\"Portal Tela Portugal\" \/>\n<meta property=\"article:published_time\" content=\"2026-02-26T07:40:00+00:00\" \/>\n<meta name=\"author\" content=\"Telinha\" \/>\n<meta name=\"twitter:card\" content=\"summary_large_image\" \/>\n<meta name=\"twitter:label1\" content=\"Escrito por\" \/>\n\t<meta name=\"twitter:data1\" content=\"Telinha\" \/>\n\t<meta name=\"twitter:label2\" content=\"Tempo estimado de leitura\" \/>\n\t<meta name=\"twitter:data2\" content=\"1 minuto\" \/>\n<script type=\"application\/ld+json\" class=\"yoast-schema-graph\">{\"@context\":\"https:\/\/schema.org\",\"@graph\":[{\"@type\":\"Article\",\"@id\":\"https:\/\/portaltela.pt\/noticias\/2026\/02\/26\/ponte-pedonal-no-rio-lima-vira-varanda-para-a-historica-torre-eiffel\/#article\",\"isPartOf\":{\"@id\":\"https:\/\/portaltela.pt\/noticias\/2026\/02\/26\/ponte-pedonal-no-rio-lima-vira-varanda-para-a-historica-torre-eiffel\/\"},\"author\":{\"name\":\"Telinha\",\"@id\":\"https:\/\/portaltela.pt\/#\/schema\/person\/c4278d4a6028830caff9ee44b42d32ed\"},\"headline\":\"Ponte pedonal no rio Lima vira varanda para a hist\u00f3rica Torre Eiffel\",\"datePublished\":\"2026-02-26T07:40:00+00:00\",\"mainEntityOfPage\":{\"@id\":\"https:\/\/portaltela.pt\/noticias\/2026\/02\/26\/ponte-pedonal-no-rio-lima-vira-varanda-para-a-historica-torre-eiffel\/\"},\"wordCount\":132,\"image\":{\"@id\":\"https:\/\/portaltela.pt\/noticias\/2026\/02\/26\/ponte-pedonal-no-rio-lima-vira-varanda-para-a-historica-torre-eiffel\/#primaryimage\"},\"thumbnailUrl\":\"https:\/\/portaltela.pt\/s.01k8rhncp4jt1\/2026\/02\/image-1887.jpg\",\"keywords\":[\"arquitetura\",\"engenharia civil\",\"mobilidade urbana\",\"Portugal\",\"urbanismo\",\"Viana do Castelo\"],\"articleSection\":[\"Not\u00edcias\"],\"inLanguage\":\"pt-PT\"},{\"@type\":\"WebPage\",\"@id\":\"https:\/\/portaltela.pt\/noticias\/2026\/02\/26\/ponte-pedonal-no-rio-lima-vira-varanda-para-a-historica-torre-eiffel\/\",\"url\":\"https:\/\/portaltela.pt\/noticias\/2026\/02\/26\/ponte-pedonal-no-rio-lima-vira-varanda-para-a-historica-torre-eiffel\/\",\"name\":\"Ponte pedonal no rio Lima vira varanda para a hist\u00f3rica Torre Eiffel - Portal Tela Portugal\",\"isPartOf\":{\"@id\":\"https:\/\/portaltela.pt\/#website\"},\"primaryImageOfPage\":{\"@id\":\"https:\/\/portaltela.pt\/noticias\/2026\/02\/26\/ponte-pedonal-no-rio-lima-vira-varanda-para-a-historica-torre-eiffel\/#primaryimage\"},\"image\":{\"@id\":\"https:\/\/portaltela.pt\/noticias\/2026\/02\/26\/ponte-pedonal-no-rio-lima-vira-varanda-para-a-historica-torre-eiffel\/#primaryimage\"},\"thumbnailUrl\":\"https:\/\/portaltela.pt\/s.01k8rhncp4jt1\/2026\/02\/image-1887.jpg\",\"datePublished\":\"2026-02-26T07:40:00+00:00\",\"author\":{\"@id\":\"https:\/\/portaltela.pt\/#\/schema\/person\/c4278d4a6028830caff9ee44b42d32ed\"},\"breadcrumb\":{\"@id\":\"https:\/\/portaltela.pt\/noticias\/2026\/02\/26\/ponte-pedonal-no-rio-lima-vira-varanda-para-a-historica-torre-eiffel\/#breadcrumb\"},\"inLanguage\":\"pt-PT\",\"potentialAction\":[{\"@type\":\"ReadAction\",\"target\":[\"https:\/\/portaltela.pt\/noticias\/2026\/02\/26\/ponte-pedonal-no-rio-lima-vira-varanda-para-a-historica-torre-eiffel\/\"]}]},{\"@type\":\"ImageObject\",\"inLanguage\":\"pt-PT\",\"@id\":\"https:\/\/portaltela.pt\/noticias\/2026\/02\/26\/ponte-pedonal-no-rio-lima-vira-varanda-para-a-historica-torre-eiffel\/#primaryimage\",\"url\":\"https:\/\/portaltela.pt\/s.01k8rhncp4jt1\/2026\/02\/image-1887.jpg\",\"contentUrl\":\"https:\/\/portaltela.pt\/s.01k8rhncp4jt1\/2026\/02\/image-1887.jpg\",\"width\":796,\"height\":448,\"caption\":\"Nova ponte tem tabuleiro em \\\"S\\\"\"},{\"@type\":\"BreadcrumbList\",\"@id\":\"https:\/\/portaltela.pt\/noticias\/2026\/02\/26\/ponte-pedonal-no-rio-lima-vira-varanda-para-a-historica-torre-eiffel\/#breadcrumb\",\"itemListElement\":[{\"@type\":\"ListItem\",\"position\":1,\"name\":\"In\u00edcio\",\"item\":\"https:\/\/portaltela.pt\/\"},{\"@type\":\"ListItem\",\"position\":2,\"name\":\"Ponte pedonal no rio Lima vira varanda para a hist\u00f3rica Torre Eiffel\"}]},{\"@type\":\"WebSite\",\"@id\":\"https:\/\/portaltela.pt\/#website\",\"url\":\"https:\/\/portaltela.pt\/\",\"name\":\"Portal Tela Portugal\",\"description\":\"\",\"potentialAction\":[{\"@type\":\"SearchAction\",\"target\":{\"@type\":\"EntryPoint\",\"urlTemplate\":\"https:\/\/portaltela.pt\/?s={search_term_string}\"},\"query-input\":{\"@type\":\"PropertyValueSpecification\",\"valueRequired\":true,\"valueName\":\"search_term_string\"}}],\"inLanguage\":\"pt-PT\"},{\"@type\":\"Person\",\"@id\":\"https:\/\/portaltela.pt\/#\/schema\/person\/c4278d4a6028830caff9ee44b42d32ed\",\"name\":\"Telinha\",\"image\":{\"@type\":\"ImageObject\",\"inLanguage\":\"pt-PT\",\"@id\":\"https:\/\/portaltela.pt\/s.01k8rhncp4jt1\/2025\/11\/talking-bot-125x125.png\",\"url\":\"https:\/\/portaltela.pt\/s.01k8rhncp4jt1\/2025\/11\/talking-bot-125x125.png\",\"contentUrl\":\"https:\/\/portaltela.pt\/s.01k8rhncp4jt1\/2025\/11\/talking-bot-125x125.png\",\"caption\":\"Telinha\"},\"sameAs\":[\"https:\/\/portaltela.pt\/\"],\"url\":\"https:\/\/portaltela.pt\/por\/367410592786\/\"}]}<\/script>\n<!-- \/ Yoast SEO plugin. -->","yoast_head_json":{"title":"Ponte pedonal no rio Lima vira varanda para a hist\u00f3rica Torre Eiffel - Portal Tela Portugal","robots":{"index":"index","follow":"follow","max-snippet":"max-snippet:-1","max-image-preview":"max-image-preview:large","max-video-preview":"max-video-preview:-1"},"og_locale":"pt_PT","og_type":"article","og_title":"Ponte pedonal no rio Lima vira varanda para a hist\u00f3rica Torre Eiffel - Portal Tela Portugal","og_description":"Em Viana do Castelo, o rio Lima ter\u00e1 uma nova ponte pedonal e cicl\u00e1vel, junto \u00e0 centen\u00e1ria ponte Eiffel. A travessia, em liga\u00e7\u00e3o suspensa por tirantes, tem o tabuleiro em formato de \u201cS\u201d e inspira-se nas ondula\u00e7\u00f5es do mar e nos mastros de veleiros. O projeto \u00e9 da Armando Rito Engenharia, em parceria com a Knight Architects (Reino Unido). A conce\u00e7\u00e3o foi apresentada ap\u00f3s vencer um concurso p\u00fablico internacional para a liga\u00e7\u00e3o sobre o rio.","og_url":"https:\/\/portaltela.pt\/noticias\/2026\/02\/26\/ponte-pedonal-no-rio-lima-vira-varanda-para-a-historica-torre-eiffel\/","og_site_name":"Portal Tela Portugal","article_published_time":"2026-02-26T07:40:00+00:00","author":"Telinha","twitter_card":"summary_large_image","twitter_misc":{"Escrito por":"Telinha","Tempo estimado de leitura":"1 minuto"},"schema":{"@context":"https:\/\/schema.org","@graph":[{"@type":"Article","@id":"https:\/\/portaltela.pt\/noticias\/2026\/02\/26\/ponte-pedonal-no-rio-lima-vira-varanda-para-a-historica-torre-eiffel\/#article","isPartOf":{"@id":"https:\/\/portaltela.pt\/noticias\/2026\/02\/26\/ponte-pedonal-no-rio-lima-vira-varanda-para-a-historica-torre-eiffel\/"},"author":{"name":"Telinha","@id":"https:\/\/portaltela.pt\/#\/schema\/person\/c4278d4a6028830caff9ee44b42d32ed"},"headline":"Ponte pedonal no rio Lima vira varanda para a hist\u00f3rica Torre Eiffel","datePublished":"2026-02-26T07:40:00+00:00","mainEntityOfPage":{"@id":"https:\/\/portaltela.pt\/noticias\/2026\/02\/26\/ponte-pedonal-no-rio-lima-vira-varanda-para-a-historica-torre-eiffel\/"},"wordCount":132,"image":{"@id":"https:\/\/portaltela.pt\/noticias\/2026\/02\/26\/ponte-pedonal-no-rio-lima-vira-varanda-para-a-historica-torre-eiffel\/#primaryimage"},"thumbnailUrl":"https:\/\/portaltela.pt\/s.01k8rhncp4jt1\/2026\/02\/image-1887.jpg","keywords":["arquitetura","engenharia civil","mobilidade urbana","Portugal","urbanismo","Viana do Castelo"],"articleSection":["Not\u00edcias"],"inLanguage":"pt-PT"},{"@type":"WebPage","@id":"https:\/\/portaltela.pt\/noticias\/2026\/02\/26\/ponte-pedonal-no-rio-lima-vira-varanda-para-a-historica-torre-eiffel\/","url":"https:\/\/portaltela.pt\/noticias\/2026\/02\/26\/ponte-pedonal-no-rio-lima-vira-varanda-para-a-historica-torre-eiffel\/","name":"Ponte pedonal no rio Lima vira varanda para a hist\u00f3rica Torre Eiffel - Portal Tela Portugal","isPartOf":{"@id":"https:\/\/portaltela.pt\/#website"},"primaryImageOfPage":{"@id":"https:\/\/portaltela.pt\/noticias\/2026\/02\/26\/ponte-pedonal-no-rio-lima-vira-varanda-para-a-historica-torre-eiffel\/#primaryimage"},"image":{"@id":"https:\/\/portaltela.pt\/noticias\/2026\/02\/26\/ponte-pedonal-no-rio-lima-vira-varanda-para-a-historica-torre-eiffel\/#primaryimage"},"thumbnailUrl":"https:\/\/portaltela.pt\/s.01k8rhncp4jt1\/2026\/02\/image-1887.jpg","datePublished":"2026-02-26T07:40:00+00:00","author":{"@id":"https:\/\/portaltela.pt\/#\/schema\/person\/c4278d4a6028830caff9ee44b42d32ed"},"breadcrumb":{"@id":"https:\/\/portaltela.pt\/noticias\/2026\/02\/26\/ponte-pedonal-no-rio-lima-vira-varanda-para-a-historica-torre-eiffel\/#breadcrumb"},"inLanguage":"pt-PT","potentialAction":[{"@type":"ReadAction","target":["https:\/\/portaltela.pt\/noticias\/2026\/02\/26\/ponte-pedonal-no-rio-lima-vira-varanda-para-a-historica-torre-eiffel\/"]}]},{"@type":"ImageObject","inLanguage":"pt-PT","@id":"https:\/\/portaltela.pt\/noticias\/2026\/02\/26\/ponte-pedonal-no-rio-lima-vira-varanda-para-a-historica-torre-eiffel\/#primaryimage","url":"https:\/\/portaltela.pt\/s.01k8rhncp4jt1\/2026\/02\/image-1887.jpg","contentUrl":"https:\/\/portaltela.pt\/s.01k8rhncp4jt1\/2026\/02\/image-1887.jpg","width":796,"height":448,"caption":"Nova ponte tem tabuleiro em \"S\""},{"@type":"BreadcrumbList","@id":"https:\/\/portaltela.pt\/noticias\/2026\/02\/26\/ponte-pedonal-no-rio-lima-vira-varanda-para-a-historica-torre-eiffel\/#breadcrumb","itemListElement":[{"@type":"ListItem","position":1,"name":"In\u00edcio","item":"https:\/\/portaltela.pt\/"},{"@type":"ListItem","position":2,"name":"Ponte pedonal no rio Lima vira varanda para a hist\u00f3rica Torre Eiffel"}]},{"@type":"WebSite","@id":"https:\/\/portaltela.pt\/#website","url":"https:\/\/portaltela.pt\/","name":"Portal Tela Portugal","description":"","potentialAction":[{"@type":"SearchAction","target":{"@type":"EntryPoint","urlTemplate":"https:\/\/portaltela.pt\/?s={search_term_string}"},"query-input":{"@type":"PropertyValueSpecification","valueRequired":true,"valueName":"search_term_string"}}],"inLanguage":"pt-PT"},{"@type":"Person","@id":"https:\/\/portaltela.pt\/#\/schema\/person\/c4278d4a6028830caff9ee44b42d32ed","name":"Telinha","image":{"@type":"ImageObject","inLanguage":"pt-PT","@id":"https:\/\/portaltela.pt\/s.01k8rhncp4jt1\/2025\/11\/talking-bot-125x125.png","url":"https:\/\/portaltela.pt\/s.01k8rhncp4jt1\/2025\/11\/talking-bot-125x125.png","contentUrl":"https:\/\/portaltela.pt\/s.01k8rhncp4jt1\/2025\/11\/talking-bot-125x125.png","caption":"Telinha"},"sameAs":["https:\/\/portaltela.pt\/"],"url":"https:\/\/portaltela.pt\/por\/367410592786\/"}]}},"_links":{"self":[{"href":"https:\/\/portaltela.pt\/api\/wp\/v2\/posts\/388528","targetHints":{"allow":["GET"]}}],"collection":[{"href":"https:\/\/portaltela.pt\/api\/wp\/v2\/posts"}],"about":[{"href":"https:\/\/portaltela.pt\/api\/wp\/v2\/types\/post"}],"author":[{"embeddable":true,"href":"https:\/\/portaltela.pt\/api\/wp\/v2\/users\/2"}],"replies":[{"embeddable":true,"href":"https:\/\/portaltela.pt\/api\/wp\/v2\/comments?post=388528"}],"version-history":[{"count":0,"href":"https:\/\/portaltela.pt\/api\/wp\/v2\/posts\/388528\/revisions"}],"wp:featuredmedia":[{"embeddable":true,"href":"https:\/\/portaltela.pt\/api\/wp\/v2\/media\/388532"}],"wp:attachment":[{"href":"https:\/\/portaltela.pt\/api\/wp\/v2\/media?parent=388528"}],"wp:term":[{"taxonomy":"category","embeddable":true,"href":"https:\/\/portaltela.pt\/api\/wp\/v2\/categories?post=388528"},{"taxonomy":"post_tag","embeddable":true,"href":"https:\/\/portaltela.pt\/api\/wp\/v2\/tags?post=388528"}],"curies":[{"name":"wp","href":"https:\/\/api.w.org\/{rel}","templated":true}]}}