{"id":388514,"date":"2026-02-26T04:16:50","date_gmt":"2026-02-26T07:16:50","guid":{"rendered":"https:\/\/portaltela.pt\/noticias\/2026\/02\/26\/autenticacao-de-dois-fatores-no-portal-da-seguranca-social-para-empresas\/"},"modified":"2026-02-26T04:16:50","modified_gmt":"2026-02-26T07:16:50","slug":"autenticacao-de-dois-fatores-no-portal-da-seguranca-social-para-empresas","status":"publish","type":"post","link":"https:\/\/portaltela.pt\/noticias\/2026\/02\/26\/autenticacao-de-dois-fatores-no-portal-da-seguranca-social-para-empresas\/","title":{"rendered":"Autentica\u00e7\u00e3o de dois fatores no portal da Seguran\u00e7a Social para empresas"},"content":{"rendered":"<p>As empresas v\u00e3o passar a exigir autentica\u00e7\u00e3o refor\u00e7ada para aceder ao portal da Seguran\u00e7a Social a partir de esta ter\u00e7a-feira. O sistema de autentica\u00e7\u00e3o de dois fatores (2FA) ser\u00e1 obrigat\u00f3rio para acesso, com a data-limite de implementa\u00e7\u00e3o a 12 de maio. A medida visa aumentar a prote\u00e7\u00e3o dos dados pessoais dos utilizadores.<\/p>\n<p>A 2FA acrescenta uma verifica\u00e7\u00e3o adicional al\u00e9m da palavra-passe, atrav\u00e9s de um c\u00f3digo tempor\u00e1rio enviado por SMS ou por e-mail, para confirmar a identidade do utilizador. A Seguran\u00e7a Social explica que a mudan\u00e7a Alinha o portal com as melhores pr\u00e1ticas de ciberseguran\u00e7a.<\/p>\n<p>A nota oficial publicada no site da Seguran\u00e7a Social em 14 de janeiro indica que a autentica\u00e7\u00e3o de dois fatores j\u00e1 \u00e9 utiliz\u00e1vel pelos cidad\u00e3os de forma opcional, com obrigatoriedade marcada para o dia 12 de maio. As entidades empresariais devem ativar o sistema at\u00e9 esse momento.<\/p>\n<p>Al\u00e9m de empresas, o portal das Finan\u00e7as tamb\u00e9m implementou um sistema de autentica\u00e7\u00e3o refor\u00e7ada. A partir de 9 de julho de 2025, os contribuintes positively podem aceder \u00e0 p\u00e1gina pessoal via c\u00f3digo enviado por SMS. Esta medida refor\u00e7a a prote\u00e7\u00e3o de dados fiscais.<\/p>\n<p>Para facilitar a transi\u00e7\u00e3o, a Seguran\u00e7a Social recomenda que cidad\u00e3os e empresas validem de imediato os contactos de seguran\u00e7a (e-mail e telem\u00f3vel). A valida\u00e7\u00e3o precoce evita interrup\u00e7\u00f5es de acesso quando a obrigatoriedade entrar em vigor.<\/p>\n<h3>A quem se aplica e porqu\u00ea<\/h3>\n<p>A mudan\u00e7a tem como objetivo refor\u00e7ar a seguran\u00e7a do portal e proteger informa\u00e7\u00f5es sens\u00edveis. As entidades empresariais passam a depender de dois fatores para confirmar identidades antes de aceder a servi\u00e7os online.<\/p>\n<p>A implementa\u00e7\u00e3o progressiva pretende minimizar impactos operacionais. A Seguran\u00e7a Social destaca que a ativa\u00e7\u00e3o antecipada facilita a verifica\u00e7\u00e3o dos contatos e evita falhas de acesso no dia da obrigatoriedade.<\/p>\n","protected":false},"excerpt":{"rendered":"<ul>\n<li>A partir desta ter\u00e7a-feira entra em vigor para as empresas o sistema de autentica\u00e7\u00e3o de dois fatores no portal da Seguran\u00e7a Social.<\/li>\n<li>A dupla autentica\u00e7\u00e3o passa a ser obrigat\u00f3ria a partir de 12 de maio, tal como j\u00e1 acontece para os cidad\u00e3os, que j\u00e1 a podem usar de forma opcional.<\/li>\n<li>A medida visa refor\u00e7ar a seguran\u00e7a e a prote\u00e7\u00e3o dos dados pessoais, alinhando o portal com as melhores pr\u00e1ticas internacionais de ciberseguran\u00e7a.<\/li>\n<li>A autentica\u00e7\u00e3o requer, al\u00e9m da palavra-passe, um c\u00f3digo tempor\u00e1rio enviado para um contacto validado (telem\u00f3vel ou e-mail).<\/li>\n<li>O portal das Finan\u00e7as j\u00e1 aplica um sistema de autentica\u00e7\u00e3o refor\u00e7ada desde 9 de julho de 2025, com c\u00f3digo enviado por SMS.<\/li>\n<\/ul>\n","protected":false},"author":2,"featured_media":388521,"comment_status":"closed","ping_status":"closed","sticky":false,"template":"","format":"standard","meta":{"footnotes":""},"categories":[1],"tags":[3681,195,2215,4536,5473,4025],"class_list":["post-388514","post","type-post","status-publish","format-standard","has-post-thumbnail","hentry","category-noticias","tag-cyberseguranca","tag-informacao","tag-protecao-da-privacidade","tag-seguranca","tag-servicos-digitais","tag-transicao-digital"],"yoast_head":"<!-- This site is optimized with the Yoast SEO plugin v27.2 - https:\/\/yoast.com\/product\/yoast-seo-wordpress\/ -->\n<title>Autentica\u00e7\u00e3o de dois fatores no portal da Seguran\u00e7a Social para empresas - Portal Tela Portugal<\/title>\n<meta name=\"robots\" content=\"index, follow, max-snippet:-1, max-image-preview:large, max-video-preview:-1\" \/>\n<meta property=\"og:locale\" content=\"pt_PT\" \/>\n<meta property=\"og:type\" content=\"article\" \/>\n<meta property=\"og:title\" content=\"Autentica\u00e7\u00e3o de dois fatores no portal da Seguran\u00e7a Social para empresas - Portal Tela Portugal\" \/>\n<meta property=\"og:description\" content=\"A partir desta ter\u00e7a-feira entra em vigor para as empresas o sistema de autentica\u00e7\u00e3o de dois fatores no portal da Seguran\u00e7a Social. A dupla autentica\u00e7\u00e3o passa a ser obrigat\u00f3ria a partir de 12 de maio, tal como j\u00e1 acontece para os cidad\u00e3os, que j\u00e1 a podem usar de forma opcional. A medida visa refor\u00e7ar a seguran\u00e7a e a prote\u00e7\u00e3o dos dados pessoais, alinhando o portal com as melhores pr\u00e1ticas internacionais de ciberseguran\u00e7a. A autentica\u00e7\u00e3o requer, al\u00e9m da palavra-passe, um c\u00f3digo tempor\u00e1rio enviado para um contacto validado (telem\u00f3vel ou e-mail). O portal das Finan\u00e7as j\u00e1 aplica um sistema de autentica\u00e7\u00e3o refor\u00e7ada desde 9 de julho de 2025, com c\u00f3digo enviado por SMS.\" \/>\n<meta property=\"og:url\" content=\"https:\/\/portaltela.pt\/noticias\/2026\/02\/26\/autenticacao-de-dois-fatores-no-portal-da-seguranca-social-para-empresas\/\" \/>\n<meta property=\"og:site_name\" content=\"Portal Tela Portugal\" \/>\n<meta property=\"article:published_time\" content=\"2026-02-26T07:16:50+00:00\" \/>\n<meta name=\"author\" content=\"Telinha\" \/>\n<meta name=\"twitter:card\" content=\"summary_large_image\" \/>\n<meta name=\"twitter:label1\" content=\"Escrito por\" \/>\n\t<meta name=\"twitter:data1\" content=\"Telinha\" \/>\n\t<meta name=\"twitter:label2\" content=\"Tempo estimado de leitura\" \/>\n\t<meta name=\"twitter:data2\" content=\"2 minutos\" \/>\n<script type=\"application\/ld+json\" class=\"yoast-schema-graph\">{\"@context\":\"https:\/\/schema.org\",\"@graph\":[{\"@type\":\"Article\",\"@id\":\"https:\/\/portaltela.pt\/noticias\/2026\/02\/26\/autenticacao-de-dois-fatores-no-portal-da-seguranca-social-para-empresas\/#article\",\"isPartOf\":{\"@id\":\"https:\/\/portaltela.pt\/noticias\/2026\/02\/26\/autenticacao-de-dois-fatores-no-portal-da-seguranca-social-para-empresas\/\"},\"author\":{\"name\":\"Telinha\",\"@id\":\"https:\/\/portaltela.pt\/#\/schema\/person\/c4278d4a6028830caff9ee44b42d32ed\"},\"headline\":\"Autentica\u00e7\u00e3o de dois fatores no portal da Seguran\u00e7a Social para empresas\",\"datePublished\":\"2026-02-26T07:16:50+00:00\",\"mainEntityOfPage\":{\"@id\":\"https:\/\/portaltela.pt\/noticias\/2026\/02\/26\/autenticacao-de-dois-fatores-no-portal-da-seguranca-social-para-empresas\/\"},\"wordCount\":340,\"image\":{\"@id\":\"https:\/\/portaltela.pt\/noticias\/2026\/02\/26\/autenticacao-de-dois-fatores-no-portal-da-seguranca-social-para-empresas\/#primaryimage\"},\"thumbnailUrl\":\"https:\/\/portaltela.pt\/s.01k8rhncp4jt1\/2026\/02\/img_1500x1000uu2026-02-12-15-22-05-2193704-1.jpg\",\"keywords\":[\"cyberseguran\u00e7a\",\"informa\u00e7\u00e3o\",\"prote\u00e7\u00e3o da privacidade\",\"seguran\u00e7a\",\"servi\u00e7os digitais\",\"Transi\u00e7\u00e3o Digital\"],\"articleSection\":[\"Not\u00edcias\"],\"inLanguage\":\"pt-PT\"},{\"@type\":\"WebPage\",\"@id\":\"https:\/\/portaltela.pt\/noticias\/2026\/02\/26\/autenticacao-de-dois-fatores-no-portal-da-seguranca-social-para-empresas\/\",\"url\":\"https:\/\/portaltela.pt\/noticias\/2026\/02\/26\/autenticacao-de-dois-fatores-no-portal-da-seguranca-social-para-empresas\/\",\"name\":\"Autentica\u00e7\u00e3o de dois fatores no portal da Seguran\u00e7a Social para empresas - Portal Tela Portugal\",\"isPartOf\":{\"@id\":\"https:\/\/portaltela.pt\/#website\"},\"primaryImageOfPage\":{\"@id\":\"https:\/\/portaltela.pt\/noticias\/2026\/02\/26\/autenticacao-de-dois-fatores-no-portal-da-seguranca-social-para-empresas\/#primaryimage\"},\"image\":{\"@id\":\"https:\/\/portaltela.pt\/noticias\/2026\/02\/26\/autenticacao-de-dois-fatores-no-portal-da-seguranca-social-para-empresas\/#primaryimage\"},\"thumbnailUrl\":\"https:\/\/portaltela.pt\/s.01k8rhncp4jt1\/2026\/02\/img_1500x1000uu2026-02-12-15-22-05-2193704-1.jpg\",\"datePublished\":\"2026-02-26T07:16:50+00:00\",\"author\":{\"@id\":\"https:\/\/portaltela.pt\/#\/schema\/person\/c4278d4a6028830caff9ee44b42d32ed\"},\"breadcrumb\":{\"@id\":\"https:\/\/portaltela.pt\/noticias\/2026\/02\/26\/autenticacao-de-dois-fatores-no-portal-da-seguranca-social-para-empresas\/#breadcrumb\"},\"inLanguage\":\"pt-PT\",\"potentialAction\":[{\"@type\":\"ReadAction\",\"target\":[\"https:\/\/portaltela.pt\/noticias\/2026\/02\/26\/autenticacao-de-dois-fatores-no-portal-da-seguranca-social-para-empresas\/\"]}]},{\"@type\":\"ImageObject\",\"inLanguage\":\"pt-PT\",\"@id\":\"https:\/\/portaltela.pt\/noticias\/2026\/02\/26\/autenticacao-de-dois-fatores-no-portal-da-seguranca-social-para-empresas\/#primaryimage\",\"url\":\"https:\/\/portaltela.pt\/s.01k8rhncp4jt1\/2026\/02\/img_1500x1000uu2026-02-12-15-22-05-2193704-1.jpg\",\"contentUrl\":\"https:\/\/portaltela.pt\/s.01k8rhncp4jt1\/2026\/02\/img_1500x1000uu2026-02-12-15-22-05-2193704-1.jpg\",\"width\":796,\"height\":448,\"caption\":\"Autentica\u00e7\u00e3o de dois fatores no portal da Seguran\u00e7a Social para empresas\"},{\"@type\":\"BreadcrumbList\",\"@id\":\"https:\/\/portaltela.pt\/noticias\/2026\/02\/26\/autenticacao-de-dois-fatores-no-portal-da-seguranca-social-para-empresas\/#breadcrumb\",\"itemListElement\":[{\"@type\":\"ListItem\",\"position\":1,\"name\":\"In\u00edcio\",\"item\":\"https:\/\/portaltela.pt\/\"},{\"@type\":\"ListItem\",\"position\":2,\"name\":\"Autentica\u00e7\u00e3o de dois fatores no portal da Seguran\u00e7a Social para empresas\"}]},{\"@type\":\"WebSite\",\"@id\":\"https:\/\/portaltela.pt\/#website\",\"url\":\"https:\/\/portaltela.pt\/\",\"name\":\"Portal Tela Portugal\",\"description\":\"\",\"potentialAction\":[{\"@type\":\"SearchAction\",\"target\":{\"@type\":\"EntryPoint\",\"urlTemplate\":\"https:\/\/portaltela.pt\/?s={search_term_string}\"},\"query-input\":{\"@type\":\"PropertyValueSpecification\",\"valueRequired\":true,\"valueName\":\"search_term_string\"}}],\"inLanguage\":\"pt-PT\"},{\"@type\":\"Person\",\"@id\":\"https:\/\/portaltela.pt\/#\/schema\/person\/c4278d4a6028830caff9ee44b42d32ed\",\"name\":\"Telinha\",\"image\":{\"@type\":\"ImageObject\",\"inLanguage\":\"pt-PT\",\"@id\":\"https:\/\/portaltela.pt\/s.01k8rhncp4jt1\/2025\/11\/talking-bot-125x125.png\",\"url\":\"https:\/\/portaltela.pt\/s.01k8rhncp4jt1\/2025\/11\/talking-bot-125x125.png\",\"contentUrl\":\"https:\/\/portaltela.pt\/s.01k8rhncp4jt1\/2025\/11\/talking-bot-125x125.png\",\"caption\":\"Telinha\"},\"sameAs\":[\"https:\/\/portaltela.pt\/\"],\"url\":\"https:\/\/portaltela.pt\/por\/367410592786\/\"}]}<\/script>\n<!-- \/ Yoast SEO plugin. -->","yoast_head_json":{"title":"Autentica\u00e7\u00e3o de dois fatores no portal da Seguran\u00e7a Social para empresas - Portal Tela Portugal","robots":{"index":"index","follow":"follow","max-snippet":"max-snippet:-1","max-image-preview":"max-image-preview:large","max-video-preview":"max-video-preview:-1"},"og_locale":"pt_PT","og_type":"article","og_title":"Autentica\u00e7\u00e3o de dois fatores no portal da Seguran\u00e7a Social para empresas - Portal Tela Portugal","og_description":"A partir desta ter\u00e7a-feira entra em vigor para as empresas o sistema de autentica\u00e7\u00e3o de dois fatores no portal da Seguran\u00e7a Social. A dupla autentica\u00e7\u00e3o passa a ser obrigat\u00f3ria a partir de 12 de maio, tal como j\u00e1 acontece para os cidad\u00e3os, que j\u00e1 a podem usar de forma opcional. A medida visa refor\u00e7ar a seguran\u00e7a e a prote\u00e7\u00e3o dos dados pessoais, alinhando o portal com as melhores pr\u00e1ticas internacionais de ciberseguran\u00e7a. A autentica\u00e7\u00e3o requer, al\u00e9m da palavra-passe, um c\u00f3digo tempor\u00e1rio enviado para um contacto validado (telem\u00f3vel ou e-mail). O portal das Finan\u00e7as j\u00e1 aplica um sistema de autentica\u00e7\u00e3o refor\u00e7ada desde 9 de julho de 2025, com c\u00f3digo enviado por SMS.","og_url":"https:\/\/portaltela.pt\/noticias\/2026\/02\/26\/autenticacao-de-dois-fatores-no-portal-da-seguranca-social-para-empresas\/","og_site_name":"Portal Tela Portugal","article_published_time":"2026-02-26T07:16:50+00:00","author":"Telinha","twitter_card":"summary_large_image","twitter_misc":{"Escrito por":"Telinha","Tempo estimado de leitura":"2 minutos"},"schema":{"@context":"https:\/\/schema.org","@graph":[{"@type":"Article","@id":"https:\/\/portaltela.pt\/noticias\/2026\/02\/26\/autenticacao-de-dois-fatores-no-portal-da-seguranca-social-para-empresas\/#article","isPartOf":{"@id":"https:\/\/portaltela.pt\/noticias\/2026\/02\/26\/autenticacao-de-dois-fatores-no-portal-da-seguranca-social-para-empresas\/"},"author":{"name":"Telinha","@id":"https:\/\/portaltela.pt\/#\/schema\/person\/c4278d4a6028830caff9ee44b42d32ed"},"headline":"Autentica\u00e7\u00e3o de dois fatores no portal da Seguran\u00e7a Social para empresas","datePublished":"2026-02-26T07:16:50+00:00","mainEntityOfPage":{"@id":"https:\/\/portaltela.pt\/noticias\/2026\/02\/26\/autenticacao-de-dois-fatores-no-portal-da-seguranca-social-para-empresas\/"},"wordCount":340,"image":{"@id":"https:\/\/portaltela.pt\/noticias\/2026\/02\/26\/autenticacao-de-dois-fatores-no-portal-da-seguranca-social-para-empresas\/#primaryimage"},"thumbnailUrl":"https:\/\/portaltela.pt\/s.01k8rhncp4jt1\/2026\/02\/img_1500x1000uu2026-02-12-15-22-05-2193704-1.jpg","keywords":["cyberseguran\u00e7a","informa\u00e7\u00e3o","prote\u00e7\u00e3o da privacidade","seguran\u00e7a","servi\u00e7os digitais","Transi\u00e7\u00e3o Digital"],"articleSection":["Not\u00edcias"],"inLanguage":"pt-PT"},{"@type":"WebPage","@id":"https:\/\/portaltela.pt\/noticias\/2026\/02\/26\/autenticacao-de-dois-fatores-no-portal-da-seguranca-social-para-empresas\/","url":"https:\/\/portaltela.pt\/noticias\/2026\/02\/26\/autenticacao-de-dois-fatores-no-portal-da-seguranca-social-para-empresas\/","name":"Autentica\u00e7\u00e3o de dois fatores no portal da Seguran\u00e7a Social para empresas - Portal Tela Portugal","isPartOf":{"@id":"https:\/\/portaltela.pt\/#website"},"primaryImageOfPage":{"@id":"https:\/\/portaltela.pt\/noticias\/2026\/02\/26\/autenticacao-de-dois-fatores-no-portal-da-seguranca-social-para-empresas\/#primaryimage"},"image":{"@id":"https:\/\/portaltela.pt\/noticias\/2026\/02\/26\/autenticacao-de-dois-fatores-no-portal-da-seguranca-social-para-empresas\/#primaryimage"},"thumbnailUrl":"https:\/\/portaltela.pt\/s.01k8rhncp4jt1\/2026\/02\/img_1500x1000uu2026-02-12-15-22-05-2193704-1.jpg","datePublished":"2026-02-26T07:16:50+00:00","author":{"@id":"https:\/\/portaltela.pt\/#\/schema\/person\/c4278d4a6028830caff9ee44b42d32ed"},"breadcrumb":{"@id":"https:\/\/portaltela.pt\/noticias\/2026\/02\/26\/autenticacao-de-dois-fatores-no-portal-da-seguranca-social-para-empresas\/#breadcrumb"},"inLanguage":"pt-PT","potentialAction":[{"@type":"ReadAction","target":["https:\/\/portaltela.pt\/noticias\/2026\/02\/26\/autenticacao-de-dois-fatores-no-portal-da-seguranca-social-para-empresas\/"]}]},{"@type":"ImageObject","inLanguage":"pt-PT","@id":"https:\/\/portaltela.pt\/noticias\/2026\/02\/26\/autenticacao-de-dois-fatores-no-portal-da-seguranca-social-para-empresas\/#primaryimage","url":"https:\/\/portaltela.pt\/s.01k8rhncp4jt1\/2026\/02\/img_1500x1000uu2026-02-12-15-22-05-2193704-1.jpg","contentUrl":"https:\/\/portaltela.pt\/s.01k8rhncp4jt1\/2026\/02\/img_1500x1000uu2026-02-12-15-22-05-2193704-1.jpg","width":796,"height":448,"caption":"Autentica\u00e7\u00e3o de dois fatores no portal da Seguran\u00e7a Social para empresas"},{"@type":"BreadcrumbList","@id":"https:\/\/portaltela.pt\/noticias\/2026\/02\/26\/autenticacao-de-dois-fatores-no-portal-da-seguranca-social-para-empresas\/#breadcrumb","itemListElement":[{"@type":"ListItem","position":1,"name":"In\u00edcio","item":"https:\/\/portaltela.pt\/"},{"@type":"ListItem","position":2,"name":"Autentica\u00e7\u00e3o de dois fatores no portal da Seguran\u00e7a Social para empresas"}]},{"@type":"WebSite","@id":"https:\/\/portaltela.pt\/#website","url":"https:\/\/portaltela.pt\/","name":"Portal Tela Portugal","description":"","potentialAction":[{"@type":"SearchAction","target":{"@type":"EntryPoint","urlTemplate":"https:\/\/portaltela.pt\/?s={search_term_string}"},"query-input":{"@type":"PropertyValueSpecification","valueRequired":true,"valueName":"search_term_string"}}],"inLanguage":"pt-PT"},{"@type":"Person","@id":"https:\/\/portaltela.pt\/#\/schema\/person\/c4278d4a6028830caff9ee44b42d32ed","name":"Telinha","image":{"@type":"ImageObject","inLanguage":"pt-PT","@id":"https:\/\/portaltela.pt\/s.01k8rhncp4jt1\/2025\/11\/talking-bot-125x125.png","url":"https:\/\/portaltela.pt\/s.01k8rhncp4jt1\/2025\/11\/talking-bot-125x125.png","contentUrl":"https:\/\/portaltela.pt\/s.01k8rhncp4jt1\/2025\/11\/talking-bot-125x125.png","caption":"Telinha"},"sameAs":["https:\/\/portaltela.pt\/"],"url":"https:\/\/portaltela.pt\/por\/367410592786\/"}]}},"_links":{"self":[{"href":"https:\/\/portaltela.pt\/api\/wp\/v2\/posts\/388514","targetHints":{"allow":["GET"]}}],"collection":[{"href":"https:\/\/portaltela.pt\/api\/wp\/v2\/posts"}],"about":[{"href":"https:\/\/portaltela.pt\/api\/wp\/v2\/types\/post"}],"author":[{"embeddable":true,"href":"https:\/\/portaltela.pt\/api\/wp\/v2\/users\/2"}],"replies":[{"embeddable":true,"href":"https:\/\/portaltela.pt\/api\/wp\/v2\/comments?post=388514"}],"version-history":[{"count":0,"href":"https:\/\/portaltela.pt\/api\/wp\/v2\/posts\/388514\/revisions"}],"wp:featuredmedia":[{"embeddable":true,"href":"https:\/\/portaltela.pt\/api\/wp\/v2\/media\/388521"}],"wp:attachment":[{"href":"https:\/\/portaltela.pt\/api\/wp\/v2\/media?parent=388514"}],"wp:term":[{"taxonomy":"category","embeddable":true,"href":"https:\/\/portaltela.pt\/api\/wp\/v2\/categories?post=388514"},{"taxonomy":"post_tag","embeddable":true,"href":"https:\/\/portaltela.pt\/api\/wp\/v2\/tags?post=388514"}],"curies":[{"name":"wp","href":"https:\/\/api.w.org\/{rel}","templated":true}]}}