{"id":388496,"date":"2026-02-26T03:36:00","date_gmt":"2026-02-26T06:36:00","guid":{"rendered":"https:\/\/portaltela.pt\/noticias\/2026\/02\/26\/industria-nao-tem-capacidade-para-absorver-madeira-derrubada-por-tempestades\/"},"modified":"2026-02-26T03:36:00","modified_gmt":"2026-02-26T06:36:00","slug":"industria-nao-tem-capacidade-para-absorver-madeira-derrubada-por-tempestades","status":"publish","type":"post","link":"https:\/\/portaltela.pt\/noticias\/2026\/02\/26\/industria-nao-tem-capacidade-para-absorver-madeira-derrubada-por-tempestades\/","title":{"rendered":"Ind\u00fastria n\u00e3o tem capacidade para absorver madeira derrubada por tempestades"},"content":{"rendered":"<p>A madrugada de 28 de janeiro ficou marcada por ventos fortes que derrubaram pinheiros nas regi\u00f5es entre Figueira da Foz e Leiria, com incid\u00eancia na zona de Marinha das Ondas. Em Aveiro para sul pela A17, ra\u00edzes de um pinheiro de grande porte foram avultadas pela for\u00e7a do vento e a \u00e1rvore acabou por ser cortada pela base para desobstruir a via. O transporte seguiu com o pinheiro removido, mas o cen\u00e1rio de estragos manteve-se evidente nas serras da regi\u00e3o.<\/p>\n<p>A ind\u00fastria madeireira confronta uma realidade preocupante: mais de dois milh\u00f5es de metros c\u00fabicos de madeira de pinho precisam de remo\u00e7\u00e3o na faixa litoral entre Figueira da Foz e Leiria, valor que representa quase metade do consumo anual da fileira. Os \u201cres\u00edduos\u201d de troncos e ramos formam um rasto extenso no terreno, com v\u00e1rias \u00e1rvores tombadas umas sobre as outras.<\/p>\n<h3>Impacto econ\u00f3mico e ambiental<\/h3>\n<p>Os efeitos s\u00e3o sentidos n\u00e3o apenas na gest\u00e3o de vias, mas tamb\u00e9m no abastecimento de mat\u00e9ria-prima para o setor industrial. O Pinhal do Rei, entre outros trechos, aparece entre as \u00e1reas mais afetadas, com muitos exemplares derrubados em sequ\u00eancia, gerando necessidade de coordena\u00e7\u00e3o entre autoridades, propriet\u00e1rios e empresas de tamb\u00e9m remo\u00e7\u00e3o e aproveitamento da madeira.<\/p>\n","protected":false},"excerpt":{"rendered":"<ul>\n<li>A ind\u00fastria da regi\u00e3o entre a Figueira da Foz e Leiria n\u00e3o tem capacidade para absorver a madeira derrubada pelas tempestades, estimando-se mais de dois milh\u00f5es de metros c\u00fabicos de pinho a remover, o que corresponde a metade do consumo industrial anual da fileira.<\/li>\n<li>A situa\u00e7\u00e3o ficou evidente numa faixa costeira onde ventos fortes arrancaram pinheiros de grande porte, incluindo \u00e1rvores com di\u00e2metro pr\u00f3ximo de um metro.<\/li>\n<li>Ap\u00f3s o vento an\u00f3malo que assombrou o pa\u00eds na madrugada de 28 de janeiro, a \u00e1rvore observada foi cortada pela base e os troncos e ramos removidos para desobstruir a via, mas a passagem revelou um grande registo de \u00e1rvores derrubadas.<\/li>\n<li>Em v\u00e1rias zonas da regi\u00e3o, as \u00e1rvores tombaram em sequ\u00eancia, formando um aut\u00eantico efeito domin\u00f3 e deixando um rasto de troncos e ramos espalhados no ch\u00e3o.<\/li>\n<li>Entre as \u00e1reas atingidas est\u00e1 o Pinhal do Rei, que tamb\u00e9m registou quedas significativas de pinheiros, refor\u00e7ando o impacto generalizado na floresta entre Figueira da Foz e Leiria.<\/li>\n<\/ul>\n","protected":false},"author":2,"featured_media":388509,"comment_status":"closed","ping_status":"closed","sticky":false,"template":"","format":"standard","meta":{"footnotes":""},"categories":[1],"tags":[167,28,4576,6376,1014,192],"class_list":["post-388496","post","type-post","status-publish","format-standard","has-post-thumbnail","hentry","category-noticias","tag-ambiente","tag-economia","tag-florestal","tag-madeiras","tag-portugal","tag-transporte"],"yoast_head":"<!-- This site is optimized with the Yoast SEO plugin v27.2 - https:\/\/yoast.com\/product\/yoast-seo-wordpress\/ -->\n<title>Ind\u00fastria n\u00e3o tem capacidade para absorver madeira derrubada por tempestades - Portal Tela Portugal<\/title>\n<meta name=\"robots\" content=\"index, follow, max-snippet:-1, max-image-preview:large, max-video-preview:-1\" \/>\n<meta property=\"og:locale\" content=\"pt_PT\" \/>\n<meta property=\"og:type\" content=\"article\" \/>\n<meta property=\"og:title\" content=\"Ind\u00fastria n\u00e3o tem capacidade para absorver madeira derrubada por tempestades - Portal Tela Portugal\" \/>\n<meta property=\"og:description\" content=\"A ind\u00fastria da regi\u00e3o entre a Figueira da Foz e Leiria n\u00e3o tem capacidade para absorver a madeira derrubada pelas tempestades, estimando-se mais de dois milh\u00f5es de metros c\u00fabicos de pinho a remover, o que corresponde a metade do consumo industrial anual da fileira. A situa\u00e7\u00e3o ficou evidente numa faixa costeira onde ventos fortes arrancaram pinheiros de grande porte, incluindo \u00e1rvores com di\u00e2metro pr\u00f3ximo de um metro. Ap\u00f3s o vento an\u00f3malo que assombrou o pa\u00eds na madrugada de 28 de janeiro, a \u00e1rvore observada foi cortada pela base e os troncos e ramos removidos para desobstruir a via, mas a passagem revelou um grande registo de \u00e1rvores derrubadas. Em v\u00e1rias zonas da regi\u00e3o, as \u00e1rvores tombaram em sequ\u00eancia, formando um aut\u00eantico efeito domin\u00f3 e deixando um rasto de troncos e ramos espalhados no ch\u00e3o. Entre as \u00e1reas atingidas est\u00e1 o Pinhal do Rei, que tamb\u00e9m registou quedas significativas de pinheiros, refor\u00e7ando o impacto generalizado na floresta entre Figueira da Foz e Leiria.\" \/>\n<meta property=\"og:url\" content=\"https:\/\/portaltela.pt\/noticias\/2026\/02\/26\/industria-nao-tem-capacidade-para-absorver-madeira-derrubada-por-tempestades\/\" \/>\n<meta property=\"og:site_name\" content=\"Portal Tela Portugal\" \/>\n<meta property=\"article:published_time\" content=\"2026-02-26T06:36:00+00:00\" \/>\n<meta name=\"author\" content=\"Telinha\" \/>\n<meta name=\"twitter:card\" content=\"summary_large_image\" \/>\n<meta name=\"twitter:label1\" content=\"Escrito por\" \/>\n\t<meta name=\"twitter:data1\" content=\"Telinha\" \/>\n\t<meta name=\"twitter:label2\" content=\"Tempo estimado de leitura\" \/>\n\t<meta name=\"twitter:data2\" content=\"1 minuto\" \/>\n<script type=\"application\/ld+json\" class=\"yoast-schema-graph\">{\"@context\":\"https:\/\/schema.org\",\"@graph\":[{\"@type\":\"Article\",\"@id\":\"https:\/\/portaltela.pt\/noticias\/2026\/02\/26\/industria-nao-tem-capacidade-para-absorver-madeira-derrubada-por-tempestades\/#article\",\"isPartOf\":{\"@id\":\"https:\/\/portaltela.pt\/noticias\/2026\/02\/26\/industria-nao-tem-capacidade-para-absorver-madeira-derrubada-por-tempestades\/\"},\"author\":{\"name\":\"Telinha\",\"@id\":\"https:\/\/portaltela.pt\/#\/schema\/person\/c4278d4a6028830caff9ee44b42d32ed\"},\"headline\":\"Ind\u00fastria n\u00e3o tem capacidade para absorver madeira derrubada por tempestades\",\"datePublished\":\"2026-02-26T06:36:00+00:00\",\"mainEntityOfPage\":{\"@id\":\"https:\/\/portaltela.pt\/noticias\/2026\/02\/26\/industria-nao-tem-capacidade-para-absorver-madeira-derrubada-por-tempestades\/\"},\"wordCount\":233,\"image\":{\"@id\":\"https:\/\/portaltela.pt\/noticias\/2026\/02\/26\/industria-nao-tem-capacidade-para-absorver-madeira-derrubada-por-tempestades\/#primaryimage\"},\"thumbnailUrl\":\"https:\/\/portaltela.pt\/s.01k8rhncp4jt1\/2026\/02\/2069817.jpg\",\"keywords\":[\"ambiente\",\"economia\",\"florestal\",\"madeiras\",\"Portugal\",\"transporte\"],\"articleSection\":[\"Not\u00edcias\"],\"inLanguage\":\"pt-PT\"},{\"@type\":\"WebPage\",\"@id\":\"https:\/\/portaltela.pt\/noticias\/2026\/02\/26\/industria-nao-tem-capacidade-para-absorver-madeira-derrubada-por-tempestades\/\",\"url\":\"https:\/\/portaltela.pt\/noticias\/2026\/02\/26\/industria-nao-tem-capacidade-para-absorver-madeira-derrubada-por-tempestades\/\",\"name\":\"Ind\u00fastria n\u00e3o tem capacidade para absorver madeira derrubada por tempestades - Portal Tela Portugal\",\"isPartOf\":{\"@id\":\"https:\/\/portaltela.pt\/#website\"},\"primaryImageOfPage\":{\"@id\":\"https:\/\/portaltela.pt\/noticias\/2026\/02\/26\/industria-nao-tem-capacidade-para-absorver-madeira-derrubada-por-tempestades\/#primaryimage\"},\"image\":{\"@id\":\"https:\/\/portaltela.pt\/noticias\/2026\/02\/26\/industria-nao-tem-capacidade-para-absorver-madeira-derrubada-por-tempestades\/#primaryimage\"},\"thumbnailUrl\":\"https:\/\/portaltela.pt\/s.01k8rhncp4jt1\/2026\/02\/2069817.jpg\",\"datePublished\":\"2026-02-26T06:36:00+00:00\",\"author\":{\"@id\":\"https:\/\/portaltela.pt\/#\/schema\/person\/c4278d4a6028830caff9ee44b42d32ed\"},\"breadcrumb\":{\"@id\":\"https:\/\/portaltela.pt\/noticias\/2026\/02\/26\/industria-nao-tem-capacidade-para-absorver-madeira-derrubada-por-tempestades\/#breadcrumb\"},\"inLanguage\":\"pt-PT\",\"potentialAction\":[{\"@type\":\"ReadAction\",\"target\":[\"https:\/\/portaltela.pt\/noticias\/2026\/02\/26\/industria-nao-tem-capacidade-para-absorver-madeira-derrubada-por-tempestades\/\"]}]},{\"@type\":\"ImageObject\",\"inLanguage\":\"pt-PT\",\"@id\":\"https:\/\/portaltela.pt\/noticias\/2026\/02\/26\/industria-nao-tem-capacidade-para-absorver-madeira-derrubada-por-tempestades\/#primaryimage\",\"url\":\"https:\/\/portaltela.pt\/s.01k8rhncp4jt1\/2026\/02\/2069817.jpg\",\"contentUrl\":\"https:\/\/portaltela.pt\/s.01k8rhncp4jt1\/2026\/02\/2069817.jpg\",\"width\":796,\"height\":448,\"caption\":\"Os efeitos da tempestade *Kristin* na floresta\"},{\"@type\":\"BreadcrumbList\",\"@id\":\"https:\/\/portaltela.pt\/noticias\/2026\/02\/26\/industria-nao-tem-capacidade-para-absorver-madeira-derrubada-por-tempestades\/#breadcrumb\",\"itemListElement\":[{\"@type\":\"ListItem\",\"position\":1,\"name\":\"In\u00edcio\",\"item\":\"https:\/\/portaltela.pt\/\"},{\"@type\":\"ListItem\",\"position\":2,\"name\":\"Ind\u00fastria n\u00e3o tem capacidade para absorver madeira derrubada por tempestades\"}]},{\"@type\":\"WebSite\",\"@id\":\"https:\/\/portaltela.pt\/#website\",\"url\":\"https:\/\/portaltela.pt\/\",\"name\":\"Portal Tela Portugal\",\"description\":\"\",\"potentialAction\":[{\"@type\":\"SearchAction\",\"target\":{\"@type\":\"EntryPoint\",\"urlTemplate\":\"https:\/\/portaltela.pt\/?s={search_term_string}\"},\"query-input\":{\"@type\":\"PropertyValueSpecification\",\"valueRequired\":true,\"valueName\":\"search_term_string\"}}],\"inLanguage\":\"pt-PT\"},{\"@type\":\"Person\",\"@id\":\"https:\/\/portaltela.pt\/#\/schema\/person\/c4278d4a6028830caff9ee44b42d32ed\",\"name\":\"Telinha\",\"image\":{\"@type\":\"ImageObject\",\"inLanguage\":\"pt-PT\",\"@id\":\"https:\/\/portaltela.pt\/s.01k8rhncp4jt1\/2025\/11\/talking-bot-125x125.png\",\"url\":\"https:\/\/portaltela.pt\/s.01k8rhncp4jt1\/2025\/11\/talking-bot-125x125.png\",\"contentUrl\":\"https:\/\/portaltela.pt\/s.01k8rhncp4jt1\/2025\/11\/talking-bot-125x125.png\",\"caption\":\"Telinha\"},\"sameAs\":[\"https:\/\/portaltela.pt\/\"],\"url\":\"https:\/\/portaltela.pt\/por\/367410592786\/\"}]}<\/script>\n<!-- \/ Yoast SEO plugin. -->","yoast_head_json":{"title":"Ind\u00fastria n\u00e3o tem capacidade para absorver madeira derrubada por tempestades - Portal Tela Portugal","robots":{"index":"index","follow":"follow","max-snippet":"max-snippet:-1","max-image-preview":"max-image-preview:large","max-video-preview":"max-video-preview:-1"},"og_locale":"pt_PT","og_type":"article","og_title":"Ind\u00fastria n\u00e3o tem capacidade para absorver madeira derrubada por tempestades - Portal Tela Portugal","og_description":"A ind\u00fastria da regi\u00e3o entre a Figueira da Foz e Leiria n\u00e3o tem capacidade para absorver a madeira derrubada pelas tempestades, estimando-se mais de dois milh\u00f5es de metros c\u00fabicos de pinho a remover, o que corresponde a metade do consumo industrial anual da fileira. A situa\u00e7\u00e3o ficou evidente numa faixa costeira onde ventos fortes arrancaram pinheiros de grande porte, incluindo \u00e1rvores com di\u00e2metro pr\u00f3ximo de um metro. Ap\u00f3s o vento an\u00f3malo que assombrou o pa\u00eds na madrugada de 28 de janeiro, a \u00e1rvore observada foi cortada pela base e os troncos e ramos removidos para desobstruir a via, mas a passagem revelou um grande registo de \u00e1rvores derrubadas. Em v\u00e1rias zonas da regi\u00e3o, as \u00e1rvores tombaram em sequ\u00eancia, formando um aut\u00eantico efeito domin\u00f3 e deixando um rasto de troncos e ramos espalhados no ch\u00e3o. Entre as \u00e1reas atingidas est\u00e1 o Pinhal do Rei, que tamb\u00e9m registou quedas significativas de pinheiros, refor\u00e7ando o impacto generalizado na floresta entre Figueira da Foz e Leiria.","og_url":"https:\/\/portaltela.pt\/noticias\/2026\/02\/26\/industria-nao-tem-capacidade-para-absorver-madeira-derrubada-por-tempestades\/","og_site_name":"Portal Tela Portugal","article_published_time":"2026-02-26T06:36:00+00:00","author":"Telinha","twitter_card":"summary_large_image","twitter_misc":{"Escrito por":"Telinha","Tempo estimado de leitura":"1 minuto"},"schema":{"@context":"https:\/\/schema.org","@graph":[{"@type":"Article","@id":"https:\/\/portaltela.pt\/noticias\/2026\/02\/26\/industria-nao-tem-capacidade-para-absorver-madeira-derrubada-por-tempestades\/#article","isPartOf":{"@id":"https:\/\/portaltela.pt\/noticias\/2026\/02\/26\/industria-nao-tem-capacidade-para-absorver-madeira-derrubada-por-tempestades\/"},"author":{"name":"Telinha","@id":"https:\/\/portaltela.pt\/#\/schema\/person\/c4278d4a6028830caff9ee44b42d32ed"},"headline":"Ind\u00fastria n\u00e3o tem capacidade para absorver madeira derrubada por tempestades","datePublished":"2026-02-26T06:36:00+00:00","mainEntityOfPage":{"@id":"https:\/\/portaltela.pt\/noticias\/2026\/02\/26\/industria-nao-tem-capacidade-para-absorver-madeira-derrubada-por-tempestades\/"},"wordCount":233,"image":{"@id":"https:\/\/portaltela.pt\/noticias\/2026\/02\/26\/industria-nao-tem-capacidade-para-absorver-madeira-derrubada-por-tempestades\/#primaryimage"},"thumbnailUrl":"https:\/\/portaltela.pt\/s.01k8rhncp4jt1\/2026\/02\/2069817.jpg","keywords":["ambiente","economia","florestal","madeiras","Portugal","transporte"],"articleSection":["Not\u00edcias"],"inLanguage":"pt-PT"},{"@type":"WebPage","@id":"https:\/\/portaltela.pt\/noticias\/2026\/02\/26\/industria-nao-tem-capacidade-para-absorver-madeira-derrubada-por-tempestades\/","url":"https:\/\/portaltela.pt\/noticias\/2026\/02\/26\/industria-nao-tem-capacidade-para-absorver-madeira-derrubada-por-tempestades\/","name":"Ind\u00fastria n\u00e3o tem capacidade para absorver madeira derrubada por tempestades - Portal Tela Portugal","isPartOf":{"@id":"https:\/\/portaltela.pt\/#website"},"primaryImageOfPage":{"@id":"https:\/\/portaltela.pt\/noticias\/2026\/02\/26\/industria-nao-tem-capacidade-para-absorver-madeira-derrubada-por-tempestades\/#primaryimage"},"image":{"@id":"https:\/\/portaltela.pt\/noticias\/2026\/02\/26\/industria-nao-tem-capacidade-para-absorver-madeira-derrubada-por-tempestades\/#primaryimage"},"thumbnailUrl":"https:\/\/portaltela.pt\/s.01k8rhncp4jt1\/2026\/02\/2069817.jpg","datePublished":"2026-02-26T06:36:00+00:00","author":{"@id":"https:\/\/portaltela.pt\/#\/schema\/person\/c4278d4a6028830caff9ee44b42d32ed"},"breadcrumb":{"@id":"https:\/\/portaltela.pt\/noticias\/2026\/02\/26\/industria-nao-tem-capacidade-para-absorver-madeira-derrubada-por-tempestades\/#breadcrumb"},"inLanguage":"pt-PT","potentialAction":[{"@type":"ReadAction","target":["https:\/\/portaltela.pt\/noticias\/2026\/02\/26\/industria-nao-tem-capacidade-para-absorver-madeira-derrubada-por-tempestades\/"]}]},{"@type":"ImageObject","inLanguage":"pt-PT","@id":"https:\/\/portaltela.pt\/noticias\/2026\/02\/26\/industria-nao-tem-capacidade-para-absorver-madeira-derrubada-por-tempestades\/#primaryimage","url":"https:\/\/portaltela.pt\/s.01k8rhncp4jt1\/2026\/02\/2069817.jpg","contentUrl":"https:\/\/portaltela.pt\/s.01k8rhncp4jt1\/2026\/02\/2069817.jpg","width":796,"height":448,"caption":"Os efeitos da tempestade *Kristin* na floresta"},{"@type":"BreadcrumbList","@id":"https:\/\/portaltela.pt\/noticias\/2026\/02\/26\/industria-nao-tem-capacidade-para-absorver-madeira-derrubada-por-tempestades\/#breadcrumb","itemListElement":[{"@type":"ListItem","position":1,"name":"In\u00edcio","item":"https:\/\/portaltela.pt\/"},{"@type":"ListItem","position":2,"name":"Ind\u00fastria n\u00e3o tem capacidade para absorver madeira derrubada por tempestades"}]},{"@type":"WebSite","@id":"https:\/\/portaltela.pt\/#website","url":"https:\/\/portaltela.pt\/","name":"Portal Tela Portugal","description":"","potentialAction":[{"@type":"SearchAction","target":{"@type":"EntryPoint","urlTemplate":"https:\/\/portaltela.pt\/?s={search_term_string}"},"query-input":{"@type":"PropertyValueSpecification","valueRequired":true,"valueName":"search_term_string"}}],"inLanguage":"pt-PT"},{"@type":"Person","@id":"https:\/\/portaltela.pt\/#\/schema\/person\/c4278d4a6028830caff9ee44b42d32ed","name":"Telinha","image":{"@type":"ImageObject","inLanguage":"pt-PT","@id":"https:\/\/portaltela.pt\/s.01k8rhncp4jt1\/2025\/11\/talking-bot-125x125.png","url":"https:\/\/portaltela.pt\/s.01k8rhncp4jt1\/2025\/11\/talking-bot-125x125.png","contentUrl":"https:\/\/portaltela.pt\/s.01k8rhncp4jt1\/2025\/11\/talking-bot-125x125.png","caption":"Telinha"},"sameAs":["https:\/\/portaltela.pt\/"],"url":"https:\/\/portaltela.pt\/por\/367410592786\/"}]}},"_links":{"self":[{"href":"https:\/\/portaltela.pt\/api\/wp\/v2\/posts\/388496","targetHints":{"allow":["GET"]}}],"collection":[{"href":"https:\/\/portaltela.pt\/api\/wp\/v2\/posts"}],"about":[{"href":"https:\/\/portaltela.pt\/api\/wp\/v2\/types\/post"}],"author":[{"embeddable":true,"href":"https:\/\/portaltela.pt\/api\/wp\/v2\/users\/2"}],"replies":[{"embeddable":true,"href":"https:\/\/portaltela.pt\/api\/wp\/v2\/comments?post=388496"}],"version-history":[{"count":0,"href":"https:\/\/portaltela.pt\/api\/wp\/v2\/posts\/388496\/revisions"}],"wp:featuredmedia":[{"embeddable":true,"href":"https:\/\/portaltela.pt\/api\/wp\/v2\/media\/388509"}],"wp:attachment":[{"href":"https:\/\/portaltela.pt\/api\/wp\/v2\/media?parent=388496"}],"wp:term":[{"taxonomy":"category","embeddable":true,"href":"https:\/\/portaltela.pt\/api\/wp\/v2\/categories?post=388496"},{"taxonomy":"post_tag","embeddable":true,"href":"https:\/\/portaltela.pt\/api\/wp\/v2\/tags?post=388496"}],"curies":[{"name":"wp","href":"https:\/\/api.w.org\/{rel}","templated":true}]}}