{"id":388492,"date":"2026-02-26T03:33:00","date_gmt":"2026-02-26T06:33:00","guid":{"rendered":"https:\/\/portaltela.pt\/noticias\/2026\/02\/26\/milhoes-de-arvores-no-chao-representam-risco-nao-e-possivel-limpar-tudo-afirma-salgueiro\/"},"modified":"2026-02-26T03:33:00","modified_gmt":"2026-02-26T06:33:00","slug":"milhoes-de-arvores-no-chao-representam-risco-nao-e-possivel-limpar-tudo-afirma-salgueiro","status":"publish","type":"post","link":"https:\/\/portaltela.pt\/noticias\/2026\/02\/26\/milhoes-de-arvores-no-chao-representam-risco-nao-e-possivel-limpar-tudo-afirma-salgueiro\/","title":{"rendered":"Milh\u00f5es de \u00e1rvores no ch\u00e3o representam risco; n\u00e3o \u00e9 poss\u00edvel limpar tudo, afirma Salgueiro"},"content":{"rendered":"<p>Ant\u00f3nio Salgueiro, especialista em inc\u00eandios, esteve num voo de reconhecimento sobre as \u00e1reas afetadas pelas tempestades do in\u00edcio do ano. A miss\u00e3o, a bordo de um C295 da For\u00e7a A\u00e9rea, visou avaliar os estragos e o risco iminente de inc\u00eandios. O piloto observou uma destrui\u00e7\u00e3o significativa e uma expectativa de ver\u00e3o particularmente exigente.<\/p>\n<p>O levantamento revelou uma vasta \u00e1rea com \u00e1rvores partidas e tombadas, o que aumenta o risco de fogo florestal. A \u00e1rea abrange centenas de milhares de hectares, com muitas \u00e1rvores por recuperar em zonas de eucalipto e pinhal adulto.<\/p>\n<p>Entre os territ\u00f3rios mais atingidos destacam-se Valados de Frades, Nazar\u00e9 interior, que se estende at\u00e9 sul da Figueira da Foz, incluindo Marinha Grande, Vieira de Leiria, Soure e S. Pedro de Moel. O Pinhal de Leiria surge como n\u00facleo cr\u00edtico na zona costeira.<\/p>\n<p>O trabalho de campo aponta para a necessidade de retirar a madeira rapidamente. A madeira morta, se deixada no terreno, pode favorecer pragas e aumentar a explosividade dos inc\u00eandios, elevando o combust\u00edvel fino ao n\u00edvel de v\u00e1rias toneladas por hectare.<\/p>\n<p>A prioridade de interven\u00e7\u00e3o dever\u00e1 recair sobre as \u00e1reas com maior concentra\u00e7\u00e3o de combust\u00edvel e proximidade a zonas urbanas. O objetivo \u00e9 planear a\u00e7\u00f5es r\u00e1pidas, com eventuais fogo controlado, sempre com dispositivo de combate robusto para agir caso seja necess\u00e1rio.<\/p>\n<p>N\u00e3o \u00e9 expect\u00e1vel que o ver\u00e3o seja limpo de riscos. A equipa aponta que, mesmo com a\u00e7\u00f5es, ser\u00e1 imposs\u00edvel limpar tudo at\u00e9 essa \u00e9poca. Uma estrat\u00e9gia de resposta r\u00e1pida e a\u00e7\u00f5es priorizadas \u00e9 apresentada como essencial.<\/p>\n<p>O maior foco reside na prepara\u00e7\u00e3o de um dispositivo de ataque inicial musculado, capaz de travar igni\u00e7\u00f5es e conter zonas com maior concentra\u00e7\u00e3o de combust\u00edvel. T\u00e9cnicos defendem mudan\u00e7as na gest\u00e3o legal de fogo controlado para reduzir responsabilidade individual em acidentes.<\/p>\n<p>A ideia \u00e9 avan\u00e7ar com uma abordagem integrada, combinando retirada, tritura\u00e7\u00e3o e fogo controlado, alinhando esfor\u00e7os com munic\u00edpios. O objetivo \u00e9 reduzir o impacto e manter a capacidade de resposta diante de condi\u00e7\u00f5es clim\u00e1ticas adversas neste ver\u00e3o.<\/p>\n","protected":false},"excerpt":{"rendered":"<ul>\n<li>Ant\u00f3nio Salgueiro, especialista em inc\u00eandios, viajou num voo de reconhecimento a 14 de fevereiro e descreveu milh\u00f5es de \u00e1rvores no ch\u00e3o e um aumento dr\u00e1stico do risco de inc\u00eandio florestal.<\/li>\n<li>Zonas mais afetadas incluem Valados de Frades (Nazar\u00e9) e uma faixa que vai at\u00e9 sul da Figueira da Foz, abarcando Marinha Grande, Vieira de Leiria, Soure e S. Pedro de Moel.<\/li>\n<li>O Pinhal de Leiria est\u00e1 dentro da \u00e1rea cr\u00edtica; \u00e1reas sobreviventes de tempestades anteriores est\u00e3o fortemente afetadas, especialmente perto da Marinha Grande.<\/li>\n<li>O fen\u00f3meno envolve um aumento de combust\u00edvel: estima-se entre quinze e vinte toneladas por hectare, com copas partidas formando camadas inflam\u00e1veis de v\u00e1rios metros de altura.<\/li>\n<li>Medidas de interven\u00e7\u00e3o previstas incluem retirar madeira, triturar ou recorrer a fogo controlado; por\u00e9m, n\u00e3o ser\u00e1 poss\u00edvel resolver tudo antes do Ver\u00e3o, sendo necess\u00e1rio priorizar zonas com maior dimens\u00e3o de combust\u00edvel e proximidade a \u00e1reas urbanas.<\/li>\n<\/ul>\n","protected":false},"author":2,"featured_media":388506,"comment_status":"closed","ping_status":"closed","sticky":false,"template":"","format":"standard","meta":{"footnotes":""},"categories":[1],"tags":[167,4576,1438,6376,320,5506],"class_list":["post-388492","post","type-post","status-publish","format-standard","has-post-thumbnail","hentry","category-noticias","tag-ambiente","tag-florestal","tag-incendio","tag-madeiras","tag-protecao-civil","tag-silvicultura"],"yoast_head":"<!-- This site is optimized with the Yoast SEO plugin v27.2 - https:\/\/yoast.com\/product\/yoast-seo-wordpress\/ -->\n<title>Milh\u00f5es de \u00e1rvores no ch\u00e3o representam risco; n\u00e3o \u00e9 poss\u00edvel limpar tudo, afirma Salgueiro - Portal Tela Portugal<\/title>\n<meta name=\"robots\" content=\"index, follow, max-snippet:-1, max-image-preview:large, max-video-preview:-1\" \/>\n<meta property=\"og:locale\" content=\"pt_PT\" \/>\n<meta property=\"og:type\" content=\"article\" \/>\n<meta property=\"og:title\" content=\"Milh\u00f5es de \u00e1rvores no ch\u00e3o representam risco; n\u00e3o \u00e9 poss\u00edvel limpar tudo, afirma Salgueiro - Portal Tela Portugal\" \/>\n<meta property=\"og:description\" content=\"Ant\u00f3nio Salgueiro, especialista em inc\u00eandios, viajou num voo de reconhecimento a 14 de fevereiro e descreveu milh\u00f5es de \u00e1rvores no ch\u00e3o e um aumento dr\u00e1stico do risco de inc\u00eandio florestal. Zonas mais afetadas incluem Valados de Frades (Nazar\u00e9) e uma faixa que vai at\u00e9 sul da Figueira da Foz, abarcando Marinha Grande, Vieira de Leiria, Soure e S. Pedro de Moel. O Pinhal de Leiria est\u00e1 dentro da \u00e1rea cr\u00edtica; \u00e1reas sobreviventes de tempestades anteriores est\u00e3o fortemente afetadas, especialmente perto da Marinha Grande. O fen\u00f3meno envolve um aumento de combust\u00edvel: estima-se entre quinze e vinte toneladas por hectare, com copas partidas formando camadas inflam\u00e1veis de v\u00e1rios metros de altura. Medidas de interven\u00e7\u00e3o previstas incluem retirar madeira, triturar ou recorrer a fogo controlado; por\u00e9m, n\u00e3o ser\u00e1 poss\u00edvel resolver tudo antes do Ver\u00e3o, sendo necess\u00e1rio priorizar zonas com maior dimens\u00e3o de combust\u00edvel e proximidade a \u00e1reas urbanas.\" \/>\n<meta property=\"og:url\" content=\"https:\/\/portaltela.pt\/noticias\/2026\/02\/26\/milhoes-de-arvores-no-chao-representam-risco-nao-e-possivel-limpar-tudo-afirma-salgueiro\/\" \/>\n<meta property=\"og:site_name\" content=\"Portal Tela Portugal\" \/>\n<meta property=\"article:published_time\" content=\"2026-02-26T06:33:00+00:00\" \/>\n<meta name=\"author\" content=\"Telinha\" \/>\n<meta name=\"twitter:card\" content=\"summary_large_image\" \/>\n<meta name=\"twitter:label1\" content=\"Escrito por\" \/>\n\t<meta name=\"twitter:data1\" content=\"Telinha\" \/>\n\t<meta name=\"twitter:label2\" content=\"Tempo estimado de leitura\" \/>\n\t<meta name=\"twitter:data2\" content=\"2 minutos\" \/>\n<script type=\"application\/ld+json\" class=\"yoast-schema-graph\">{\"@context\":\"https:\/\/schema.org\",\"@graph\":[{\"@type\":\"Article\",\"@id\":\"https:\/\/portaltela.pt\/noticias\/2026\/02\/26\/milhoes-de-arvores-no-chao-representam-risco-nao-e-possivel-limpar-tudo-afirma-salgueiro\/#article\",\"isPartOf\":{\"@id\":\"https:\/\/portaltela.pt\/noticias\/2026\/02\/26\/milhoes-de-arvores-no-chao-representam-risco-nao-e-possivel-limpar-tudo-afirma-salgueiro\/\"},\"author\":{\"name\":\"Telinha\",\"@id\":\"https:\/\/portaltela.pt\/#\/schema\/person\/c4278d4a6028830caff9ee44b42d32ed\"},\"headline\":\"Milh\u00f5es de \u00e1rvores no ch\u00e3o representam risco; n\u00e3o \u00e9 poss\u00edvel limpar tudo, afirma Salgueiro\",\"datePublished\":\"2026-02-26T06:33:00+00:00\",\"mainEntityOfPage\":{\"@id\":\"https:\/\/portaltela.pt\/noticias\/2026\/02\/26\/milhoes-de-arvores-no-chao-representam-risco-nao-e-possivel-limpar-tudo-afirma-salgueiro\/\"},\"wordCount\":384,\"image\":{\"@id\":\"https:\/\/portaltela.pt\/noticias\/2026\/02\/26\/milhoes-de-arvores-no-chao-representam-risco-nao-e-possivel-limpar-tudo-afirma-salgueiro\/#primaryimage\"},\"thumbnailUrl\":\"https:\/\/portaltela.pt\/s.01k8rhncp4jt1\/2026\/02\/2165857.jpg\",\"keywords\":[\"ambiente\",\"florestal\",\"inc\u00eandio\",\"madeiras\",\"prote\u00e7\u00e3o civil\",\"silvicultura\"],\"articleSection\":[\"Not\u00edcias\"],\"inLanguage\":\"pt-PT\"},{\"@type\":\"WebPage\",\"@id\":\"https:\/\/portaltela.pt\/noticias\/2026\/02\/26\/milhoes-de-arvores-no-chao-representam-risco-nao-e-possivel-limpar-tudo-afirma-salgueiro\/\",\"url\":\"https:\/\/portaltela.pt\/noticias\/2026\/02\/26\/milhoes-de-arvores-no-chao-representam-risco-nao-e-possivel-limpar-tudo-afirma-salgueiro\/\",\"name\":\"Milh\u00f5es de \u00e1rvores no ch\u00e3o representam risco; n\u00e3o \u00e9 poss\u00edvel limpar tudo, afirma Salgueiro - Portal Tela Portugal\",\"isPartOf\":{\"@id\":\"https:\/\/portaltela.pt\/#website\"},\"primaryImageOfPage\":{\"@id\":\"https:\/\/portaltela.pt\/noticias\/2026\/02\/26\/milhoes-de-arvores-no-chao-representam-risco-nao-e-possivel-limpar-tudo-afirma-salgueiro\/#primaryimage\"},\"image\":{\"@id\":\"https:\/\/portaltela.pt\/noticias\/2026\/02\/26\/milhoes-de-arvores-no-chao-representam-risco-nao-e-possivel-limpar-tudo-afirma-salgueiro\/#primaryimage\"},\"thumbnailUrl\":\"https:\/\/portaltela.pt\/s.01k8rhncp4jt1\/2026\/02\/2165857.jpg\",\"datePublished\":\"2026-02-26T06:33:00+00:00\",\"author\":{\"@id\":\"https:\/\/portaltela.pt\/#\/schema\/person\/c4278d4a6028830caff9ee44b42d32ed\"},\"breadcrumb\":{\"@id\":\"https:\/\/portaltela.pt\/noticias\/2026\/02\/26\/milhoes-de-arvores-no-chao-representam-risco-nao-e-possivel-limpar-tudo-afirma-salgueiro\/#breadcrumb\"},\"inLanguage\":\"pt-PT\",\"potentialAction\":[{\"@type\":\"ReadAction\",\"target\":[\"https:\/\/portaltela.pt\/noticias\/2026\/02\/26\/milhoes-de-arvores-no-chao-representam-risco-nao-e-possivel-limpar-tudo-afirma-salgueiro\/\"]}]},{\"@type\":\"ImageObject\",\"inLanguage\":\"pt-PT\",\"@id\":\"https:\/\/portaltela.pt\/noticias\/2026\/02\/26\/milhoes-de-arvores-no-chao-representam-risco-nao-e-possivel-limpar-tudo-afirma-salgueiro\/#primaryimage\",\"url\":\"https:\/\/portaltela.pt\/s.01k8rhncp4jt1\/2026\/02\/2165857.jpg\",\"contentUrl\":\"https:\/\/portaltela.pt\/s.01k8rhncp4jt1\/2026\/02\/2165857.jpg\",\"width\":796,\"height\":448,\"caption\":\"Photo\"},{\"@type\":\"BreadcrumbList\",\"@id\":\"https:\/\/portaltela.pt\/noticias\/2026\/02\/26\/milhoes-de-arvores-no-chao-representam-risco-nao-e-possivel-limpar-tudo-afirma-salgueiro\/#breadcrumb\",\"itemListElement\":[{\"@type\":\"ListItem\",\"position\":1,\"name\":\"In\u00edcio\",\"item\":\"https:\/\/portaltela.pt\/\"},{\"@type\":\"ListItem\",\"position\":2,\"name\":\"Milh\u00f5es de \u00e1rvores no ch\u00e3o representam risco; n\u00e3o \u00e9 poss\u00edvel limpar tudo, afirma Salgueiro\"}]},{\"@type\":\"WebSite\",\"@id\":\"https:\/\/portaltela.pt\/#website\",\"url\":\"https:\/\/portaltela.pt\/\",\"name\":\"Portal Tela Portugal\",\"description\":\"\",\"potentialAction\":[{\"@type\":\"SearchAction\",\"target\":{\"@type\":\"EntryPoint\",\"urlTemplate\":\"https:\/\/portaltela.pt\/?s={search_term_string}\"},\"query-input\":{\"@type\":\"PropertyValueSpecification\",\"valueRequired\":true,\"valueName\":\"search_term_string\"}}],\"inLanguage\":\"pt-PT\"},{\"@type\":\"Person\",\"@id\":\"https:\/\/portaltela.pt\/#\/schema\/person\/c4278d4a6028830caff9ee44b42d32ed\",\"name\":\"Telinha\",\"image\":{\"@type\":\"ImageObject\",\"inLanguage\":\"pt-PT\",\"@id\":\"https:\/\/portaltela.pt\/s.01k8rhncp4jt1\/2025\/11\/talking-bot-125x125.png\",\"url\":\"https:\/\/portaltela.pt\/s.01k8rhncp4jt1\/2025\/11\/talking-bot-125x125.png\",\"contentUrl\":\"https:\/\/portaltela.pt\/s.01k8rhncp4jt1\/2025\/11\/talking-bot-125x125.png\",\"caption\":\"Telinha\"},\"sameAs\":[\"https:\/\/portaltela.pt\/\"],\"url\":\"https:\/\/portaltela.pt\/por\/367410592786\/\"}]}<\/script>\n<!-- \/ Yoast SEO plugin. -->","yoast_head_json":{"title":"Milh\u00f5es de \u00e1rvores no ch\u00e3o representam risco; n\u00e3o \u00e9 poss\u00edvel limpar tudo, afirma Salgueiro - Portal Tela Portugal","robots":{"index":"index","follow":"follow","max-snippet":"max-snippet:-1","max-image-preview":"max-image-preview:large","max-video-preview":"max-video-preview:-1"},"og_locale":"pt_PT","og_type":"article","og_title":"Milh\u00f5es de \u00e1rvores no ch\u00e3o representam risco; n\u00e3o \u00e9 poss\u00edvel limpar tudo, afirma Salgueiro - Portal Tela Portugal","og_description":"Ant\u00f3nio Salgueiro, especialista em inc\u00eandios, viajou num voo de reconhecimento a 14 de fevereiro e descreveu milh\u00f5es de \u00e1rvores no ch\u00e3o e um aumento dr\u00e1stico do risco de inc\u00eandio florestal. Zonas mais afetadas incluem Valados de Frades (Nazar\u00e9) e uma faixa que vai at\u00e9 sul da Figueira da Foz, abarcando Marinha Grande, Vieira de Leiria, Soure e S. Pedro de Moel. O Pinhal de Leiria est\u00e1 dentro da \u00e1rea cr\u00edtica; \u00e1reas sobreviventes de tempestades anteriores est\u00e3o fortemente afetadas, especialmente perto da Marinha Grande. O fen\u00f3meno envolve um aumento de combust\u00edvel: estima-se entre quinze e vinte toneladas por hectare, com copas partidas formando camadas inflam\u00e1veis de v\u00e1rios metros de altura. Medidas de interven\u00e7\u00e3o previstas incluem retirar madeira, triturar ou recorrer a fogo controlado; por\u00e9m, n\u00e3o ser\u00e1 poss\u00edvel resolver tudo antes do Ver\u00e3o, sendo necess\u00e1rio priorizar zonas com maior dimens\u00e3o de combust\u00edvel e proximidade a \u00e1reas urbanas.","og_url":"https:\/\/portaltela.pt\/noticias\/2026\/02\/26\/milhoes-de-arvores-no-chao-representam-risco-nao-e-possivel-limpar-tudo-afirma-salgueiro\/","og_site_name":"Portal Tela Portugal","article_published_time":"2026-02-26T06:33:00+00:00","author":"Telinha","twitter_card":"summary_large_image","twitter_misc":{"Escrito por":"Telinha","Tempo estimado de leitura":"2 minutos"},"schema":{"@context":"https:\/\/schema.org","@graph":[{"@type":"Article","@id":"https:\/\/portaltela.pt\/noticias\/2026\/02\/26\/milhoes-de-arvores-no-chao-representam-risco-nao-e-possivel-limpar-tudo-afirma-salgueiro\/#article","isPartOf":{"@id":"https:\/\/portaltela.pt\/noticias\/2026\/02\/26\/milhoes-de-arvores-no-chao-representam-risco-nao-e-possivel-limpar-tudo-afirma-salgueiro\/"},"author":{"name":"Telinha","@id":"https:\/\/portaltela.pt\/#\/schema\/person\/c4278d4a6028830caff9ee44b42d32ed"},"headline":"Milh\u00f5es de \u00e1rvores no ch\u00e3o representam risco; n\u00e3o \u00e9 poss\u00edvel limpar tudo, afirma Salgueiro","datePublished":"2026-02-26T06:33:00+00:00","mainEntityOfPage":{"@id":"https:\/\/portaltela.pt\/noticias\/2026\/02\/26\/milhoes-de-arvores-no-chao-representam-risco-nao-e-possivel-limpar-tudo-afirma-salgueiro\/"},"wordCount":384,"image":{"@id":"https:\/\/portaltela.pt\/noticias\/2026\/02\/26\/milhoes-de-arvores-no-chao-representam-risco-nao-e-possivel-limpar-tudo-afirma-salgueiro\/#primaryimage"},"thumbnailUrl":"https:\/\/portaltela.pt\/s.01k8rhncp4jt1\/2026\/02\/2165857.jpg","keywords":["ambiente","florestal","inc\u00eandio","madeiras","prote\u00e7\u00e3o civil","silvicultura"],"articleSection":["Not\u00edcias"],"inLanguage":"pt-PT"},{"@type":"WebPage","@id":"https:\/\/portaltela.pt\/noticias\/2026\/02\/26\/milhoes-de-arvores-no-chao-representam-risco-nao-e-possivel-limpar-tudo-afirma-salgueiro\/","url":"https:\/\/portaltela.pt\/noticias\/2026\/02\/26\/milhoes-de-arvores-no-chao-representam-risco-nao-e-possivel-limpar-tudo-afirma-salgueiro\/","name":"Milh\u00f5es de \u00e1rvores no ch\u00e3o representam risco; n\u00e3o \u00e9 poss\u00edvel limpar tudo, afirma Salgueiro - Portal Tela Portugal","isPartOf":{"@id":"https:\/\/portaltela.pt\/#website"},"primaryImageOfPage":{"@id":"https:\/\/portaltela.pt\/noticias\/2026\/02\/26\/milhoes-de-arvores-no-chao-representam-risco-nao-e-possivel-limpar-tudo-afirma-salgueiro\/#primaryimage"},"image":{"@id":"https:\/\/portaltela.pt\/noticias\/2026\/02\/26\/milhoes-de-arvores-no-chao-representam-risco-nao-e-possivel-limpar-tudo-afirma-salgueiro\/#primaryimage"},"thumbnailUrl":"https:\/\/portaltela.pt\/s.01k8rhncp4jt1\/2026\/02\/2165857.jpg","datePublished":"2026-02-26T06:33:00+00:00","author":{"@id":"https:\/\/portaltela.pt\/#\/schema\/person\/c4278d4a6028830caff9ee44b42d32ed"},"breadcrumb":{"@id":"https:\/\/portaltela.pt\/noticias\/2026\/02\/26\/milhoes-de-arvores-no-chao-representam-risco-nao-e-possivel-limpar-tudo-afirma-salgueiro\/#breadcrumb"},"inLanguage":"pt-PT","potentialAction":[{"@type":"ReadAction","target":["https:\/\/portaltela.pt\/noticias\/2026\/02\/26\/milhoes-de-arvores-no-chao-representam-risco-nao-e-possivel-limpar-tudo-afirma-salgueiro\/"]}]},{"@type":"ImageObject","inLanguage":"pt-PT","@id":"https:\/\/portaltela.pt\/noticias\/2026\/02\/26\/milhoes-de-arvores-no-chao-representam-risco-nao-e-possivel-limpar-tudo-afirma-salgueiro\/#primaryimage","url":"https:\/\/portaltela.pt\/s.01k8rhncp4jt1\/2026\/02\/2165857.jpg","contentUrl":"https:\/\/portaltela.pt\/s.01k8rhncp4jt1\/2026\/02\/2165857.jpg","width":796,"height":448,"caption":"Photo"},{"@type":"BreadcrumbList","@id":"https:\/\/portaltela.pt\/noticias\/2026\/02\/26\/milhoes-de-arvores-no-chao-representam-risco-nao-e-possivel-limpar-tudo-afirma-salgueiro\/#breadcrumb","itemListElement":[{"@type":"ListItem","position":1,"name":"In\u00edcio","item":"https:\/\/portaltela.pt\/"},{"@type":"ListItem","position":2,"name":"Milh\u00f5es de \u00e1rvores no ch\u00e3o representam risco; n\u00e3o \u00e9 poss\u00edvel limpar tudo, afirma Salgueiro"}]},{"@type":"WebSite","@id":"https:\/\/portaltela.pt\/#website","url":"https:\/\/portaltela.pt\/","name":"Portal Tela Portugal","description":"","potentialAction":[{"@type":"SearchAction","target":{"@type":"EntryPoint","urlTemplate":"https:\/\/portaltela.pt\/?s={search_term_string}"},"query-input":{"@type":"PropertyValueSpecification","valueRequired":true,"valueName":"search_term_string"}}],"inLanguage":"pt-PT"},{"@type":"Person","@id":"https:\/\/portaltela.pt\/#\/schema\/person\/c4278d4a6028830caff9ee44b42d32ed","name":"Telinha","image":{"@type":"ImageObject","inLanguage":"pt-PT","@id":"https:\/\/portaltela.pt\/s.01k8rhncp4jt1\/2025\/11\/talking-bot-125x125.png","url":"https:\/\/portaltela.pt\/s.01k8rhncp4jt1\/2025\/11\/talking-bot-125x125.png","contentUrl":"https:\/\/portaltela.pt\/s.01k8rhncp4jt1\/2025\/11\/talking-bot-125x125.png","caption":"Telinha"},"sameAs":["https:\/\/portaltela.pt\/"],"url":"https:\/\/portaltela.pt\/por\/367410592786\/"}]}},"_links":{"self":[{"href":"https:\/\/portaltela.pt\/api\/wp\/v2\/posts\/388492","targetHints":{"allow":["GET"]}}],"collection":[{"href":"https:\/\/portaltela.pt\/api\/wp\/v2\/posts"}],"about":[{"href":"https:\/\/portaltela.pt\/api\/wp\/v2\/types\/post"}],"author":[{"embeddable":true,"href":"https:\/\/portaltela.pt\/api\/wp\/v2\/users\/2"}],"replies":[{"embeddable":true,"href":"https:\/\/portaltela.pt\/api\/wp\/v2\/comments?post=388492"}],"version-history":[{"count":0,"href":"https:\/\/portaltela.pt\/api\/wp\/v2\/posts\/388492\/revisions"}],"wp:featuredmedia":[{"embeddable":true,"href":"https:\/\/portaltela.pt\/api\/wp\/v2\/media\/388506"}],"wp:attachment":[{"href":"https:\/\/portaltela.pt\/api\/wp\/v2\/media?parent=388492"}],"wp:term":[{"taxonomy":"category","embeddable":true,"href":"https:\/\/portaltela.pt\/api\/wp\/v2\/categories?post=388492"},{"taxonomy":"post_tag","embeddable":true,"href":"https:\/\/portaltela.pt\/api\/wp\/v2\/tags?post=388492"}],"curies":[{"name":"wp","href":"https:\/\/api.w.org\/{rel}","templated":true}]}}