{"id":388490,"date":"2026-02-26T04:00:00","date_gmt":"2026-02-26T07:00:00","guid":{"rendered":"https:\/\/portaltela.pt\/noticias\/2026\/02\/26\/organizacoes-internacionais-esperam-que-a-guine-bissau-se-resolva-sozinha\/"},"modified":"2026-02-26T04:00:00","modified_gmt":"2026-02-26T07:00:00","slug":"organizacoes-internacionais-esperam-que-a-guine-bissau-se-resolva-sozinha","status":"publish","type":"post","link":"https:\/\/portaltela.pt\/noticias\/politica\/2026\/02\/26\/organizacoes-internacionais-esperam-que-a-guine-bissau-se-resolva-sozinha\/","title":{"rendered":"Organiza\u00e7\u00f5es internacionais esperam que a Guin\u00e9-Bissau se resolva sozinha"},"content":{"rendered":"<p>A CEDEAO, a Uni\u00e3o Africana e a CPLP mant\u00eam uma postura contida face ao golpe em Guin\u00e9-Bissau, esperando que a crise se resolva sem interven\u00e7\u00e3o direta. A leitura comum \u00e9 de conten\u00e7\u00e3o, em vez de nomea\u00e7\u00e3o de san\u00e7\u00f5es r\u00e1pidas.<\/p>\n<p>Percebe-se que a rea\u00e7\u00e3o internacional n\u00e3o tem gerado mobiliza\u00e7\u00e3o significativa entre os l\u00edderes militares guineenses. A dimens\u00e3o regional parece evitar escalada, mantendo o foco no retorno gradual \u00e0 normalidade institucional.<\/p>\n<p>Nos \u00faltimos cinco anos, quando a CEDEAO adotou uma linha dura, perdeu influ\u00eancia junto de alguns Estados membros. Mali, Burkina Faso e N\u00edger criaram a Alian\u00e7a dos Estados do Sahel e afastaram-se de press\u00f5es externas.<\/p>\n<h3>Contexto regional<\/h3>\n<p>A evolu\u00e7\u00e3o criou um padr\u00e3o em que a interven\u00e7\u00e3o eficaz da CEDEAO \u00e9 contestada por mudan\u00e7as pol\u00edticas profundas na regi\u00e3o. A Guin\u00e9-Bissau \u00e9 referida como caso com ret\u00f3rica mais moderada por parte da entidade regional.<\/p>\n<p>Especialistas apontam que a conjuntura atual favorece o di\u00e1logo institucional em detrimento de san\u00e7\u00f5es imediatas. O objetivo seria preservar estabilidade interna e evitar agravamento da crise.<\/p>\n<p>Na pr\u00e1tica, a coopera\u00e7\u00e3o entre organiza\u00e7\u00f5es internacionais mant\u00e9m-se centrada em monitoriza\u00e7\u00e3o, media\u00e7\u00e3o e apoio a processos de transi\u00e7\u00e3o, sem indica\u00e7\u00f5es p\u00fablicas de a\u00e7\u00f5es coercivas pr\u00f3ximas.<\/p>\n","protected":false},"excerpt":{"rendered":"<ul>\n<li>Comunidades internacionais, incluindo a CEDEAO (Comunidade Econ\u00f3mica dos Estados da \u00c1frica Ocidental), Uni\u00e3o Africana e CPLP, n\u00e3o pressionam fortemente os militares guineenses a devolver o poder.<\/li>\n<li>Nos \u00faltimos cinco anos, quando a CEDEAO adotou uma linha dura, acabou por perder tr\u00eas pa\u00edses (Mali, Burkina Faso e N\u00edger), que criaram a Alian\u00e7a dos Estados do Sahel e resistiram \u00e0 interven\u00e7\u00e3o regional.<\/li>\n<li>Em rela\u00e7\u00e3o \u00e0 Guin\u00e9-Bissau, a postura da CEDEAO tem sido diferente, com a organiza\u00e7\u00e3o parecendo esperar que a situa\u00e7\u00e3o se resolva por si mesma, apesar da ret\u00f3rica mais firme.<\/li>\n<li>Um autogolpe sem mortos n\u00e3o parece ter mobilizado de forma significativa os l\u00edderes africanos.<\/li>\n<\/ul>\n","protected":false},"author":2,"featured_media":388505,"comment_status":"closed","ping_status":"closed","sticky":false,"template":"","format":"standard","meta":{"footnotes":""},"categories":[1,5],"tags":[4768,3566,29,3117,2023,1840],"class_list":["post-388490","post","type-post","status-publish","format-standard","has-post-thumbnail","hentry","category-noticias","category-politica","tag-cedeao","tag-cplp","tag-diplomacia","tag-mediacao","tag-organizacoes-internacionais","tag-sancoes-internacionais"],"yoast_head":"<!-- This site is optimized with the Yoast SEO plugin v27.2 - https:\/\/yoast.com\/product\/yoast-seo-wordpress\/ -->\n<title>Organiza\u00e7\u00f5es internacionais esperam que a Guin\u00e9-Bissau se resolva sozinha - Portal Tela Portugal<\/title>\n<meta name=\"robots\" content=\"index, follow, max-snippet:-1, max-image-preview:large, max-video-preview:-1\" \/>\n<meta property=\"og:locale\" content=\"pt_PT\" \/>\n<meta property=\"og:type\" content=\"article\" \/>\n<meta property=\"og:title\" content=\"Organiza\u00e7\u00f5es internacionais esperam que a Guin\u00e9-Bissau se resolva sozinha - Portal Tela Portugal\" \/>\n<meta property=\"og:description\" content=\"Comunidades internacionais, incluindo a CEDEAO (Comunidade Econ\u00f3mica dos Estados da \u00c1frica Ocidental), Uni\u00e3o Africana e CPLP, n\u00e3o pressionam fortemente os militares guineenses a devolver o poder. Nos \u00faltimos cinco anos, quando a CEDEAO adotou uma linha dura, acabou por perder tr\u00eas pa\u00edses (Mali, Burkina Faso e N\u00edger), que criaram a Alian\u00e7a dos Estados do Sahel e resistiram \u00e0 interven\u00e7\u00e3o regional. Em rela\u00e7\u00e3o \u00e0 Guin\u00e9-Bissau, a postura da CEDEAO tem sido diferente, com a organiza\u00e7\u00e3o parecendo esperar que a situa\u00e7\u00e3o se resolva por si mesma, apesar da ret\u00f3rica mais firme. Um autogolpe sem mortos n\u00e3o parece ter mobilizado de forma significativa os l\u00edderes africanos.\" \/>\n<meta property=\"og:url\" content=\"https:\/\/portaltela.pt\/noticias\/2026\/02\/26\/organizacoes-internacionais-esperam-que-a-guine-bissau-se-resolva-sozinha\/\" \/>\n<meta property=\"og:site_name\" content=\"Portal Tela Portugal\" \/>\n<meta property=\"article:published_time\" content=\"2026-02-26T07:00:00+00:00\" \/>\n<meta name=\"author\" content=\"Telinha\" \/>\n<meta name=\"twitter:card\" content=\"summary_large_image\" \/>\n<meta name=\"twitter:label1\" content=\"Escrito por\" \/>\n\t<meta name=\"twitter:data1\" content=\"Telinha\" \/>\n\t<meta name=\"twitter:label2\" content=\"Tempo estimado de leitura\" \/>\n\t<meta name=\"twitter:data2\" content=\"1 minuto\" \/>\n<script type=\"application\/ld+json\" class=\"yoast-schema-graph\">{\"@context\":\"https:\/\/schema.org\",\"@graph\":[{\"@type\":\"Article\",\"@id\":\"https:\/\/portaltela.pt\/noticias\/2026\/02\/26\/organizacoes-internacionais-esperam-que-a-guine-bissau-se-resolva-sozinha\/#article\",\"isPartOf\":{\"@id\":\"https:\/\/portaltela.pt\/noticias\/2026\/02\/26\/organizacoes-internacionais-esperam-que-a-guine-bissau-se-resolva-sozinha\/\"},\"author\":{\"name\":\"Telinha\",\"@id\":\"https:\/\/portaltela.pt\/#\/schema\/person\/c4278d4a6028830caff9ee44b42d32ed\"},\"headline\":\"Organiza\u00e7\u00f5es internacionais esperam que a Guin\u00e9-Bissau se resolva sozinha\",\"datePublished\":\"2026-02-26T07:00:00+00:00\",\"mainEntityOfPage\":{\"@id\":\"https:\/\/portaltela.pt\/noticias\/2026\/02\/26\/organizacoes-internacionais-esperam-que-a-guine-bissau-se-resolva-sozinha\/\"},\"wordCount\":237,\"image\":{\"@id\":\"https:\/\/portaltela.pt\/noticias\/2026\/02\/26\/organizacoes-internacionais-esperam-que-a-guine-bissau-se-resolva-sozinha\/#primaryimage\"},\"thumbnailUrl\":\"https:\/\/portaltela.pt\/s.01k8rhncp4jt1\/2026\/02\/2069831.jpg\",\"keywords\":[\"CEDEAO\",\"CPLP\",\"diplomacia\",\"media\u00e7\u00e3o\",\"organiza\u00e7\u00f5es internacionais\",\"san\u00e7\u00f5es internacionais\"],\"articleSection\":[\"Not\u00edcias\",\"Pol\u00edtica\"],\"inLanguage\":\"pt-PT\"},{\"@type\":\"WebPage\",\"@id\":\"https:\/\/portaltela.pt\/noticias\/2026\/02\/26\/organizacoes-internacionais-esperam-que-a-guine-bissau-se-resolva-sozinha\/\",\"url\":\"https:\/\/portaltela.pt\/noticias\/2026\/02\/26\/organizacoes-internacionais-esperam-que-a-guine-bissau-se-resolva-sozinha\/\",\"name\":\"Organiza\u00e7\u00f5es internacionais esperam que a Guin\u00e9-Bissau se resolva sozinha - Portal Tela Portugal\",\"isPartOf\":{\"@id\":\"https:\/\/portaltela.pt\/#website\"},\"primaryImageOfPage\":{\"@id\":\"https:\/\/portaltela.pt\/noticias\/2026\/02\/26\/organizacoes-internacionais-esperam-que-a-guine-bissau-se-resolva-sozinha\/#primaryimage\"},\"image\":{\"@id\":\"https:\/\/portaltela.pt\/noticias\/2026\/02\/26\/organizacoes-internacionais-esperam-que-a-guine-bissau-se-resolva-sozinha\/#primaryimage\"},\"thumbnailUrl\":\"https:\/\/portaltela.pt\/s.01k8rhncp4jt1\/2026\/02\/2069831.jpg\",\"datePublished\":\"2026-02-26T07:00:00+00:00\",\"author\":{\"@id\":\"https:\/\/portaltela.pt\/#\/schema\/person\/c4278d4a6028830caff9ee44b42d32ed\"},\"breadcrumb\":{\"@id\":\"https:\/\/portaltela.pt\/noticias\/2026\/02\/26\/organizacoes-internacionais-esperam-que-a-guine-bissau-se-resolva-sozinha\/#breadcrumb\"},\"inLanguage\":\"pt-PT\",\"potentialAction\":[{\"@type\":\"ReadAction\",\"target\":[\"https:\/\/portaltela.pt\/noticias\/2026\/02\/26\/organizacoes-internacionais-esperam-que-a-guine-bissau-se-resolva-sozinha\/\"]}]},{\"@type\":\"ImageObject\",\"inLanguage\":\"pt-PT\",\"@id\":\"https:\/\/portaltela.pt\/noticias\/2026\/02\/26\/organizacoes-internacionais-esperam-que-a-guine-bissau-se-resolva-sozinha\/#primaryimage\",\"url\":\"https:\/\/portaltela.pt\/s.01k8rhncp4jt1\/2026\/02\/2069831.jpg\",\"contentUrl\":\"https:\/\/portaltela.pt\/s.01k8rhncp4jt1\/2026\/02\/2069831.jpg\",\"width\":796,\"height\":448,\"caption\":\"O Presidente da Serra Leoa, Julius Maada Bio, que chefiou a miss\u00e3o da CEDEAO que esteve em Bissau a 10 de Janeiro\"},{\"@type\":\"BreadcrumbList\",\"@id\":\"https:\/\/portaltela.pt\/noticias\/2026\/02\/26\/organizacoes-internacionais-esperam-que-a-guine-bissau-se-resolva-sozinha\/#breadcrumb\",\"itemListElement\":[{\"@type\":\"ListItem\",\"position\":1,\"name\":\"In\u00edcio\",\"item\":\"https:\/\/portaltela.pt\/\"},{\"@type\":\"ListItem\",\"position\":2,\"name\":\"Organiza\u00e7\u00f5es internacionais esperam que a Guin\u00e9-Bissau se resolva sozinha\"}]},{\"@type\":\"WebSite\",\"@id\":\"https:\/\/portaltela.pt\/#website\",\"url\":\"https:\/\/portaltela.pt\/\",\"name\":\"Portal Tela Portugal\",\"description\":\"\",\"potentialAction\":[{\"@type\":\"SearchAction\",\"target\":{\"@type\":\"EntryPoint\",\"urlTemplate\":\"https:\/\/portaltela.pt\/?s={search_term_string}\"},\"query-input\":{\"@type\":\"PropertyValueSpecification\",\"valueRequired\":true,\"valueName\":\"search_term_string\"}}],\"inLanguage\":\"pt-PT\"},{\"@type\":\"Person\",\"@id\":\"https:\/\/portaltela.pt\/#\/schema\/person\/c4278d4a6028830caff9ee44b42d32ed\",\"name\":\"Telinha\",\"image\":{\"@type\":\"ImageObject\",\"inLanguage\":\"pt-PT\",\"@id\":\"https:\/\/portaltela.pt\/s.01k8rhncp4jt1\/2025\/11\/talking-bot-125x125.png\",\"url\":\"https:\/\/portaltela.pt\/s.01k8rhncp4jt1\/2025\/11\/talking-bot-125x125.png\",\"contentUrl\":\"https:\/\/portaltela.pt\/s.01k8rhncp4jt1\/2025\/11\/talking-bot-125x125.png\",\"caption\":\"Telinha\"},\"sameAs\":[\"https:\/\/portaltela.pt\/\"],\"url\":\"https:\/\/portaltela.pt\/por\/367410592786\/\"}]}<\/script>\n<!-- \/ Yoast SEO plugin. -->","yoast_head_json":{"title":"Organiza\u00e7\u00f5es internacionais esperam que a Guin\u00e9-Bissau se resolva sozinha - Portal Tela Portugal","robots":{"index":"index","follow":"follow","max-snippet":"max-snippet:-1","max-image-preview":"max-image-preview:large","max-video-preview":"max-video-preview:-1"},"og_locale":"pt_PT","og_type":"article","og_title":"Organiza\u00e7\u00f5es internacionais esperam que a Guin\u00e9-Bissau se resolva sozinha - Portal Tela Portugal","og_description":"Comunidades internacionais, incluindo a CEDEAO (Comunidade Econ\u00f3mica dos Estados da \u00c1frica Ocidental), Uni\u00e3o Africana e CPLP, n\u00e3o pressionam fortemente os militares guineenses a devolver o poder. Nos \u00faltimos cinco anos, quando a CEDEAO adotou uma linha dura, acabou por perder tr\u00eas pa\u00edses (Mali, Burkina Faso e N\u00edger), que criaram a Alian\u00e7a dos Estados do Sahel e resistiram \u00e0 interven\u00e7\u00e3o regional. Em rela\u00e7\u00e3o \u00e0 Guin\u00e9-Bissau, a postura da CEDEAO tem sido diferente, com a organiza\u00e7\u00e3o parecendo esperar que a situa\u00e7\u00e3o se resolva por si mesma, apesar da ret\u00f3rica mais firme. Um autogolpe sem mortos n\u00e3o parece ter mobilizado de forma significativa os l\u00edderes africanos.","og_url":"https:\/\/portaltela.pt\/noticias\/2026\/02\/26\/organizacoes-internacionais-esperam-que-a-guine-bissau-se-resolva-sozinha\/","og_site_name":"Portal Tela Portugal","article_published_time":"2026-02-26T07:00:00+00:00","author":"Telinha","twitter_card":"summary_large_image","twitter_misc":{"Escrito por":"Telinha","Tempo estimado de leitura":"1 minuto"},"schema":{"@context":"https:\/\/schema.org","@graph":[{"@type":"Article","@id":"https:\/\/portaltela.pt\/noticias\/2026\/02\/26\/organizacoes-internacionais-esperam-que-a-guine-bissau-se-resolva-sozinha\/#article","isPartOf":{"@id":"https:\/\/portaltela.pt\/noticias\/2026\/02\/26\/organizacoes-internacionais-esperam-que-a-guine-bissau-se-resolva-sozinha\/"},"author":{"name":"Telinha","@id":"https:\/\/portaltela.pt\/#\/schema\/person\/c4278d4a6028830caff9ee44b42d32ed"},"headline":"Organiza\u00e7\u00f5es internacionais esperam que a Guin\u00e9-Bissau se resolva sozinha","datePublished":"2026-02-26T07:00:00+00:00","mainEntityOfPage":{"@id":"https:\/\/portaltela.pt\/noticias\/2026\/02\/26\/organizacoes-internacionais-esperam-que-a-guine-bissau-se-resolva-sozinha\/"},"wordCount":237,"image":{"@id":"https:\/\/portaltela.pt\/noticias\/2026\/02\/26\/organizacoes-internacionais-esperam-que-a-guine-bissau-se-resolva-sozinha\/#primaryimage"},"thumbnailUrl":"https:\/\/portaltela.pt\/s.01k8rhncp4jt1\/2026\/02\/2069831.jpg","keywords":["CEDEAO","CPLP","diplomacia","media\u00e7\u00e3o","organiza\u00e7\u00f5es internacionais","san\u00e7\u00f5es internacionais"],"articleSection":["Not\u00edcias","Pol\u00edtica"],"inLanguage":"pt-PT"},{"@type":"WebPage","@id":"https:\/\/portaltela.pt\/noticias\/2026\/02\/26\/organizacoes-internacionais-esperam-que-a-guine-bissau-se-resolva-sozinha\/","url":"https:\/\/portaltela.pt\/noticias\/2026\/02\/26\/organizacoes-internacionais-esperam-que-a-guine-bissau-se-resolva-sozinha\/","name":"Organiza\u00e7\u00f5es internacionais esperam que a Guin\u00e9-Bissau se resolva sozinha - Portal Tela Portugal","isPartOf":{"@id":"https:\/\/portaltela.pt\/#website"},"primaryImageOfPage":{"@id":"https:\/\/portaltela.pt\/noticias\/2026\/02\/26\/organizacoes-internacionais-esperam-que-a-guine-bissau-se-resolva-sozinha\/#primaryimage"},"image":{"@id":"https:\/\/portaltela.pt\/noticias\/2026\/02\/26\/organizacoes-internacionais-esperam-que-a-guine-bissau-se-resolva-sozinha\/#primaryimage"},"thumbnailUrl":"https:\/\/portaltela.pt\/s.01k8rhncp4jt1\/2026\/02\/2069831.jpg","datePublished":"2026-02-26T07:00:00+00:00","author":{"@id":"https:\/\/portaltela.pt\/#\/schema\/person\/c4278d4a6028830caff9ee44b42d32ed"},"breadcrumb":{"@id":"https:\/\/portaltela.pt\/noticias\/2026\/02\/26\/organizacoes-internacionais-esperam-que-a-guine-bissau-se-resolva-sozinha\/#breadcrumb"},"inLanguage":"pt-PT","potentialAction":[{"@type":"ReadAction","target":["https:\/\/portaltela.pt\/noticias\/2026\/02\/26\/organizacoes-internacionais-esperam-que-a-guine-bissau-se-resolva-sozinha\/"]}]},{"@type":"ImageObject","inLanguage":"pt-PT","@id":"https:\/\/portaltela.pt\/noticias\/2026\/02\/26\/organizacoes-internacionais-esperam-que-a-guine-bissau-se-resolva-sozinha\/#primaryimage","url":"https:\/\/portaltela.pt\/s.01k8rhncp4jt1\/2026\/02\/2069831.jpg","contentUrl":"https:\/\/portaltela.pt\/s.01k8rhncp4jt1\/2026\/02\/2069831.jpg","width":796,"height":448,"caption":"O Presidente da Serra Leoa, Julius Maada Bio, que chefiou a miss\u00e3o da CEDEAO que esteve em Bissau a 10 de Janeiro"},{"@type":"BreadcrumbList","@id":"https:\/\/portaltela.pt\/noticias\/2026\/02\/26\/organizacoes-internacionais-esperam-que-a-guine-bissau-se-resolva-sozinha\/#breadcrumb","itemListElement":[{"@type":"ListItem","position":1,"name":"In\u00edcio","item":"https:\/\/portaltela.pt\/"},{"@type":"ListItem","position":2,"name":"Organiza\u00e7\u00f5es internacionais esperam que a Guin\u00e9-Bissau se resolva sozinha"}]},{"@type":"WebSite","@id":"https:\/\/portaltela.pt\/#website","url":"https:\/\/portaltela.pt\/","name":"Portal Tela Portugal","description":"","potentialAction":[{"@type":"SearchAction","target":{"@type":"EntryPoint","urlTemplate":"https:\/\/portaltela.pt\/?s={search_term_string}"},"query-input":{"@type":"PropertyValueSpecification","valueRequired":true,"valueName":"search_term_string"}}],"inLanguage":"pt-PT"},{"@type":"Person","@id":"https:\/\/portaltela.pt\/#\/schema\/person\/c4278d4a6028830caff9ee44b42d32ed","name":"Telinha","image":{"@type":"ImageObject","inLanguage":"pt-PT","@id":"https:\/\/portaltela.pt\/s.01k8rhncp4jt1\/2025\/11\/talking-bot-125x125.png","url":"https:\/\/portaltela.pt\/s.01k8rhncp4jt1\/2025\/11\/talking-bot-125x125.png","contentUrl":"https:\/\/portaltela.pt\/s.01k8rhncp4jt1\/2025\/11\/talking-bot-125x125.png","caption":"Telinha"},"sameAs":["https:\/\/portaltela.pt\/"],"url":"https:\/\/portaltela.pt\/por\/367410592786\/"}]}},"_links":{"self":[{"href":"https:\/\/portaltela.pt\/api\/wp\/v2\/posts\/388490","targetHints":{"allow":["GET"]}}],"collection":[{"href":"https:\/\/portaltela.pt\/api\/wp\/v2\/posts"}],"about":[{"href":"https:\/\/portaltela.pt\/api\/wp\/v2\/types\/post"}],"author":[{"embeddable":true,"href":"https:\/\/portaltela.pt\/api\/wp\/v2\/users\/2"}],"replies":[{"embeddable":true,"href":"https:\/\/portaltela.pt\/api\/wp\/v2\/comments?post=388490"}],"version-history":[{"count":0,"href":"https:\/\/portaltela.pt\/api\/wp\/v2\/posts\/388490\/revisions"}],"wp:featuredmedia":[{"embeddable":true,"href":"https:\/\/portaltela.pt\/api\/wp\/v2\/media\/388505"}],"wp:attachment":[{"href":"https:\/\/portaltela.pt\/api\/wp\/v2\/media?parent=388490"}],"wp:term":[{"taxonomy":"category","embeddable":true,"href":"https:\/\/portaltela.pt\/api\/wp\/v2\/categories?post=388490"},{"taxonomy":"post_tag","embeddable":true,"href":"https:\/\/portaltela.pt\/api\/wp\/v2\/tags?post=388490"}],"curies":[{"name":"wp","href":"https:\/\/api.w.org\/{rel}","templated":true}]}}