{"id":388488,"date":"2026-02-26T04:06:00","date_gmt":"2026-02-26T07:06:00","guid":{"rendered":"https:\/\/portaltela.pt\/noticias\/2026\/02\/26\/bocejos-de-fetos-saudaveis-no-utero-ligados-a-menor-peso-ao-nascer\/"},"modified":"2026-02-26T04:06:00","modified_gmt":"2026-02-26T07:06:00","slug":"bocejos-de-fetos-saudaveis-no-utero-ligados-a-menor-peso-ao-nascer","status":"publish","type":"post","link":"https:\/\/portaltela.pt\/noticias\/2026\/02\/26\/bocejos-de-fetos-saudaveis-no-utero-ligados-a-menor-peso-ao-nascer\/","title":{"rendered":"Bocejos de fetos saud\u00e1veis no \u00fatero ligados a menor peso ao nascer"},"content":{"rendered":"<p>Bocejos de fetos saud\u00e1veis no \u00fatero foram observados por investigadores num estudo recente, que encontrou uma associa\u00e7\u00e3o entre maior frequ\u00eancia de bocejos e menor peso ao nascer. Os bocejos s\u00e3o reflexos involunt\u00e1rios que envolvem abertura ampla da boca e uma inspira\u00e7\u00e3o profunda.<\/p>\n<p>Segundo os resultados, fetos saud\u00e1veis que bocejam com mais frequ\u00eancia tendem a nascer com menos peso. A rela\u00e7\u00e3o precisa entre o n\u00famero de bocejos e o peso ao nascer ainda n\u00e3o est\u00e1 completamente elucidada, mas os autores destacam a necessidade de mais investiga\u00e7\u00f5es.<\/p>\n<p>O estudo analisa eventos dentro do \u00fatero durante v\u00e1rias semanas de gesta\u00e7\u00e3o. Embora o fen\u00f3meno seja comum entre fetos, os investigadores sublinham que a associa\u00e7\u00e3o n\u00e3o implica causalidade direta entre bocejos e peso de nascimento.<\/p>\n<p>A not\u00edcia refor\u00e7a a import\u00e2ncia de compreender o que os sinais fetais podem indicar sobre o desenvolvimento. Explica ainda que fatores gen\u00e9ticos, alimentares e ambientais continuam a influenciar o peso ao nascer, com mais dados necess\u00e1rios para interpreta\u00e7\u00e3o cl\u00ednica.<\/p>\n<p>A obra \u00e9 apresentada como mais um passo para entender comportamentos fetais e o seu impacto no desenvolvimento p\u00f3s-natal, sem implicar consequ\u00eancias imediatas para as estrat\u00e9gias de supervis\u00e3o obst\u00e9trica.<\/p>\n","protected":false},"excerpt":{"rendered":"<ul>\n<li>Um estudo recente associa uma maior frequ\u00eancia de bocejos em fetos saud\u00e1veis a um menor peso do beb\u00e9 ao nascer.<\/li>\n<li>Bocejos fetais s\u00e3o reflexos involunt\u00e1rios que envolvem abertura ampla da boca e inspira\u00e7\u00e3o profunda, observados tamb\u00e9m no \u00fatero durante a gesta\u00e7\u00e3o.<\/li>\n<li>A rela\u00e7\u00e3o apresentada \u00e9 de correla\u00e7\u00e3o, n\u00e3o implicando necessariamente causalidade entre bocejos e baixo peso ao nascer.<\/li>\n<li>A not\u00edcia inclui uma imagem de um bocejo fetal \u00e0s 23 semanas de gesta\u00e7\u00e3o.<\/li>\n<\/ul>\n","protected":false},"author":2,"featured_media":388500,"comment_status":"closed","ping_status":"closed","sticky":false,"template":"","format":"standard","meta":{"footnotes":""},"categories":[1],"tags":[1992,215,115,1402,3611,172],"class_list":["post-388488","post","type-post","status-publish","format-standard","has-post-thumbnail","hentry","category-noticias","tag-ciencia","tag-investigacao","tag-maternidade","tag-obstetricia","tag-peso","tag-saude"],"yoast_head":"<!-- This site is optimized with the Yoast SEO plugin v27.2 - https:\/\/yoast.com\/product\/yoast-seo-wordpress\/ -->\n<title>Bocejos de fetos saud\u00e1veis no \u00fatero ligados a menor peso ao nascer - Portal Tela Portugal<\/title>\n<meta name=\"robots\" content=\"index, follow, max-snippet:-1, max-image-preview:large, max-video-preview:-1\" \/>\n<meta property=\"og:locale\" content=\"pt_PT\" \/>\n<meta property=\"og:type\" content=\"article\" \/>\n<meta property=\"og:title\" content=\"Bocejos de fetos saud\u00e1veis no \u00fatero ligados a menor peso ao nascer - Portal Tela Portugal\" \/>\n<meta property=\"og:description\" content=\"Um estudo recente associa uma maior frequ\u00eancia de bocejos em fetos saud\u00e1veis a um menor peso do beb\u00e9 ao nascer. Bocejos fetais s\u00e3o reflexos involunt\u00e1rios que envolvem abertura ampla da boca e inspira\u00e7\u00e3o profunda, observados tamb\u00e9m no \u00fatero durante a gesta\u00e7\u00e3o. A rela\u00e7\u00e3o apresentada \u00e9 de correla\u00e7\u00e3o, n\u00e3o implicando necessariamente causalidade entre bocejos e baixo peso ao nascer. A not\u00edcia inclui uma imagem de um bocejo fetal \u00e0s 23 semanas de gesta\u00e7\u00e3o.\" \/>\n<meta property=\"og:url\" content=\"https:\/\/portaltela.pt\/noticias\/2026\/02\/26\/bocejos-de-fetos-saudaveis-no-utero-ligados-a-menor-peso-ao-nascer\/\" \/>\n<meta property=\"og:site_name\" content=\"Portal Tela Portugal\" \/>\n<meta property=\"article:published_time\" content=\"2026-02-26T07:06:00+00:00\" \/>\n<meta name=\"author\" content=\"Telinha\" \/>\n<meta name=\"twitter:card\" content=\"summary_large_image\" \/>\n<meta name=\"twitter:label1\" content=\"Escrito por\" \/>\n\t<meta name=\"twitter:data1\" content=\"Telinha\" \/>\n\t<meta name=\"twitter:label2\" content=\"Tempo estimado de leitura\" \/>\n\t<meta name=\"twitter:data2\" content=\"1 minuto\" \/>\n<script type=\"application\/ld+json\" class=\"yoast-schema-graph\">{\"@context\":\"https:\/\/schema.org\",\"@graph\":[{\"@type\":\"Article\",\"@id\":\"https:\/\/portaltela.pt\/noticias\/2026\/02\/26\/bocejos-de-fetos-saudaveis-no-utero-ligados-a-menor-peso-ao-nascer\/#article\",\"isPartOf\":{\"@id\":\"https:\/\/portaltela.pt\/noticias\/2026\/02\/26\/bocejos-de-fetos-saudaveis-no-utero-ligados-a-menor-peso-ao-nascer\/\"},\"author\":{\"name\":\"Telinha\",\"@id\":\"https:\/\/portaltela.pt\/#\/schema\/person\/c4278d4a6028830caff9ee44b42d32ed\"},\"headline\":\"Bocejos de fetos saud\u00e1veis no \u00fatero ligados a menor peso ao nascer\",\"datePublished\":\"2026-02-26T07:06:00+00:00\",\"mainEntityOfPage\":{\"@id\":\"https:\/\/portaltela.pt\/noticias\/2026\/02\/26\/bocejos-de-fetos-saudaveis-no-utero-ligados-a-menor-peso-ao-nascer\/\"},\"wordCount\":229,\"image\":{\"@id\":\"https:\/\/portaltela.pt\/noticias\/2026\/02\/26\/bocejos-de-fetos-saudaveis-no-utero-ligados-a-menor-peso-ao-nascer\/#primaryimage\"},\"thumbnailUrl\":\"https:\/\/portaltela.pt\/s.01k8rhncp4jt1\/2026\/02\/2069790.jpg\",\"keywords\":[\"ci\u00eancia\",\"investiga\u00e7\u00e3o\",\"maternidade\",\"Obstetr\u00edcia\",\"peso\",\"sa\u00fade\"],\"articleSection\":[\"Not\u00edcias\"],\"inLanguage\":\"pt-PT\"},{\"@type\":\"WebPage\",\"@id\":\"https:\/\/portaltela.pt\/noticias\/2026\/02\/26\/bocejos-de-fetos-saudaveis-no-utero-ligados-a-menor-peso-ao-nascer\/\",\"url\":\"https:\/\/portaltela.pt\/noticias\/2026\/02\/26\/bocejos-de-fetos-saudaveis-no-utero-ligados-a-menor-peso-ao-nascer\/\",\"name\":\"Bocejos de fetos saud\u00e1veis no \u00fatero ligados a menor peso ao nascer - Portal Tela Portugal\",\"isPartOf\":{\"@id\":\"https:\/\/portaltela.pt\/#website\"},\"primaryImageOfPage\":{\"@id\":\"https:\/\/portaltela.pt\/noticias\/2026\/02\/26\/bocejos-de-fetos-saudaveis-no-utero-ligados-a-menor-peso-ao-nascer\/#primaryimage\"},\"image\":{\"@id\":\"https:\/\/portaltela.pt\/noticias\/2026\/02\/26\/bocejos-de-fetos-saudaveis-no-utero-ligados-a-menor-peso-ao-nascer\/#primaryimage\"},\"thumbnailUrl\":\"https:\/\/portaltela.pt\/s.01k8rhncp4jt1\/2026\/02\/2069790.jpg\",\"datePublished\":\"2026-02-26T07:06:00+00:00\",\"author\":{\"@id\":\"https:\/\/portaltela.pt\/#\/schema\/person\/c4278d4a6028830caff9ee44b42d32ed\"},\"breadcrumb\":{\"@id\":\"https:\/\/portaltela.pt\/noticias\/2026\/02\/26\/bocejos-de-fetos-saudaveis-no-utero-ligados-a-menor-peso-ao-nascer\/#breadcrumb\"},\"inLanguage\":\"pt-PT\",\"potentialAction\":[{\"@type\":\"ReadAction\",\"target\":[\"https:\/\/portaltela.pt\/noticias\/2026\/02\/26\/bocejos-de-fetos-saudaveis-no-utero-ligados-a-menor-peso-ao-nascer\/\"]}]},{\"@type\":\"ImageObject\",\"inLanguage\":\"pt-PT\",\"@id\":\"https:\/\/portaltela.pt\/noticias\/2026\/02\/26\/bocejos-de-fetos-saudaveis-no-utero-ligados-a-menor-peso-ao-nascer\/#primaryimage\",\"url\":\"https:\/\/portaltela.pt\/s.01k8rhncp4jt1\/2026\/02\/2069790.jpg\",\"contentUrl\":\"https:\/\/portaltela.pt\/s.01k8rhncp4jt1\/2026\/02\/2069790.jpg\",\"width\":796,\"height\":448,\"caption\":\"Um bocejo fetal \u00e0s 23 semanas de gesta\u00e7\u00e3o\"},{\"@type\":\"BreadcrumbList\",\"@id\":\"https:\/\/portaltela.pt\/noticias\/2026\/02\/26\/bocejos-de-fetos-saudaveis-no-utero-ligados-a-menor-peso-ao-nascer\/#breadcrumb\",\"itemListElement\":[{\"@type\":\"ListItem\",\"position\":1,\"name\":\"In\u00edcio\",\"item\":\"https:\/\/portaltela.pt\/\"},{\"@type\":\"ListItem\",\"position\":2,\"name\":\"Bocejos de fetos saud\u00e1veis no \u00fatero ligados a menor peso ao nascer\"}]},{\"@type\":\"WebSite\",\"@id\":\"https:\/\/portaltela.pt\/#website\",\"url\":\"https:\/\/portaltela.pt\/\",\"name\":\"Portal Tela Portugal\",\"description\":\"\",\"potentialAction\":[{\"@type\":\"SearchAction\",\"target\":{\"@type\":\"EntryPoint\",\"urlTemplate\":\"https:\/\/portaltela.pt\/?s={search_term_string}\"},\"query-input\":{\"@type\":\"PropertyValueSpecification\",\"valueRequired\":true,\"valueName\":\"search_term_string\"}}],\"inLanguage\":\"pt-PT\"},{\"@type\":\"Person\",\"@id\":\"https:\/\/portaltela.pt\/#\/schema\/person\/c4278d4a6028830caff9ee44b42d32ed\",\"name\":\"Telinha\",\"image\":{\"@type\":\"ImageObject\",\"inLanguage\":\"pt-PT\",\"@id\":\"https:\/\/portaltela.pt\/s.01k8rhncp4jt1\/2025\/11\/talking-bot-125x125.png\",\"url\":\"https:\/\/portaltela.pt\/s.01k8rhncp4jt1\/2025\/11\/talking-bot-125x125.png\",\"contentUrl\":\"https:\/\/portaltela.pt\/s.01k8rhncp4jt1\/2025\/11\/talking-bot-125x125.png\",\"caption\":\"Telinha\"},\"sameAs\":[\"https:\/\/portaltela.pt\/\"],\"url\":\"https:\/\/portaltela.pt\/por\/367410592786\/\"}]}<\/script>\n<!-- \/ Yoast SEO plugin. -->","yoast_head_json":{"title":"Bocejos de fetos saud\u00e1veis no \u00fatero ligados a menor peso ao nascer - Portal Tela Portugal","robots":{"index":"index","follow":"follow","max-snippet":"max-snippet:-1","max-image-preview":"max-image-preview:large","max-video-preview":"max-video-preview:-1"},"og_locale":"pt_PT","og_type":"article","og_title":"Bocejos de fetos saud\u00e1veis no \u00fatero ligados a menor peso ao nascer - Portal Tela Portugal","og_description":"Um estudo recente associa uma maior frequ\u00eancia de bocejos em fetos saud\u00e1veis a um menor peso do beb\u00e9 ao nascer. Bocejos fetais s\u00e3o reflexos involunt\u00e1rios que envolvem abertura ampla da boca e inspira\u00e7\u00e3o profunda, observados tamb\u00e9m no \u00fatero durante a gesta\u00e7\u00e3o. A rela\u00e7\u00e3o apresentada \u00e9 de correla\u00e7\u00e3o, n\u00e3o implicando necessariamente causalidade entre bocejos e baixo peso ao nascer. A not\u00edcia inclui uma imagem de um bocejo fetal \u00e0s 23 semanas de gesta\u00e7\u00e3o.","og_url":"https:\/\/portaltela.pt\/noticias\/2026\/02\/26\/bocejos-de-fetos-saudaveis-no-utero-ligados-a-menor-peso-ao-nascer\/","og_site_name":"Portal Tela Portugal","article_published_time":"2026-02-26T07:06:00+00:00","author":"Telinha","twitter_card":"summary_large_image","twitter_misc":{"Escrito por":"Telinha","Tempo estimado de leitura":"1 minuto"},"schema":{"@context":"https:\/\/schema.org","@graph":[{"@type":"Article","@id":"https:\/\/portaltela.pt\/noticias\/2026\/02\/26\/bocejos-de-fetos-saudaveis-no-utero-ligados-a-menor-peso-ao-nascer\/#article","isPartOf":{"@id":"https:\/\/portaltela.pt\/noticias\/2026\/02\/26\/bocejos-de-fetos-saudaveis-no-utero-ligados-a-menor-peso-ao-nascer\/"},"author":{"name":"Telinha","@id":"https:\/\/portaltela.pt\/#\/schema\/person\/c4278d4a6028830caff9ee44b42d32ed"},"headline":"Bocejos de fetos saud\u00e1veis no \u00fatero ligados a menor peso ao nascer","datePublished":"2026-02-26T07:06:00+00:00","mainEntityOfPage":{"@id":"https:\/\/portaltela.pt\/noticias\/2026\/02\/26\/bocejos-de-fetos-saudaveis-no-utero-ligados-a-menor-peso-ao-nascer\/"},"wordCount":229,"image":{"@id":"https:\/\/portaltela.pt\/noticias\/2026\/02\/26\/bocejos-de-fetos-saudaveis-no-utero-ligados-a-menor-peso-ao-nascer\/#primaryimage"},"thumbnailUrl":"https:\/\/portaltela.pt\/s.01k8rhncp4jt1\/2026\/02\/2069790.jpg","keywords":["ci\u00eancia","investiga\u00e7\u00e3o","maternidade","Obstetr\u00edcia","peso","sa\u00fade"],"articleSection":["Not\u00edcias"],"inLanguage":"pt-PT"},{"@type":"WebPage","@id":"https:\/\/portaltela.pt\/noticias\/2026\/02\/26\/bocejos-de-fetos-saudaveis-no-utero-ligados-a-menor-peso-ao-nascer\/","url":"https:\/\/portaltela.pt\/noticias\/2026\/02\/26\/bocejos-de-fetos-saudaveis-no-utero-ligados-a-menor-peso-ao-nascer\/","name":"Bocejos de fetos saud\u00e1veis no \u00fatero ligados a menor peso ao nascer - Portal Tela Portugal","isPartOf":{"@id":"https:\/\/portaltela.pt\/#website"},"primaryImageOfPage":{"@id":"https:\/\/portaltela.pt\/noticias\/2026\/02\/26\/bocejos-de-fetos-saudaveis-no-utero-ligados-a-menor-peso-ao-nascer\/#primaryimage"},"image":{"@id":"https:\/\/portaltela.pt\/noticias\/2026\/02\/26\/bocejos-de-fetos-saudaveis-no-utero-ligados-a-menor-peso-ao-nascer\/#primaryimage"},"thumbnailUrl":"https:\/\/portaltela.pt\/s.01k8rhncp4jt1\/2026\/02\/2069790.jpg","datePublished":"2026-02-26T07:06:00+00:00","author":{"@id":"https:\/\/portaltela.pt\/#\/schema\/person\/c4278d4a6028830caff9ee44b42d32ed"},"breadcrumb":{"@id":"https:\/\/portaltela.pt\/noticias\/2026\/02\/26\/bocejos-de-fetos-saudaveis-no-utero-ligados-a-menor-peso-ao-nascer\/#breadcrumb"},"inLanguage":"pt-PT","potentialAction":[{"@type":"ReadAction","target":["https:\/\/portaltela.pt\/noticias\/2026\/02\/26\/bocejos-de-fetos-saudaveis-no-utero-ligados-a-menor-peso-ao-nascer\/"]}]},{"@type":"ImageObject","inLanguage":"pt-PT","@id":"https:\/\/portaltela.pt\/noticias\/2026\/02\/26\/bocejos-de-fetos-saudaveis-no-utero-ligados-a-menor-peso-ao-nascer\/#primaryimage","url":"https:\/\/portaltela.pt\/s.01k8rhncp4jt1\/2026\/02\/2069790.jpg","contentUrl":"https:\/\/portaltela.pt\/s.01k8rhncp4jt1\/2026\/02\/2069790.jpg","width":796,"height":448,"caption":"Um bocejo fetal \u00e0s 23 semanas de gesta\u00e7\u00e3o"},{"@type":"BreadcrumbList","@id":"https:\/\/portaltela.pt\/noticias\/2026\/02\/26\/bocejos-de-fetos-saudaveis-no-utero-ligados-a-menor-peso-ao-nascer\/#breadcrumb","itemListElement":[{"@type":"ListItem","position":1,"name":"In\u00edcio","item":"https:\/\/portaltela.pt\/"},{"@type":"ListItem","position":2,"name":"Bocejos de fetos saud\u00e1veis no \u00fatero ligados a menor peso ao nascer"}]},{"@type":"WebSite","@id":"https:\/\/portaltela.pt\/#website","url":"https:\/\/portaltela.pt\/","name":"Portal Tela Portugal","description":"","potentialAction":[{"@type":"SearchAction","target":{"@type":"EntryPoint","urlTemplate":"https:\/\/portaltela.pt\/?s={search_term_string}"},"query-input":{"@type":"PropertyValueSpecification","valueRequired":true,"valueName":"search_term_string"}}],"inLanguage":"pt-PT"},{"@type":"Person","@id":"https:\/\/portaltela.pt\/#\/schema\/person\/c4278d4a6028830caff9ee44b42d32ed","name":"Telinha","image":{"@type":"ImageObject","inLanguage":"pt-PT","@id":"https:\/\/portaltela.pt\/s.01k8rhncp4jt1\/2025\/11\/talking-bot-125x125.png","url":"https:\/\/portaltela.pt\/s.01k8rhncp4jt1\/2025\/11\/talking-bot-125x125.png","contentUrl":"https:\/\/portaltela.pt\/s.01k8rhncp4jt1\/2025\/11\/talking-bot-125x125.png","caption":"Telinha"},"sameAs":["https:\/\/portaltela.pt\/"],"url":"https:\/\/portaltela.pt\/por\/367410592786\/"}]}},"_links":{"self":[{"href":"https:\/\/portaltela.pt\/api\/wp\/v2\/posts\/388488","targetHints":{"allow":["GET"]}}],"collection":[{"href":"https:\/\/portaltela.pt\/api\/wp\/v2\/posts"}],"about":[{"href":"https:\/\/portaltela.pt\/api\/wp\/v2\/types\/post"}],"author":[{"embeddable":true,"href":"https:\/\/portaltela.pt\/api\/wp\/v2\/users\/2"}],"replies":[{"embeddable":true,"href":"https:\/\/portaltela.pt\/api\/wp\/v2\/comments?post=388488"}],"version-history":[{"count":0,"href":"https:\/\/portaltela.pt\/api\/wp\/v2\/posts\/388488\/revisions"}],"wp:featuredmedia":[{"embeddable":true,"href":"https:\/\/portaltela.pt\/api\/wp\/v2\/media\/388500"}],"wp:attachment":[{"href":"https:\/\/portaltela.pt\/api\/wp\/v2\/media?parent=388488"}],"wp:term":[{"taxonomy":"category","embeddable":true,"href":"https:\/\/portaltela.pt\/api\/wp\/v2\/categories?post=388488"},{"taxonomy":"post_tag","embeddable":true,"href":"https:\/\/portaltela.pt\/api\/wp\/v2\/tags?post=388488"}],"curies":[{"name":"wp","href":"https:\/\/api.w.org\/{rel}","templated":true}]}}