{"id":388485,"date":"2026-02-26T03:58:00","date_gmt":"2026-02-26T06:58:00","guid":{"rendered":"https:\/\/portaltela.pt\/noticias\/2026\/02\/26\/caso-epstein-ou-protecao-a-trump-o-que-dizem-as-investigacoes\/"},"modified":"2026-02-26T03:58:00","modified_gmt":"2026-02-26T06:58:00","slug":"caso-epstein-ou-protecao-a-trump-o-que-dizem-as-investigacoes","status":"publish","type":"post","link":"https:\/\/portaltela.pt\/noticias\/internacional\/2026\/02\/26\/caso-epstein-ou-protecao-a-trump-o-que-dizem-as-investigacoes\/","title":{"rendered":"Caso Epstein ou prote\u00e7\u00e3o a Trump: o que dizem as investiga\u00e7\u00f5es"},"content":{"rendered":"<p>Pedro Guerreiro, do P\u00daBLICO, acompanha a atualidade pol\u00edtica dos EUA e \u00e9 o convidado do epis\u00f3dio mais recente. A divulga\u00e7\u00e3o de documentos sobre o caso Epstein, em 30 de janeiro, gerou grandes repercuss\u00f5es no Reino Unido e nos EUA.<\/p>\n<p>Em Londres, o ex-pr\u00edncipe Andr\u00e9 foi detido no \u00e2mbito do caso e est\u00e1 a ser investigado por m\u00e1 conduta em fun\u00e7\u00f5es p\u00fablicas. Tamb\u00e9m foi detido Peter Mandelson, ex-embaixador brit\u00e2nico nos EUA, ap\u00f3s novas revela\u00e7\u00f5es sobre a sua liga\u00e7\u00e3o a Epstein, j\u00e1 condenado por crimes sexuais que se suicidou na pris\u00e3o antes de ser julgado.<\/p>\n<p>Mandelson \u00e9 suspeito de abuso de cargo p\u00fablico e o caso provocou uma crise em Londres, com press\u00e3o para que o primeiro-ministro se demita. Esta escalada repercute na pol\u00edtica interna brit\u00e2nica e na gest\u00e3o do Governo.<\/p>\n<p>Nos EUA, o Departamento de Justi\u00e7a \u00e9 acusado de ocultar ou remover mais de 50 p\u00e1ginas de documentos que mencionam o presidente Donald Trump, o que levanta quest\u00f5es sobre a transpar\u00eancia. A not\u00edcia alimenta cr\u00edticas de opositores e investiga\u00e7\u00f5es em curso sobre o tratamento dos dados.<\/p>\n<p>O caso Epstein permanece no centro de discuss\u00f5es pol\u00edticas. A antiga secret\u00e1ria de Estado Hillary Clinton dep\u00f5e hoje perante congressistas, no \u00e2mbito da investiga\u00e7\u00e3o. Bill Clinton, marido da ex-pris\u00e3o, far\u00e1 o depoimento amanh\u00e3, segundo a divulga\u00e7\u00e3o do material.<\/p>\n","protected":false},"excerpt":{"rendered":"<ul>\n<li>A divulga\u00e7\u00e3o de documentos sobre o caso Epstein, a 30 de janeiro, gerou grandes repercuss\u00f5es no Reino Unido e nos EUA.<\/li>\n<li>Em Londres, o ex-pr\u00edncipe Andr\u00e9 foi detido e investigado por m\u00e1 conduta em fun\u00e7\u00f5es p\u00fablicas; Peter Mandelson tamb\u00e9m foi detido, contribuindo para uma crise pol\u00edtica e press\u00e3o para que o primeiro-ministro se demita.<\/li>\n<li>Nos EUA, o Departamento de Justi\u00e7a \u00e9 acusado de ocultar ou remover mais de 50 p\u00e1ginas de documentos que mencionam o presidente Donald Trump.<\/li>\n<li>A antiga secret\u00e1ria de Estado Hillary Clinton dep\u00f5e hoje perante congressistas no \u00e2mbito da investiga\u00e7\u00e3o; Bill Clinton dever\u00e1 depor amanh\u00e3.<\/li>\n<li>O caso Epstein mant\u00e9m-se politicamente relevante, com novos desenvolvimentos e pedidos de responsabiliza\u00e7\u00e3o.<\/li>\n<\/ul>\n","protected":false},"author":2,"featured_media":388504,"comment_status":"closed","ping_status":"closed","sticky":false,"template":"","format":"standard","meta":{"footnotes":""},"categories":[4,1],"tags":[5531,3990,4953,6046,4591,215],"class_list":["post-388485","post","type-post","status-publish","format-standard","has-post-thumbnail","hentry","category-internacional","category-noticias","tag-bill-clinton","tag-crimes-sexuais","tag-donald-trump","tag-hillary-clinton","tag-inglaterra","tag-investigacao"],"yoast_head":"<!-- This site is optimized with the Yoast SEO plugin v27.2 - https:\/\/yoast.com\/product\/yoast-seo-wordpress\/ -->\n<title>Caso Epstein ou prote\u00e7\u00e3o a Trump: o que dizem as investiga\u00e7\u00f5es - Portal Tela Portugal<\/title>\n<meta name=\"robots\" content=\"index, follow, max-snippet:-1, max-image-preview:large, max-video-preview:-1\" \/>\n<meta property=\"og:locale\" content=\"pt_PT\" \/>\n<meta property=\"og:type\" content=\"article\" \/>\n<meta property=\"og:title\" content=\"Caso Epstein ou prote\u00e7\u00e3o a Trump: o que dizem as investiga\u00e7\u00f5es - Portal Tela Portugal\" \/>\n<meta property=\"og:description\" content=\"A divulga\u00e7\u00e3o de documentos sobre o caso Epstein, a 30 de janeiro, gerou grandes repercuss\u00f5es no Reino Unido e nos EUA. Em Londres, o ex-pr\u00edncipe Andr\u00e9 foi detido e investigado por m\u00e1 conduta em fun\u00e7\u00f5es p\u00fablicas; Peter Mandelson tamb\u00e9m foi detido, contribuindo para uma crise pol\u00edtica e press\u00e3o para que o primeiro-ministro se demita. Nos EUA, o Departamento de Justi\u00e7a \u00e9 acusado de ocultar ou remover mais de 50 p\u00e1ginas de documentos que mencionam o presidente Donald Trump. A antiga secret\u00e1ria de Estado Hillary Clinton dep\u00f5e hoje perante congressistas no \u00e2mbito da investiga\u00e7\u00e3o; Bill Clinton dever\u00e1 depor amanh\u00e3. O caso Epstein mant\u00e9m-se politicamente relevante, com novos desenvolvimentos e pedidos de responsabiliza\u00e7\u00e3o.\" \/>\n<meta property=\"og:url\" content=\"https:\/\/portaltela.pt\/noticias\/2026\/02\/26\/caso-epstein-ou-protecao-a-trump-o-que-dizem-as-investigacoes\/\" \/>\n<meta property=\"og:site_name\" content=\"Portal Tela Portugal\" \/>\n<meta property=\"article:published_time\" content=\"2026-02-26T06:58:00+00:00\" \/>\n<meta name=\"author\" content=\"Telinha\" \/>\n<meta name=\"twitter:card\" content=\"summary_large_image\" \/>\n<meta name=\"twitter:label1\" content=\"Escrito por\" \/>\n\t<meta name=\"twitter:data1\" content=\"Telinha\" \/>\n\t<meta name=\"twitter:label2\" content=\"Tempo estimado de leitura\" \/>\n\t<meta name=\"twitter:data2\" content=\"1 minuto\" \/>\n<script type=\"application\/ld+json\" class=\"yoast-schema-graph\">{\"@context\":\"https:\/\/schema.org\",\"@graph\":[{\"@type\":\"Article\",\"@id\":\"https:\/\/portaltela.pt\/noticias\/2026\/02\/26\/caso-epstein-ou-protecao-a-trump-o-que-dizem-as-investigacoes\/#article\",\"isPartOf\":{\"@id\":\"https:\/\/portaltela.pt\/noticias\/2026\/02\/26\/caso-epstein-ou-protecao-a-trump-o-que-dizem-as-investigacoes\/\"},\"author\":{\"name\":\"Telinha\",\"@id\":\"https:\/\/portaltela.pt\/#\/schema\/person\/c4278d4a6028830caff9ee44b42d32ed\"},\"headline\":\"Caso Epstein ou prote\u00e7\u00e3o a Trump: o que dizem as investiga\u00e7\u00f5es\",\"datePublished\":\"2026-02-26T06:58:00+00:00\",\"mainEntityOfPage\":{\"@id\":\"https:\/\/portaltela.pt\/noticias\/2026\/02\/26\/caso-epstein-ou-protecao-a-trump-o-que-dizem-as-investigacoes\/\"},\"wordCount\":254,\"image\":{\"@id\":\"https:\/\/portaltela.pt\/noticias\/2026\/02\/26\/caso-epstein-ou-protecao-a-trump-o-que-dizem-as-investigacoes\/#primaryimage\"},\"thumbnailUrl\":\"https:\/\/portaltela.pt\/s.01k8rhncp4jt1\/2026\/02\/2069861.jpg\",\"keywords\":[\"Bill Clinton\",\"crimes sexuais\",\"Donald Trump\",\"Hillary Clinton\",\"Inglaterra\",\"investiga\u00e7\u00e3o\"],\"articleSection\":[\"Internacional\",\"Not\u00edcias\"],\"inLanguage\":\"pt-PT\"},{\"@type\":\"WebPage\",\"@id\":\"https:\/\/portaltela.pt\/noticias\/2026\/02\/26\/caso-epstein-ou-protecao-a-trump-o-que-dizem-as-investigacoes\/\",\"url\":\"https:\/\/portaltela.pt\/noticias\/2026\/02\/26\/caso-epstein-ou-protecao-a-trump-o-que-dizem-as-investigacoes\/\",\"name\":\"Caso Epstein ou prote\u00e7\u00e3o a Trump: o que dizem as investiga\u00e7\u00f5es - Portal Tela Portugal\",\"isPartOf\":{\"@id\":\"https:\/\/portaltela.pt\/#website\"},\"primaryImageOfPage\":{\"@id\":\"https:\/\/portaltela.pt\/noticias\/2026\/02\/26\/caso-epstein-ou-protecao-a-trump-o-que-dizem-as-investigacoes\/#primaryimage\"},\"image\":{\"@id\":\"https:\/\/portaltela.pt\/noticias\/2026\/02\/26\/caso-epstein-ou-protecao-a-trump-o-que-dizem-as-investigacoes\/#primaryimage\"},\"thumbnailUrl\":\"https:\/\/portaltela.pt\/s.01k8rhncp4jt1\/2026\/02\/2069861.jpg\",\"datePublished\":\"2026-02-26T06:58:00+00:00\",\"author\":{\"@id\":\"https:\/\/portaltela.pt\/#\/schema\/person\/c4278d4a6028830caff9ee44b42d32ed\"},\"breadcrumb\":{\"@id\":\"https:\/\/portaltela.pt\/noticias\/2026\/02\/26\/caso-epstein-ou-protecao-a-trump-o-que-dizem-as-investigacoes\/#breadcrumb\"},\"inLanguage\":\"pt-PT\",\"potentialAction\":[{\"@type\":\"ReadAction\",\"target\":[\"https:\/\/portaltela.pt\/noticias\/2026\/02\/26\/caso-epstein-ou-protecao-a-trump-o-que-dizem-as-investigacoes\/\"]}]},{\"@type\":\"ImageObject\",\"inLanguage\":\"pt-PT\",\"@id\":\"https:\/\/portaltela.pt\/noticias\/2026\/02\/26\/caso-epstein-ou-protecao-a-trump-o-que-dizem-as-investigacoes\/#primaryimage\",\"url\":\"https:\/\/portaltela.pt\/s.01k8rhncp4jt1\/2026\/02\/2069861.jpg\",\"contentUrl\":\"https:\/\/portaltela.pt\/s.01k8rhncp4jt1\/2026\/02\/2069861.jpg\",\"width\":796,\"height\":448,\"caption\":\"Photo\"},{\"@type\":\"BreadcrumbList\",\"@id\":\"https:\/\/portaltela.pt\/noticias\/2026\/02\/26\/caso-epstein-ou-protecao-a-trump-o-que-dizem-as-investigacoes\/#breadcrumb\",\"itemListElement\":[{\"@type\":\"ListItem\",\"position\":1,\"name\":\"In\u00edcio\",\"item\":\"https:\/\/portaltela.pt\/\"},{\"@type\":\"ListItem\",\"position\":2,\"name\":\"Caso Epstein ou prote\u00e7\u00e3o a Trump: o que dizem as investiga\u00e7\u00f5es\"}]},{\"@type\":\"WebSite\",\"@id\":\"https:\/\/portaltela.pt\/#website\",\"url\":\"https:\/\/portaltela.pt\/\",\"name\":\"Portal Tela Portugal\",\"description\":\"\",\"potentialAction\":[{\"@type\":\"SearchAction\",\"target\":{\"@type\":\"EntryPoint\",\"urlTemplate\":\"https:\/\/portaltela.pt\/?s={search_term_string}\"},\"query-input\":{\"@type\":\"PropertyValueSpecification\",\"valueRequired\":true,\"valueName\":\"search_term_string\"}}],\"inLanguage\":\"pt-PT\"},{\"@type\":\"Person\",\"@id\":\"https:\/\/portaltela.pt\/#\/schema\/person\/c4278d4a6028830caff9ee44b42d32ed\",\"name\":\"Telinha\",\"image\":{\"@type\":\"ImageObject\",\"inLanguage\":\"pt-PT\",\"@id\":\"https:\/\/portaltela.pt\/s.01k8rhncp4jt1\/2025\/11\/talking-bot-125x125.png\",\"url\":\"https:\/\/portaltela.pt\/s.01k8rhncp4jt1\/2025\/11\/talking-bot-125x125.png\",\"contentUrl\":\"https:\/\/portaltela.pt\/s.01k8rhncp4jt1\/2025\/11\/talking-bot-125x125.png\",\"caption\":\"Telinha\"},\"sameAs\":[\"https:\/\/portaltela.pt\/\"],\"url\":\"https:\/\/portaltela.pt\/por\/367410592786\/\"}]}<\/script>\n<!-- \/ Yoast SEO plugin. -->","yoast_head_json":{"title":"Caso Epstein ou prote\u00e7\u00e3o a Trump: o que dizem as investiga\u00e7\u00f5es - Portal Tela Portugal","robots":{"index":"index","follow":"follow","max-snippet":"max-snippet:-1","max-image-preview":"max-image-preview:large","max-video-preview":"max-video-preview:-1"},"og_locale":"pt_PT","og_type":"article","og_title":"Caso Epstein ou prote\u00e7\u00e3o a Trump: o que dizem as investiga\u00e7\u00f5es - Portal Tela Portugal","og_description":"A divulga\u00e7\u00e3o de documentos sobre o caso Epstein, a 30 de janeiro, gerou grandes repercuss\u00f5es no Reino Unido e nos EUA. Em Londres, o ex-pr\u00edncipe Andr\u00e9 foi detido e investigado por m\u00e1 conduta em fun\u00e7\u00f5es p\u00fablicas; Peter Mandelson tamb\u00e9m foi detido, contribuindo para uma crise pol\u00edtica e press\u00e3o para que o primeiro-ministro se demita. Nos EUA, o Departamento de Justi\u00e7a \u00e9 acusado de ocultar ou remover mais de 50 p\u00e1ginas de documentos que mencionam o presidente Donald Trump. A antiga secret\u00e1ria de Estado Hillary Clinton dep\u00f5e hoje perante congressistas no \u00e2mbito da investiga\u00e7\u00e3o; Bill Clinton dever\u00e1 depor amanh\u00e3. O caso Epstein mant\u00e9m-se politicamente relevante, com novos desenvolvimentos e pedidos de responsabiliza\u00e7\u00e3o.","og_url":"https:\/\/portaltela.pt\/noticias\/2026\/02\/26\/caso-epstein-ou-protecao-a-trump-o-que-dizem-as-investigacoes\/","og_site_name":"Portal Tela Portugal","article_published_time":"2026-02-26T06:58:00+00:00","author":"Telinha","twitter_card":"summary_large_image","twitter_misc":{"Escrito por":"Telinha","Tempo estimado de leitura":"1 minuto"},"schema":{"@context":"https:\/\/schema.org","@graph":[{"@type":"Article","@id":"https:\/\/portaltela.pt\/noticias\/2026\/02\/26\/caso-epstein-ou-protecao-a-trump-o-que-dizem-as-investigacoes\/#article","isPartOf":{"@id":"https:\/\/portaltela.pt\/noticias\/2026\/02\/26\/caso-epstein-ou-protecao-a-trump-o-que-dizem-as-investigacoes\/"},"author":{"name":"Telinha","@id":"https:\/\/portaltela.pt\/#\/schema\/person\/c4278d4a6028830caff9ee44b42d32ed"},"headline":"Caso Epstein ou prote\u00e7\u00e3o a Trump: o que dizem as investiga\u00e7\u00f5es","datePublished":"2026-02-26T06:58:00+00:00","mainEntityOfPage":{"@id":"https:\/\/portaltela.pt\/noticias\/2026\/02\/26\/caso-epstein-ou-protecao-a-trump-o-que-dizem-as-investigacoes\/"},"wordCount":254,"image":{"@id":"https:\/\/portaltela.pt\/noticias\/2026\/02\/26\/caso-epstein-ou-protecao-a-trump-o-que-dizem-as-investigacoes\/#primaryimage"},"thumbnailUrl":"https:\/\/portaltela.pt\/s.01k8rhncp4jt1\/2026\/02\/2069861.jpg","keywords":["Bill Clinton","crimes sexuais","Donald Trump","Hillary Clinton","Inglaterra","investiga\u00e7\u00e3o"],"articleSection":["Internacional","Not\u00edcias"],"inLanguage":"pt-PT"},{"@type":"WebPage","@id":"https:\/\/portaltela.pt\/noticias\/2026\/02\/26\/caso-epstein-ou-protecao-a-trump-o-que-dizem-as-investigacoes\/","url":"https:\/\/portaltela.pt\/noticias\/2026\/02\/26\/caso-epstein-ou-protecao-a-trump-o-que-dizem-as-investigacoes\/","name":"Caso Epstein ou prote\u00e7\u00e3o a Trump: o que dizem as investiga\u00e7\u00f5es - Portal Tela Portugal","isPartOf":{"@id":"https:\/\/portaltela.pt\/#website"},"primaryImageOfPage":{"@id":"https:\/\/portaltela.pt\/noticias\/2026\/02\/26\/caso-epstein-ou-protecao-a-trump-o-que-dizem-as-investigacoes\/#primaryimage"},"image":{"@id":"https:\/\/portaltela.pt\/noticias\/2026\/02\/26\/caso-epstein-ou-protecao-a-trump-o-que-dizem-as-investigacoes\/#primaryimage"},"thumbnailUrl":"https:\/\/portaltela.pt\/s.01k8rhncp4jt1\/2026\/02\/2069861.jpg","datePublished":"2026-02-26T06:58:00+00:00","author":{"@id":"https:\/\/portaltela.pt\/#\/schema\/person\/c4278d4a6028830caff9ee44b42d32ed"},"breadcrumb":{"@id":"https:\/\/portaltela.pt\/noticias\/2026\/02\/26\/caso-epstein-ou-protecao-a-trump-o-que-dizem-as-investigacoes\/#breadcrumb"},"inLanguage":"pt-PT","potentialAction":[{"@type":"ReadAction","target":["https:\/\/portaltela.pt\/noticias\/2026\/02\/26\/caso-epstein-ou-protecao-a-trump-o-que-dizem-as-investigacoes\/"]}]},{"@type":"ImageObject","inLanguage":"pt-PT","@id":"https:\/\/portaltela.pt\/noticias\/2026\/02\/26\/caso-epstein-ou-protecao-a-trump-o-que-dizem-as-investigacoes\/#primaryimage","url":"https:\/\/portaltela.pt\/s.01k8rhncp4jt1\/2026\/02\/2069861.jpg","contentUrl":"https:\/\/portaltela.pt\/s.01k8rhncp4jt1\/2026\/02\/2069861.jpg","width":796,"height":448,"caption":"Photo"},{"@type":"BreadcrumbList","@id":"https:\/\/portaltela.pt\/noticias\/2026\/02\/26\/caso-epstein-ou-protecao-a-trump-o-que-dizem-as-investigacoes\/#breadcrumb","itemListElement":[{"@type":"ListItem","position":1,"name":"In\u00edcio","item":"https:\/\/portaltela.pt\/"},{"@type":"ListItem","position":2,"name":"Caso Epstein ou prote\u00e7\u00e3o a Trump: o que dizem as investiga\u00e7\u00f5es"}]},{"@type":"WebSite","@id":"https:\/\/portaltela.pt\/#website","url":"https:\/\/portaltela.pt\/","name":"Portal Tela Portugal","description":"","potentialAction":[{"@type":"SearchAction","target":{"@type":"EntryPoint","urlTemplate":"https:\/\/portaltela.pt\/?s={search_term_string}"},"query-input":{"@type":"PropertyValueSpecification","valueRequired":true,"valueName":"search_term_string"}}],"inLanguage":"pt-PT"},{"@type":"Person","@id":"https:\/\/portaltela.pt\/#\/schema\/person\/c4278d4a6028830caff9ee44b42d32ed","name":"Telinha","image":{"@type":"ImageObject","inLanguage":"pt-PT","@id":"https:\/\/portaltela.pt\/s.01k8rhncp4jt1\/2025\/11\/talking-bot-125x125.png","url":"https:\/\/portaltela.pt\/s.01k8rhncp4jt1\/2025\/11\/talking-bot-125x125.png","contentUrl":"https:\/\/portaltela.pt\/s.01k8rhncp4jt1\/2025\/11\/talking-bot-125x125.png","caption":"Telinha"},"sameAs":["https:\/\/portaltela.pt\/"],"url":"https:\/\/portaltela.pt\/por\/367410592786\/"}]}},"_links":{"self":[{"href":"https:\/\/portaltela.pt\/api\/wp\/v2\/posts\/388485","targetHints":{"allow":["GET"]}}],"collection":[{"href":"https:\/\/portaltela.pt\/api\/wp\/v2\/posts"}],"about":[{"href":"https:\/\/portaltela.pt\/api\/wp\/v2\/types\/post"}],"author":[{"embeddable":true,"href":"https:\/\/portaltela.pt\/api\/wp\/v2\/users\/2"}],"replies":[{"embeddable":true,"href":"https:\/\/portaltela.pt\/api\/wp\/v2\/comments?post=388485"}],"version-history":[{"count":0,"href":"https:\/\/portaltela.pt\/api\/wp\/v2\/posts\/388485\/revisions"}],"wp:featuredmedia":[{"embeddable":true,"href":"https:\/\/portaltela.pt\/api\/wp\/v2\/media\/388504"}],"wp:attachment":[{"href":"https:\/\/portaltela.pt\/api\/wp\/v2\/media?parent=388485"}],"wp:term":[{"taxonomy":"category","embeddable":true,"href":"https:\/\/portaltela.pt\/api\/wp\/v2\/categories?post=388485"},{"taxonomy":"post_tag","embeddable":true,"href":"https:\/\/portaltela.pt\/api\/wp\/v2\/tags?post=388485"}],"curies":[{"name":"wp","href":"https:\/\/api.w.org\/{rel}","templated":true}]}}