{"id":388440,"date":"2026-02-26T02:01:00","date_gmt":"2026-02-26T05:01:00","guid":{"rendered":"https:\/\/portaltela.pt\/noticias\/2026\/02\/26\/casal-dos-bernardos-enfrenta-mau-tempo-colchoes-para-idosos-sao-prioridade\/"},"modified":"2026-02-26T02:01:00","modified_gmt":"2026-02-26T05:01:00","slug":"casal-dos-bernardos-enfrenta-mau-tempo-colchoes-para-idosos-sao-prioridade","status":"publish","type":"post","link":"https:\/\/portaltela.pt\/noticias\/2026\/02\/26\/casal-dos-bernardos-enfrenta-mau-tempo-colchoes-para-idosos-sao-prioridade\/","title":{"rendered":"Casal dos Bernardos enfrenta mau tempo, colch\u00f5es para idosos s\u00e3o prioridade"},"content":{"rendered":"<p>Em Casal dos Bernardos, a popula\u00e7\u00e3o idosa enfrenta uma necessidade direta de colch\u00f5es devido \u00e0s condi\u00e7\u00f5es meteorol\u00f3gicas adversas registadas recentemente. A situa\u00e7\u00e3o aponta para dificuldades no acolhimento e conforto de quem vive com limita\u00e7\u00f5es familiares ou de sa\u00fade.<\/p>\n<p>A not\u00edcia envolve comunidades locais, fam\u00edlias de idosos e entidades de apoio social que trabalham para minorar os impactos do mau tempo. O foco est\u00e1 na resposta a necessidades b\u00e1sicas, com envio de recursos e apoio log\u00edstico para quem mais precisa.<\/p>\n<p>O conte\u00fado completo est\u00e1 dispon\u00edvel apenas para subscritores, pelo que seguem-se detalhes adicionais apenas para quem tem acesso. A publica\u00e7\u00e3o n\u00e3o apresenta datas exatas, n\u00fameros ou procedimentos espec\u00edficos j\u00e1 conhecidos publicamente.<\/p>\n","protected":false},"excerpt":{"rendered":"<ul>\n<li>Em Casal dos Bernardos, h\u00e1 uma necessidade de colch\u00f5es para idosos devido ao mau tempo.<\/li>\n<li>O conte\u00fado completo da not\u00edcia est\u00e1 dispon\u00edvel apenas para subscritores.<\/li>\n<li>O foco \u00e9 apoiar idosos mais vulner\u00e1veis face \u00e0s condi\u00e7\u00f5es clim\u00e1ticas locais.<\/li>\n<li>A divulga\u00e7\u00e3o detalhada da mat\u00e9ria n\u00e3o est\u00e1 dispon\u00edvel sem subscri\u00e7\u00e3o.<\/li>\n<\/ul>\n","protected":false},"author":2,"featured_media":388443,"comment_status":"closed","ping_status":"closed","sticky":false,"template":"","format":"standard","meta":{"footnotes":""},"categories":[1],"tags":[3094,4583,1211,6214,3035,2736],"class_list":["post-388440","post","type-post","status-publish","format-standard","has-post-thumbnail","hentry","category-noticias","tag-abrigos","tag-acolhimentos","tag-apoio-social","tag-casal","tag-comunidade","tag-idosos"],"yoast_head":"<!-- This site is optimized with the Yoast SEO plugin v27.2 - https:\/\/yoast.com\/product\/yoast-seo-wordpress\/ -->\n<title>Casal dos Bernardos enfrenta mau tempo, colch\u00f5es para idosos s\u00e3o prioridade - Portal Tela Portugal<\/title>\n<meta name=\"robots\" content=\"index, follow, max-snippet:-1, max-image-preview:large, max-video-preview:-1\" \/>\n<meta property=\"og:locale\" content=\"pt_PT\" \/>\n<meta property=\"og:type\" content=\"article\" \/>\n<meta property=\"og:title\" content=\"Casal dos Bernardos enfrenta mau tempo, colch\u00f5es para idosos s\u00e3o prioridade - Portal Tela Portugal\" \/>\n<meta property=\"og:description\" content=\"Em Casal dos Bernardos, h\u00e1 uma necessidade de colch\u00f5es para idosos devido ao mau tempo. O conte\u00fado completo da not\u00edcia est\u00e1 dispon\u00edvel apenas para subscritores. O foco \u00e9 apoiar idosos mais vulner\u00e1veis face \u00e0s condi\u00e7\u00f5es clim\u00e1ticas locais. A divulga\u00e7\u00e3o detalhada da mat\u00e9ria n\u00e3o est\u00e1 dispon\u00edvel sem subscri\u00e7\u00e3o.\" \/>\n<meta property=\"og:url\" content=\"https:\/\/portaltela.pt\/noticias\/2026\/02\/26\/casal-dos-bernardos-enfrenta-mau-tempo-colchoes-para-idosos-sao-prioridade\/\" \/>\n<meta property=\"og:site_name\" content=\"Portal Tela Portugal\" \/>\n<meta property=\"article:published_time\" content=\"2026-02-26T05:01:00+00:00\" \/>\n<meta name=\"author\" content=\"Telinha\" \/>\n<meta name=\"twitter:card\" content=\"summary_large_image\" \/>\n<meta name=\"twitter:label1\" content=\"Escrito por\" \/>\n\t<meta name=\"twitter:data1\" content=\"Telinha\" \/>\n\t<meta name=\"twitter:label2\" content=\"Tempo estimado de leitura\" \/>\n\t<meta name=\"twitter:data2\" content=\"1 minuto\" \/>\n<script type=\"application\/ld+json\" class=\"yoast-schema-graph\">{\"@context\":\"https:\/\/schema.org\",\"@graph\":[{\"@type\":\"Article\",\"@id\":\"https:\/\/portaltela.pt\/noticias\/2026\/02\/26\/casal-dos-bernardos-enfrenta-mau-tempo-colchoes-para-idosos-sao-prioridade\/#article\",\"isPartOf\":{\"@id\":\"https:\/\/portaltela.pt\/noticias\/2026\/02\/26\/casal-dos-bernardos-enfrenta-mau-tempo-colchoes-para-idosos-sao-prioridade\/\"},\"author\":{\"name\":\"Telinha\",\"@id\":\"https:\/\/portaltela.pt\/#\/schema\/person\/c4278d4a6028830caff9ee44b42d32ed\"},\"headline\":\"Casal dos Bernardos enfrenta mau tempo, colch\u00f5es para idosos s\u00e3o prioridade\",\"datePublished\":\"2026-02-26T05:01:00+00:00\",\"mainEntityOfPage\":{\"@id\":\"https:\/\/portaltela.pt\/noticias\/2026\/02\/26\/casal-dos-bernardos-enfrenta-mau-tempo-colchoes-para-idosos-sao-prioridade\/\"},\"wordCount\":140,\"image\":{\"@id\":\"https:\/\/portaltela.pt\/noticias\/2026\/02\/26\/casal-dos-bernardos-enfrenta-mau-tempo-colchoes-para-idosos-sao-prioridade\/#primaryimage\"},\"thumbnailUrl\":\"https:\/\/portaltela.pt\/s.01k8rhncp4jt1\/2026\/02\/CACHE_780X1200_ANALOG_WATERMARKED_46639307_2252945_25022026054406.jpg\",\"keywords\":[\"abrigos\",\"acolhimentos\",\"Apoio Social\",\"Casal\",\"comunidade\",\"idosos\"],\"articleSection\":[\"Not\u00edcias\"],\"inLanguage\":\"pt-PT\"},{\"@type\":\"WebPage\",\"@id\":\"https:\/\/portaltela.pt\/noticias\/2026\/02\/26\/casal-dos-bernardos-enfrenta-mau-tempo-colchoes-para-idosos-sao-prioridade\/\",\"url\":\"https:\/\/portaltela.pt\/noticias\/2026\/02\/26\/casal-dos-bernardos-enfrenta-mau-tempo-colchoes-para-idosos-sao-prioridade\/\",\"name\":\"Casal dos Bernardos enfrenta mau tempo, colch\u00f5es para idosos s\u00e3o prioridade - Portal Tela Portugal\",\"isPartOf\":{\"@id\":\"https:\/\/portaltela.pt\/#website\"},\"primaryImageOfPage\":{\"@id\":\"https:\/\/portaltela.pt\/noticias\/2026\/02\/26\/casal-dos-bernardos-enfrenta-mau-tempo-colchoes-para-idosos-sao-prioridade\/#primaryimage\"},\"image\":{\"@id\":\"https:\/\/portaltela.pt\/noticias\/2026\/02\/26\/casal-dos-bernardos-enfrenta-mau-tempo-colchoes-para-idosos-sao-prioridade\/#primaryimage\"},\"thumbnailUrl\":\"https:\/\/portaltela.pt\/s.01k8rhncp4jt1\/2026\/02\/CACHE_780X1200_ANALOG_WATERMARKED_46639307_2252945_25022026054406.jpg\",\"datePublished\":\"2026-02-26T05:01:00+00:00\",\"author\":{\"@id\":\"https:\/\/portaltela.pt\/#\/schema\/person\/c4278d4a6028830caff9ee44b42d32ed\"},\"breadcrumb\":{\"@id\":\"https:\/\/portaltela.pt\/noticias\/2026\/02\/26\/casal-dos-bernardos-enfrenta-mau-tempo-colchoes-para-idosos-sao-prioridade\/#breadcrumb\"},\"inLanguage\":\"pt-PT\",\"potentialAction\":[{\"@type\":\"ReadAction\",\"target\":[\"https:\/\/portaltela.pt\/noticias\/2026\/02\/26\/casal-dos-bernardos-enfrenta-mau-tempo-colchoes-para-idosos-sao-prioridade\/\"]}]},{\"@type\":\"ImageObject\",\"inLanguage\":\"pt-PT\",\"@id\":\"https:\/\/portaltela.pt\/noticias\/2026\/02\/26\/casal-dos-bernardos-enfrenta-mau-tempo-colchoes-para-idosos-sao-prioridade\/#primaryimage\",\"url\":\"https:\/\/portaltela.pt\/s.01k8rhncp4jt1\/2026\/02\/CACHE_780X1200_ANALOG_WATERMARKED_46639307_2252945_25022026054406.jpg\",\"contentUrl\":\"https:\/\/portaltela.pt\/s.01k8rhncp4jt1\/2026\/02\/CACHE_780X1200_ANALOG_WATERMARKED_46639307_2252945_25022026054406.jpg\",\"width\":796,\"height\":448,\"caption\":\"Colch\u00f5es para os mais idosos, uma necessidade em Casal dos Bernardos devido ao mau tempo\"},{\"@type\":\"BreadcrumbList\",\"@id\":\"https:\/\/portaltela.pt\/noticias\/2026\/02\/26\/casal-dos-bernardos-enfrenta-mau-tempo-colchoes-para-idosos-sao-prioridade\/#breadcrumb\",\"itemListElement\":[{\"@type\":\"ListItem\",\"position\":1,\"name\":\"In\u00edcio\",\"item\":\"https:\/\/portaltela.pt\/\"},{\"@type\":\"ListItem\",\"position\":2,\"name\":\"Casal dos Bernardos enfrenta mau tempo, colch\u00f5es para idosos s\u00e3o prioridade\"}]},{\"@type\":\"WebSite\",\"@id\":\"https:\/\/portaltela.pt\/#website\",\"url\":\"https:\/\/portaltela.pt\/\",\"name\":\"Portal Tela Portugal\",\"description\":\"\",\"potentialAction\":[{\"@type\":\"SearchAction\",\"target\":{\"@type\":\"EntryPoint\",\"urlTemplate\":\"https:\/\/portaltela.pt\/?s={search_term_string}\"},\"query-input\":{\"@type\":\"PropertyValueSpecification\",\"valueRequired\":true,\"valueName\":\"search_term_string\"}}],\"inLanguage\":\"pt-PT\"},{\"@type\":\"Person\",\"@id\":\"https:\/\/portaltela.pt\/#\/schema\/person\/c4278d4a6028830caff9ee44b42d32ed\",\"name\":\"Telinha\",\"image\":{\"@type\":\"ImageObject\",\"inLanguage\":\"pt-PT\",\"@id\":\"https:\/\/portaltela.pt\/s.01k8rhncp4jt1\/2025\/11\/talking-bot-125x125.png\",\"url\":\"https:\/\/portaltela.pt\/s.01k8rhncp4jt1\/2025\/11\/talking-bot-125x125.png\",\"contentUrl\":\"https:\/\/portaltela.pt\/s.01k8rhncp4jt1\/2025\/11\/talking-bot-125x125.png\",\"caption\":\"Telinha\"},\"sameAs\":[\"https:\/\/portaltela.pt\/\"],\"url\":\"https:\/\/portaltela.pt\/por\/367410592786\/\"}]}<\/script>\n<!-- \/ Yoast SEO plugin. -->","yoast_head_json":{"title":"Casal dos Bernardos enfrenta mau tempo, colch\u00f5es para idosos s\u00e3o prioridade - Portal Tela Portugal","robots":{"index":"index","follow":"follow","max-snippet":"max-snippet:-1","max-image-preview":"max-image-preview:large","max-video-preview":"max-video-preview:-1"},"og_locale":"pt_PT","og_type":"article","og_title":"Casal dos Bernardos enfrenta mau tempo, colch\u00f5es para idosos s\u00e3o prioridade - Portal Tela Portugal","og_description":"Em Casal dos Bernardos, h\u00e1 uma necessidade de colch\u00f5es para idosos devido ao mau tempo. O conte\u00fado completo da not\u00edcia est\u00e1 dispon\u00edvel apenas para subscritores. O foco \u00e9 apoiar idosos mais vulner\u00e1veis face \u00e0s condi\u00e7\u00f5es clim\u00e1ticas locais. A divulga\u00e7\u00e3o detalhada da mat\u00e9ria n\u00e3o est\u00e1 dispon\u00edvel sem subscri\u00e7\u00e3o.","og_url":"https:\/\/portaltela.pt\/noticias\/2026\/02\/26\/casal-dos-bernardos-enfrenta-mau-tempo-colchoes-para-idosos-sao-prioridade\/","og_site_name":"Portal Tela Portugal","article_published_time":"2026-02-26T05:01:00+00:00","author":"Telinha","twitter_card":"summary_large_image","twitter_misc":{"Escrito por":"Telinha","Tempo estimado de leitura":"1 minuto"},"schema":{"@context":"https:\/\/schema.org","@graph":[{"@type":"Article","@id":"https:\/\/portaltela.pt\/noticias\/2026\/02\/26\/casal-dos-bernardos-enfrenta-mau-tempo-colchoes-para-idosos-sao-prioridade\/#article","isPartOf":{"@id":"https:\/\/portaltela.pt\/noticias\/2026\/02\/26\/casal-dos-bernardos-enfrenta-mau-tempo-colchoes-para-idosos-sao-prioridade\/"},"author":{"name":"Telinha","@id":"https:\/\/portaltela.pt\/#\/schema\/person\/c4278d4a6028830caff9ee44b42d32ed"},"headline":"Casal dos Bernardos enfrenta mau tempo, colch\u00f5es para idosos s\u00e3o prioridade","datePublished":"2026-02-26T05:01:00+00:00","mainEntityOfPage":{"@id":"https:\/\/portaltela.pt\/noticias\/2026\/02\/26\/casal-dos-bernardos-enfrenta-mau-tempo-colchoes-para-idosos-sao-prioridade\/"},"wordCount":140,"image":{"@id":"https:\/\/portaltela.pt\/noticias\/2026\/02\/26\/casal-dos-bernardos-enfrenta-mau-tempo-colchoes-para-idosos-sao-prioridade\/#primaryimage"},"thumbnailUrl":"https:\/\/portaltela.pt\/s.01k8rhncp4jt1\/2026\/02\/CACHE_780X1200_ANALOG_WATERMARKED_46639307_2252945_25022026054406.jpg","keywords":["abrigos","acolhimentos","Apoio Social","Casal","comunidade","idosos"],"articleSection":["Not\u00edcias"],"inLanguage":"pt-PT"},{"@type":"WebPage","@id":"https:\/\/portaltela.pt\/noticias\/2026\/02\/26\/casal-dos-bernardos-enfrenta-mau-tempo-colchoes-para-idosos-sao-prioridade\/","url":"https:\/\/portaltela.pt\/noticias\/2026\/02\/26\/casal-dos-bernardos-enfrenta-mau-tempo-colchoes-para-idosos-sao-prioridade\/","name":"Casal dos Bernardos enfrenta mau tempo, colch\u00f5es para idosos s\u00e3o prioridade - Portal Tela Portugal","isPartOf":{"@id":"https:\/\/portaltela.pt\/#website"},"primaryImageOfPage":{"@id":"https:\/\/portaltela.pt\/noticias\/2026\/02\/26\/casal-dos-bernardos-enfrenta-mau-tempo-colchoes-para-idosos-sao-prioridade\/#primaryimage"},"image":{"@id":"https:\/\/portaltela.pt\/noticias\/2026\/02\/26\/casal-dos-bernardos-enfrenta-mau-tempo-colchoes-para-idosos-sao-prioridade\/#primaryimage"},"thumbnailUrl":"https:\/\/portaltela.pt\/s.01k8rhncp4jt1\/2026\/02\/CACHE_780X1200_ANALOG_WATERMARKED_46639307_2252945_25022026054406.jpg","datePublished":"2026-02-26T05:01:00+00:00","author":{"@id":"https:\/\/portaltela.pt\/#\/schema\/person\/c4278d4a6028830caff9ee44b42d32ed"},"breadcrumb":{"@id":"https:\/\/portaltela.pt\/noticias\/2026\/02\/26\/casal-dos-bernardos-enfrenta-mau-tempo-colchoes-para-idosos-sao-prioridade\/#breadcrumb"},"inLanguage":"pt-PT","potentialAction":[{"@type":"ReadAction","target":["https:\/\/portaltela.pt\/noticias\/2026\/02\/26\/casal-dos-bernardos-enfrenta-mau-tempo-colchoes-para-idosos-sao-prioridade\/"]}]},{"@type":"ImageObject","inLanguage":"pt-PT","@id":"https:\/\/portaltela.pt\/noticias\/2026\/02\/26\/casal-dos-bernardos-enfrenta-mau-tempo-colchoes-para-idosos-sao-prioridade\/#primaryimage","url":"https:\/\/portaltela.pt\/s.01k8rhncp4jt1\/2026\/02\/CACHE_780X1200_ANALOG_WATERMARKED_46639307_2252945_25022026054406.jpg","contentUrl":"https:\/\/portaltela.pt\/s.01k8rhncp4jt1\/2026\/02\/CACHE_780X1200_ANALOG_WATERMARKED_46639307_2252945_25022026054406.jpg","width":796,"height":448,"caption":"Colch\u00f5es para os mais idosos, uma necessidade em Casal dos Bernardos devido ao mau tempo"},{"@type":"BreadcrumbList","@id":"https:\/\/portaltela.pt\/noticias\/2026\/02\/26\/casal-dos-bernardos-enfrenta-mau-tempo-colchoes-para-idosos-sao-prioridade\/#breadcrumb","itemListElement":[{"@type":"ListItem","position":1,"name":"In\u00edcio","item":"https:\/\/portaltela.pt\/"},{"@type":"ListItem","position":2,"name":"Casal dos Bernardos enfrenta mau tempo, colch\u00f5es para idosos s\u00e3o prioridade"}]},{"@type":"WebSite","@id":"https:\/\/portaltela.pt\/#website","url":"https:\/\/portaltela.pt\/","name":"Portal Tela Portugal","description":"","potentialAction":[{"@type":"SearchAction","target":{"@type":"EntryPoint","urlTemplate":"https:\/\/portaltela.pt\/?s={search_term_string}"},"query-input":{"@type":"PropertyValueSpecification","valueRequired":true,"valueName":"search_term_string"}}],"inLanguage":"pt-PT"},{"@type":"Person","@id":"https:\/\/portaltela.pt\/#\/schema\/person\/c4278d4a6028830caff9ee44b42d32ed","name":"Telinha","image":{"@type":"ImageObject","inLanguage":"pt-PT","@id":"https:\/\/portaltela.pt\/s.01k8rhncp4jt1\/2025\/11\/talking-bot-125x125.png","url":"https:\/\/portaltela.pt\/s.01k8rhncp4jt1\/2025\/11\/talking-bot-125x125.png","contentUrl":"https:\/\/portaltela.pt\/s.01k8rhncp4jt1\/2025\/11\/talking-bot-125x125.png","caption":"Telinha"},"sameAs":["https:\/\/portaltela.pt\/"],"url":"https:\/\/portaltela.pt\/por\/367410592786\/"}]}},"_links":{"self":[{"href":"https:\/\/portaltela.pt\/api\/wp\/v2\/posts\/388440","targetHints":{"allow":["GET"]}}],"collection":[{"href":"https:\/\/portaltela.pt\/api\/wp\/v2\/posts"}],"about":[{"href":"https:\/\/portaltela.pt\/api\/wp\/v2\/types\/post"}],"author":[{"embeddable":true,"href":"https:\/\/portaltela.pt\/api\/wp\/v2\/users\/2"}],"replies":[{"embeddable":true,"href":"https:\/\/portaltela.pt\/api\/wp\/v2\/comments?post=388440"}],"version-history":[{"count":0,"href":"https:\/\/portaltela.pt\/api\/wp\/v2\/posts\/388440\/revisions"}],"wp:featuredmedia":[{"embeddable":true,"href":"https:\/\/portaltela.pt\/api\/wp\/v2\/media\/388443"}],"wp:attachment":[{"href":"https:\/\/portaltela.pt\/api\/wp\/v2\/media?parent=388440"}],"wp:term":[{"taxonomy":"category","embeddable":true,"href":"https:\/\/portaltela.pt\/api\/wp\/v2\/categories?post=388440"},{"taxonomy":"post_tag","embeddable":true,"href":"https:\/\/portaltela.pt\/api\/wp\/v2\/tags?post=388440"}],"curies":[{"name":"wp","href":"https:\/\/api.w.org\/{rel}","templated":true}]}}