{"id":388404,"date":"2026-02-25T22:30:00","date_gmt":"2026-02-26T01:30:00","guid":{"rendered":"https:\/\/portaltela.pt\/noticias\/2026\/02\/25\/politecnico-regista-danos-nas-instalacoes-provocados-pela-tempestade-kristin\/"},"modified":"2026-02-25T22:30:00","modified_gmt":"2026-02-26T01:30:00","slug":"politecnico-regista-danos-nas-instalacoes-provocados-pela-tempestade-kristin","status":"publish","type":"post","link":"https:\/\/portaltela.pt\/noticias\/2026\/02\/25\/politecnico-regista-danos-nas-instalacoes-provocados-pela-tempestade-kristin\/","title":{"rendered":"Polit\u00e9cnico regista danos nas instala\u00e7\u00f5es provocados pela tempestade Kristin"},"content":{"rendered":"<p>O Polit\u00e9cnico de Leiria estima danos de cerca de 6 milh\u00f5es de euros causados pela tempestade Kristin. A institui\u00e7\u00e3o abriga 14 500 alunos distribu\u00eddos por cinco escolas do ensino superior.<\/p>\n<p>Os maiores estragos ocorreram nas quatro resid\u00eancias de estudantes, que tiveram de ser evacuadas de forma emergencial. Parte da cobertura e das fachadas envidra\u00e7adas da nova resid\u00eancia em constru\u00e7\u00e3o foram arrancadas pelo vento.<\/p>\n<p>Al\u00e9m disso, o Campus 2 sofreu danos relevantes, especialmente no edif\u00edcio da biblioteca, com v\u00e1rias paredes envidra\u00e7adas afetadas. Danos significativos foram tamb\u00e9m registados nos equipamentos de aquecimento, ventila\u00e7\u00e3o e ar condicionado.<\/p>\n<h3>Avalia\u00e7\u00e3o e pr\u00f3ximos passos<\/h3>\n<p>A avalia\u00e7\u00e3o dos estragos continua, com prioridade para a seguran\u00e7a dos internos e a reposi\u00e7\u00e3o de infraestruturas cr\u00edticas. A institui\u00e7\u00e3o n\u00e3o detalha prazos, nem custos adicionais, at\u00e9 \u00e0 conclus\u00e3o das per\u00edcias.<\/p>\n","protected":false},"excerpt":{"rendered":"<ul>\n<li>O Polit\u00e9cnico de Leiria estima danos nas instala\u00e7\u00f5es em seis milh\u00f5es de euros provocados pela tempestade Kristin.<\/li>\n<li>Os maiores estragos ocorreram em quatro blocos de resid\u00eancias de estudantes, que foram evacuados de emerg\u00eancia.<\/li>\n<li>A nova resid\u00eancia em constru\u00e7\u00e3o sofreu perdas com parte das coberturas e das fachadas envidra\u00e7adas arrancadas pelo vento.<\/li>\n<li>No Campus 2, o edif\u00edcio da biblioteca e zonas com paredes envidra\u00e7adas registaram danos relevantes.<\/li>\n<li>Tamb\u00e9m houve danos significativos nos equipamentos de aquecimento, ventila\u00e7\u00e3o e ar condicionado.<\/li>\n<\/ul>\n","protected":false},"author":2,"featured_media":388419,"comment_status":"closed","ping_status":"closed","sticky":false,"template":"","format":"standard","meta":{"footnotes":""},"categories":[1],"tags":[6063,163,150,258,1385,4115],"class_list":["post-388404","post","type-post","status-publish","format-standard","has-post-thumbnail","hentry","category-noticias","tag-desastres","tag-educacao","tag-habitacao","tag-infraestruturas","tag-leiria","tag-residencias"],"yoast_head":"<!-- This site is optimized with the Yoast SEO plugin v27.2 - https:\/\/yoast.com\/product\/yoast-seo-wordpress\/ -->\n<title>Polit\u00e9cnico regista danos nas instala\u00e7\u00f5es provocados pela tempestade Kristin - Portal Tela Portugal<\/title>\n<meta name=\"robots\" content=\"index, follow, max-snippet:-1, max-image-preview:large, max-video-preview:-1\" \/>\n<meta property=\"og:locale\" content=\"pt_PT\" \/>\n<meta property=\"og:type\" content=\"article\" \/>\n<meta property=\"og:title\" content=\"Polit\u00e9cnico regista danos nas instala\u00e7\u00f5es provocados pela tempestade Kristin - Portal Tela Portugal\" \/>\n<meta property=\"og:description\" content=\"O Polit\u00e9cnico de Leiria estima danos nas instala\u00e7\u00f5es em seis milh\u00f5es de euros provocados pela tempestade Kristin. Os maiores estragos ocorreram em quatro blocos de resid\u00eancias de estudantes, que foram evacuados de emerg\u00eancia. A nova resid\u00eancia em constru\u00e7\u00e3o sofreu perdas com parte das coberturas e das fachadas envidra\u00e7adas arrancadas pelo vento. No Campus 2, o edif\u00edcio da biblioteca e zonas com paredes envidra\u00e7adas registaram danos relevantes. Tamb\u00e9m houve danos significativos nos equipamentos de aquecimento, ventila\u00e7\u00e3o e ar condicionado.\" \/>\n<meta property=\"og:url\" content=\"https:\/\/portaltela.pt\/noticias\/2026\/02\/25\/politecnico-regista-danos-nas-instalacoes-provocados-pela-tempestade-kristin\/\" \/>\n<meta property=\"og:site_name\" content=\"Portal Tela Portugal\" \/>\n<meta property=\"article:published_time\" content=\"2026-02-26T01:30:00+00:00\" \/>\n<meta name=\"author\" content=\"Telinha\" \/>\n<meta name=\"twitter:card\" content=\"summary_large_image\" \/>\n<meta name=\"twitter:label1\" content=\"Escrito por\" \/>\n\t<meta name=\"twitter:data1\" content=\"Telinha\" \/>\n\t<meta name=\"twitter:label2\" content=\"Tempo estimado de leitura\" \/>\n\t<meta name=\"twitter:data2\" content=\"1 minuto\" \/>\n<script type=\"application\/ld+json\" class=\"yoast-schema-graph\">{\"@context\":\"https:\/\/schema.org\",\"@graph\":[{\"@type\":\"Article\",\"@id\":\"https:\/\/portaltela.pt\/noticias\/2026\/02\/25\/politecnico-regista-danos-nas-instalacoes-provocados-pela-tempestade-kristin\/#article\",\"isPartOf\":{\"@id\":\"https:\/\/portaltela.pt\/noticias\/2026\/02\/25\/politecnico-regista-danos-nas-instalacoes-provocados-pela-tempestade-kristin\/\"},\"author\":{\"name\":\"Telinha\",\"@id\":\"https:\/\/portaltela.pt\/#\/schema\/person\/c4278d4a6028830caff9ee44b42d32ed\"},\"headline\":\"Polit\u00e9cnico regista danos nas instala\u00e7\u00f5es provocados pela tempestade Kristin\",\"datePublished\":\"2026-02-26T01:30:00+00:00\",\"mainEntityOfPage\":{\"@id\":\"https:\/\/portaltela.pt\/noticias\/2026\/02\/25\/politecnico-regista-danos-nas-instalacoes-provocados-pela-tempestade-kristin\/\"},\"wordCount\":159,\"image\":{\"@id\":\"https:\/\/portaltela.pt\/noticias\/2026\/02\/25\/politecnico-regista-danos-nas-instalacoes-provocados-pela-tempestade-kristin\/#primaryimage\"},\"thumbnailUrl\":\"https:\/\/portaltela.pt\/s.01k8rhncp4jt1\/2026\/02\/img_1500x1000uu2026-02-25-20-34-07-2269031-im-639076484595820757.jpg\",\"keywords\":[\"desastres\",\"educa\u00e7\u00e3o\",\"habita\u00e7\u00e3o\",\"infraestruturas\",\"Leiria\",\"resid\u00eancias\"],\"articleSection\":[\"Not\u00edcias\"],\"inLanguage\":\"pt-PT\"},{\"@type\":\"WebPage\",\"@id\":\"https:\/\/portaltela.pt\/noticias\/2026\/02\/25\/politecnico-regista-danos-nas-instalacoes-provocados-pela-tempestade-kristin\/\",\"url\":\"https:\/\/portaltela.pt\/noticias\/2026\/02\/25\/politecnico-regista-danos-nas-instalacoes-provocados-pela-tempestade-kristin\/\",\"name\":\"Polit\u00e9cnico regista danos nas instala\u00e7\u00f5es provocados pela tempestade Kristin - Portal Tela Portugal\",\"isPartOf\":{\"@id\":\"https:\/\/portaltela.pt\/#website\"},\"primaryImageOfPage\":{\"@id\":\"https:\/\/portaltela.pt\/noticias\/2026\/02\/25\/politecnico-regista-danos-nas-instalacoes-provocados-pela-tempestade-kristin\/#primaryimage\"},\"image\":{\"@id\":\"https:\/\/portaltela.pt\/noticias\/2026\/02\/25\/politecnico-regista-danos-nas-instalacoes-provocados-pela-tempestade-kristin\/#primaryimage\"},\"thumbnailUrl\":\"https:\/\/portaltela.pt\/s.01k8rhncp4jt1\/2026\/02\/img_1500x1000uu2026-02-25-20-34-07-2269031-im-639076484595820757.jpg\",\"datePublished\":\"2026-02-26T01:30:00+00:00\",\"author\":{\"@id\":\"https:\/\/portaltela.pt\/#\/schema\/person\/c4278d4a6028830caff9ee44b42d32ed\"},\"breadcrumb\":{\"@id\":\"https:\/\/portaltela.pt\/noticias\/2026\/02\/25\/politecnico-regista-danos-nas-instalacoes-provocados-pela-tempestade-kristin\/#breadcrumb\"},\"inLanguage\":\"pt-PT\",\"potentialAction\":[{\"@type\":\"ReadAction\",\"target\":[\"https:\/\/portaltela.pt\/noticias\/2026\/02\/25\/politecnico-regista-danos-nas-instalacoes-provocados-pela-tempestade-kristin\/\"]}]},{\"@type\":\"ImageObject\",\"inLanguage\":\"pt-PT\",\"@id\":\"https:\/\/portaltela.pt\/noticias\/2026\/02\/25\/politecnico-regista-danos-nas-instalacoes-provocados-pela-tempestade-kristin\/#primaryimage\",\"url\":\"https:\/\/portaltela.pt\/s.01k8rhncp4jt1\/2026\/02\/img_1500x1000uu2026-02-25-20-34-07-2269031-im-639076484595820757.jpg\",\"contentUrl\":\"https:\/\/portaltela.pt\/s.01k8rhncp4jt1\/2026\/02\/img_1500x1000uu2026-02-25-20-34-07-2269031-im-639076484595820757.jpg\",\"width\":796,\"height\":448,\"caption\":\"Carlos Rabad\u00e3o, preside ao Polit\u00e9cnico\"},{\"@type\":\"BreadcrumbList\",\"@id\":\"https:\/\/portaltela.pt\/noticias\/2026\/02\/25\/politecnico-regista-danos-nas-instalacoes-provocados-pela-tempestade-kristin\/#breadcrumb\",\"itemListElement\":[{\"@type\":\"ListItem\",\"position\":1,\"name\":\"In\u00edcio\",\"item\":\"https:\/\/portaltela.pt\/\"},{\"@type\":\"ListItem\",\"position\":2,\"name\":\"Polit\u00e9cnico regista danos nas instala\u00e7\u00f5es provocados pela tempestade Kristin\"}]},{\"@type\":\"WebSite\",\"@id\":\"https:\/\/portaltela.pt\/#website\",\"url\":\"https:\/\/portaltela.pt\/\",\"name\":\"Portal Tela Portugal\",\"description\":\"\",\"potentialAction\":[{\"@type\":\"SearchAction\",\"target\":{\"@type\":\"EntryPoint\",\"urlTemplate\":\"https:\/\/portaltela.pt\/?s={search_term_string}\"},\"query-input\":{\"@type\":\"PropertyValueSpecification\",\"valueRequired\":true,\"valueName\":\"search_term_string\"}}],\"inLanguage\":\"pt-PT\"},{\"@type\":\"Person\",\"@id\":\"https:\/\/portaltela.pt\/#\/schema\/person\/c4278d4a6028830caff9ee44b42d32ed\",\"name\":\"Telinha\",\"image\":{\"@type\":\"ImageObject\",\"inLanguage\":\"pt-PT\",\"@id\":\"https:\/\/portaltela.pt\/s.01k8rhncp4jt1\/2025\/11\/talking-bot-125x125.png\",\"url\":\"https:\/\/portaltela.pt\/s.01k8rhncp4jt1\/2025\/11\/talking-bot-125x125.png\",\"contentUrl\":\"https:\/\/portaltela.pt\/s.01k8rhncp4jt1\/2025\/11\/talking-bot-125x125.png\",\"caption\":\"Telinha\"},\"sameAs\":[\"https:\/\/portaltela.pt\/\"],\"url\":\"https:\/\/portaltela.pt\/por\/367410592786\/\"}]}<\/script>\n<!-- \/ Yoast SEO plugin. -->","yoast_head_json":{"title":"Polit\u00e9cnico regista danos nas instala\u00e7\u00f5es provocados pela tempestade Kristin - Portal Tela Portugal","robots":{"index":"index","follow":"follow","max-snippet":"max-snippet:-1","max-image-preview":"max-image-preview:large","max-video-preview":"max-video-preview:-1"},"og_locale":"pt_PT","og_type":"article","og_title":"Polit\u00e9cnico regista danos nas instala\u00e7\u00f5es provocados pela tempestade Kristin - Portal Tela Portugal","og_description":"O Polit\u00e9cnico de Leiria estima danos nas instala\u00e7\u00f5es em seis milh\u00f5es de euros provocados pela tempestade Kristin. Os maiores estragos ocorreram em quatro blocos de resid\u00eancias de estudantes, que foram evacuados de emerg\u00eancia. A nova resid\u00eancia em constru\u00e7\u00e3o sofreu perdas com parte das coberturas e das fachadas envidra\u00e7adas arrancadas pelo vento. No Campus 2, o edif\u00edcio da biblioteca e zonas com paredes envidra\u00e7adas registaram danos relevantes. Tamb\u00e9m houve danos significativos nos equipamentos de aquecimento, ventila\u00e7\u00e3o e ar condicionado.","og_url":"https:\/\/portaltela.pt\/noticias\/2026\/02\/25\/politecnico-regista-danos-nas-instalacoes-provocados-pela-tempestade-kristin\/","og_site_name":"Portal Tela Portugal","article_published_time":"2026-02-26T01:30:00+00:00","author":"Telinha","twitter_card":"summary_large_image","twitter_misc":{"Escrito por":"Telinha","Tempo estimado de leitura":"1 minuto"},"schema":{"@context":"https:\/\/schema.org","@graph":[{"@type":"Article","@id":"https:\/\/portaltela.pt\/noticias\/2026\/02\/25\/politecnico-regista-danos-nas-instalacoes-provocados-pela-tempestade-kristin\/#article","isPartOf":{"@id":"https:\/\/portaltela.pt\/noticias\/2026\/02\/25\/politecnico-regista-danos-nas-instalacoes-provocados-pela-tempestade-kristin\/"},"author":{"name":"Telinha","@id":"https:\/\/portaltela.pt\/#\/schema\/person\/c4278d4a6028830caff9ee44b42d32ed"},"headline":"Polit\u00e9cnico regista danos nas instala\u00e7\u00f5es provocados pela tempestade Kristin","datePublished":"2026-02-26T01:30:00+00:00","mainEntityOfPage":{"@id":"https:\/\/portaltela.pt\/noticias\/2026\/02\/25\/politecnico-regista-danos-nas-instalacoes-provocados-pela-tempestade-kristin\/"},"wordCount":159,"image":{"@id":"https:\/\/portaltela.pt\/noticias\/2026\/02\/25\/politecnico-regista-danos-nas-instalacoes-provocados-pela-tempestade-kristin\/#primaryimage"},"thumbnailUrl":"https:\/\/portaltela.pt\/s.01k8rhncp4jt1\/2026\/02\/img_1500x1000uu2026-02-25-20-34-07-2269031-im-639076484595820757.jpg","keywords":["desastres","educa\u00e7\u00e3o","habita\u00e7\u00e3o","infraestruturas","Leiria","resid\u00eancias"],"articleSection":["Not\u00edcias"],"inLanguage":"pt-PT"},{"@type":"WebPage","@id":"https:\/\/portaltela.pt\/noticias\/2026\/02\/25\/politecnico-regista-danos-nas-instalacoes-provocados-pela-tempestade-kristin\/","url":"https:\/\/portaltela.pt\/noticias\/2026\/02\/25\/politecnico-regista-danos-nas-instalacoes-provocados-pela-tempestade-kristin\/","name":"Polit\u00e9cnico regista danos nas instala\u00e7\u00f5es provocados pela tempestade Kristin - Portal Tela Portugal","isPartOf":{"@id":"https:\/\/portaltela.pt\/#website"},"primaryImageOfPage":{"@id":"https:\/\/portaltela.pt\/noticias\/2026\/02\/25\/politecnico-regista-danos-nas-instalacoes-provocados-pela-tempestade-kristin\/#primaryimage"},"image":{"@id":"https:\/\/portaltela.pt\/noticias\/2026\/02\/25\/politecnico-regista-danos-nas-instalacoes-provocados-pela-tempestade-kristin\/#primaryimage"},"thumbnailUrl":"https:\/\/portaltela.pt\/s.01k8rhncp4jt1\/2026\/02\/img_1500x1000uu2026-02-25-20-34-07-2269031-im-639076484595820757.jpg","datePublished":"2026-02-26T01:30:00+00:00","author":{"@id":"https:\/\/portaltela.pt\/#\/schema\/person\/c4278d4a6028830caff9ee44b42d32ed"},"breadcrumb":{"@id":"https:\/\/portaltela.pt\/noticias\/2026\/02\/25\/politecnico-regista-danos-nas-instalacoes-provocados-pela-tempestade-kristin\/#breadcrumb"},"inLanguage":"pt-PT","potentialAction":[{"@type":"ReadAction","target":["https:\/\/portaltela.pt\/noticias\/2026\/02\/25\/politecnico-regista-danos-nas-instalacoes-provocados-pela-tempestade-kristin\/"]}]},{"@type":"ImageObject","inLanguage":"pt-PT","@id":"https:\/\/portaltela.pt\/noticias\/2026\/02\/25\/politecnico-regista-danos-nas-instalacoes-provocados-pela-tempestade-kristin\/#primaryimage","url":"https:\/\/portaltela.pt\/s.01k8rhncp4jt1\/2026\/02\/img_1500x1000uu2026-02-25-20-34-07-2269031-im-639076484595820757.jpg","contentUrl":"https:\/\/portaltela.pt\/s.01k8rhncp4jt1\/2026\/02\/img_1500x1000uu2026-02-25-20-34-07-2269031-im-639076484595820757.jpg","width":796,"height":448,"caption":"Carlos Rabad\u00e3o, preside ao Polit\u00e9cnico"},{"@type":"BreadcrumbList","@id":"https:\/\/portaltela.pt\/noticias\/2026\/02\/25\/politecnico-regista-danos-nas-instalacoes-provocados-pela-tempestade-kristin\/#breadcrumb","itemListElement":[{"@type":"ListItem","position":1,"name":"In\u00edcio","item":"https:\/\/portaltela.pt\/"},{"@type":"ListItem","position":2,"name":"Polit\u00e9cnico regista danos nas instala\u00e7\u00f5es provocados pela tempestade Kristin"}]},{"@type":"WebSite","@id":"https:\/\/portaltela.pt\/#website","url":"https:\/\/portaltela.pt\/","name":"Portal Tela Portugal","description":"","potentialAction":[{"@type":"SearchAction","target":{"@type":"EntryPoint","urlTemplate":"https:\/\/portaltela.pt\/?s={search_term_string}"},"query-input":{"@type":"PropertyValueSpecification","valueRequired":true,"valueName":"search_term_string"}}],"inLanguage":"pt-PT"},{"@type":"Person","@id":"https:\/\/portaltela.pt\/#\/schema\/person\/c4278d4a6028830caff9ee44b42d32ed","name":"Telinha","image":{"@type":"ImageObject","inLanguage":"pt-PT","@id":"https:\/\/portaltela.pt\/s.01k8rhncp4jt1\/2025\/11\/talking-bot-125x125.png","url":"https:\/\/portaltela.pt\/s.01k8rhncp4jt1\/2025\/11\/talking-bot-125x125.png","contentUrl":"https:\/\/portaltela.pt\/s.01k8rhncp4jt1\/2025\/11\/talking-bot-125x125.png","caption":"Telinha"},"sameAs":["https:\/\/portaltela.pt\/"],"url":"https:\/\/portaltela.pt\/por\/367410592786\/"}]}},"_links":{"self":[{"href":"https:\/\/portaltela.pt\/api\/wp\/v2\/posts\/388404","targetHints":{"allow":["GET"]}}],"collection":[{"href":"https:\/\/portaltela.pt\/api\/wp\/v2\/posts"}],"about":[{"href":"https:\/\/portaltela.pt\/api\/wp\/v2\/types\/post"}],"author":[{"embeddable":true,"href":"https:\/\/portaltela.pt\/api\/wp\/v2\/users\/2"}],"replies":[{"embeddable":true,"href":"https:\/\/portaltela.pt\/api\/wp\/v2\/comments?post=388404"}],"version-history":[{"count":0,"href":"https:\/\/portaltela.pt\/api\/wp\/v2\/posts\/388404\/revisions"}],"wp:featuredmedia":[{"embeddable":true,"href":"https:\/\/portaltela.pt\/api\/wp\/v2\/media\/388419"}],"wp:attachment":[{"href":"https:\/\/portaltela.pt\/api\/wp\/v2\/media?parent=388404"}],"wp:term":[{"taxonomy":"category","embeddable":true,"href":"https:\/\/portaltela.pt\/api\/wp\/v2\/categories?post=388404"},{"taxonomy":"post_tag","embeddable":true,"href":"https:\/\/portaltela.pt\/api\/wp\/v2\/tags?post=388404"}],"curies":[{"name":"wp","href":"https:\/\/api.w.org\/{rel}","templated":true}]}}