{"id":388388,"date":"2026-02-25T22:30:00","date_gmt":"2026-02-26T01:30:00","guid":{"rendered":"https:\/\/portaltela.pt\/noticias\/2026\/02\/25\/mulher-na-cadeia-por-branqueamento-de-640-mil-euros\/"},"modified":"2026-02-25T22:30:00","modified_gmt":"2026-02-26T01:30:00","slug":"mulher-na-cadeia-por-branqueamento-de-640-mil-euros","status":"publish","type":"post","link":"https:\/\/portaltela.pt\/noticias\/2026\/02\/25\/mulher-na-cadeia-por-branqueamento-de-640-mil-euros\/","title":{"rendered":"Mulher na cadeia por branqueamento de 640 mil euros"},"content":{"rendered":"<p>Uma mulher de 26 anos foi colocada em pris\u00e3o preventiva por ordem do tribunal de Sintra, suspeita de falsifica\u00e7\u00e3o de documento e branqueamento, em contexto de duas burlas qualificadas. A acusa\u00e7\u00e3o envolve a cria\u00e7\u00e3o de uma empresa fict\u00edcia com sede na zona de Sintra e a gest\u00e3o de uma conta associada a atividades criminosas.<\/p>\n<p>Segundo o Minist\u00e9rio P\u00fablico, a empresa nunca teve exist\u00eancia ou atividade reais, mas serviu para receber dinheiro proveniente de origens ileg\u00edtimas. A investiga\u00e7\u00e3o aponta para a abertura de uma conta bancaria em nome da empresa, destinada a receber grandes transfer\u00eancias do estrangeiro.<\/p>\n<p>No decorrer das dilig\u00eancias, foram identificadas duas transfer\u00eancias il\u00edcitas para a conta gerida pela suspeita, totalizando mais de 640 mil euros. A pol\u00edcia est\u00e1 a escrutinar a origem do dinheiro e a rela\u00e7\u00e3o com eventuais redes criminosas.<\/p>\n<h3>Transfer\u00eancias e montante<\/h3>\n<p>As autoridades detalham que o dinheiro recebido est\u00e1 ligado a atividades criminosas no estrangeiro, com a empresa sendo utilizada como ve\u00edculo para o branqueamento. O caso segue em investiga\u00e7\u00e3o pelas autoridades competentes.<\/p>\n","protected":false},"excerpt":{"rendered":"<ul>\n<li>Mulher de 26 anos ficou em pris\u00e3o preventiva pelo tribunal de Sintra, acusada de falsifica\u00e7\u00e3o de documento e branqueamento, em contexto de burla qualificada.<\/li>\n<li>Constituiu uma empresa que nunca teve atividade real e abriu uma conta banc\u00e1ria em nome dessa empresa.<\/li>\n<li>A conta recebeu avultadas quantias de dinheiro de origem estrangeira, associadas a atividades criminosas.<\/li>\n<li>A investiga\u00e7\u00e3o aponta duas transfer\u00eancias il\u00edcitas para a referida conta, totalizando mais de 640 mil euros.<\/li>\n<li>A informa\u00e7\u00e3o foi publicada online pelo Minist\u00e9rio P\u00fablico.<\/li>\n<\/ul>\n","protected":false},"author":2,"featured_media":388393,"comment_status":"closed","ping_status":"closed","sticky":false,"template":"","format":"standard","meta":{"footnotes":""},"categories":[1],"tags":[1570,4668,147,260,1110,1633],"class_list":["post-388388","post","type-post","status-publish","format-standard","has-post-thumbnail","hentry","category-noticias","tag-branqueamento","tag-burlas","tag-crime","tag-falsificacao-de-documentos","tag-sintra","tag-transferencias-internacionais"],"yoast_head":"<!-- This site is optimized with the Yoast SEO plugin v27.2 - https:\/\/yoast.com\/product\/yoast-seo-wordpress\/ -->\n<title>Mulher na cadeia por branqueamento de 640 mil euros - Portal Tela Portugal<\/title>\n<meta name=\"robots\" content=\"index, follow, max-snippet:-1, max-image-preview:large, max-video-preview:-1\" \/>\n<meta property=\"og:locale\" content=\"pt_PT\" \/>\n<meta property=\"og:type\" content=\"article\" \/>\n<meta property=\"og:title\" content=\"Mulher na cadeia por branqueamento de 640 mil euros - Portal Tela Portugal\" \/>\n<meta property=\"og:description\" content=\"Mulher de 26 anos ficou em pris\u00e3o preventiva pelo tribunal de Sintra, acusada de falsifica\u00e7\u00e3o de documento e branqueamento, em contexto de burla qualificada. Constituiu uma empresa que nunca teve atividade real e abriu uma conta banc\u00e1ria em nome dessa empresa. A conta recebeu avultadas quantias de dinheiro de origem estrangeira, associadas a atividades criminosas. A investiga\u00e7\u00e3o aponta duas transfer\u00eancias il\u00edcitas para a referida conta, totalizando mais de 640 mil euros. A informa\u00e7\u00e3o foi publicada online pelo Minist\u00e9rio P\u00fablico.\" \/>\n<meta property=\"og:url\" content=\"https:\/\/portaltela.pt\/noticias\/2026\/02\/25\/mulher-na-cadeia-por-branqueamento-de-640-mil-euros\/\" \/>\n<meta property=\"og:site_name\" content=\"Portal Tela Portugal\" \/>\n<meta property=\"article:published_time\" content=\"2026-02-26T01:30:00+00:00\" \/>\n<meta name=\"author\" content=\"Telinha\" \/>\n<meta name=\"twitter:card\" content=\"summary_large_image\" \/>\n<meta name=\"twitter:label1\" content=\"Escrito por\" \/>\n\t<meta name=\"twitter:data1\" content=\"Telinha\" \/>\n\t<meta name=\"twitter:label2\" content=\"Tempo estimado de leitura\" \/>\n\t<meta name=\"twitter:data2\" content=\"1 minuto\" \/>\n<script type=\"application\/ld+json\" class=\"yoast-schema-graph\">{\"@context\":\"https:\/\/schema.org\",\"@graph\":[{\"@type\":\"Article\",\"@id\":\"https:\/\/portaltela.pt\/noticias\/2026\/02\/25\/mulher-na-cadeia-por-branqueamento-de-640-mil-euros\/#article\",\"isPartOf\":{\"@id\":\"https:\/\/portaltela.pt\/noticias\/2026\/02\/25\/mulher-na-cadeia-por-branqueamento-de-640-mil-euros\/\"},\"author\":{\"name\":\"Telinha\",\"@id\":\"https:\/\/portaltela.pt\/#\/schema\/person\/c4278d4a6028830caff9ee44b42d32ed\"},\"headline\":\"Mulher na cadeia por branqueamento de 640 mil euros\",\"datePublished\":\"2026-02-26T01:30:00+00:00\",\"mainEntityOfPage\":{\"@id\":\"https:\/\/portaltela.pt\/noticias\/2026\/02\/25\/mulher-na-cadeia-por-branqueamento-de-640-mil-euros\/\"},\"wordCount\":194,\"image\":{\"@id\":\"https:\/\/portaltela.pt\/noticias\/2026\/02\/25\/mulher-na-cadeia-por-branqueamento-de-640-mil-euros\/#primaryimage\"},\"thumbnailUrl\":\"https:\/\/portaltela.pt\/s.01k8rhncp4jt1\/2026\/02\/img_1500x1000uu2022-09-07-20-46-43-1183231-im-639076313552331451.jpg\",\"keywords\":[\"branqueamento\",\"burlas\",\"crime\",\"falsifica\u00e7\u00e3o de documentos\",\"Sintra\",\"transfer\u00eancias internacionais\"],\"articleSection\":[\"Not\u00edcias\"],\"inLanguage\":\"pt-PT\"},{\"@type\":\"WebPage\",\"@id\":\"https:\/\/portaltela.pt\/noticias\/2026\/02\/25\/mulher-na-cadeia-por-branqueamento-de-640-mil-euros\/\",\"url\":\"https:\/\/portaltela.pt\/noticias\/2026\/02\/25\/mulher-na-cadeia-por-branqueamento-de-640-mil-euros\/\",\"name\":\"Mulher na cadeia por branqueamento de 640 mil euros - Portal Tela Portugal\",\"isPartOf\":{\"@id\":\"https:\/\/portaltela.pt\/#website\"},\"primaryImageOfPage\":{\"@id\":\"https:\/\/portaltela.pt\/noticias\/2026\/02\/25\/mulher-na-cadeia-por-branqueamento-de-640-mil-euros\/#primaryimage\"},\"image\":{\"@id\":\"https:\/\/portaltela.pt\/noticias\/2026\/02\/25\/mulher-na-cadeia-por-branqueamento-de-640-mil-euros\/#primaryimage\"},\"thumbnailUrl\":\"https:\/\/portaltela.pt\/s.01k8rhncp4jt1\/2026\/02\/img_1500x1000uu2022-09-07-20-46-43-1183231-im-639076313552331451.jpg\",\"datePublished\":\"2026-02-26T01:30:00+00:00\",\"author\":{\"@id\":\"https:\/\/portaltela.pt\/#\/schema\/person\/c4278d4a6028830caff9ee44b42d32ed\"},\"breadcrumb\":{\"@id\":\"https:\/\/portaltela.pt\/noticias\/2026\/02\/25\/mulher-na-cadeia-por-branqueamento-de-640-mil-euros\/#breadcrumb\"},\"inLanguage\":\"pt-PT\",\"potentialAction\":[{\"@type\":\"ReadAction\",\"target\":[\"https:\/\/portaltela.pt\/noticias\/2026\/02\/25\/mulher-na-cadeia-por-branqueamento-de-640-mil-euros\/\"]}]},{\"@type\":\"ImageObject\",\"inLanguage\":\"pt-PT\",\"@id\":\"https:\/\/portaltela.pt\/noticias\/2026\/02\/25\/mulher-na-cadeia-por-branqueamento-de-640-mil-euros\/#primaryimage\",\"url\":\"https:\/\/portaltela.pt\/s.01k8rhncp4jt1\/2026\/02\/img_1500x1000uu2022-09-07-20-46-43-1183231-im-639076313552331451.jpg\",\"contentUrl\":\"https:\/\/portaltela.pt\/s.01k8rhncp4jt1\/2026\/02\/img_1500x1000uu2022-09-07-20-46-43-1183231-im-639076313552331451.jpg\",\"width\":1500,\"height\":1000,\"caption\":\"Mulher de 26 anos foi interrogada no tribunal de Sintra\"},{\"@type\":\"BreadcrumbList\",\"@id\":\"https:\/\/portaltela.pt\/noticias\/2026\/02\/25\/mulher-na-cadeia-por-branqueamento-de-640-mil-euros\/#breadcrumb\",\"itemListElement\":[{\"@type\":\"ListItem\",\"position\":1,\"name\":\"In\u00edcio\",\"item\":\"https:\/\/portaltela.pt\/\"},{\"@type\":\"ListItem\",\"position\":2,\"name\":\"Mulher na cadeia por branqueamento de 640 mil euros\"}]},{\"@type\":\"WebSite\",\"@id\":\"https:\/\/portaltela.pt\/#website\",\"url\":\"https:\/\/portaltela.pt\/\",\"name\":\"Portal Tela Portugal\",\"description\":\"\",\"potentialAction\":[{\"@type\":\"SearchAction\",\"target\":{\"@type\":\"EntryPoint\",\"urlTemplate\":\"https:\/\/portaltela.pt\/?s={search_term_string}\"},\"query-input\":{\"@type\":\"PropertyValueSpecification\",\"valueRequired\":true,\"valueName\":\"search_term_string\"}}],\"inLanguage\":\"pt-PT\"},{\"@type\":\"Person\",\"@id\":\"https:\/\/portaltela.pt\/#\/schema\/person\/c4278d4a6028830caff9ee44b42d32ed\",\"name\":\"Telinha\",\"image\":{\"@type\":\"ImageObject\",\"inLanguage\":\"pt-PT\",\"@id\":\"https:\/\/portaltela.pt\/s.01k8rhncp4jt1\/2025\/11\/talking-bot-125x125.png\",\"url\":\"https:\/\/portaltela.pt\/s.01k8rhncp4jt1\/2025\/11\/talking-bot-125x125.png\",\"contentUrl\":\"https:\/\/portaltela.pt\/s.01k8rhncp4jt1\/2025\/11\/talking-bot-125x125.png\",\"caption\":\"Telinha\"},\"sameAs\":[\"https:\/\/portaltela.pt\/\"],\"url\":\"https:\/\/portaltela.pt\/por\/367410592786\/\"}]}<\/script>\n<!-- \/ Yoast SEO plugin. -->","yoast_head_json":{"title":"Mulher na cadeia por branqueamento de 640 mil euros - Portal Tela Portugal","robots":{"index":"index","follow":"follow","max-snippet":"max-snippet:-1","max-image-preview":"max-image-preview:large","max-video-preview":"max-video-preview:-1"},"og_locale":"pt_PT","og_type":"article","og_title":"Mulher na cadeia por branqueamento de 640 mil euros - Portal Tela Portugal","og_description":"Mulher de 26 anos ficou em pris\u00e3o preventiva pelo tribunal de Sintra, acusada de falsifica\u00e7\u00e3o de documento e branqueamento, em contexto de burla qualificada. Constituiu uma empresa que nunca teve atividade real e abriu uma conta banc\u00e1ria em nome dessa empresa. A conta recebeu avultadas quantias de dinheiro de origem estrangeira, associadas a atividades criminosas. A investiga\u00e7\u00e3o aponta duas transfer\u00eancias il\u00edcitas para a referida conta, totalizando mais de 640 mil euros. A informa\u00e7\u00e3o foi publicada online pelo Minist\u00e9rio P\u00fablico.","og_url":"https:\/\/portaltela.pt\/noticias\/2026\/02\/25\/mulher-na-cadeia-por-branqueamento-de-640-mil-euros\/","og_site_name":"Portal Tela Portugal","article_published_time":"2026-02-26T01:30:00+00:00","author":"Telinha","twitter_card":"summary_large_image","twitter_misc":{"Escrito por":"Telinha","Tempo estimado de leitura":"1 minuto"},"schema":{"@context":"https:\/\/schema.org","@graph":[{"@type":"Article","@id":"https:\/\/portaltela.pt\/noticias\/2026\/02\/25\/mulher-na-cadeia-por-branqueamento-de-640-mil-euros\/#article","isPartOf":{"@id":"https:\/\/portaltela.pt\/noticias\/2026\/02\/25\/mulher-na-cadeia-por-branqueamento-de-640-mil-euros\/"},"author":{"name":"Telinha","@id":"https:\/\/portaltela.pt\/#\/schema\/person\/c4278d4a6028830caff9ee44b42d32ed"},"headline":"Mulher na cadeia por branqueamento de 640 mil euros","datePublished":"2026-02-26T01:30:00+00:00","mainEntityOfPage":{"@id":"https:\/\/portaltela.pt\/noticias\/2026\/02\/25\/mulher-na-cadeia-por-branqueamento-de-640-mil-euros\/"},"wordCount":194,"image":{"@id":"https:\/\/portaltela.pt\/noticias\/2026\/02\/25\/mulher-na-cadeia-por-branqueamento-de-640-mil-euros\/#primaryimage"},"thumbnailUrl":"https:\/\/portaltela.pt\/s.01k8rhncp4jt1\/2026\/02\/img_1500x1000uu2022-09-07-20-46-43-1183231-im-639076313552331451.jpg","keywords":["branqueamento","burlas","crime","falsifica\u00e7\u00e3o de documentos","Sintra","transfer\u00eancias internacionais"],"articleSection":["Not\u00edcias"],"inLanguage":"pt-PT"},{"@type":"WebPage","@id":"https:\/\/portaltela.pt\/noticias\/2026\/02\/25\/mulher-na-cadeia-por-branqueamento-de-640-mil-euros\/","url":"https:\/\/portaltela.pt\/noticias\/2026\/02\/25\/mulher-na-cadeia-por-branqueamento-de-640-mil-euros\/","name":"Mulher na cadeia por branqueamento de 640 mil euros - Portal Tela Portugal","isPartOf":{"@id":"https:\/\/portaltela.pt\/#website"},"primaryImageOfPage":{"@id":"https:\/\/portaltela.pt\/noticias\/2026\/02\/25\/mulher-na-cadeia-por-branqueamento-de-640-mil-euros\/#primaryimage"},"image":{"@id":"https:\/\/portaltela.pt\/noticias\/2026\/02\/25\/mulher-na-cadeia-por-branqueamento-de-640-mil-euros\/#primaryimage"},"thumbnailUrl":"https:\/\/portaltela.pt\/s.01k8rhncp4jt1\/2026\/02\/img_1500x1000uu2022-09-07-20-46-43-1183231-im-639076313552331451.jpg","datePublished":"2026-02-26T01:30:00+00:00","author":{"@id":"https:\/\/portaltela.pt\/#\/schema\/person\/c4278d4a6028830caff9ee44b42d32ed"},"breadcrumb":{"@id":"https:\/\/portaltela.pt\/noticias\/2026\/02\/25\/mulher-na-cadeia-por-branqueamento-de-640-mil-euros\/#breadcrumb"},"inLanguage":"pt-PT","potentialAction":[{"@type":"ReadAction","target":["https:\/\/portaltela.pt\/noticias\/2026\/02\/25\/mulher-na-cadeia-por-branqueamento-de-640-mil-euros\/"]}]},{"@type":"ImageObject","inLanguage":"pt-PT","@id":"https:\/\/portaltela.pt\/noticias\/2026\/02\/25\/mulher-na-cadeia-por-branqueamento-de-640-mil-euros\/#primaryimage","url":"https:\/\/portaltela.pt\/s.01k8rhncp4jt1\/2026\/02\/img_1500x1000uu2022-09-07-20-46-43-1183231-im-639076313552331451.jpg","contentUrl":"https:\/\/portaltela.pt\/s.01k8rhncp4jt1\/2026\/02\/img_1500x1000uu2022-09-07-20-46-43-1183231-im-639076313552331451.jpg","width":1500,"height":1000,"caption":"Mulher de 26 anos foi interrogada no tribunal de Sintra"},{"@type":"BreadcrumbList","@id":"https:\/\/portaltela.pt\/noticias\/2026\/02\/25\/mulher-na-cadeia-por-branqueamento-de-640-mil-euros\/#breadcrumb","itemListElement":[{"@type":"ListItem","position":1,"name":"In\u00edcio","item":"https:\/\/portaltela.pt\/"},{"@type":"ListItem","position":2,"name":"Mulher na cadeia por branqueamento de 640 mil euros"}]},{"@type":"WebSite","@id":"https:\/\/portaltela.pt\/#website","url":"https:\/\/portaltela.pt\/","name":"Portal Tela Portugal","description":"","potentialAction":[{"@type":"SearchAction","target":{"@type":"EntryPoint","urlTemplate":"https:\/\/portaltela.pt\/?s={search_term_string}"},"query-input":{"@type":"PropertyValueSpecification","valueRequired":true,"valueName":"search_term_string"}}],"inLanguage":"pt-PT"},{"@type":"Person","@id":"https:\/\/portaltela.pt\/#\/schema\/person\/c4278d4a6028830caff9ee44b42d32ed","name":"Telinha","image":{"@type":"ImageObject","inLanguage":"pt-PT","@id":"https:\/\/portaltela.pt\/s.01k8rhncp4jt1\/2025\/11\/talking-bot-125x125.png","url":"https:\/\/portaltela.pt\/s.01k8rhncp4jt1\/2025\/11\/talking-bot-125x125.png","contentUrl":"https:\/\/portaltela.pt\/s.01k8rhncp4jt1\/2025\/11\/talking-bot-125x125.png","caption":"Telinha"},"sameAs":["https:\/\/portaltela.pt\/"],"url":"https:\/\/portaltela.pt\/por\/367410592786\/"}]}},"_links":{"self":[{"href":"https:\/\/portaltela.pt\/api\/wp\/v2\/posts\/388388","targetHints":{"allow":["GET"]}}],"collection":[{"href":"https:\/\/portaltela.pt\/api\/wp\/v2\/posts"}],"about":[{"href":"https:\/\/portaltela.pt\/api\/wp\/v2\/types\/post"}],"author":[{"embeddable":true,"href":"https:\/\/portaltela.pt\/api\/wp\/v2\/users\/2"}],"replies":[{"embeddable":true,"href":"https:\/\/portaltela.pt\/api\/wp\/v2\/comments?post=388388"}],"version-history":[{"count":0,"href":"https:\/\/portaltela.pt\/api\/wp\/v2\/posts\/388388\/revisions"}],"wp:featuredmedia":[{"embeddable":true,"href":"https:\/\/portaltela.pt\/api\/wp\/v2\/media\/388393"}],"wp:attachment":[{"href":"https:\/\/portaltela.pt\/api\/wp\/v2\/media?parent=388388"}],"wp:term":[{"taxonomy":"category","embeddable":true,"href":"https:\/\/portaltela.pt\/api\/wp\/v2\/categories?post=388388"},{"taxonomy":"post_tag","embeddable":true,"href":"https:\/\/portaltela.pt\/api\/wp\/v2\/tags?post=388388"}],"curies":[{"name":"wp","href":"https:\/\/api.w.org\/{rel}","templated":true}]}}