{"id":388357,"date":"2026-02-25T21:27:00","date_gmt":"2026-02-26T00:27:00","guid":{"rendered":"https:\/\/portaltela.pt\/noticias\/2026\/02\/25\/carreras-reage-a-polemica-com-vinicius-junior-e-afirma-nao-se-envolve\/"},"modified":"2026-02-25T21:27:00","modified_gmt":"2026-02-26T00:27:00","slug":"carreras-reage-a-polemica-com-vinicius-junior-e-afirma-nao-se-envolve","status":"publish","type":"post","link":"https:\/\/portaltela.pt\/desporto\/futebol\/2026\/02\/25\/carreras-reage-a-polemica-com-vinicius-junior-e-afirma-nao-se-envolve\/","title":{"rendered":"Carreras reage \u00e0 pol\u00e9mica com Vin\u00edcius J\u00fanior e afirma n\u00e3o se envolve"},"content":{"rendered":"<p>No final do jogo Real Madrid-Benfica (2-1), a pol\u00e9mica envolvendo Vin\u00edcius J\u00fanior e os alegados insultos raciais de Gianluca Prestianni voltou a surgir. \u00c1lvaro Carreras foi questionado, mas mostrou-se reservado, sem entrar na discuss\u00e3o.<\/p>\n<p>Em declara\u00e7\u00f5es \u00e0 Sport TV, o ex-jogador do Benfica informou que n\u00e3o falou sobre o tema com os antigos companheiros. Mant\u00e9m o foco em fatores desportivos e em outros assuntos do momento.<\/p>\n<p>Anteriormente, Carreras j\u00e1 tinha manifestado apoio a Vin\u00edcius J\u00fanior em redes sociais, numa publica\u00e7\u00e3o publicada no dia seguinte ao encontro no Est\u00e1dio da Luz. O texto n\u00e3o foi reproduzido, apenas indicado como apoio.<\/p>\n<h3>Rea\u00e7\u00e3o \u00e0 pol\u00e9mica<\/h3>\n<p>O jogador do Real Madrid refor\u00e7ou que a equipa entrou em campo com a mentalidade certa, visando a passagem aos oitavos de final da Liga dos Campe\u00f5es. Reconheceu a qualidade do Benfica e o facto de o advers\u00e1rio exigir concentra\u00e7\u00e3o.<\/p>\n<p>Carreras acrescentou que o Benfica \u00e9 uma equipa fixa na transi\u00e7\u00e3o e que a rela\u00e7\u00e3o com muitos antigos colegas permanece excelente. Enfatizou o bom tratamento recebido em tempos passados no clube encarnado.<\/p>\n","protected":false},"excerpt":{"rendered":"<ul>\n<li>No final do Real Madrid-Benfica (2-1), \u00c1lvaro Carreras foi questionado sobre a pol\u00e9mica envolvendo Vin\u00edcius J\u00fanior e Gianluca Prestianni.<\/li>\n<li>O ex-jogador do Benfica disse que n\u00e3o falou com os antigos colegas sobre o assunto.<\/li>\n<li>Carreras revelou ter apoiado Vin\u00edcius J\u00fanior nas redes sociais, com a mensagem &#8220;estamos juntos, irm\u00e3o&#8221; em espanhol, no dia seguinte ao jogo.<\/li>\n<li>Sobre o encontro, afirmou que o Real Madrid entrou com a mentalidade certa para seguir em frente para os oitavos de final da Liga dos Campe\u00f5es.<\/li>\n<li>Reconheceu a qualidade do Benfica, afirmou que \u00e9 sempre um prazer reencontrar antigos companheiros e que mant\u00e9m boa rela\u00e7\u00e3o com muitos deles.<\/li>\n<\/ul>\n","protected":false},"author":2,"featured_media":388361,"comment_status":"closed","ping_status":"closed","sticky":false,"template":"","format":"standard","meta":{"footnotes":""},"categories":[21,24],"tags":[1946,32,3338,6031,2714,2265],"class_list":["post-388357","post","type-post","status-publish","format-standard","has-post-thumbnail","hentry","category-desporto","category-futebol","tag-benfica","tag-futebol","tag-futebol-internacional","tag-gianluca-prestianni","tag-real-madrid","tag-vinicius-junior"],"yoast_head":"<!-- This site is optimized with the Yoast SEO plugin v27.2 - https:\/\/yoast.com\/product\/yoast-seo-wordpress\/ -->\n<title>Carreras reage \u00e0 pol\u00e9mica com Vin\u00edcius J\u00fanior e afirma n\u00e3o se envolve - Portal Tela Portugal<\/title>\n<meta name=\"robots\" content=\"index, follow, max-snippet:-1, max-image-preview:large, max-video-preview:-1\" \/>\n<meta property=\"og:locale\" content=\"pt_PT\" \/>\n<meta property=\"og:type\" content=\"article\" \/>\n<meta property=\"og:title\" content=\"Carreras reage \u00e0 pol\u00e9mica com Vin\u00edcius J\u00fanior e afirma n\u00e3o se envolve - Portal Tela Portugal\" \/>\n<meta property=\"og:description\" content=\"No final do Real Madrid-Benfica (2-1), \u00c1lvaro Carreras foi questionado sobre a pol\u00e9mica envolvendo Vin\u00edcius J\u00fanior e Gianluca Prestianni. O ex-jogador do Benfica disse que n\u00e3o falou com os antigos colegas sobre o assunto. Carreras revelou ter apoiado Vin\u00edcius J\u00fanior nas redes sociais, com a mensagem &quot;estamos juntos, irm\u00e3o&quot; em espanhol, no dia seguinte ao jogo. Sobre o encontro, afirmou que o Real Madrid entrou com a mentalidade certa para seguir em frente para os oitavos de final da Liga dos Campe\u00f5es. Reconheceu a qualidade do Benfica, afirmou que \u00e9 sempre um prazer reencontrar antigos companheiros e que mant\u00e9m boa rela\u00e7\u00e3o com muitos deles.\" \/>\n<meta property=\"og:url\" content=\"https:\/\/portaltela.pt\/noticias\/2026\/02\/25\/carreras-reage-a-polemica-com-vinicius-junior-e-afirma-nao-se-envolve\/\" \/>\n<meta property=\"og:site_name\" content=\"Portal Tela Portugal\" \/>\n<meta property=\"article:published_time\" content=\"2026-02-26T00:27:00+00:00\" \/>\n<meta name=\"author\" content=\"Telinha\" \/>\n<meta name=\"twitter:card\" content=\"summary_large_image\" \/>\n<meta name=\"twitter:label1\" content=\"Escrito por\" \/>\n\t<meta name=\"twitter:data1\" content=\"Telinha\" \/>\n\t<meta name=\"twitter:label2\" content=\"Tempo estimado de leitura\" \/>\n\t<meta name=\"twitter:data2\" content=\"1 minuto\" \/>\n<script type=\"application\/ld+json\" class=\"yoast-schema-graph\">{\"@context\":\"https:\/\/schema.org\",\"@graph\":[{\"@type\":\"Article\",\"@id\":\"https:\/\/portaltela.pt\/noticias\/2026\/02\/25\/carreras-reage-a-polemica-com-vinicius-junior-e-afirma-nao-se-envolve\/#article\",\"isPartOf\":{\"@id\":\"https:\/\/portaltela.pt\/noticias\/2026\/02\/25\/carreras-reage-a-polemica-com-vinicius-junior-e-afirma-nao-se-envolve\/\"},\"author\":{\"name\":\"Telinha\",\"@id\":\"https:\/\/portaltela.pt\/#\/schema\/person\/c4278d4a6028830caff9ee44b42d32ed\"},\"headline\":\"Carreras reage \u00e0 pol\u00e9mica com Vin\u00edcius J\u00fanior e afirma n\u00e3o se envolve\",\"datePublished\":\"2026-02-26T00:27:00+00:00\",\"mainEntityOfPage\":{\"@id\":\"https:\/\/portaltela.pt\/noticias\/2026\/02\/25\/carreras-reage-a-polemica-com-vinicius-junior-e-afirma-nao-se-envolve\/\"},\"wordCount\":206,\"image\":{\"@id\":\"https:\/\/portaltela.pt\/noticias\/2026\/02\/25\/carreras-reage-a-polemica-com-vinicius-junior-e-afirma-nao-se-envolve\/#primaryimage\"},\"thumbnailUrl\":\"https:\/\/portaltela.pt\/s.01k8rhncp4jt1\/2026\/02\/img_920x518uu2026-02-26-00-18-55-2423741-im-639076624942776592.jpg\",\"keywords\":[\"Benfica\",\"futebol\",\"futebol internacional\",\"Gianluca Prestianni\",\"Real Madrid\",\"Vin\u00edcius J\u00fanior\"],\"articleSection\":[\"Desporto\",\"Futebol\"],\"inLanguage\":\"pt-PT\"},{\"@type\":\"WebPage\",\"@id\":\"https:\/\/portaltela.pt\/noticias\/2026\/02\/25\/carreras-reage-a-polemica-com-vinicius-junior-e-afirma-nao-se-envolve\/\",\"url\":\"https:\/\/portaltela.pt\/noticias\/2026\/02\/25\/carreras-reage-a-polemica-com-vinicius-junior-e-afirma-nao-se-envolve\/\",\"name\":\"Carreras reage \u00e0 pol\u00e9mica com Vin\u00edcius J\u00fanior e afirma n\u00e3o se envolve - Portal Tela Portugal\",\"isPartOf\":{\"@id\":\"https:\/\/portaltela.pt\/#website\"},\"primaryImageOfPage\":{\"@id\":\"https:\/\/portaltela.pt\/noticias\/2026\/02\/25\/carreras-reage-a-polemica-com-vinicius-junior-e-afirma-nao-se-envolve\/#primaryimage\"},\"image\":{\"@id\":\"https:\/\/portaltela.pt\/noticias\/2026\/02\/25\/carreras-reage-a-polemica-com-vinicius-junior-e-afirma-nao-se-envolve\/#primaryimage\"},\"thumbnailUrl\":\"https:\/\/portaltela.pt\/s.01k8rhncp4jt1\/2026\/02\/img_920x518uu2026-02-26-00-18-55-2423741-im-639076624942776592.jpg\",\"datePublished\":\"2026-02-26T00:27:00+00:00\",\"author\":{\"@id\":\"https:\/\/portaltela.pt\/#\/schema\/person\/c4278d4a6028830caff9ee44b42d32ed\"},\"breadcrumb\":{\"@id\":\"https:\/\/portaltela.pt\/noticias\/2026\/02\/25\/carreras-reage-a-polemica-com-vinicius-junior-e-afirma-nao-se-envolve\/#breadcrumb\"},\"inLanguage\":\"pt-PT\",\"potentialAction\":[{\"@type\":\"ReadAction\",\"target\":[\"https:\/\/portaltela.pt\/noticias\/2026\/02\/25\/carreras-reage-a-polemica-com-vinicius-junior-e-afirma-nao-se-envolve\/\"]}]},{\"@type\":\"ImageObject\",\"inLanguage\":\"pt-PT\",\"@id\":\"https:\/\/portaltela.pt\/noticias\/2026\/02\/25\/carreras-reage-a-polemica-com-vinicius-junior-e-afirma-nao-se-envolve\/#primaryimage\",\"url\":\"https:\/\/portaltela.pt\/s.01k8rhncp4jt1\/2026\/02\/img_920x518uu2026-02-26-00-18-55-2423741-im-639076624942776592.jpg\",\"contentUrl\":\"https:\/\/portaltela.pt\/s.01k8rhncp4jt1\/2026\/02\/img_920x518uu2026-02-26-00-18-55-2423741-im-639076624942776592.jpg\",\"width\":796,\"height\":448,\"caption\":\"\u00c1lvaro Carreras em a\u00e7\u00e3o na rece\u00e7\u00e3o ao Benfica\"},{\"@type\":\"BreadcrumbList\",\"@id\":\"https:\/\/portaltela.pt\/noticias\/2026\/02\/25\/carreras-reage-a-polemica-com-vinicius-junior-e-afirma-nao-se-envolve\/#breadcrumb\",\"itemListElement\":[{\"@type\":\"ListItem\",\"position\":1,\"name\":\"In\u00edcio\",\"item\":\"https:\/\/portaltela.pt\/\"},{\"@type\":\"ListItem\",\"position\":2,\"name\":\"Carreras reage \u00e0 pol\u00e9mica com Vin\u00edcius J\u00fanior e afirma n\u00e3o se envolve\"}]},{\"@type\":\"WebSite\",\"@id\":\"https:\/\/portaltela.pt\/#website\",\"url\":\"https:\/\/portaltela.pt\/\",\"name\":\"Portal Tela Portugal\",\"description\":\"\",\"potentialAction\":[{\"@type\":\"SearchAction\",\"target\":{\"@type\":\"EntryPoint\",\"urlTemplate\":\"https:\/\/portaltela.pt\/?s={search_term_string}\"},\"query-input\":{\"@type\":\"PropertyValueSpecification\",\"valueRequired\":true,\"valueName\":\"search_term_string\"}}],\"inLanguage\":\"pt-PT\"},{\"@type\":\"Person\",\"@id\":\"https:\/\/portaltela.pt\/#\/schema\/person\/c4278d4a6028830caff9ee44b42d32ed\",\"name\":\"Telinha\",\"image\":{\"@type\":\"ImageObject\",\"inLanguage\":\"pt-PT\",\"@id\":\"https:\/\/portaltela.pt\/s.01k8rhncp4jt1\/2025\/11\/talking-bot-125x125.png\",\"url\":\"https:\/\/portaltela.pt\/s.01k8rhncp4jt1\/2025\/11\/talking-bot-125x125.png\",\"contentUrl\":\"https:\/\/portaltela.pt\/s.01k8rhncp4jt1\/2025\/11\/talking-bot-125x125.png\",\"caption\":\"Telinha\"},\"sameAs\":[\"https:\/\/portaltela.pt\/\"],\"url\":\"https:\/\/portaltela.pt\/por\/367410592786\/\"}]}<\/script>\n<!-- \/ Yoast SEO plugin. -->","yoast_head_json":{"title":"Carreras reage \u00e0 pol\u00e9mica com Vin\u00edcius J\u00fanior e afirma n\u00e3o se envolve - Portal Tela Portugal","robots":{"index":"index","follow":"follow","max-snippet":"max-snippet:-1","max-image-preview":"max-image-preview:large","max-video-preview":"max-video-preview:-1"},"og_locale":"pt_PT","og_type":"article","og_title":"Carreras reage \u00e0 pol\u00e9mica com Vin\u00edcius J\u00fanior e afirma n\u00e3o se envolve - Portal Tela Portugal","og_description":"No final do Real Madrid-Benfica (2-1), \u00c1lvaro Carreras foi questionado sobre a pol\u00e9mica envolvendo Vin\u00edcius J\u00fanior e Gianluca Prestianni. O ex-jogador do Benfica disse que n\u00e3o falou com os antigos colegas sobre o assunto. Carreras revelou ter apoiado Vin\u00edcius J\u00fanior nas redes sociais, com a mensagem \"estamos juntos, irm\u00e3o\" em espanhol, no dia seguinte ao jogo. Sobre o encontro, afirmou que o Real Madrid entrou com a mentalidade certa para seguir em frente para os oitavos de final da Liga dos Campe\u00f5es. Reconheceu a qualidade do Benfica, afirmou que \u00e9 sempre um prazer reencontrar antigos companheiros e que mant\u00e9m boa rela\u00e7\u00e3o com muitos deles.","og_url":"https:\/\/portaltela.pt\/noticias\/2026\/02\/25\/carreras-reage-a-polemica-com-vinicius-junior-e-afirma-nao-se-envolve\/","og_site_name":"Portal Tela Portugal","article_published_time":"2026-02-26T00:27:00+00:00","author":"Telinha","twitter_card":"summary_large_image","twitter_misc":{"Escrito por":"Telinha","Tempo estimado de leitura":"1 minuto"},"schema":{"@context":"https:\/\/schema.org","@graph":[{"@type":"Article","@id":"https:\/\/portaltela.pt\/noticias\/2026\/02\/25\/carreras-reage-a-polemica-com-vinicius-junior-e-afirma-nao-se-envolve\/#article","isPartOf":{"@id":"https:\/\/portaltela.pt\/noticias\/2026\/02\/25\/carreras-reage-a-polemica-com-vinicius-junior-e-afirma-nao-se-envolve\/"},"author":{"name":"Telinha","@id":"https:\/\/portaltela.pt\/#\/schema\/person\/c4278d4a6028830caff9ee44b42d32ed"},"headline":"Carreras reage \u00e0 pol\u00e9mica com Vin\u00edcius J\u00fanior e afirma n\u00e3o se envolve","datePublished":"2026-02-26T00:27:00+00:00","mainEntityOfPage":{"@id":"https:\/\/portaltela.pt\/noticias\/2026\/02\/25\/carreras-reage-a-polemica-com-vinicius-junior-e-afirma-nao-se-envolve\/"},"wordCount":206,"image":{"@id":"https:\/\/portaltela.pt\/noticias\/2026\/02\/25\/carreras-reage-a-polemica-com-vinicius-junior-e-afirma-nao-se-envolve\/#primaryimage"},"thumbnailUrl":"https:\/\/portaltela.pt\/s.01k8rhncp4jt1\/2026\/02\/img_920x518uu2026-02-26-00-18-55-2423741-im-639076624942776592.jpg","keywords":["Benfica","futebol","futebol internacional","Gianluca Prestianni","Real Madrid","Vin\u00edcius J\u00fanior"],"articleSection":["Desporto","Futebol"],"inLanguage":"pt-PT"},{"@type":"WebPage","@id":"https:\/\/portaltela.pt\/noticias\/2026\/02\/25\/carreras-reage-a-polemica-com-vinicius-junior-e-afirma-nao-se-envolve\/","url":"https:\/\/portaltela.pt\/noticias\/2026\/02\/25\/carreras-reage-a-polemica-com-vinicius-junior-e-afirma-nao-se-envolve\/","name":"Carreras reage \u00e0 pol\u00e9mica com Vin\u00edcius J\u00fanior e afirma n\u00e3o se envolve - Portal Tela Portugal","isPartOf":{"@id":"https:\/\/portaltela.pt\/#website"},"primaryImageOfPage":{"@id":"https:\/\/portaltela.pt\/noticias\/2026\/02\/25\/carreras-reage-a-polemica-com-vinicius-junior-e-afirma-nao-se-envolve\/#primaryimage"},"image":{"@id":"https:\/\/portaltela.pt\/noticias\/2026\/02\/25\/carreras-reage-a-polemica-com-vinicius-junior-e-afirma-nao-se-envolve\/#primaryimage"},"thumbnailUrl":"https:\/\/portaltela.pt\/s.01k8rhncp4jt1\/2026\/02\/img_920x518uu2026-02-26-00-18-55-2423741-im-639076624942776592.jpg","datePublished":"2026-02-26T00:27:00+00:00","author":{"@id":"https:\/\/portaltela.pt\/#\/schema\/person\/c4278d4a6028830caff9ee44b42d32ed"},"breadcrumb":{"@id":"https:\/\/portaltela.pt\/noticias\/2026\/02\/25\/carreras-reage-a-polemica-com-vinicius-junior-e-afirma-nao-se-envolve\/#breadcrumb"},"inLanguage":"pt-PT","potentialAction":[{"@type":"ReadAction","target":["https:\/\/portaltela.pt\/noticias\/2026\/02\/25\/carreras-reage-a-polemica-com-vinicius-junior-e-afirma-nao-se-envolve\/"]}]},{"@type":"ImageObject","inLanguage":"pt-PT","@id":"https:\/\/portaltela.pt\/noticias\/2026\/02\/25\/carreras-reage-a-polemica-com-vinicius-junior-e-afirma-nao-se-envolve\/#primaryimage","url":"https:\/\/portaltela.pt\/s.01k8rhncp4jt1\/2026\/02\/img_920x518uu2026-02-26-00-18-55-2423741-im-639076624942776592.jpg","contentUrl":"https:\/\/portaltela.pt\/s.01k8rhncp4jt1\/2026\/02\/img_920x518uu2026-02-26-00-18-55-2423741-im-639076624942776592.jpg","width":796,"height":448,"caption":"\u00c1lvaro Carreras em a\u00e7\u00e3o na rece\u00e7\u00e3o ao Benfica"},{"@type":"BreadcrumbList","@id":"https:\/\/portaltela.pt\/noticias\/2026\/02\/25\/carreras-reage-a-polemica-com-vinicius-junior-e-afirma-nao-se-envolve\/#breadcrumb","itemListElement":[{"@type":"ListItem","position":1,"name":"In\u00edcio","item":"https:\/\/portaltela.pt\/"},{"@type":"ListItem","position":2,"name":"Carreras reage \u00e0 pol\u00e9mica com Vin\u00edcius J\u00fanior e afirma n\u00e3o se envolve"}]},{"@type":"WebSite","@id":"https:\/\/portaltela.pt\/#website","url":"https:\/\/portaltela.pt\/","name":"Portal Tela Portugal","description":"","potentialAction":[{"@type":"SearchAction","target":{"@type":"EntryPoint","urlTemplate":"https:\/\/portaltela.pt\/?s={search_term_string}"},"query-input":{"@type":"PropertyValueSpecification","valueRequired":true,"valueName":"search_term_string"}}],"inLanguage":"pt-PT"},{"@type":"Person","@id":"https:\/\/portaltela.pt\/#\/schema\/person\/c4278d4a6028830caff9ee44b42d32ed","name":"Telinha","image":{"@type":"ImageObject","inLanguage":"pt-PT","@id":"https:\/\/portaltela.pt\/s.01k8rhncp4jt1\/2025\/11\/talking-bot-125x125.png","url":"https:\/\/portaltela.pt\/s.01k8rhncp4jt1\/2025\/11\/talking-bot-125x125.png","contentUrl":"https:\/\/portaltela.pt\/s.01k8rhncp4jt1\/2025\/11\/talking-bot-125x125.png","caption":"Telinha"},"sameAs":["https:\/\/portaltela.pt\/"],"url":"https:\/\/portaltela.pt\/por\/367410592786\/"}]}},"_links":{"self":[{"href":"https:\/\/portaltela.pt\/api\/wp\/v2\/posts\/388357","targetHints":{"allow":["GET"]}}],"collection":[{"href":"https:\/\/portaltela.pt\/api\/wp\/v2\/posts"}],"about":[{"href":"https:\/\/portaltela.pt\/api\/wp\/v2\/types\/post"}],"author":[{"embeddable":true,"href":"https:\/\/portaltela.pt\/api\/wp\/v2\/users\/2"}],"replies":[{"embeddable":true,"href":"https:\/\/portaltela.pt\/api\/wp\/v2\/comments?post=388357"}],"version-history":[{"count":0,"href":"https:\/\/portaltela.pt\/api\/wp\/v2\/posts\/388357\/revisions"}],"wp:featuredmedia":[{"embeddable":true,"href":"https:\/\/portaltela.pt\/api\/wp\/v2\/media\/388361"}],"wp:attachment":[{"href":"https:\/\/portaltela.pt\/api\/wp\/v2\/media?parent=388357"}],"wp:term":[{"taxonomy":"category","embeddable":true,"href":"https:\/\/portaltela.pt\/api\/wp\/v2\/categories?post=388357"},{"taxonomy":"post_tag","embeddable":true,"href":"https:\/\/portaltela.pt\/api\/wp\/v2\/tags?post=388357"}],"curies":[{"name":"wp","href":"https:\/\/api.w.org\/{rel}","templated":true}]}}