{"id":388341,"date":"2026-02-25T21:00:00","date_gmt":"2026-02-26T00:00:00","guid":{"rendered":"https:\/\/portaltela.pt\/noticias\/2026\/02\/25\/reforma-do-estado-enfrenta-desafios-na-sua-implementacao\/"},"modified":"2026-02-25T21:00:00","modified_gmt":"2026-02-26T00:00:00","slug":"reforma-do-estado-enfrenta-desafios-na-sua-implementacao","status":"publish","type":"post","link":"https:\/\/portaltela.pt\/noticias\/politica\/2026\/02\/25\/reforma-do-estado-enfrenta-desafios-na-sua-implementacao\/","title":{"rendered":"Reforma do Estado enfrenta desafios na sua implementa\u00e7\u00e3o"},"content":{"rendered":"<p>O presidente da C\u00e2mara do Porto, Pedro Duarte, lan\u00e7ou um desafio \u00e0 sociedade civil para discutir a descentraliza\u00e7\u00e3o do Estado. Prop\u00f5e que universidades, centros de reflex\u00e3o, associa\u00e7\u00f5es empresariais e sindicais motivem um debate amplo.<\/p>\n<p>O objetivo \u00e9 envolvimento p\u00fablico e participa\u00e7\u00e3o c\u00edvica, com foco no local, regional e central. O Porto \u00e9 apresentado como polo capaz de fomentar essa discuss\u00e3o de forma participada, sem excluir o municipalismo.<\/p>\n<p>Apoiam-se as ideias de que o pa\u00eds precisa de uma reforma administrativa e de que a articula\u00e7\u00e3o entre n\u00edveis \u00e9 essencial. O discurso surge num contexto de novas ocorr\u00eancias clim\u00e1ticas e de prote\u00e7\u00e3o civil, com o Governo a antever altera\u00e7\u00f5es.<\/p>\n<h3>Contexto e objetivos<\/h3>\n<p>A proposta de Pedro Duarte sugere que a sociedade civil pulse com o tema da reforma do Estado, para al\u00e9m da pol\u00edtica tradicional. O debate \u00e9 descrito como necess\u00e1rio, mesmo diante de receios sobre interesses pessoais ou partid\u00e1rios.<\/p>\n<p>Entre cr\u00edticas, surge a ideia de que a descentraliza\u00e7\u00e3o possa ser vista como ataque ao atual modelo. A discuss\u00e3o \u00e9 apontada como \u00fatil para esclarecer caminhos de organiza\u00e7\u00e3o administrativa.<\/p>\n<h3>Perspectivas hist\u00f3ricas e refer\u00eancias atuais<\/h3>\n<p>O texto lembra iniciativas passadas, como o I Governo Balsem\u00e3o e a Funda\u00e7\u00e3o do Infante, que n\u00e3o chegaram a avan\u00e7ar. Reflete tamb\u00e9m sobre leis e planos a cargo da Secretaria de Estado do Planeamento, da \u00e9poca de Marcello Caetano.<\/p>\n<p>Por fim, \u00e9 referido que as regi\u00f5es aut\u00f3nomas t\u00eam tido sucesso no uso de fundos comunit\u00e1rios. O artigo sugere que vale a pena revisitar modelos que alimentem autonomia administrativa no pa\u00eds.<\/p>\n","protected":false},"excerpt":{"rendered":"<ul>\n<li>O presidente da C\u00e2mara do Porto, Pedro Duarte, desafia a sociedade civil a defender a descentraliza\u00e7\u00e3o do Estado caso os pol\u00edticos de Lisboa n\u00e3o avancem.<\/li>\n<li>A sociedade civil, incluindo universidades, centros de reflex\u00e3o, associa\u00e7\u00f5es empresariais e sindicais, pode dinamizar um debate aberto e participativo sobre as reformas.<\/li>\n<li>O texto afirma que o debate, centrado no Norte e no Porto, ser\u00e1 controverso, mas visa discutir a estrutura do Estado em n\u00edveis local, regional e central sem atacar o municipalismo.<\/li>\n<li>Acidentes clim\u00e1ticos recentes evidenciam falhas na articula\u00e7\u00e3o entre buscas locais e nacionais; o Governo j\u00e1 anunciou altera\u00e7\u00f5es aos procedimentos da prote\u00e7\u00e3o civil com anteced\u00eancia.<\/li>\n<li>O autor cita a hist\u00f3ria de iniciativas sobre regionaliza\u00e7\u00e3o, elogia o sucesso dos fundos comunit\u00e1rios nas regi\u00f5es aut\u00f3nomas e questiona por que certos deputados antigos ponderaram a regionaliza\u00e7\u00e3o.<\/li>\n<\/ul>\n","protected":false},"author":2,"featured_media":388350,"comment_status":"closed","ping_status":"closed","sticky":false,"template":"","format":"standard","meta":{"footnotes":""},"categories":[1,5],"tags":[168,1275,34,6097,982,2974],"class_list":["post-388341","post","type-post","status-publish","format-standard","has-post-thumbnail","hentry","category-noticias","category-politica","tag-administracao-publica","tag-descentralizacao-territorial","tag-governo","tag-planeamento-territorial","tag-porto","tag-regioes-autonomas"],"yoast_head":"<!-- This site is optimized with the Yoast SEO plugin v27.2 - https:\/\/yoast.com\/product\/yoast-seo-wordpress\/ -->\n<title>Reforma do Estado enfrenta desafios na sua implementa\u00e7\u00e3o - Portal Tela Portugal<\/title>\n<meta name=\"robots\" content=\"index, follow, max-snippet:-1, max-image-preview:large, max-video-preview:-1\" \/>\n<meta property=\"og:locale\" content=\"pt_PT\" \/>\n<meta property=\"og:type\" content=\"article\" \/>\n<meta property=\"og:title\" content=\"Reforma do Estado enfrenta desafios na sua implementa\u00e7\u00e3o - Portal Tela Portugal\" \/>\n<meta property=\"og:description\" content=\"O presidente da C\u00e2mara do Porto, Pedro Duarte, desafia a sociedade civil a defender a descentraliza\u00e7\u00e3o do Estado caso os pol\u00edticos de Lisboa n\u00e3o avancem. A sociedade civil, incluindo universidades, centros de reflex\u00e3o, associa\u00e7\u00f5es empresariais e sindicais, pode dinamizar um debate aberto e participativo sobre as reformas. O texto afirma que o debate, centrado no Norte e no Porto, ser\u00e1 controverso, mas visa discutir a estrutura do Estado em n\u00edveis local, regional e central sem atacar o municipalismo. Acidentes clim\u00e1ticos recentes evidenciam falhas na articula\u00e7\u00e3o entre buscas locais e nacionais; o Governo j\u00e1 anunciou altera\u00e7\u00f5es aos procedimentos da prote\u00e7\u00e3o civil com anteced\u00eancia. O autor cita a hist\u00f3ria de iniciativas sobre regionaliza\u00e7\u00e3o, elogia o sucesso dos fundos comunit\u00e1rios nas regi\u00f5es aut\u00f3nomas e questiona por que certos deputados antigos ponderaram a regionaliza\u00e7\u00e3o.\" \/>\n<meta property=\"og:url\" content=\"https:\/\/portaltela.pt\/noticias\/2026\/02\/25\/reforma-do-estado-enfrenta-desafios-na-sua-implementacao\/\" \/>\n<meta property=\"og:site_name\" content=\"Portal Tela Portugal\" \/>\n<meta property=\"article:published_time\" content=\"2026-02-26T00:00:00+00:00\" \/>\n<meta name=\"author\" content=\"Telinha\" \/>\n<meta name=\"twitter:card\" content=\"summary_large_image\" \/>\n<meta name=\"twitter:label1\" content=\"Escrito por\" \/>\n\t<meta name=\"twitter:data1\" content=\"Telinha\" \/>\n\t<meta name=\"twitter:label2\" content=\"Tempo estimado de leitura\" \/>\n\t<meta name=\"twitter:data2\" content=\"1 minuto\" \/>\n<script type=\"application\/ld+json\" class=\"yoast-schema-graph\">{\"@context\":\"https:\/\/schema.org\",\"@graph\":[{\"@type\":\"Article\",\"@id\":\"https:\/\/portaltela.pt\/noticias\/2026\/02\/25\/reforma-do-estado-enfrenta-desafios-na-sua-implementacao\/#article\",\"isPartOf\":{\"@id\":\"https:\/\/portaltela.pt\/noticias\/2026\/02\/25\/reforma-do-estado-enfrenta-desafios-na-sua-implementacao\/\"},\"author\":{\"name\":\"Telinha\",\"@id\":\"https:\/\/portaltela.pt\/#\/schema\/person\/c4278d4a6028830caff9ee44b42d32ed\"},\"headline\":\"Reforma do Estado enfrenta desafios na sua implementa\u00e7\u00e3o\",\"datePublished\":\"2026-02-26T00:00:00+00:00\",\"mainEntityOfPage\":{\"@id\":\"https:\/\/portaltela.pt\/noticias\/2026\/02\/25\/reforma-do-estado-enfrenta-desafios-na-sua-implementacao\/\"},\"wordCount\":291,\"image\":{\"@id\":\"https:\/\/portaltela.pt\/noticias\/2026\/02\/25\/reforma-do-estado-enfrenta-desafios-na-sua-implementacao\/#primaryimage\"},\"thumbnailUrl\":\"https:\/\/portaltela.pt\/s.01k8rhncp4jt1\/2026\/02\/image-1881.jpg\",\"keywords\":[\"administra\u00e7\u00e3o p\u00fablica\",\"descentraliza\u00e7\u00e3o territorial\",\"governo\",\"planeamento territorial\",\"Porto\",\"Regi\u00f5es Aut\u00f3nomas\"],\"articleSection\":[\"Not\u00edcias\",\"Pol\u00edtica\"],\"inLanguage\":\"pt-PT\"},{\"@type\":\"WebPage\",\"@id\":\"https:\/\/portaltela.pt\/noticias\/2026\/02\/25\/reforma-do-estado-enfrenta-desafios-na-sua-implementacao\/\",\"url\":\"https:\/\/portaltela.pt\/noticias\/2026\/02\/25\/reforma-do-estado-enfrenta-desafios-na-sua-implementacao\/\",\"name\":\"Reforma do Estado enfrenta desafios na sua implementa\u00e7\u00e3o - Portal Tela Portugal\",\"isPartOf\":{\"@id\":\"https:\/\/portaltela.pt\/#website\"},\"primaryImageOfPage\":{\"@id\":\"https:\/\/portaltela.pt\/noticias\/2026\/02\/25\/reforma-do-estado-enfrenta-desafios-na-sua-implementacao\/#primaryimage\"},\"image\":{\"@id\":\"https:\/\/portaltela.pt\/noticias\/2026\/02\/25\/reforma-do-estado-enfrenta-desafios-na-sua-implementacao\/#primaryimage\"},\"thumbnailUrl\":\"https:\/\/portaltela.pt\/s.01k8rhncp4jt1\/2026\/02\/image-1881.jpg\",\"datePublished\":\"2026-02-26T00:00:00+00:00\",\"author\":{\"@id\":\"https:\/\/portaltela.pt\/#\/schema\/person\/c4278d4a6028830caff9ee44b42d32ed\"},\"breadcrumb\":{\"@id\":\"https:\/\/portaltela.pt\/noticias\/2026\/02\/25\/reforma-do-estado-enfrenta-desafios-na-sua-implementacao\/#breadcrumb\"},\"inLanguage\":\"pt-PT\",\"potentialAction\":[{\"@type\":\"ReadAction\",\"target\":[\"https:\/\/portaltela.pt\/noticias\/2026\/02\/25\/reforma-do-estado-enfrenta-desafios-na-sua-implementacao\/\"]}]},{\"@type\":\"ImageObject\",\"inLanguage\":\"pt-PT\",\"@id\":\"https:\/\/portaltela.pt\/noticias\/2026\/02\/25\/reforma-do-estado-enfrenta-desafios-na-sua-implementacao\/#primaryimage\",\"url\":\"https:\/\/portaltela.pt\/s.01k8rhncp4jt1\/2026\/02\/image-1881.jpg\",\"contentUrl\":\"https:\/\/portaltela.pt\/s.01k8rhncp4jt1\/2026\/02\/image-1881.jpg\",\"width\":796,\"height\":448,\"caption\":\"Imagem de contexto do artigo A reforma do Estado e o seu desafio\"},{\"@type\":\"BreadcrumbList\",\"@id\":\"https:\/\/portaltela.pt\/noticias\/2026\/02\/25\/reforma-do-estado-enfrenta-desafios-na-sua-implementacao\/#breadcrumb\",\"itemListElement\":[{\"@type\":\"ListItem\",\"position\":1,\"name\":\"In\u00edcio\",\"item\":\"https:\/\/portaltela.pt\/\"},{\"@type\":\"ListItem\",\"position\":2,\"name\":\"Reforma do Estado enfrenta desafios na sua implementa\u00e7\u00e3o\"}]},{\"@type\":\"WebSite\",\"@id\":\"https:\/\/portaltela.pt\/#website\",\"url\":\"https:\/\/portaltela.pt\/\",\"name\":\"Portal Tela Portugal\",\"description\":\"\",\"potentialAction\":[{\"@type\":\"SearchAction\",\"target\":{\"@type\":\"EntryPoint\",\"urlTemplate\":\"https:\/\/portaltela.pt\/?s={search_term_string}\"},\"query-input\":{\"@type\":\"PropertyValueSpecification\",\"valueRequired\":true,\"valueName\":\"search_term_string\"}}],\"inLanguage\":\"pt-PT\"},{\"@type\":\"Person\",\"@id\":\"https:\/\/portaltela.pt\/#\/schema\/person\/c4278d4a6028830caff9ee44b42d32ed\",\"name\":\"Telinha\",\"image\":{\"@type\":\"ImageObject\",\"inLanguage\":\"pt-PT\",\"@id\":\"https:\/\/portaltela.pt\/s.01k8rhncp4jt1\/2025\/11\/talking-bot-125x125.png\",\"url\":\"https:\/\/portaltela.pt\/s.01k8rhncp4jt1\/2025\/11\/talking-bot-125x125.png\",\"contentUrl\":\"https:\/\/portaltela.pt\/s.01k8rhncp4jt1\/2025\/11\/talking-bot-125x125.png\",\"caption\":\"Telinha\"},\"sameAs\":[\"https:\/\/portaltela.pt\/\"],\"url\":\"https:\/\/portaltela.pt\/por\/367410592786\/\"}]}<\/script>\n<!-- \/ Yoast SEO plugin. -->","yoast_head_json":{"title":"Reforma do Estado enfrenta desafios na sua implementa\u00e7\u00e3o - Portal Tela Portugal","robots":{"index":"index","follow":"follow","max-snippet":"max-snippet:-1","max-image-preview":"max-image-preview:large","max-video-preview":"max-video-preview:-1"},"og_locale":"pt_PT","og_type":"article","og_title":"Reforma do Estado enfrenta desafios na sua implementa\u00e7\u00e3o - Portal Tela Portugal","og_description":"O presidente da C\u00e2mara do Porto, Pedro Duarte, desafia a sociedade civil a defender a descentraliza\u00e7\u00e3o do Estado caso os pol\u00edticos de Lisboa n\u00e3o avancem. A sociedade civil, incluindo universidades, centros de reflex\u00e3o, associa\u00e7\u00f5es empresariais e sindicais, pode dinamizar um debate aberto e participativo sobre as reformas. O texto afirma que o debate, centrado no Norte e no Porto, ser\u00e1 controverso, mas visa discutir a estrutura do Estado em n\u00edveis local, regional e central sem atacar o municipalismo. Acidentes clim\u00e1ticos recentes evidenciam falhas na articula\u00e7\u00e3o entre buscas locais e nacionais; o Governo j\u00e1 anunciou altera\u00e7\u00f5es aos procedimentos da prote\u00e7\u00e3o civil com anteced\u00eancia. O autor cita a hist\u00f3ria de iniciativas sobre regionaliza\u00e7\u00e3o, elogia o sucesso dos fundos comunit\u00e1rios nas regi\u00f5es aut\u00f3nomas e questiona por que certos deputados antigos ponderaram a regionaliza\u00e7\u00e3o.","og_url":"https:\/\/portaltela.pt\/noticias\/2026\/02\/25\/reforma-do-estado-enfrenta-desafios-na-sua-implementacao\/","og_site_name":"Portal Tela Portugal","article_published_time":"2026-02-26T00:00:00+00:00","author":"Telinha","twitter_card":"summary_large_image","twitter_misc":{"Escrito por":"Telinha","Tempo estimado de leitura":"1 minuto"},"schema":{"@context":"https:\/\/schema.org","@graph":[{"@type":"Article","@id":"https:\/\/portaltela.pt\/noticias\/2026\/02\/25\/reforma-do-estado-enfrenta-desafios-na-sua-implementacao\/#article","isPartOf":{"@id":"https:\/\/portaltela.pt\/noticias\/2026\/02\/25\/reforma-do-estado-enfrenta-desafios-na-sua-implementacao\/"},"author":{"name":"Telinha","@id":"https:\/\/portaltela.pt\/#\/schema\/person\/c4278d4a6028830caff9ee44b42d32ed"},"headline":"Reforma do Estado enfrenta desafios na sua implementa\u00e7\u00e3o","datePublished":"2026-02-26T00:00:00+00:00","mainEntityOfPage":{"@id":"https:\/\/portaltela.pt\/noticias\/2026\/02\/25\/reforma-do-estado-enfrenta-desafios-na-sua-implementacao\/"},"wordCount":291,"image":{"@id":"https:\/\/portaltela.pt\/noticias\/2026\/02\/25\/reforma-do-estado-enfrenta-desafios-na-sua-implementacao\/#primaryimage"},"thumbnailUrl":"https:\/\/portaltela.pt\/s.01k8rhncp4jt1\/2026\/02\/image-1881.jpg","keywords":["administra\u00e7\u00e3o p\u00fablica","descentraliza\u00e7\u00e3o territorial","governo","planeamento territorial","Porto","Regi\u00f5es Aut\u00f3nomas"],"articleSection":["Not\u00edcias","Pol\u00edtica"],"inLanguage":"pt-PT"},{"@type":"WebPage","@id":"https:\/\/portaltela.pt\/noticias\/2026\/02\/25\/reforma-do-estado-enfrenta-desafios-na-sua-implementacao\/","url":"https:\/\/portaltela.pt\/noticias\/2026\/02\/25\/reforma-do-estado-enfrenta-desafios-na-sua-implementacao\/","name":"Reforma do Estado enfrenta desafios na sua implementa\u00e7\u00e3o - Portal Tela Portugal","isPartOf":{"@id":"https:\/\/portaltela.pt\/#website"},"primaryImageOfPage":{"@id":"https:\/\/portaltela.pt\/noticias\/2026\/02\/25\/reforma-do-estado-enfrenta-desafios-na-sua-implementacao\/#primaryimage"},"image":{"@id":"https:\/\/portaltela.pt\/noticias\/2026\/02\/25\/reforma-do-estado-enfrenta-desafios-na-sua-implementacao\/#primaryimage"},"thumbnailUrl":"https:\/\/portaltela.pt\/s.01k8rhncp4jt1\/2026\/02\/image-1881.jpg","datePublished":"2026-02-26T00:00:00+00:00","author":{"@id":"https:\/\/portaltela.pt\/#\/schema\/person\/c4278d4a6028830caff9ee44b42d32ed"},"breadcrumb":{"@id":"https:\/\/portaltela.pt\/noticias\/2026\/02\/25\/reforma-do-estado-enfrenta-desafios-na-sua-implementacao\/#breadcrumb"},"inLanguage":"pt-PT","potentialAction":[{"@type":"ReadAction","target":["https:\/\/portaltela.pt\/noticias\/2026\/02\/25\/reforma-do-estado-enfrenta-desafios-na-sua-implementacao\/"]}]},{"@type":"ImageObject","inLanguage":"pt-PT","@id":"https:\/\/portaltela.pt\/noticias\/2026\/02\/25\/reforma-do-estado-enfrenta-desafios-na-sua-implementacao\/#primaryimage","url":"https:\/\/portaltela.pt\/s.01k8rhncp4jt1\/2026\/02\/image-1881.jpg","contentUrl":"https:\/\/portaltela.pt\/s.01k8rhncp4jt1\/2026\/02\/image-1881.jpg","width":796,"height":448,"caption":"Imagem de contexto do artigo A reforma do Estado e o seu desafio"},{"@type":"BreadcrumbList","@id":"https:\/\/portaltela.pt\/noticias\/2026\/02\/25\/reforma-do-estado-enfrenta-desafios-na-sua-implementacao\/#breadcrumb","itemListElement":[{"@type":"ListItem","position":1,"name":"In\u00edcio","item":"https:\/\/portaltela.pt\/"},{"@type":"ListItem","position":2,"name":"Reforma do Estado enfrenta desafios na sua implementa\u00e7\u00e3o"}]},{"@type":"WebSite","@id":"https:\/\/portaltela.pt\/#website","url":"https:\/\/portaltela.pt\/","name":"Portal Tela Portugal","description":"","potentialAction":[{"@type":"SearchAction","target":{"@type":"EntryPoint","urlTemplate":"https:\/\/portaltela.pt\/?s={search_term_string}"},"query-input":{"@type":"PropertyValueSpecification","valueRequired":true,"valueName":"search_term_string"}}],"inLanguage":"pt-PT"},{"@type":"Person","@id":"https:\/\/portaltela.pt\/#\/schema\/person\/c4278d4a6028830caff9ee44b42d32ed","name":"Telinha","image":{"@type":"ImageObject","inLanguage":"pt-PT","@id":"https:\/\/portaltela.pt\/s.01k8rhncp4jt1\/2025\/11\/talking-bot-125x125.png","url":"https:\/\/portaltela.pt\/s.01k8rhncp4jt1\/2025\/11\/talking-bot-125x125.png","contentUrl":"https:\/\/portaltela.pt\/s.01k8rhncp4jt1\/2025\/11\/talking-bot-125x125.png","caption":"Telinha"},"sameAs":["https:\/\/portaltela.pt\/"],"url":"https:\/\/portaltela.pt\/por\/367410592786\/"}]}},"_links":{"self":[{"href":"https:\/\/portaltela.pt\/api\/wp\/v2\/posts\/388341","targetHints":{"allow":["GET"]}}],"collection":[{"href":"https:\/\/portaltela.pt\/api\/wp\/v2\/posts"}],"about":[{"href":"https:\/\/portaltela.pt\/api\/wp\/v2\/types\/post"}],"author":[{"embeddable":true,"href":"https:\/\/portaltela.pt\/api\/wp\/v2\/users\/2"}],"replies":[{"embeddable":true,"href":"https:\/\/portaltela.pt\/api\/wp\/v2\/comments?post=388341"}],"version-history":[{"count":0,"href":"https:\/\/portaltela.pt\/api\/wp\/v2\/posts\/388341\/revisions"}],"wp:featuredmedia":[{"embeddable":true,"href":"https:\/\/portaltela.pt\/api\/wp\/v2\/media\/388350"}],"wp:attachment":[{"href":"https:\/\/portaltela.pt\/api\/wp\/v2\/media?parent=388341"}],"wp:term":[{"taxonomy":"category","embeddable":true,"href":"https:\/\/portaltela.pt\/api\/wp\/v2\/categories?post=388341"},{"taxonomy":"post_tag","embeddable":true,"href":"https:\/\/portaltela.pt\/api\/wp\/v2\/tags?post=388341"}],"curies":[{"name":"wp","href":"https:\/\/api.w.org\/{rel}","templated":true}]}}