{"id":388339,"date":"2026-02-25T21:00:00","date_gmt":"2026-02-26T00:00:00","guid":{"rendered":"https:\/\/portaltela.pt\/noticias\/2026\/02\/25\/porto-recebe-boa-noticia-para-a-cidade\/"},"modified":"2026-02-25T21:00:00","modified_gmt":"2026-02-26T00:00:00","slug":"porto-recebe-boa-noticia-para-a-cidade","status":"publish","type":"post","link":"https:\/\/portaltela.pt\/noticias\/2026\/02\/25\/porto-recebe-boa-noticia-para-a-cidade\/","title":{"rendered":"Porto recebe boa not\u00edcia para a cidade"},"content":{"rendered":"<p>Nos \u00faltimos anos, o Porto assistiu a uma viragem na pol\u00edtica cultural. Partiu de uma fase marcada pela crise da cultura, associada a uma perce\u00e7\u00e3o de retrocesso, para uma nova l\u00f3gica de operative institucional. A gest\u00e3o atual aposta em uma cultura estruturante para a cidade.<\/p>\n<p>O eixo central passa pela renova\u00e7\u00e3o de autoridades, mantendo um fio com o legado de gest\u00e3o anterior. A entrada de Jorge Sobrado para o Executivo trouxe consigo o programa que o acompanhava, reassentando a confian\u00e7a no rumo da pol\u00edtica cultural municipal.<\/p>\n<p>Otimismo cauteloso marcou avalia\u00e7\u00f5es anteriores sobre a possibilidade de continuidade entre diferentes for\u00e7as pol\u00edticas. Contudo, a escolha de Sobrado parece ter dissipado receios sobre o destino de projetos e dota\u00e7\u00f5es.<\/p>\n<h3>Contexto hist\u00f3rico<\/h3>\n<p>A compara\u00e7\u00e3o entre ciclos de governo envolve mudan\u00e7as entre centraliza\u00e7\u00e3o e descentraliza\u00e7\u00e3o de \u00e1reas art\u00edsticas, com aten\u00e7\u00e3o a fragilidades anteriores. A prioridade aponta para fortalecer a biblioteca, o livro e o pensamento, no \u00e2mago da Biblioteca P\u00fablica.<\/p>\n<h3>Compromissos estrat\u00e9gicos<\/h3>\n<p>Entre os compromissos, destaca-se o refor\u00e7o de apoios plurianuais \u00e0s estruturas independentes, evitando submet\u00ea-las apenas \u00e0 programa\u00e7\u00e3o municipal. H\u00e1 tamb\u00e9m foco na expans\u00e3o da oferta infantojuvenil e na corre\u00e7\u00e3o da trajet\u00f3ria do Museu da Cidade.<\/p>\n<h3>Perspetivas para o futuro<\/h3>\n<p>As prioridades apontadas visam tornar o setor cultural menos dependente da cor do Executivo e mais est\u00e1vel, independentemente de mudan\u00e7as pol\u00edticas. A gest\u00e3o pretende sustentar a continuidade de investimentos e projetos culturais no Porto.<\/p>\n","protected":false},"excerpt":{"rendered":"<ul>\n<li>Jorge Sobrado entrou para o Executivo como vereador da Cultura, dissipando temores sobre o rumo da pol\u00edtica cultural.<\/li>\n<li>O texto reconhece falhas do ciclo anterior, mantendo a continuidade reformista de Rui Moreira, mas apresentando medidas para as colmatar.<\/li>\n<li>A prioridade cultural passa pela valoriza\u00e7\u00e3o da palavra, do texto, do livro e do pensamento, com a Biblioteca P\u00fablica a centro.<\/li>\n<li>Pretende-se apoiar estruturas independentes com mecanismos plurianuais e ampliar a oferta infantojuvenil.<\/li>\n<li>O Museu da Cidade deve corrigir trajet\u00f3rias anteriores, refor\u00e7ando a autonomia da cultura em rela\u00e7\u00e3o \u00e0 cor partid\u00e1ria.<\/li>\n<\/ul>\n","protected":false},"author":2,"featured_media":388348,"comment_status":"closed","ping_status":"closed","sticky":false,"template":"","format":"standard","meta":{"footnotes":""},"categories":[1],"tags":[1078,145,1275,316,2954,982],"class_list":["post-388339","post","type-post","status-publish","format-standard","has-post-thumbnail","hentry","category-noticias","tag-bibliotecas-arquivos","tag-cultura","tag-descentralizacao-territorial","tag-investimento","tag-museus-e-monumentos-de-portugal","tag-porto"],"yoast_head":"<!-- This site is optimized with the Yoast SEO plugin v27.2 - https:\/\/yoast.com\/product\/yoast-seo-wordpress\/ -->\n<title>Porto recebe boa not\u00edcia para a cidade - Portal Tela Portugal<\/title>\n<meta name=\"robots\" content=\"index, follow, max-snippet:-1, max-image-preview:large, max-video-preview:-1\" \/>\n<meta property=\"og:locale\" content=\"pt_PT\" \/>\n<meta property=\"og:type\" content=\"article\" \/>\n<meta property=\"og:title\" content=\"Porto recebe boa not\u00edcia para a cidade - Portal Tela Portugal\" \/>\n<meta property=\"og:description\" content=\"Jorge Sobrado entrou para o Executivo como vereador da Cultura, dissipando temores sobre o rumo da pol\u00edtica cultural. O texto reconhece falhas do ciclo anterior, mantendo a continuidade reformista de Rui Moreira, mas apresentando medidas para as colmatar. A prioridade cultural passa pela valoriza\u00e7\u00e3o da palavra, do texto, do livro e do pensamento, com a Biblioteca P\u00fablica a centro. Pretende-se apoiar estruturas independentes com mecanismos plurianuais e ampliar a oferta infantojuvenil. O Museu da Cidade deve corrigir trajet\u00f3rias anteriores, refor\u00e7ando a autonomia da cultura em rela\u00e7\u00e3o \u00e0 cor partid\u00e1ria.\" \/>\n<meta property=\"og:url\" content=\"https:\/\/portaltela.pt\/noticias\/2026\/02\/25\/porto-recebe-boa-noticia-para-a-cidade\/\" \/>\n<meta property=\"og:site_name\" content=\"Portal Tela Portugal\" \/>\n<meta property=\"article:published_time\" content=\"2026-02-26T00:00:00+00:00\" \/>\n<meta name=\"author\" content=\"Telinha\" \/>\n<meta name=\"twitter:card\" content=\"summary_large_image\" \/>\n<meta name=\"twitter:label1\" content=\"Escrito por\" \/>\n\t<meta name=\"twitter:data1\" content=\"Telinha\" \/>\n\t<meta name=\"twitter:label2\" content=\"Tempo estimado de leitura\" \/>\n\t<meta name=\"twitter:data2\" content=\"1 minuto\" \/>\n<script type=\"application\/ld+json\" class=\"yoast-schema-graph\">{\"@context\":\"https:\/\/schema.org\",\"@graph\":[{\"@type\":\"Article\",\"@id\":\"https:\/\/portaltela.pt\/noticias\/2026\/02\/25\/porto-recebe-boa-noticia-para-a-cidade\/#article\",\"isPartOf\":{\"@id\":\"https:\/\/portaltela.pt\/noticias\/2026\/02\/25\/porto-recebe-boa-noticia-para-a-cidade\/\"},\"author\":{\"name\":\"Telinha\",\"@id\":\"https:\/\/portaltela.pt\/#\/schema\/person\/c4278d4a6028830caff9ee44b42d32ed\"},\"headline\":\"Porto recebe boa not\u00edcia para a cidade\",\"datePublished\":\"2026-02-26T00:00:00+00:00\",\"mainEntityOfPage\":{\"@id\":\"https:\/\/portaltela.pt\/noticias\/2026\/02\/25\/porto-recebe-boa-noticia-para-a-cidade\/\"},\"wordCount\":269,\"image\":{\"@id\":\"https:\/\/portaltela.pt\/noticias\/2026\/02\/25\/porto-recebe-boa-noticia-para-a-cidade\/#primaryimage\"},\"thumbnailUrl\":\"https:\/\/portaltela.pt\/s.01k8rhncp4jt1\/2026\/02\/image-1880.jpg\",\"keywords\":[\"bibliotecas\/arquivos\",\"cultura\",\"descentraliza\u00e7\u00e3o territorial\",\"investimento\",\"Museus e Monumentos de Portugal\",\"Porto\"],\"articleSection\":[\"Not\u00edcias\"],\"inLanguage\":\"pt-PT\"},{\"@type\":\"WebPage\",\"@id\":\"https:\/\/portaltela.pt\/noticias\/2026\/02\/25\/porto-recebe-boa-noticia-para-a-cidade\/\",\"url\":\"https:\/\/portaltela.pt\/noticias\/2026\/02\/25\/porto-recebe-boa-noticia-para-a-cidade\/\",\"name\":\"Porto recebe boa not\u00edcia para a cidade - Portal Tela Portugal\",\"isPartOf\":{\"@id\":\"https:\/\/portaltela.pt\/#website\"},\"primaryImageOfPage\":{\"@id\":\"https:\/\/portaltela.pt\/noticias\/2026\/02\/25\/porto-recebe-boa-noticia-para-a-cidade\/#primaryimage\"},\"image\":{\"@id\":\"https:\/\/portaltela.pt\/noticias\/2026\/02\/25\/porto-recebe-boa-noticia-para-a-cidade\/#primaryimage\"},\"thumbnailUrl\":\"https:\/\/portaltela.pt\/s.01k8rhncp4jt1\/2026\/02\/image-1880.jpg\",\"datePublished\":\"2026-02-26T00:00:00+00:00\",\"author\":{\"@id\":\"https:\/\/portaltela.pt\/#\/schema\/person\/c4278d4a6028830caff9ee44b42d32ed\"},\"breadcrumb\":{\"@id\":\"https:\/\/portaltela.pt\/noticias\/2026\/02\/25\/porto-recebe-boa-noticia-para-a-cidade\/#breadcrumb\"},\"inLanguage\":\"pt-PT\",\"potentialAction\":[{\"@type\":\"ReadAction\",\"target\":[\"https:\/\/portaltela.pt\/noticias\/2026\/02\/25\/porto-recebe-boa-noticia-para-a-cidade\/\"]}]},{\"@type\":\"ImageObject\",\"inLanguage\":\"pt-PT\",\"@id\":\"https:\/\/portaltela.pt\/noticias\/2026\/02\/25\/porto-recebe-boa-noticia-para-a-cidade\/#primaryimage\",\"url\":\"https:\/\/portaltela.pt\/s.01k8rhncp4jt1\/2026\/02\/image-1880.jpg\",\"contentUrl\":\"https:\/\/portaltela.pt\/s.01k8rhncp4jt1\/2026\/02\/image-1880.jpg\",\"width\":796,\"height\":448,\"caption\":\"Imagem de contexto do artigo Uma boa not\u00edcia para o Porto\"},{\"@type\":\"BreadcrumbList\",\"@id\":\"https:\/\/portaltela.pt\/noticias\/2026\/02\/25\/porto-recebe-boa-noticia-para-a-cidade\/#breadcrumb\",\"itemListElement\":[{\"@type\":\"ListItem\",\"position\":1,\"name\":\"In\u00edcio\",\"item\":\"https:\/\/portaltela.pt\/\"},{\"@type\":\"ListItem\",\"position\":2,\"name\":\"Porto recebe boa not\u00edcia para a cidade\"}]},{\"@type\":\"WebSite\",\"@id\":\"https:\/\/portaltela.pt\/#website\",\"url\":\"https:\/\/portaltela.pt\/\",\"name\":\"Portal Tela Portugal\",\"description\":\"\",\"potentialAction\":[{\"@type\":\"SearchAction\",\"target\":{\"@type\":\"EntryPoint\",\"urlTemplate\":\"https:\/\/portaltela.pt\/?s={search_term_string}\"},\"query-input\":{\"@type\":\"PropertyValueSpecification\",\"valueRequired\":true,\"valueName\":\"search_term_string\"}}],\"inLanguage\":\"pt-PT\"},{\"@type\":\"Person\",\"@id\":\"https:\/\/portaltela.pt\/#\/schema\/person\/c4278d4a6028830caff9ee44b42d32ed\",\"name\":\"Telinha\",\"image\":{\"@type\":\"ImageObject\",\"inLanguage\":\"pt-PT\",\"@id\":\"https:\/\/portaltela.pt\/s.01k8rhncp4jt1\/2025\/11\/talking-bot-125x125.png\",\"url\":\"https:\/\/portaltela.pt\/s.01k8rhncp4jt1\/2025\/11\/talking-bot-125x125.png\",\"contentUrl\":\"https:\/\/portaltela.pt\/s.01k8rhncp4jt1\/2025\/11\/talking-bot-125x125.png\",\"caption\":\"Telinha\"},\"sameAs\":[\"https:\/\/portaltela.pt\/\"],\"url\":\"https:\/\/portaltela.pt\/por\/367410592786\/\"}]}<\/script>\n<!-- \/ Yoast SEO plugin. -->","yoast_head_json":{"title":"Porto recebe boa not\u00edcia para a cidade - Portal Tela Portugal","robots":{"index":"index","follow":"follow","max-snippet":"max-snippet:-1","max-image-preview":"max-image-preview:large","max-video-preview":"max-video-preview:-1"},"og_locale":"pt_PT","og_type":"article","og_title":"Porto recebe boa not\u00edcia para a cidade - Portal Tela Portugal","og_description":"Jorge Sobrado entrou para o Executivo como vereador da Cultura, dissipando temores sobre o rumo da pol\u00edtica cultural. O texto reconhece falhas do ciclo anterior, mantendo a continuidade reformista de Rui Moreira, mas apresentando medidas para as colmatar. A prioridade cultural passa pela valoriza\u00e7\u00e3o da palavra, do texto, do livro e do pensamento, com a Biblioteca P\u00fablica a centro. Pretende-se apoiar estruturas independentes com mecanismos plurianuais e ampliar a oferta infantojuvenil. O Museu da Cidade deve corrigir trajet\u00f3rias anteriores, refor\u00e7ando a autonomia da cultura em rela\u00e7\u00e3o \u00e0 cor partid\u00e1ria.","og_url":"https:\/\/portaltela.pt\/noticias\/2026\/02\/25\/porto-recebe-boa-noticia-para-a-cidade\/","og_site_name":"Portal Tela Portugal","article_published_time":"2026-02-26T00:00:00+00:00","author":"Telinha","twitter_card":"summary_large_image","twitter_misc":{"Escrito por":"Telinha","Tempo estimado de leitura":"1 minuto"},"schema":{"@context":"https:\/\/schema.org","@graph":[{"@type":"Article","@id":"https:\/\/portaltela.pt\/noticias\/2026\/02\/25\/porto-recebe-boa-noticia-para-a-cidade\/#article","isPartOf":{"@id":"https:\/\/portaltela.pt\/noticias\/2026\/02\/25\/porto-recebe-boa-noticia-para-a-cidade\/"},"author":{"name":"Telinha","@id":"https:\/\/portaltela.pt\/#\/schema\/person\/c4278d4a6028830caff9ee44b42d32ed"},"headline":"Porto recebe boa not\u00edcia para a cidade","datePublished":"2026-02-26T00:00:00+00:00","mainEntityOfPage":{"@id":"https:\/\/portaltela.pt\/noticias\/2026\/02\/25\/porto-recebe-boa-noticia-para-a-cidade\/"},"wordCount":269,"image":{"@id":"https:\/\/portaltela.pt\/noticias\/2026\/02\/25\/porto-recebe-boa-noticia-para-a-cidade\/#primaryimage"},"thumbnailUrl":"https:\/\/portaltela.pt\/s.01k8rhncp4jt1\/2026\/02\/image-1880.jpg","keywords":["bibliotecas\/arquivos","cultura","descentraliza\u00e7\u00e3o territorial","investimento","Museus e Monumentos de Portugal","Porto"],"articleSection":["Not\u00edcias"],"inLanguage":"pt-PT"},{"@type":"WebPage","@id":"https:\/\/portaltela.pt\/noticias\/2026\/02\/25\/porto-recebe-boa-noticia-para-a-cidade\/","url":"https:\/\/portaltela.pt\/noticias\/2026\/02\/25\/porto-recebe-boa-noticia-para-a-cidade\/","name":"Porto recebe boa not\u00edcia para a cidade - Portal Tela Portugal","isPartOf":{"@id":"https:\/\/portaltela.pt\/#website"},"primaryImageOfPage":{"@id":"https:\/\/portaltela.pt\/noticias\/2026\/02\/25\/porto-recebe-boa-noticia-para-a-cidade\/#primaryimage"},"image":{"@id":"https:\/\/portaltela.pt\/noticias\/2026\/02\/25\/porto-recebe-boa-noticia-para-a-cidade\/#primaryimage"},"thumbnailUrl":"https:\/\/portaltela.pt\/s.01k8rhncp4jt1\/2026\/02\/image-1880.jpg","datePublished":"2026-02-26T00:00:00+00:00","author":{"@id":"https:\/\/portaltela.pt\/#\/schema\/person\/c4278d4a6028830caff9ee44b42d32ed"},"breadcrumb":{"@id":"https:\/\/portaltela.pt\/noticias\/2026\/02\/25\/porto-recebe-boa-noticia-para-a-cidade\/#breadcrumb"},"inLanguage":"pt-PT","potentialAction":[{"@type":"ReadAction","target":["https:\/\/portaltela.pt\/noticias\/2026\/02\/25\/porto-recebe-boa-noticia-para-a-cidade\/"]}]},{"@type":"ImageObject","inLanguage":"pt-PT","@id":"https:\/\/portaltela.pt\/noticias\/2026\/02\/25\/porto-recebe-boa-noticia-para-a-cidade\/#primaryimage","url":"https:\/\/portaltela.pt\/s.01k8rhncp4jt1\/2026\/02\/image-1880.jpg","contentUrl":"https:\/\/portaltela.pt\/s.01k8rhncp4jt1\/2026\/02\/image-1880.jpg","width":796,"height":448,"caption":"Imagem de contexto do artigo Uma boa not\u00edcia para o Porto"},{"@type":"BreadcrumbList","@id":"https:\/\/portaltela.pt\/noticias\/2026\/02\/25\/porto-recebe-boa-noticia-para-a-cidade\/#breadcrumb","itemListElement":[{"@type":"ListItem","position":1,"name":"In\u00edcio","item":"https:\/\/portaltela.pt\/"},{"@type":"ListItem","position":2,"name":"Porto recebe boa not\u00edcia para a cidade"}]},{"@type":"WebSite","@id":"https:\/\/portaltela.pt\/#website","url":"https:\/\/portaltela.pt\/","name":"Portal Tela Portugal","description":"","potentialAction":[{"@type":"SearchAction","target":{"@type":"EntryPoint","urlTemplate":"https:\/\/portaltela.pt\/?s={search_term_string}"},"query-input":{"@type":"PropertyValueSpecification","valueRequired":true,"valueName":"search_term_string"}}],"inLanguage":"pt-PT"},{"@type":"Person","@id":"https:\/\/portaltela.pt\/#\/schema\/person\/c4278d4a6028830caff9ee44b42d32ed","name":"Telinha","image":{"@type":"ImageObject","inLanguage":"pt-PT","@id":"https:\/\/portaltela.pt\/s.01k8rhncp4jt1\/2025\/11\/talking-bot-125x125.png","url":"https:\/\/portaltela.pt\/s.01k8rhncp4jt1\/2025\/11\/talking-bot-125x125.png","contentUrl":"https:\/\/portaltela.pt\/s.01k8rhncp4jt1\/2025\/11\/talking-bot-125x125.png","caption":"Telinha"},"sameAs":["https:\/\/portaltela.pt\/"],"url":"https:\/\/portaltela.pt\/por\/367410592786\/"}]}},"_links":{"self":[{"href":"https:\/\/portaltela.pt\/api\/wp\/v2\/posts\/388339","targetHints":{"allow":["GET"]}}],"collection":[{"href":"https:\/\/portaltela.pt\/api\/wp\/v2\/posts"}],"about":[{"href":"https:\/\/portaltela.pt\/api\/wp\/v2\/types\/post"}],"author":[{"embeddable":true,"href":"https:\/\/portaltela.pt\/api\/wp\/v2\/users\/2"}],"replies":[{"embeddable":true,"href":"https:\/\/portaltela.pt\/api\/wp\/v2\/comments?post=388339"}],"version-history":[{"count":0,"href":"https:\/\/portaltela.pt\/api\/wp\/v2\/posts\/388339\/revisions"}],"wp:featuredmedia":[{"embeddable":true,"href":"https:\/\/portaltela.pt\/api\/wp\/v2\/media\/388348"}],"wp:attachment":[{"href":"https:\/\/portaltela.pt\/api\/wp\/v2\/media?parent=388339"}],"wp:term":[{"taxonomy":"category","embeddable":true,"href":"https:\/\/portaltela.pt\/api\/wp\/v2\/categories?post=388339"},{"taxonomy":"post_tag","embeddable":true,"href":"https:\/\/portaltela.pt\/api\/wp\/v2\/tags?post=388339"}],"curies":[{"name":"wp","href":"https:\/\/api.w.org\/{rel}","templated":true}]}}