{"id":388326,"date":"2026-02-25T20:45:00","date_gmt":"2026-02-25T23:45:00","guid":{"rendered":"https:\/\/portaltela.pt\/noticias\/2026\/02\/25\/rali-de-portugal-2025-gerou-193-milhoes-de-euros\/"},"modified":"2026-02-25T20:45:00","modified_gmt":"2026-02-25T23:45:00","slug":"rali-de-portugal-2025-gerou-193-milhoes-de-euros","status":"publish","type":"post","link":"https:\/\/portaltela.pt\/desporto\/2026\/02\/25\/rali-de-portugal-2025-gerou-193-milhoes-de-euros\/","title":{"rendered":"Rali de Portugal 2025 gerou 193 milh\u00f5es de euros"},"content":{"rendered":"<p>O Rali de Portugal de 2025 gerou um impacto econ\u00f3mico total de 193 milh\u00f5es de euros, segundo estudo da Universidade do Algarve. O valor supera em 10 milh\u00f5es o registado em 2024, consolidando o evento como refer\u00eancia no turismo desportivo nacional. A prova decorre entre 7 e 10 de maio, com v\u00e1rias novidades, sobretudo nas especiais da zona centro.<\/p>\n<p>No ano passado, a edi\u00e7\u00e3o portuguesa do WRC gerou perto de 103 milh\u00f5es de euros em despesa direta e 89 milh\u00f5es de euros em impacto indireto, com cerca de um milh\u00e3o de espectadores ao longo de quatro dias. A receita fiscal estimada do Estado ficou nos 22,5 milh\u00f5es de euros.<\/p>\n<h3>Percurso e novidades<\/h3>\n<p>Este ano o rali conta com 23 especiais, menos uma que em 2024, totalizando 1862 quil\u00f3metros, dos quais 345 s\u00e3o cronometrados. A prova inicia com o shakedown de Baltar e a partida simb\u00f3lica em Coimbra, seguindo-se \u00c1gueda-Sever do Vouga e Sever do Vouga-Albergaria-a-Velha, encerrando o dia com a super especial na Figueira da Foz.<\/p>\n<p>No dia seguinte, a prova foca a zona centro com duas passagens por Arganil, Lous\u00e3 e G\u00f3is, e uma por Mort\u00e1gua, com tro\u00e7os de Arganil e G\u00f3is em dire\u00e7\u00e3o oposta ao habitual. No s\u00e1bado os concorrentes rumam a norte para Felgueiras, Cabeceiras de Basto, Amarante e Paredes, encerrando com a super especial de Lousada.<\/p>\n<p>O Rali de Portugal encerra no domingo, 10 de maio, em Vieira do Minho, com o ic\u00f3nico tro\u00e7o de Fafe, onde se realiza a power stage e a cerim\u00f3nia de entrega de pr\u00e9mios. O presidente do Autom\u00f3vel Club de Portugal destacou o orgulho de manter Portugal entre as provas de refer\u00eancia do WRC e enfatizou a agenda para 2026, com o mesmo esp\u00edrito e a paix\u00e3o dos adeptos que movem a prova.<\/p>\n","protected":false},"excerpt":{"rendered":"<ul>\n<li>O Rali de Portugal de 2025 gerou 193 milh\u00f5es de euros de impacto econ\u00f3mico total, recorde, superando em 10 milh\u00f5es o filme anterior.<\/li>\n<li>A prova decorre entre 7 e 10 de maio, tem 23 especiais (mais uma do que em 2024) e totaliza 1.862 quil\u00f3metros, dos quais 345 s\u00e3o cronometrados.<\/li>\n<li>No ano passado, o evento atraiu cerca de um milh\u00e3o de espectadores e gerou receita fiscal de 22,5 milh\u00f5es de euros, atrav\u00e9s de IVA e imposto sobre produtos petrol\u00edferos.<\/li>\n<li>Este edi\u00e7\u00e3o traz novidades, com especiais na zona centro do pa\u00eds e tro\u00e7os com dire\u00e7\u00e3o inversa em Arganil e G\u00f3is; shakedown em Baltar e partida simb\u00f3lica em Coimbra.<\/li>\n<li>A etapa encerra em Vieira do Minho, com a power stage em Fafe e cerim\u00f3nia de p\u00f3dio, sob organiza\u00e7\u00e3o do Autom\u00f3vel Club de Portugal.<\/li>\n<\/ul>\n","protected":false},"author":2,"featured_media":388331,"comment_status":"closed","ping_status":"closed","sticky":false,"template":"","format":"standard","meta":{"footnotes":""},"categories":[21],"tags":[6115,1070,152,1014,169,5545],"class_list":["post-388326","post","type-post","status-publish","format-standard","has-post-thumbnail","hentry","category-desporto","tag-_economia","tag-coimbra","tag-desporto","tag-portugal","tag-turismo","tag-zona-centro"],"yoast_head":"<!-- This site is optimized with the Yoast SEO plugin v27.2 - https:\/\/yoast.com\/product\/yoast-seo-wordpress\/ -->\n<title>Rali de Portugal 2025 gerou 193 milh\u00f5es de euros - Portal Tela Portugal<\/title>\n<meta name=\"robots\" content=\"index, follow, max-snippet:-1, max-image-preview:large, max-video-preview:-1\" \/>\n<meta property=\"og:locale\" content=\"pt_PT\" \/>\n<meta property=\"og:type\" content=\"article\" \/>\n<meta property=\"og:title\" content=\"Rali de Portugal 2025 gerou 193 milh\u00f5es de euros - Portal Tela Portugal\" \/>\n<meta property=\"og:description\" content=\"O Rali de Portugal de 2025 gerou 193 milh\u00f5es de euros de impacto econ\u00f3mico total, recorde, superando em 10 milh\u00f5es o filme anterior. A prova decorre entre 7 e 10 de maio, tem 23 especiais (mais uma do que em 2024) e totaliza 1.862 quil\u00f3metros, dos quais 345 s\u00e3o cronometrados. No ano passado, o evento atraiu cerca de um milh\u00e3o de espectadores e gerou receita fiscal de 22,5 milh\u00f5es de euros, atrav\u00e9s de IVA e imposto sobre produtos petrol\u00edferos. Este edi\u00e7\u00e3o traz novidades, com especiais na zona centro do pa\u00eds e tro\u00e7os com dire\u00e7\u00e3o inversa em Arganil e G\u00f3is; shakedown em Baltar e partida simb\u00f3lica em Coimbra. A etapa encerra em Vieira do Minho, com a power stage em Fafe e cerim\u00f3nia de p\u00f3dio, sob organiza\u00e7\u00e3o do Autom\u00f3vel Club de Portugal.\" \/>\n<meta property=\"og:url\" content=\"https:\/\/portaltela.pt\/noticias\/2026\/02\/25\/rali-de-portugal-2025-gerou-193-milhoes-de-euros\/\" \/>\n<meta property=\"og:site_name\" content=\"Portal Tela Portugal\" \/>\n<meta property=\"article:published_time\" content=\"2026-02-25T23:45:00+00:00\" \/>\n<meta name=\"author\" content=\"Telinha\" \/>\n<meta name=\"twitter:card\" content=\"summary_large_image\" \/>\n<meta name=\"twitter:label1\" content=\"Escrito por\" \/>\n\t<meta name=\"twitter:data1\" content=\"Telinha\" \/>\n\t<meta name=\"twitter:label2\" content=\"Tempo estimado de leitura\" \/>\n\t<meta name=\"twitter:data2\" content=\"2 minutos\" \/>\n<script type=\"application\/ld+json\" class=\"yoast-schema-graph\">{\"@context\":\"https:\/\/schema.org\",\"@graph\":[{\"@type\":\"Article\",\"@id\":\"https:\/\/portaltela.pt\/noticias\/2026\/02\/25\/rali-de-portugal-2025-gerou-193-milhoes-de-euros\/#article\",\"isPartOf\":{\"@id\":\"https:\/\/portaltela.pt\/noticias\/2026\/02\/25\/rali-de-portugal-2025-gerou-193-milhoes-de-euros\/\"},\"author\":{\"name\":\"Telinha\",\"@id\":\"https:\/\/portaltela.pt\/#\/schema\/person\/c4278d4a6028830caff9ee44b42d32ed\"},\"headline\":\"Rali de Portugal 2025 gerou 193 milh\u00f5es de euros\",\"datePublished\":\"2026-02-25T23:45:00+00:00\",\"mainEntityOfPage\":{\"@id\":\"https:\/\/portaltela.pt\/noticias\/2026\/02\/25\/rali-de-portugal-2025-gerou-193-milhoes-de-euros\/\"},\"wordCount\":312,\"image\":{\"@id\":\"https:\/\/portaltela.pt\/noticias\/2026\/02\/25\/rali-de-portugal-2025-gerou-193-milhoes-de-euros\/#primaryimage\"},\"thumbnailUrl\":\"https:\/\/portaltela.pt\/s.01k8rhncp4jt1\/2026\/02\/image-1878.jpg\",\"keywords\":[\"_economia\",\"Coimbra\",\"desporto\",\"Portugal\",\"turismo\",\"Zona Centro\"],\"articleSection\":[\"Desporto\"],\"inLanguage\":\"pt-PT\"},{\"@type\":\"WebPage\",\"@id\":\"https:\/\/portaltela.pt\/noticias\/2026\/02\/25\/rali-de-portugal-2025-gerou-193-milhoes-de-euros\/\",\"url\":\"https:\/\/portaltela.pt\/noticias\/2026\/02\/25\/rali-de-portugal-2025-gerou-193-milhoes-de-euros\/\",\"name\":\"Rali de Portugal 2025 gerou 193 milh\u00f5es de euros - Portal Tela Portugal\",\"isPartOf\":{\"@id\":\"https:\/\/portaltela.pt\/#website\"},\"primaryImageOfPage\":{\"@id\":\"https:\/\/portaltela.pt\/noticias\/2026\/02\/25\/rali-de-portugal-2025-gerou-193-milhoes-de-euros\/#primaryimage\"},\"image\":{\"@id\":\"https:\/\/portaltela.pt\/noticias\/2026\/02\/25\/rali-de-portugal-2025-gerou-193-milhoes-de-euros\/#primaryimage\"},\"thumbnailUrl\":\"https:\/\/portaltela.pt\/s.01k8rhncp4jt1\/2026\/02\/image-1878.jpg\",\"datePublished\":\"2026-02-25T23:45:00+00:00\",\"author\":{\"@id\":\"https:\/\/portaltela.pt\/#\/schema\/person\/c4278d4a6028830caff9ee44b42d32ed\"},\"breadcrumb\":{\"@id\":\"https:\/\/portaltela.pt\/noticias\/2026\/02\/25\/rali-de-portugal-2025-gerou-193-milhoes-de-euros\/#breadcrumb\"},\"inLanguage\":\"pt-PT\",\"potentialAction\":[{\"@type\":\"ReadAction\",\"target\":[\"https:\/\/portaltela.pt\/noticias\/2026\/02\/25\/rali-de-portugal-2025-gerou-193-milhoes-de-euros\/\"]}]},{\"@type\":\"ImageObject\",\"inLanguage\":\"pt-PT\",\"@id\":\"https:\/\/portaltela.pt\/noticias\/2026\/02\/25\/rali-de-portugal-2025-gerou-193-milhoes-de-euros\/#primaryimage\",\"url\":\"https:\/\/portaltela.pt\/s.01k8rhncp4jt1\/2026\/02\/image-1878.jpg\",\"contentUrl\":\"https:\/\/portaltela.pt\/s.01k8rhncp4jt1\/2026\/02\/image-1878.jpg\",\"width\":796,\"height\":448,\"caption\":\"S\u00e9bastien Ogier venceu em Portugal em 2025, a caminho do nono t\u00edtulo mundial.\"},{\"@type\":\"BreadcrumbList\",\"@id\":\"https:\/\/portaltela.pt\/noticias\/2026\/02\/25\/rali-de-portugal-2025-gerou-193-milhoes-de-euros\/#breadcrumb\",\"itemListElement\":[{\"@type\":\"ListItem\",\"position\":1,\"name\":\"In\u00edcio\",\"item\":\"https:\/\/portaltela.pt\/\"},{\"@type\":\"ListItem\",\"position\":2,\"name\":\"Rali de Portugal 2025 gerou 193 milh\u00f5es de euros\"}]},{\"@type\":\"WebSite\",\"@id\":\"https:\/\/portaltela.pt\/#website\",\"url\":\"https:\/\/portaltela.pt\/\",\"name\":\"Portal Tela Portugal\",\"description\":\"\",\"potentialAction\":[{\"@type\":\"SearchAction\",\"target\":{\"@type\":\"EntryPoint\",\"urlTemplate\":\"https:\/\/portaltela.pt\/?s={search_term_string}\"},\"query-input\":{\"@type\":\"PropertyValueSpecification\",\"valueRequired\":true,\"valueName\":\"search_term_string\"}}],\"inLanguage\":\"pt-PT\"},{\"@type\":\"Person\",\"@id\":\"https:\/\/portaltela.pt\/#\/schema\/person\/c4278d4a6028830caff9ee44b42d32ed\",\"name\":\"Telinha\",\"image\":{\"@type\":\"ImageObject\",\"inLanguage\":\"pt-PT\",\"@id\":\"https:\/\/portaltela.pt\/s.01k8rhncp4jt1\/2025\/11\/talking-bot-125x125.png\",\"url\":\"https:\/\/portaltela.pt\/s.01k8rhncp4jt1\/2025\/11\/talking-bot-125x125.png\",\"contentUrl\":\"https:\/\/portaltela.pt\/s.01k8rhncp4jt1\/2025\/11\/talking-bot-125x125.png\",\"caption\":\"Telinha\"},\"sameAs\":[\"https:\/\/portaltela.pt\/\"],\"url\":\"https:\/\/portaltela.pt\/por\/367410592786\/\"}]}<\/script>\n<!-- \/ Yoast SEO plugin. -->","yoast_head_json":{"title":"Rali de Portugal 2025 gerou 193 milh\u00f5es de euros - Portal Tela Portugal","robots":{"index":"index","follow":"follow","max-snippet":"max-snippet:-1","max-image-preview":"max-image-preview:large","max-video-preview":"max-video-preview:-1"},"og_locale":"pt_PT","og_type":"article","og_title":"Rali de Portugal 2025 gerou 193 milh\u00f5es de euros - Portal Tela Portugal","og_description":"O Rali de Portugal de 2025 gerou 193 milh\u00f5es de euros de impacto econ\u00f3mico total, recorde, superando em 10 milh\u00f5es o filme anterior. A prova decorre entre 7 e 10 de maio, tem 23 especiais (mais uma do que em 2024) e totaliza 1.862 quil\u00f3metros, dos quais 345 s\u00e3o cronometrados. No ano passado, o evento atraiu cerca de um milh\u00e3o de espectadores e gerou receita fiscal de 22,5 milh\u00f5es de euros, atrav\u00e9s de IVA e imposto sobre produtos petrol\u00edferos. Este edi\u00e7\u00e3o traz novidades, com especiais na zona centro do pa\u00eds e tro\u00e7os com dire\u00e7\u00e3o inversa em Arganil e G\u00f3is; shakedown em Baltar e partida simb\u00f3lica em Coimbra. A etapa encerra em Vieira do Minho, com a power stage em Fafe e cerim\u00f3nia de p\u00f3dio, sob organiza\u00e7\u00e3o do Autom\u00f3vel Club de Portugal.","og_url":"https:\/\/portaltela.pt\/noticias\/2026\/02\/25\/rali-de-portugal-2025-gerou-193-milhoes-de-euros\/","og_site_name":"Portal Tela Portugal","article_published_time":"2026-02-25T23:45:00+00:00","author":"Telinha","twitter_card":"summary_large_image","twitter_misc":{"Escrito por":"Telinha","Tempo estimado de leitura":"2 minutos"},"schema":{"@context":"https:\/\/schema.org","@graph":[{"@type":"Article","@id":"https:\/\/portaltela.pt\/noticias\/2026\/02\/25\/rali-de-portugal-2025-gerou-193-milhoes-de-euros\/#article","isPartOf":{"@id":"https:\/\/portaltela.pt\/noticias\/2026\/02\/25\/rali-de-portugal-2025-gerou-193-milhoes-de-euros\/"},"author":{"name":"Telinha","@id":"https:\/\/portaltela.pt\/#\/schema\/person\/c4278d4a6028830caff9ee44b42d32ed"},"headline":"Rali de Portugal 2025 gerou 193 milh\u00f5es de euros","datePublished":"2026-02-25T23:45:00+00:00","mainEntityOfPage":{"@id":"https:\/\/portaltela.pt\/noticias\/2026\/02\/25\/rali-de-portugal-2025-gerou-193-milhoes-de-euros\/"},"wordCount":312,"image":{"@id":"https:\/\/portaltela.pt\/noticias\/2026\/02\/25\/rali-de-portugal-2025-gerou-193-milhoes-de-euros\/#primaryimage"},"thumbnailUrl":"https:\/\/portaltela.pt\/s.01k8rhncp4jt1\/2026\/02\/image-1878.jpg","keywords":["_economia","Coimbra","desporto","Portugal","turismo","Zona Centro"],"articleSection":["Desporto"],"inLanguage":"pt-PT"},{"@type":"WebPage","@id":"https:\/\/portaltela.pt\/noticias\/2026\/02\/25\/rali-de-portugal-2025-gerou-193-milhoes-de-euros\/","url":"https:\/\/portaltela.pt\/noticias\/2026\/02\/25\/rali-de-portugal-2025-gerou-193-milhoes-de-euros\/","name":"Rali de Portugal 2025 gerou 193 milh\u00f5es de euros - Portal Tela Portugal","isPartOf":{"@id":"https:\/\/portaltela.pt\/#website"},"primaryImageOfPage":{"@id":"https:\/\/portaltela.pt\/noticias\/2026\/02\/25\/rali-de-portugal-2025-gerou-193-milhoes-de-euros\/#primaryimage"},"image":{"@id":"https:\/\/portaltela.pt\/noticias\/2026\/02\/25\/rali-de-portugal-2025-gerou-193-milhoes-de-euros\/#primaryimage"},"thumbnailUrl":"https:\/\/portaltela.pt\/s.01k8rhncp4jt1\/2026\/02\/image-1878.jpg","datePublished":"2026-02-25T23:45:00+00:00","author":{"@id":"https:\/\/portaltela.pt\/#\/schema\/person\/c4278d4a6028830caff9ee44b42d32ed"},"breadcrumb":{"@id":"https:\/\/portaltela.pt\/noticias\/2026\/02\/25\/rali-de-portugal-2025-gerou-193-milhoes-de-euros\/#breadcrumb"},"inLanguage":"pt-PT","potentialAction":[{"@type":"ReadAction","target":["https:\/\/portaltela.pt\/noticias\/2026\/02\/25\/rali-de-portugal-2025-gerou-193-milhoes-de-euros\/"]}]},{"@type":"ImageObject","inLanguage":"pt-PT","@id":"https:\/\/portaltela.pt\/noticias\/2026\/02\/25\/rali-de-portugal-2025-gerou-193-milhoes-de-euros\/#primaryimage","url":"https:\/\/portaltela.pt\/s.01k8rhncp4jt1\/2026\/02\/image-1878.jpg","contentUrl":"https:\/\/portaltela.pt\/s.01k8rhncp4jt1\/2026\/02\/image-1878.jpg","width":796,"height":448,"caption":"S\u00e9bastien Ogier venceu em Portugal em 2025, a caminho do nono t\u00edtulo mundial."},{"@type":"BreadcrumbList","@id":"https:\/\/portaltela.pt\/noticias\/2026\/02\/25\/rali-de-portugal-2025-gerou-193-milhoes-de-euros\/#breadcrumb","itemListElement":[{"@type":"ListItem","position":1,"name":"In\u00edcio","item":"https:\/\/portaltela.pt\/"},{"@type":"ListItem","position":2,"name":"Rali de Portugal 2025 gerou 193 milh\u00f5es de euros"}]},{"@type":"WebSite","@id":"https:\/\/portaltela.pt\/#website","url":"https:\/\/portaltela.pt\/","name":"Portal Tela Portugal","description":"","potentialAction":[{"@type":"SearchAction","target":{"@type":"EntryPoint","urlTemplate":"https:\/\/portaltela.pt\/?s={search_term_string}"},"query-input":{"@type":"PropertyValueSpecification","valueRequired":true,"valueName":"search_term_string"}}],"inLanguage":"pt-PT"},{"@type":"Person","@id":"https:\/\/portaltela.pt\/#\/schema\/person\/c4278d4a6028830caff9ee44b42d32ed","name":"Telinha","image":{"@type":"ImageObject","inLanguage":"pt-PT","@id":"https:\/\/portaltela.pt\/s.01k8rhncp4jt1\/2025\/11\/talking-bot-125x125.png","url":"https:\/\/portaltela.pt\/s.01k8rhncp4jt1\/2025\/11\/talking-bot-125x125.png","contentUrl":"https:\/\/portaltela.pt\/s.01k8rhncp4jt1\/2025\/11\/talking-bot-125x125.png","caption":"Telinha"},"sameAs":["https:\/\/portaltela.pt\/"],"url":"https:\/\/portaltela.pt\/por\/367410592786\/"}]}},"_links":{"self":[{"href":"https:\/\/portaltela.pt\/api\/wp\/v2\/posts\/388326","targetHints":{"allow":["GET"]}}],"collection":[{"href":"https:\/\/portaltela.pt\/api\/wp\/v2\/posts"}],"about":[{"href":"https:\/\/portaltela.pt\/api\/wp\/v2\/types\/post"}],"author":[{"embeddable":true,"href":"https:\/\/portaltela.pt\/api\/wp\/v2\/users\/2"}],"replies":[{"embeddable":true,"href":"https:\/\/portaltela.pt\/api\/wp\/v2\/comments?post=388326"}],"version-history":[{"count":0,"href":"https:\/\/portaltela.pt\/api\/wp\/v2\/posts\/388326\/revisions"}],"wp:featuredmedia":[{"embeddable":true,"href":"https:\/\/portaltela.pt\/api\/wp\/v2\/media\/388331"}],"wp:attachment":[{"href":"https:\/\/portaltela.pt\/api\/wp\/v2\/media?parent=388326"}],"wp:term":[{"taxonomy":"category","embeddable":true,"href":"https:\/\/portaltela.pt\/api\/wp\/v2\/categories?post=388326"},{"taxonomy":"post_tag","embeddable":true,"href":"https:\/\/portaltela.pt\/api\/wp\/v2\/tags?post=388326"}],"curies":[{"name":"wp","href":"https:\/\/api.w.org\/{rel}","templated":true}]}}